{"id":724,"date":"2008-10-08T16:54:54","date_gmt":"2008-10-08T14:54:54","guid":{"rendered":"http:\/\/www.article-marketing.eu\/comunicati\/senza-categoria\/alla-scoperta-di-una-terra-plurale\/"},"modified":"2018-06-04T20:09:08","modified_gmt":"2018-06-04T18:09:08","slug":"alla-scoperta-di-una-terra-plurale","status":"publish","type":"post","link":"https:\/\/www.article-marketing.eu\/comunicati\/viaggi-e-vacanze\/viaggi-e-turismo\/alla-scoperta-di-una-terra-plurale\/","title":{"rendered":"Alla scoperta di una terra plurale"},"content":{"rendered":"<p>Si possono vivere molteplici esperienze di vacanza in sardegna , spostando ogni volta il punto di osservazione e scoprendo cos\u00ec nuovi frammenti dell&#8217;isola. Purtroppo ancora oggi  il turismo in sardegna \u00e8 ridotto a sinonimo di turismo balneare, restringendo il periodo per visitare la sardegna alla sola stagione estiva. <\/p>\n<p>Una vacanza in sardegna necessita di tutte le indicazioni utili per poter organizzare al meglio le vacanze. E&#8217; utile informarsi sulle attivit\u00e0 da fare e  su cosa vedere. Come arrivare e spostarsi al suo interno. Dove e cosa mangiare. Quali prodotti poter comprare. Quali i servizi vengono offerti. Dove dormire e in quale tipo di struttura. La scelta pu\u00f2 essere quella di un hotel in sardegna oppure di un casa vacanza o ancora di un bed &#038; breakfast. Certo \u00e8 che arrivati in <b>Sardegna<\/b> si scoprir\u00e0 molto di pi\u00f9. Qualcosa che nessuna guida pu\u00f2 descrivere.<\/p>\n<p>Il mare \u00e8 certamente l&#8217;attrazione principale di quest&#8217;isola al centro del mediterraneo. Il blu assume sfumature diverse da una costa all&#8217;altra, cos\u00ec come non si vede mai una spiaggia uguale all&#8217;altra per il colore della sabbia, per la vegetazione presente, per gli scenari retrostanti, per i venti presenti. Ma ci\u00f2 che rende unica e affascinante la Sardegna \u00e8 il mix di tutti gli elementi che la caratterizzano. Il mare offre una visuale estremamente parziale.<\/p>\n<p>Ci sono altri angoli che non ci aspetta di trovare, specie nell&#8217;entroterra. Il territorio \u00e8 prevalentemente collinare (specie nella Marmilla e nella Trexenta) e montuoso, costituito da massicci antichissimi di altezze variabili (mediamente modeste) che raggiungono le altezze massime nella zona denominata Barbagia. A volte \u00e8 interrotto da altipiani, gole, grotte. La morfologia dell&#8217;isola varia in quanto le epoche geologiche hanno qualificato paesaggi diversi, cos\u00ec si trovano rilievi granitici, basaltici, calcarei e altri ancora. <\/p>\n<p>Spesso le montagne sono ricoperte da rigogliose foreste e presentano sentieri e percorsi praticabili a piedi, in mountain bike o fuoristrada. Cascate e sorgenti variamente situate nelle aree montuose creano giochi d&#8217;acqua che non ci si aspetta. Stagni, laghi e fiumi frammentano i paesaggi dell&#8217;interno creando scorci incantevoli. La presenza di una natura abbondante, variegata e non sempre contaminata dall&#8217;uomo ha favorito la tutela di diverse aree, cos\u00ec che tanti sono i parchi protetti, sia marini che terrestri, da poter fruire. <\/p>\n<p>Si possono scegliere dunque svariati itinerari e lasciarsi trasportare dai propri desideri e dalle proprie inclinazioni. Ci si pu\u00f2 far guidare dalla ricerca del benessere e del relax delle terme e degli spa. Ci si pu\u00f2 avventurare e divertire a fare gli sport pi\u00f9 estremi, come l&#8217;arrampicata, il parapendio o il surf. Si possono percorrere itinerari enogastronomici facendosi trasportare dai gusti dei prodotti di questi territori oppure si pu\u00f2 girovagare tra le citt\u00e0 e i paesi molto caratteristici e diversi a seconda della zona.<\/p>\n","protected":false},"excerpt":{"rendered":"<p>Un luogo che pu\u00f2 essere visto da tanti punti di vista diversi ma necessari per cogliere la sua identit\u00e0. La Sardegna \u00e8 molto pi\u00f9 che mare<\/p>\n","protected":false},"author":10,"featured_media":0,"comment_status":"open","ping_status":"open","sticky":false,"template":"","format":"standard","meta":{"cybocfi_hide_featured_image":"","footnotes":""},"categories":[2],"tags":[2605,2411],"class_list":["post-724","post","type-post","status-publish","format-standard","hentry","category-viaggi-e-turismo","tag-turismo-sardegna","tag-vacanze-sardegna"],"yoast_head":"<!-- This site is optimized with the Yoast SEO plugin v27.0 - https:\/\/yoast.com\/product\/yoast-seo-wordpress\/ -->\n<title>Alla scoperta di una terra plurale - Article Marketing<\/title>\n<meta name=\"robots\" content=\"index, follow, max-snippet:-1, max-image-preview:large, max-video-preview:-1\" \/>\n<link rel=\"canonical\" href=\"https:\/\/www.article-marketing.eu\/comunicati\/viaggi-e-vacanze\/viaggi-e-turismo\/alla-scoperta-di-una-terra-plurale\/\" \/>\n<meta property=\"og:locale\" content=\"it_IT\" \/>\n<meta property=\"og:type\" content=\"article\" \/>\n<meta property=\"og:title\" content=\"Alla scoperta di una terra plurale - Article Marketing\" \/>\n<meta property=\"og:description\" content=\"Un luogo che pu\u00f2 essere visto da tanti punti di vista diversi ma necessari per cogliere la sua identit\u00e0. La Sardegna \u00e8 molto pi\u00f9 che mare\" \/>\n<meta property=\"og:url\" content=\"https:\/\/www.article-marketing.eu\/comunicati\/viaggi-e-vacanze\/viaggi-e-turismo\/alla-scoperta-di-una-terra-plurale\/\" \/>\n<meta property=\"og:site_name\" content=\"Article Marketing\" \/>\n<meta property=\"article:published_time\" content=\"2008-10-08T14:54:54+00:00\" \/>\n<meta property=\"article:modified_time\" content=\"2018-06-04T18:09:08+00:00\" \/>\n<meta name=\"author\" content=\"Redazione Comunicati Stampa\" \/>\n<meta name=\"twitter:card\" content=\"summary_large_image\" \/>\n<meta name=\"twitter:label1\" content=\"Scritto da\" \/>\n\t<meta name=\"twitter:data1\" content=\"Redazione Comunicati Stampa\" \/>\n\t<meta name=\"twitter:label2\" content=\"Tempo di lettura stimato\" \/>\n\t<meta name=\"twitter:data2\" content=\"2 minuti\" \/>\n<script type=\"application\/ld+json\" class=\"yoast-schema-graph\">{\"@context\":\"https:\/\/schema.org\",\"@graph\":[{\"@type\":\"Article\",\"@id\":\"https:\/\/www.article-marketing.eu\/comunicati\/viaggi-e-vacanze\/viaggi-e-turismo\/alla-scoperta-di-una-terra-plurale\/#article\",\"isPartOf\":{\"@id\":\"https:\/\/www.article-marketing.eu\/comunicati\/viaggi-e-vacanze\/viaggi-e-turismo\/alla-scoperta-di-una-terra-plurale\/\"},\"author\":{\"name\":\"Redazione Comunicati Stampa\",\"@id\":\"https:\/\/www.article-marketing.eu\/comunicati\/#\/schema\/person\/44372e4d4d0fa797b18e03ed1ace9017\"},\"headline\":\"Alla scoperta di una terra plurale\",\"datePublished\":\"2008-10-08T14:54:54+00:00\",\"dateModified\":\"2018-06-04T18:09:08+00:00\",\"mainEntityOfPage\":{\"@id\":\"https:\/\/www.article-marketing.eu\/comunicati\/viaggi-e-vacanze\/viaggi-e-turismo\/alla-scoperta-di-una-terra-plurale\/\"},\"wordCount\":454,\"commentCount\":0,\"keywords\":[\"turismo sardegna\",\"vacanze sardegna\"],\"articleSection\":[\"Viaggi e Turismo\"],\"inLanguage\":\"it-IT\",\"potentialAction\":[{\"@type\":\"CommentAction\",\"name\":\"Comment\",\"target\":[\"https:\/\/www.article-marketing.eu\/comunicati\/viaggi-e-vacanze\/viaggi-e-turismo\/alla-scoperta-di-una-terra-plurale\/#respond\"]}]},{\"@type\":\"WebPage\",\"@id\":\"https:\/\/www.article-marketing.eu\/comunicati\/viaggi-e-vacanze\/viaggi-e-turismo\/alla-scoperta-di-una-terra-plurale\/\",\"url\":\"https:\/\/www.article-marketing.eu\/comunicati\/viaggi-e-vacanze\/viaggi-e-turismo\/alla-scoperta-di-una-terra-plurale\/\",\"name\":\"Alla scoperta di una terra plurale - Article Marketing\",\"isPartOf\":{\"@id\":\"https:\/\/www.article-marketing.eu\/comunicati\/#website\"},\"datePublished\":\"2008-10-08T14:54:54+00:00\",\"dateModified\":\"2018-06-04T18:09:08+00:00\",\"author\":{\"@id\":\"https:\/\/www.article-marketing.eu\/comunicati\/#\/schema\/person\/44372e4d4d0fa797b18e03ed1ace9017\"},\"breadcrumb\":{\"@id\":\"https:\/\/www.article-marketing.eu\/comunicati\/viaggi-e-vacanze\/viaggi-e-turismo\/alla-scoperta-di-una-terra-plurale\/#breadcrumb\"},\"inLanguage\":\"it-IT\",\"potentialAction\":[{\"@type\":\"ReadAction\",\"target\":[\"https:\/\/www.article-marketing.eu\/comunicati\/viaggi-e-vacanze\/viaggi-e-turismo\/alla-scoperta-di-una-terra-plurale\/\"]}]},{\"@type\":\"BreadcrumbList\",\"@id\":\"https:\/\/www.article-marketing.eu\/comunicati\/viaggi-e-vacanze\/viaggi-e-turismo\/alla-scoperta-di-una-terra-plurale\/#breadcrumb\",\"itemListElement\":[{\"@type\":\"ListItem\",\"position\":1,\"name\":\"Home\",\"item\":\"https:\/\/www.article-marketing.eu\/comunicati\/\"},{\"@type\":\"ListItem\",\"position\":2,\"name\":\"Alla scoperta di una terra plurale\"}]},{\"@type\":\"WebSite\",\"@id\":\"https:\/\/www.article-marketing.eu\/comunicati\/#website\",\"url\":\"https:\/\/www.article-marketing.eu\/comunicati\/\",\"name\":\"Article Marketing\",\"description\":\"article marketing &amp; press release\",\"potentialAction\":[{\"@type\":\"SearchAction\",\"target\":{\"@type\":\"EntryPoint\",\"urlTemplate\":\"https:\/\/www.article-marketing.eu\/comunicati\/?s={search_term_string}\"},\"query-input\":{\"@type\":\"PropertyValueSpecification\",\"valueRequired\":true,\"valueName\":\"search_term_string\"}}],\"inLanguage\":\"it-IT\"},{\"@type\":\"Person\",\"@id\":\"https:\/\/www.article-marketing.eu\/comunicati\/#\/schema\/person\/44372e4d4d0fa797b18e03ed1ace9017\",\"name\":\"Redazione Comunicati Stampa\",\"image\":{\"@type\":\"ImageObject\",\"inLanguage\":\"it-IT\",\"@id\":\"https:\/\/www.article-marketing.eu\/comunicati\/#\/schema\/person\/image\/\",\"url\":\"https:\/\/secure.gravatar.com\/avatar\/50e5c6421d3072f42e7ace803501602c60d75233d34e29fd05feb91c8760b792?s=96&d=mm&r=g\",\"contentUrl\":\"https:\/\/secure.gravatar.com\/avatar\/50e5c6421d3072f42e7ace803501602c60d75233d34e29fd05feb91c8760b792?s=96&d=mm&r=g\",\"caption\":\"Redazione Comunicati Stampa\"},\"url\":\"https:\/\/www.article-marketing.eu\/comunicati\/author\/redazione-comunicati-stampa\/\"}]}<\/script>\n<!-- \/ Yoast SEO plugin. -->","yoast_head_json":{"title":"Alla scoperta di una terra plurale - Article Marketing","robots":{"index":"index","follow":"follow","max-snippet":"max-snippet:-1","max-image-preview":"max-image-preview:large","max-video-preview":"max-video-preview:-1"},"canonical":"https:\/\/www.article-marketing.eu\/comunicati\/viaggi-e-vacanze\/viaggi-e-turismo\/alla-scoperta-di-una-terra-plurale\/","og_locale":"it_IT","og_type":"article","og_title":"Alla scoperta di una terra plurale - Article Marketing","og_description":"Un luogo che pu\u00f2 essere visto da tanti punti di vista diversi ma necessari per cogliere la sua identit\u00e0. La Sardegna \u00e8 molto pi\u00f9 che mare","og_url":"https:\/\/www.article-marketing.eu\/comunicati\/viaggi-e-vacanze\/viaggi-e-turismo\/alla-scoperta-di-una-terra-plurale\/","og_site_name":"Article Marketing","article_published_time":"2008-10-08T14:54:54+00:00","article_modified_time":"2018-06-04T18:09:08+00:00","author":"Redazione Comunicati Stampa","twitter_card":"summary_large_image","twitter_misc":{"Scritto da":"Redazione Comunicati Stampa","Tempo di lettura stimato":"2 minuti"},"schema":{"@context":"https:\/\/schema.org","@graph":[{"@type":"Article","@id":"https:\/\/www.article-marketing.eu\/comunicati\/viaggi-e-vacanze\/viaggi-e-turismo\/alla-scoperta-di-una-terra-plurale\/#article","isPartOf":{"@id":"https:\/\/www.article-marketing.eu\/comunicati\/viaggi-e-vacanze\/viaggi-e-turismo\/alla-scoperta-di-una-terra-plurale\/"},"author":{"name":"Redazione Comunicati Stampa","@id":"https:\/\/www.article-marketing.eu\/comunicati\/#\/schema\/person\/44372e4d4d0fa797b18e03ed1ace9017"},"headline":"Alla scoperta di una terra plurale","datePublished":"2008-10-08T14:54:54+00:00","dateModified":"2018-06-04T18:09:08+00:00","mainEntityOfPage":{"@id":"https:\/\/www.article-marketing.eu\/comunicati\/viaggi-e-vacanze\/viaggi-e-turismo\/alla-scoperta-di-una-terra-plurale\/"},"wordCount":454,"commentCount":0,"keywords":["turismo sardegna","vacanze sardegna"],"articleSection":["Viaggi e Turismo"],"inLanguage":"it-IT","potentialAction":[{"@type":"CommentAction","name":"Comment","target":["https:\/\/www.article-marketing.eu\/comunicati\/viaggi-e-vacanze\/viaggi-e-turismo\/alla-scoperta-di-una-terra-plurale\/#respond"]}]},{"@type":"WebPage","@id":"https:\/\/www.article-marketing.eu\/comunicati\/viaggi-e-vacanze\/viaggi-e-turismo\/alla-scoperta-di-una-terra-plurale\/","url":"https:\/\/www.article-marketing.eu\/comunicati\/viaggi-e-vacanze\/viaggi-e-turismo\/alla-scoperta-di-una-terra-plurale\/","name":"Alla scoperta di una terra plurale - Article Marketing","isPartOf":{"@id":"https:\/\/www.article-marketing.eu\/comunicati\/#website"},"datePublished":"2008-10-08T14:54:54+00:00","dateModified":"2018-06-04T18:09:08+00:00","author":{"@id":"https:\/\/www.article-marketing.eu\/comunicati\/#\/schema\/person\/44372e4d4d0fa797b18e03ed1ace9017"},"breadcrumb":{"@id":"https:\/\/www.article-marketing.eu\/comunicati\/viaggi-e-vacanze\/viaggi-e-turismo\/alla-scoperta-di-una-terra-plurale\/#breadcrumb"},"inLanguage":"it-IT","potentialAction":[{"@type":"ReadAction","target":["https:\/\/www.article-marketing.eu\/comunicati\/viaggi-e-vacanze\/viaggi-e-turismo\/alla-scoperta-di-una-terra-plurale\/"]}]},{"@type":"BreadcrumbList","@id":"https:\/\/www.article-marketing.eu\/comunicati\/viaggi-e-vacanze\/viaggi-e-turismo\/alla-scoperta-di-una-terra-plurale\/#breadcrumb","itemListElement":[{"@type":"ListItem","position":1,"name":"Home","item":"https:\/\/www.article-marketing.eu\/comunicati\/"},{"@type":"ListItem","position":2,"name":"Alla scoperta di una terra plurale"}]},{"@type":"WebSite","@id":"https:\/\/www.article-marketing.eu\/comunicati\/#website","url":"https:\/\/www.article-marketing.eu\/comunicati\/","name":"Article Marketing","description":"article marketing &amp; press release","potentialAction":[{"@type":"SearchAction","target":{"@type":"EntryPoint","urlTemplate":"https:\/\/www.article-marketing.eu\/comunicati\/?s={search_term_string}"},"query-input":{"@type":"PropertyValueSpecification","valueRequired":true,"valueName":"search_term_string"}}],"inLanguage":"it-IT"},{"@type":"Person","@id":"https:\/\/www.article-marketing.eu\/comunicati\/#\/schema\/person\/44372e4d4d0fa797b18e03ed1ace9017","name":"Redazione Comunicati Stampa","image":{"@type":"ImageObject","inLanguage":"it-IT","@id":"https:\/\/www.article-marketing.eu\/comunicati\/#\/schema\/person\/image\/","url":"https:\/\/secure.gravatar.com\/avatar\/50e5c6421d3072f42e7ace803501602c60d75233d34e29fd05feb91c8760b792?s=96&d=mm&r=g","contentUrl":"https:\/\/secure.gravatar.com\/avatar\/50e5c6421d3072f42e7ace803501602c60d75233d34e29fd05feb91c8760b792?s=96&d=mm&r=g","caption":"Redazione Comunicati Stampa"},"url":"https:\/\/www.article-marketing.eu\/comunicati\/author\/redazione-comunicati-stampa\/"}]}},"_links":{"self":[{"href":"https:\/\/www.article-marketing.eu\/comunicati\/wp-json\/wp\/v2\/posts\/724","targetHints":{"allow":["GET"]}}],"collection":[{"href":"https:\/\/www.article-marketing.eu\/comunicati\/wp-json\/wp\/v2\/posts"}],"about":[{"href":"https:\/\/www.article-marketing.eu\/comunicati\/wp-json\/wp\/v2\/types\/post"}],"author":[{"embeddable":true,"href":"https:\/\/www.article-marketing.eu\/comunicati\/wp-json\/wp\/v2\/users\/10"}],"replies":[{"embeddable":true,"href":"https:\/\/www.article-marketing.eu\/comunicati\/wp-json\/wp\/v2\/comments?post=724"}],"version-history":[{"count":1,"href":"https:\/\/www.article-marketing.eu\/comunicati\/wp-json\/wp\/v2\/posts\/724\/revisions"}],"predecessor-version":[{"id":55153,"href":"https:\/\/www.article-marketing.eu\/comunicati\/wp-json\/wp\/v2\/posts\/724\/revisions\/55153"}],"wp:attachment":[{"href":"https:\/\/www.article-marketing.eu\/comunicati\/wp-json\/wp\/v2\/media?parent=724"}],"wp:term":[{"taxonomy":"category","embeddable":true,"href":"https:\/\/www.article-marketing.eu\/comunicati\/wp-json\/wp\/v2\/categories?post=724"},{"taxonomy":"post_tag","embeddable":true,"href":"https:\/\/www.article-marketing.eu\/comunicati\/wp-json\/wp\/v2\/tags?post=724"}],"curies":[{"name":"wp","href":"https:\/\/api.w.org\/{rel}","templated":true}]}}