{"id":725,"date":"2008-10-08T17:02:10","date_gmt":"2008-10-08T15:02:10","guid":{"rendered":"http:\/\/www.article-marketing.eu\/comunicati\/senza-categoria\/in-sardegna-e-in-sicilia-con-tutta-la-famiglia\/"},"modified":"2008-10-08T17:02:10","modified_gmt":"2008-10-08T15:02:10","slug":"in-sardegna-e-in-sicilia-con-tutta-la-famiglia","status":"publish","type":"post","link":"https:\/\/www.article-marketing.eu\/comunicati\/viaggi-e-vacanze\/viaggi-e-turismo\/in-sardegna-e-in-sicilia-con-tutta-la-famiglia\/","title":{"rendered":"In Sardegna e in Sicilia con tutta la famiglia"},"content":{"rendered":"<p>La sardegna e la sicilia sono due tra le destinazioni pi\u00f9 desiderate per trascorrere le proprie ferie, maggiormente durante la stagione estiva. Due isole molto diverse tra loro per posizione, morfologia, storia, cultura, tradizioni, enogatronomia, ma entrambe ricche di luoghi suggestivi ed emozionanti da visitare, di persone da incontrare, sapori, profumi e colori da scoprire e da cui lasciarsi affascinare. Sicuramente due terre uniche in Italia, veri e propri tesori nel cuore del Mediterraneo. Ci sono molti modi di vivere due luoghi come questi.<\/p>\n<p>Esiste una molteplicit\u00e0 di turismi. Un viaggio si differenzia a seconda di vari fattori quali il motivo dello spostamento, il momento in cui si decide di spostarsi, quante sono le persone che viaggiano, la meta, la sistemazione. Cos\u00ec si pu\u00f2 parlare di turismo ambientale, turismo balneare, turismo sportivo, turismo congressuale. Per quanto riguarda le persone che viaggiano, si potr\u00e0 parlare di turismo di gruppo o turismo individuale.<\/p>\n<p>Una tipologia di vacanza \u00e8 quella con la famiglia. La scelta della sistemazione \u00e8 importantissima. La soluzione pi\u00f9 conveniente per pianificare un viaggio di questo tipo \u00e8 quella di trovare una sistemazione che garantisca buoni servizi, comfort e una spesa moderata. I residence e le case in affitto sono le idee migliori per coniugare queste esigenze e sentirsi a casa. <\/p>\n<p>Qui vogliamo sottolineare in particolare i vantaggi della scelta del residence. Sono strutture che uniscono la privacy che si ha a casa propria e le comodit\u00e0 di una struttura alberghiera. I residence sono sistemazioni adatte a trascorrere una vacanza in sicilia o in sardegna con la famiglia, a due passi alle pi\u00f9 belle localit\u00e0 balneari o artistiche delle isole. Un elemento da non trascurare, indicativo della qualit\u00e0 della struttura per una famiglia, sono i sevizi offerti ai bambini. I residence pi\u00f9 attenti offrono animazioni, giochi e spettacoli per i pi\u00f9 piccoli.<\/p>\n<p>Tutti i residence offrono appartamenti di diverse metrature e tipologie (monolocali, bilocali, trilocali o suites). I servizi offerti cambiano a seconda del pregio della struttura e del target di clientela a cui si rivolge. Ci sono strutture pi\u00f9 economiche, comunque confortevoli, pulite e funzionanti, che offrono  il necessario, fino ad arrivare alle strutture pi\u00f9 moderne e costose che offrono cucine con tutti i pi\u00f9 moderni elettrodomestici, Tv satellitare, lettore dvd, aria condizionata, linea ADSL, per citarne alcuni. Si possono trovare strutture che offrono  convenzioni con solarium, palestre, centri benessere.<\/p>\n<p>Si possono trovare molti <a href=\"http:\/\/it.sardegne.com\/residence\/\">residence in sardegna<\/a> e in sicilia dotati di tutte le comodit\u00e0 per una vacanza piacevole e riposante. Tutte le province delle due regioni hanno ormai sistemazioni di questo genere. La scelta di luoghi da conoscere \u00e8 immensa. In sardegna per esempio la zona che va da San Teodoro a Palau spicca su tutte quanto a numero di strutture. In sicilia invece si trova un\u2019ampia scelta nella costa nord, da Trapani a Messina.<\/p>\n","protected":false},"excerpt":{"rendered":"<p>E&#8217; molto divertente partire alla scoperta di due belle isole come la sardegna e la sicilia con tutta la famiglia. Una sistemazione comoda \u00e8 la cosa migliore. Quale miglior idea di un residence! Unisce comfort e servizi all&#8217;indipendenza di casa nostra.<\/p>\n","protected":false},"author":10,"featured_media":0,"comment_status":"open","ping_status":"open","sticky":false,"template":"","format":"standard","meta":{"cybocfi_hide_featured_image":"","footnotes":""},"categories":[2],"tags":[2608,2606,2411,2607],"class_list":["post-725","post","type-post","status-publish","format-standard","hentry","category-viaggi-e-turismo","tag-recidence-sicilia","tag-residence-sardegna","tag-vacanze-sardegna","tag-vacazne-sicilia"],"yoast_head":"<!-- This site is optimized with the Yoast SEO plugin v27.0 - https:\/\/yoast.com\/product\/yoast-seo-wordpress\/ -->\n<title>In Sardegna e in Sicilia con tutta la famiglia - Article Marketing<\/title>\n<meta name=\"robots\" content=\"index, follow, max-snippet:-1, max-image-preview:large, max-video-preview:-1\" \/>\n<link rel=\"canonical\" href=\"https:\/\/www.article-marketing.eu\/comunicati\/viaggi-e-vacanze\/viaggi-e-turismo\/in-sardegna-e-in-sicilia-con-tutta-la-famiglia\/\" \/>\n<meta property=\"og:locale\" content=\"it_IT\" \/>\n<meta property=\"og:type\" content=\"article\" \/>\n<meta property=\"og:title\" content=\"In Sardegna e in Sicilia con tutta la famiglia - Article Marketing\" \/>\n<meta property=\"og:description\" content=\"E&#039; molto divertente partire alla scoperta di due belle isole come la sardegna e la sicilia con tutta la famiglia. Una sistemazione comoda \u00e8 la cosa migliore. Quale miglior idea di un residence! Unisce comfort e servizi all&#039;indipendenza di casa nostra.\" \/>\n<meta property=\"og:url\" content=\"https:\/\/www.article-marketing.eu\/comunicati\/viaggi-e-vacanze\/viaggi-e-turismo\/in-sardegna-e-in-sicilia-con-tutta-la-famiglia\/\" \/>\n<meta property=\"og:site_name\" content=\"Article Marketing\" \/>\n<meta property=\"article:published_time\" content=\"2008-10-08T15:02:10+00:00\" \/>\n<meta name=\"author\" content=\"Redazione Comunicati Stampa\" \/>\n<meta name=\"twitter:card\" content=\"summary_large_image\" \/>\n<meta name=\"twitter:label1\" content=\"Scritto da\" \/>\n\t<meta name=\"twitter:data1\" content=\"Redazione Comunicati Stampa\" \/>\n\t<meta name=\"twitter:label2\" content=\"Tempo di lettura stimato\" \/>\n\t<meta name=\"twitter:data2\" content=\"2 minuti\" \/>\n<script type=\"application\/ld+json\" class=\"yoast-schema-graph\">{\"@context\":\"https:\/\/schema.org\",\"@graph\":[{\"@type\":\"Article\",\"@id\":\"https:\/\/www.article-marketing.eu\/comunicati\/viaggi-e-vacanze\/viaggi-e-turismo\/in-sardegna-e-in-sicilia-con-tutta-la-famiglia\/#article\",\"isPartOf\":{\"@id\":\"https:\/\/www.article-marketing.eu\/comunicati\/viaggi-e-vacanze\/viaggi-e-turismo\/in-sardegna-e-in-sicilia-con-tutta-la-famiglia\/\"},\"author\":{\"name\":\"Redazione Comunicati Stampa\",\"@id\":\"https:\/\/www.article-marketing.eu\/comunicati\/#\/schema\/person\/44372e4d4d0fa797b18e03ed1ace9017\"},\"headline\":\"In Sardegna e in Sicilia con tutta la famiglia\",\"datePublished\":\"2008-10-08T15:02:10+00:00\",\"mainEntityOfPage\":{\"@id\":\"https:\/\/www.article-marketing.eu\/comunicati\/viaggi-e-vacanze\/viaggi-e-turismo\/in-sardegna-e-in-sicilia-con-tutta-la-famiglia\/\"},\"wordCount\":473,\"commentCount\":0,\"keywords\":[\"recidence sicilia\",\"residence sardegna\",\"vacanze sardegna\",\"vacazne sicilia\"],\"articleSection\":[\"Viaggi e Turismo\"],\"inLanguage\":\"it-IT\",\"potentialAction\":[{\"@type\":\"CommentAction\",\"name\":\"Comment\",\"target\":[\"https:\/\/www.article-marketing.eu\/comunicati\/viaggi-e-vacanze\/viaggi-e-turismo\/in-sardegna-e-in-sicilia-con-tutta-la-famiglia\/#respond\"]}]},{\"@type\":\"WebPage\",\"@id\":\"https:\/\/www.article-marketing.eu\/comunicati\/viaggi-e-vacanze\/viaggi-e-turismo\/in-sardegna-e-in-sicilia-con-tutta-la-famiglia\/\",\"url\":\"https:\/\/www.article-marketing.eu\/comunicati\/viaggi-e-vacanze\/viaggi-e-turismo\/in-sardegna-e-in-sicilia-con-tutta-la-famiglia\/\",\"name\":\"In Sardegna e in Sicilia con tutta la famiglia - Article Marketing\",\"isPartOf\":{\"@id\":\"https:\/\/www.article-marketing.eu\/comunicati\/#website\"},\"datePublished\":\"2008-10-08T15:02:10+00:00\",\"author\":{\"@id\":\"https:\/\/www.article-marketing.eu\/comunicati\/#\/schema\/person\/44372e4d4d0fa797b18e03ed1ace9017\"},\"breadcrumb\":{\"@id\":\"https:\/\/www.article-marketing.eu\/comunicati\/viaggi-e-vacanze\/viaggi-e-turismo\/in-sardegna-e-in-sicilia-con-tutta-la-famiglia\/#breadcrumb\"},\"inLanguage\":\"it-IT\",\"potentialAction\":[{\"@type\":\"ReadAction\",\"target\":[\"https:\/\/www.article-marketing.eu\/comunicati\/viaggi-e-vacanze\/viaggi-e-turismo\/in-sardegna-e-in-sicilia-con-tutta-la-famiglia\/\"]}]},{\"@type\":\"BreadcrumbList\",\"@id\":\"https:\/\/www.article-marketing.eu\/comunicati\/viaggi-e-vacanze\/viaggi-e-turismo\/in-sardegna-e-in-sicilia-con-tutta-la-famiglia\/#breadcrumb\",\"itemListElement\":[{\"@type\":\"ListItem\",\"position\":1,\"name\":\"Home\",\"item\":\"https:\/\/www.article-marketing.eu\/comunicati\/\"},{\"@type\":\"ListItem\",\"position\":2,\"name\":\"In Sardegna e in Sicilia con tutta la famiglia\"}]},{\"@type\":\"WebSite\",\"@id\":\"https:\/\/www.article-marketing.eu\/comunicati\/#website\",\"url\":\"https:\/\/www.article-marketing.eu\/comunicati\/\",\"name\":\"Article Marketing\",\"description\":\"article marketing &amp; press release\",\"potentialAction\":[{\"@type\":\"SearchAction\",\"target\":{\"@type\":\"EntryPoint\",\"urlTemplate\":\"https:\/\/www.article-marketing.eu\/comunicati\/?s={search_term_string}\"},\"query-input\":{\"@type\":\"PropertyValueSpecification\",\"valueRequired\":true,\"valueName\":\"search_term_string\"}}],\"inLanguage\":\"it-IT\"},{\"@type\":\"Person\",\"@id\":\"https:\/\/www.article-marketing.eu\/comunicati\/#\/schema\/person\/44372e4d4d0fa797b18e03ed1ace9017\",\"name\":\"Redazione Comunicati Stampa\",\"image\":{\"@type\":\"ImageObject\",\"inLanguage\":\"it-IT\",\"@id\":\"https:\/\/www.article-marketing.eu\/comunicati\/#\/schema\/person\/image\/\",\"url\":\"https:\/\/secure.gravatar.com\/avatar\/50e5c6421d3072f42e7ace803501602c60d75233d34e29fd05feb91c8760b792?s=96&d=mm&r=g\",\"contentUrl\":\"https:\/\/secure.gravatar.com\/avatar\/50e5c6421d3072f42e7ace803501602c60d75233d34e29fd05feb91c8760b792?s=96&d=mm&r=g\",\"caption\":\"Redazione Comunicati Stampa\"},\"url\":\"https:\/\/www.article-marketing.eu\/comunicati\/author\/redazione-comunicati-stampa\/\"}]}<\/script>\n<!-- \/ Yoast SEO plugin. -->","yoast_head_json":{"title":"In Sardegna e in Sicilia con tutta la famiglia - Article Marketing","robots":{"index":"index","follow":"follow","max-snippet":"max-snippet:-1","max-image-preview":"max-image-preview:large","max-video-preview":"max-video-preview:-1"},"canonical":"https:\/\/www.article-marketing.eu\/comunicati\/viaggi-e-vacanze\/viaggi-e-turismo\/in-sardegna-e-in-sicilia-con-tutta-la-famiglia\/","og_locale":"it_IT","og_type":"article","og_title":"In Sardegna e in Sicilia con tutta la famiglia - Article Marketing","og_description":"E' molto divertente partire alla scoperta di due belle isole come la sardegna e la sicilia con tutta la famiglia. Una sistemazione comoda \u00e8 la cosa migliore. Quale miglior idea di un residence! Unisce comfort e servizi all'indipendenza di casa nostra.","og_url":"https:\/\/www.article-marketing.eu\/comunicati\/viaggi-e-vacanze\/viaggi-e-turismo\/in-sardegna-e-in-sicilia-con-tutta-la-famiglia\/","og_site_name":"Article Marketing","article_published_time":"2008-10-08T15:02:10+00:00","author":"Redazione Comunicati Stampa","twitter_card":"summary_large_image","twitter_misc":{"Scritto da":"Redazione Comunicati Stampa","Tempo di lettura stimato":"2 minuti"},"schema":{"@context":"https:\/\/schema.org","@graph":[{"@type":"Article","@id":"https:\/\/www.article-marketing.eu\/comunicati\/viaggi-e-vacanze\/viaggi-e-turismo\/in-sardegna-e-in-sicilia-con-tutta-la-famiglia\/#article","isPartOf":{"@id":"https:\/\/www.article-marketing.eu\/comunicati\/viaggi-e-vacanze\/viaggi-e-turismo\/in-sardegna-e-in-sicilia-con-tutta-la-famiglia\/"},"author":{"name":"Redazione Comunicati Stampa","@id":"https:\/\/www.article-marketing.eu\/comunicati\/#\/schema\/person\/44372e4d4d0fa797b18e03ed1ace9017"},"headline":"In Sardegna e in Sicilia con tutta la famiglia","datePublished":"2008-10-08T15:02:10+00:00","mainEntityOfPage":{"@id":"https:\/\/www.article-marketing.eu\/comunicati\/viaggi-e-vacanze\/viaggi-e-turismo\/in-sardegna-e-in-sicilia-con-tutta-la-famiglia\/"},"wordCount":473,"commentCount":0,"keywords":["recidence sicilia","residence sardegna","vacanze sardegna","vacazne sicilia"],"articleSection":["Viaggi e Turismo"],"inLanguage":"it-IT","potentialAction":[{"@type":"CommentAction","name":"Comment","target":["https:\/\/www.article-marketing.eu\/comunicati\/viaggi-e-vacanze\/viaggi-e-turismo\/in-sardegna-e-in-sicilia-con-tutta-la-famiglia\/#respond"]}]},{"@type":"WebPage","@id":"https:\/\/www.article-marketing.eu\/comunicati\/viaggi-e-vacanze\/viaggi-e-turismo\/in-sardegna-e-in-sicilia-con-tutta-la-famiglia\/","url":"https:\/\/www.article-marketing.eu\/comunicati\/viaggi-e-vacanze\/viaggi-e-turismo\/in-sardegna-e-in-sicilia-con-tutta-la-famiglia\/","name":"In Sardegna e in Sicilia con tutta la famiglia - Article Marketing","isPartOf":{"@id":"https:\/\/www.article-marketing.eu\/comunicati\/#website"},"datePublished":"2008-10-08T15:02:10+00:00","author":{"@id":"https:\/\/www.article-marketing.eu\/comunicati\/#\/schema\/person\/44372e4d4d0fa797b18e03ed1ace9017"},"breadcrumb":{"@id":"https:\/\/www.article-marketing.eu\/comunicati\/viaggi-e-vacanze\/viaggi-e-turismo\/in-sardegna-e-in-sicilia-con-tutta-la-famiglia\/#breadcrumb"},"inLanguage":"it-IT","potentialAction":[{"@type":"ReadAction","target":["https:\/\/www.article-marketing.eu\/comunicati\/viaggi-e-vacanze\/viaggi-e-turismo\/in-sardegna-e-in-sicilia-con-tutta-la-famiglia\/"]}]},{"@type":"BreadcrumbList","@id":"https:\/\/www.article-marketing.eu\/comunicati\/viaggi-e-vacanze\/viaggi-e-turismo\/in-sardegna-e-in-sicilia-con-tutta-la-famiglia\/#breadcrumb","itemListElement":[{"@type":"ListItem","position":1,"name":"Home","item":"https:\/\/www.article-marketing.eu\/comunicati\/"},{"@type":"ListItem","position":2,"name":"In Sardegna e in Sicilia con tutta la famiglia"}]},{"@type":"WebSite","@id":"https:\/\/www.article-marketing.eu\/comunicati\/#website","url":"https:\/\/www.article-marketing.eu\/comunicati\/","name":"Article Marketing","description":"article marketing &amp; press release","potentialAction":[{"@type":"SearchAction","target":{"@type":"EntryPoint","urlTemplate":"https:\/\/www.article-marketing.eu\/comunicati\/?s={search_term_string}"},"query-input":{"@type":"PropertyValueSpecification","valueRequired":true,"valueName":"search_term_string"}}],"inLanguage":"it-IT"},{"@type":"Person","@id":"https:\/\/www.article-marketing.eu\/comunicati\/#\/schema\/person\/44372e4d4d0fa797b18e03ed1ace9017","name":"Redazione Comunicati Stampa","image":{"@type":"ImageObject","inLanguage":"it-IT","@id":"https:\/\/www.article-marketing.eu\/comunicati\/#\/schema\/person\/image\/","url":"https:\/\/secure.gravatar.com\/avatar\/50e5c6421d3072f42e7ace803501602c60d75233d34e29fd05feb91c8760b792?s=96&d=mm&r=g","contentUrl":"https:\/\/secure.gravatar.com\/avatar\/50e5c6421d3072f42e7ace803501602c60d75233d34e29fd05feb91c8760b792?s=96&d=mm&r=g","caption":"Redazione Comunicati Stampa"},"url":"https:\/\/www.article-marketing.eu\/comunicati\/author\/redazione-comunicati-stampa\/"}]}},"_links":{"self":[{"href":"https:\/\/www.article-marketing.eu\/comunicati\/wp-json\/wp\/v2\/posts\/725","targetHints":{"allow":["GET"]}}],"collection":[{"href":"https:\/\/www.article-marketing.eu\/comunicati\/wp-json\/wp\/v2\/posts"}],"about":[{"href":"https:\/\/www.article-marketing.eu\/comunicati\/wp-json\/wp\/v2\/types\/post"}],"author":[{"embeddable":true,"href":"https:\/\/www.article-marketing.eu\/comunicati\/wp-json\/wp\/v2\/users\/10"}],"replies":[{"embeddable":true,"href":"https:\/\/www.article-marketing.eu\/comunicati\/wp-json\/wp\/v2\/comments?post=725"}],"version-history":[{"count":0,"href":"https:\/\/www.article-marketing.eu\/comunicati\/wp-json\/wp\/v2\/posts\/725\/revisions"}],"wp:attachment":[{"href":"https:\/\/www.article-marketing.eu\/comunicati\/wp-json\/wp\/v2\/media?parent=725"}],"wp:term":[{"taxonomy":"category","embeddable":true,"href":"https:\/\/www.article-marketing.eu\/comunicati\/wp-json\/wp\/v2\/categories?post=725"},{"taxonomy":"post_tag","embeddable":true,"href":"https:\/\/www.article-marketing.eu\/comunicati\/wp-json\/wp\/v2\/tags?post=725"}],"curies":[{"name":"wp","href":"https:\/\/api.w.org\/{rel}","templated":true}]}}