{"id":726,"date":"2008-10-08T17:09:18","date_gmt":"2008-10-08T15:09:18","guid":{"rendered":"http:\/\/www.article-marketing.eu\/comunicati\/senza-categoria\/festival-internazionale-della-musica-dellavvento-e-di-natale\/"},"modified":"2020-08-10T01:16:26","modified_gmt":"2020-08-09T23:16:26","slug":"festival-internazionale-della-musica-dellavvento-e-di-natale","status":"publish","type":"post","link":"https:\/\/www.article-marketing.eu\/comunicati\/comunicati-stampa\/eventi\/festival-internazionale-della-musica-dellavvento-e-di-natale\/","title":{"rendered":"Festival internazionale della musica dell\u2019avvento e di Natale"},"content":{"rendered":"<p>Se amate il Natale non potete non amare anche questa sua componente, e se per voi Natale significa passeggiare in citt\u00e0 fredde (per la neve) ma calde (per la gioia che luci e festoni sanno trasmettere), il tutto accompagnato da una colonna sonora a tema, allora dovete assolutamente pianificare un viaggio oppure una <a href=\"http:\/\/it.flashbooking.com\/navigation\/europe_repubblica-ceca_praga_all_all.html\">vacanza a Praga<\/a> per la fine di novembre!<\/p>\n<p>A Natale Praga diventa ancora pi\u00f9 magica, soprattutto grazie a un evento che si svolge ogni anno fin dal 1990, e che \u00e8 ormai diventato un appuntamento fisso per gli amanti della musica e del Natale: il Festival Internazionale della Musica dell\u2019Avvento e di Natale. La 18\u00aa edizione del Festival si svolger\u00e0, come sempre, durante il primo fine settimana d\u2019avvento (28-30 novembre) nella magnifica cornice di Piazza della Citt\u00e0 Vecchia, facendoci entrare nel periodo natalizio nel miglior modo possibile. Naturalmente anche tutte le strutture turistiche come i caratteristici bed &#038; breakfast Praga aiutano a donare un\u2019atmosfera magica all\u2019intera citt\u00e0.<\/p>\n<p>Il festival \u00e8 una vera e propria gara fra cori che si sfidano a suon di canti di Natale, e che sono divisi in varie categorie: cori femminili, maschili, misti e cori di giovani e bambini (fino a 16 anni), e a seconda del numero di membri (da una parte i cori con un numero massimo di 24 membri, dall\u2019altra quelli dai 25 membri in su). Ogni coro potr\u00e0 esibirsi per una quindicina di minuti, esibendosi in un numero massimo di 5 brani, di cui uno sar\u00e0 obbligatoriamente eseguito a cappella. Si tratter\u00e0 ovviamente di canti che avranno a che fare con l\u2019avvento e il Natale, e almeno uno dei brani dovr\u00e0 essere stato composto dopo il 1950.<\/p>\n<p>Una giuria specializzata, composta da importanti esponenti della musica corale, sia provenienti dalla Repubblica Ceca che dal resto del mondo, giudicheranno le esibizioni basandosi su vari criteri, quali il livello tecnico dei cantori, le loro capacit\u00e0 interpretative e l\u2019impressione artistica generale, e assegner\u00e0 diversi premi: oltre al premio per il miglio coro in assoluto, sono previsti anche dei riconoscimenti, per esempio, per il miglior direttore e per la miglior esibizione per il pezzo composto dopo il 1950. Dopo l\u2019assegnazione dei premi, il Festival si conclude tradizionalmente con un canto natalizio eseguito insieme dai membri di tutti i cori, che in questo modo salutano il pubblico e danno l\u2019appuntamento all\u2019anno successivo.<\/p>\n<p>L\u2019evento di per s\u00e9 \u00e8 un must, anche perch\u00e9 Praga \u00e8 tradizionalmente una citt\u00e0 molto legata alla musica, ma a rendere questo weekend d\u2019avvento ancora pi\u00f9 magico ci sono i tradizionali mercatini natalizi, che aprono i battenti proprio il 29 novembre, per poi rimanere aperti fino all\u2019inizio di gennaio, in piazza della Citt\u00e0 Vecchia e in piazza San Venceslao. Nelle casette di legno che caratterizzano il mercatino potrete trovare tutto ci\u00f2 che \u00e8 tipicamente natalizio, dalle candele profumate a guanti e sciarpe di lana, dalle decorazioni per l\u2019albero di natale ai giocattoli di legno, senza dimenticare le specialit\u00e0 gastronomiche e le bevande (tra cui il vino) calde, il tutto in un contesto che pi\u00f9 natalizio non si potrebbe, con il grande abete proveniente dalle montagne del sud della Repubblica Ceca issato nella piazza e la capanna della nativit\u00e0 animata da animali in carne ed ossa!<br \/>\nVenite a godervi il vero spirito del Natale a Praga!<\/p>\n<p>Praga \u00e8 una citt\u00e0 magica, dagli scorci stupefacenti, e nel periodo natalizio la sua bellezza \u00e8 moltiplicata all\u2019ennesima potenza. Non lasciatevi sfuggire l\u2019occasione di immergervi nel Natale grazie ai mercatini e soprattutto grazie al festival: prenotate subito uno dei tantissimi ostelli giovent\u00f9 di Praga.<\/p>\n<p>Biglietti: evento gratuito<br \/>\nDate: 28-30 Novembre 2008<br \/>\nDove: Piazza della Citt\u00e0 Vecchia, Praga, Repubblica Ceca<\/p>\n","protected":false},"excerpt":{"rendered":"<p>Se si pensa al Natale si pensa di sicuro all\u2019abete, a Babbo Natale, ai regali, alle luci che illuminano case e citt\u00e0; ma a caratterizzare questo periodo di festa sono anche i tipici canti natalizi, che hanno il potere di colpire subito al cuore, come solo la musica pu\u00f2 fare, portandoci nella vera atmosfera natalizia.<\/p>\n","protected":false},"author":10,"featured_media":0,"comment_status":"open","ping_status":"open","sticky":false,"template":"","format":"standard","meta":{"cybocfi_hide_featured_image":"","footnotes":""},"categories":[388],"tags":[2610,449,447,45,472,2609],"class_list":["post-726","post","type-post","status-publish","format-standard","hentry","category-eventi","tag-canti","tag-feste","tag-mercatino","tag-musica","tag-natale","tag-praga"],"yoast_head":"<!-- This site is optimized with the Yoast SEO plugin v27.0 - https:\/\/yoast.com\/product\/yoast-seo-wordpress\/ -->\n<title>Festival internazionale della musica dell\u2019avvento e di Natale - Article Marketing<\/title>\n<meta name=\"robots\" content=\"index, follow, max-snippet:-1, max-image-preview:large, max-video-preview:-1\" \/>\n<link rel=\"canonical\" href=\"https:\/\/www.article-marketing.eu\/comunicati\/comunicati-stampa\/eventi\/festival-internazionale-della-musica-dellavvento-e-di-natale\/\" \/>\n<meta property=\"og:locale\" content=\"it_IT\" \/>\n<meta property=\"og:type\" content=\"article\" \/>\n<meta property=\"og:title\" content=\"Festival internazionale della musica dell\u2019avvento e di Natale - Article Marketing\" \/>\n<meta property=\"og:description\" content=\"Se si pensa al Natale si pensa di sicuro all\u2019abete, a Babbo Natale, ai regali, alle luci che illuminano case e citt\u00e0; ma a caratterizzare questo periodo di festa sono anche i tipici canti natalizi, che hanno il potere di colpire subito al cuore, come solo la musica pu\u00f2 fare, portandoci nella vera atmosfera natalizia.\" \/>\n<meta property=\"og:url\" content=\"https:\/\/www.article-marketing.eu\/comunicati\/comunicati-stampa\/eventi\/festival-internazionale-della-musica-dellavvento-e-di-natale\/\" \/>\n<meta property=\"og:site_name\" content=\"Article Marketing\" \/>\n<meta property=\"article:published_time\" content=\"2008-10-08T15:09:18+00:00\" \/>\n<meta property=\"article:modified_time\" content=\"2020-08-09T23:16:26+00:00\" \/>\n<meta name=\"author\" content=\"Redazione Comunicati Stampa\" \/>\n<meta name=\"twitter:card\" content=\"summary_large_image\" \/>\n<meta name=\"twitter:label1\" content=\"Scritto da\" \/>\n\t<meta name=\"twitter:data1\" content=\"Redazione Comunicati Stampa\" \/>\n\t<meta name=\"twitter:label2\" content=\"Tempo di lettura stimato\" \/>\n\t<meta name=\"twitter:data2\" content=\"3 minuti\" \/>\n<script type=\"application\/ld+json\" class=\"yoast-schema-graph\">{\"@context\":\"https:\/\/schema.org\",\"@graph\":[{\"@type\":\"Article\",\"@id\":\"https:\/\/www.article-marketing.eu\/comunicati\/comunicati-stampa\/eventi\/festival-internazionale-della-musica-dellavvento-e-di-natale\/#article\",\"isPartOf\":{\"@id\":\"https:\/\/www.article-marketing.eu\/comunicati\/comunicati-stampa\/eventi\/festival-internazionale-della-musica-dellavvento-e-di-natale\/\"},\"author\":{\"name\":\"Redazione Comunicati Stampa\",\"@id\":\"https:\/\/www.article-marketing.eu\/comunicati\/#\/schema\/person\/44372e4d4d0fa797b18e03ed1ace9017\"},\"headline\":\"Festival internazionale della musica dell\u2019avvento e di Natale\",\"datePublished\":\"2008-10-08T15:09:18+00:00\",\"dateModified\":\"2020-08-09T23:16:26+00:00\",\"mainEntityOfPage\":{\"@id\":\"https:\/\/www.article-marketing.eu\/comunicati\/comunicati-stampa\/eventi\/festival-internazionale-della-musica-dellavvento-e-di-natale\/\"},\"wordCount\":609,\"commentCount\":0,\"keywords\":[\"canti\",\"feste\",\"mercatino\",\"musica\",\"natale\",\"praga\"],\"articleSection\":[\"Eventi\"],\"inLanguage\":\"it-IT\",\"potentialAction\":[{\"@type\":\"CommentAction\",\"name\":\"Comment\",\"target\":[\"https:\/\/www.article-marketing.eu\/comunicati\/comunicati-stampa\/eventi\/festival-internazionale-della-musica-dellavvento-e-di-natale\/#respond\"]}]},{\"@type\":\"WebPage\",\"@id\":\"https:\/\/www.article-marketing.eu\/comunicati\/comunicati-stampa\/eventi\/festival-internazionale-della-musica-dellavvento-e-di-natale\/\",\"url\":\"https:\/\/www.article-marketing.eu\/comunicati\/comunicati-stampa\/eventi\/festival-internazionale-della-musica-dellavvento-e-di-natale\/\",\"name\":\"Festival internazionale della musica dell\u2019avvento e di Natale - Article Marketing\",\"isPartOf\":{\"@id\":\"https:\/\/www.article-marketing.eu\/comunicati\/#website\"},\"datePublished\":\"2008-10-08T15:09:18+00:00\",\"dateModified\":\"2020-08-09T23:16:26+00:00\",\"author\":{\"@id\":\"https:\/\/www.article-marketing.eu\/comunicati\/#\/schema\/person\/44372e4d4d0fa797b18e03ed1ace9017\"},\"breadcrumb\":{\"@id\":\"https:\/\/www.article-marketing.eu\/comunicati\/comunicati-stampa\/eventi\/festival-internazionale-della-musica-dellavvento-e-di-natale\/#breadcrumb\"},\"inLanguage\":\"it-IT\",\"potentialAction\":[{\"@type\":\"ReadAction\",\"target\":[\"https:\/\/www.article-marketing.eu\/comunicati\/comunicati-stampa\/eventi\/festival-internazionale-della-musica-dellavvento-e-di-natale\/\"]}]},{\"@type\":\"BreadcrumbList\",\"@id\":\"https:\/\/www.article-marketing.eu\/comunicati\/comunicati-stampa\/eventi\/festival-internazionale-della-musica-dellavvento-e-di-natale\/#breadcrumb\",\"itemListElement\":[{\"@type\":\"ListItem\",\"position\":1,\"name\":\"Home\",\"item\":\"https:\/\/www.article-marketing.eu\/comunicati\/\"},{\"@type\":\"ListItem\",\"position\":2,\"name\":\"Festival internazionale della musica dell\u2019avvento e di Natale\"}]},{\"@type\":\"WebSite\",\"@id\":\"https:\/\/www.article-marketing.eu\/comunicati\/#website\",\"url\":\"https:\/\/www.article-marketing.eu\/comunicati\/\",\"name\":\"Article Marketing\",\"description\":\"article marketing &amp; press release\",\"potentialAction\":[{\"@type\":\"SearchAction\",\"target\":{\"@type\":\"EntryPoint\",\"urlTemplate\":\"https:\/\/www.article-marketing.eu\/comunicati\/?s={search_term_string}\"},\"query-input\":{\"@type\":\"PropertyValueSpecification\",\"valueRequired\":true,\"valueName\":\"search_term_string\"}}],\"inLanguage\":\"it-IT\"},{\"@type\":\"Person\",\"@id\":\"https:\/\/www.article-marketing.eu\/comunicati\/#\/schema\/person\/44372e4d4d0fa797b18e03ed1ace9017\",\"name\":\"Redazione Comunicati Stampa\",\"image\":{\"@type\":\"ImageObject\",\"inLanguage\":\"it-IT\",\"@id\":\"https:\/\/www.article-marketing.eu\/comunicati\/#\/schema\/person\/image\/\",\"url\":\"https:\/\/secure.gravatar.com\/avatar\/50e5c6421d3072f42e7ace803501602c60d75233d34e29fd05feb91c8760b792?s=96&d=mm&r=g\",\"contentUrl\":\"https:\/\/secure.gravatar.com\/avatar\/50e5c6421d3072f42e7ace803501602c60d75233d34e29fd05feb91c8760b792?s=96&d=mm&r=g\",\"caption\":\"Redazione Comunicati Stampa\"},\"url\":\"https:\/\/www.article-marketing.eu\/comunicati\/author\/redazione-comunicati-stampa\/\"}]}<\/script>\n<!-- \/ Yoast SEO plugin. -->","yoast_head_json":{"title":"Festival internazionale della musica dell\u2019avvento e di Natale - Article Marketing","robots":{"index":"index","follow":"follow","max-snippet":"max-snippet:-1","max-image-preview":"max-image-preview:large","max-video-preview":"max-video-preview:-1"},"canonical":"https:\/\/www.article-marketing.eu\/comunicati\/comunicati-stampa\/eventi\/festival-internazionale-della-musica-dellavvento-e-di-natale\/","og_locale":"it_IT","og_type":"article","og_title":"Festival internazionale della musica dell\u2019avvento e di Natale - Article Marketing","og_description":"Se si pensa al Natale si pensa di sicuro all\u2019abete, a Babbo Natale, ai regali, alle luci che illuminano case e citt\u00e0; ma a caratterizzare questo periodo di festa sono anche i tipici canti natalizi, che hanno il potere di colpire subito al cuore, come solo la musica pu\u00f2 fare, portandoci nella vera atmosfera natalizia.","og_url":"https:\/\/www.article-marketing.eu\/comunicati\/comunicati-stampa\/eventi\/festival-internazionale-della-musica-dellavvento-e-di-natale\/","og_site_name":"Article Marketing","article_published_time":"2008-10-08T15:09:18+00:00","article_modified_time":"2020-08-09T23:16:26+00:00","author":"Redazione Comunicati Stampa","twitter_card":"summary_large_image","twitter_misc":{"Scritto da":"Redazione Comunicati Stampa","Tempo di lettura stimato":"3 minuti"},"schema":{"@context":"https:\/\/schema.org","@graph":[{"@type":"Article","@id":"https:\/\/www.article-marketing.eu\/comunicati\/comunicati-stampa\/eventi\/festival-internazionale-della-musica-dellavvento-e-di-natale\/#article","isPartOf":{"@id":"https:\/\/www.article-marketing.eu\/comunicati\/comunicati-stampa\/eventi\/festival-internazionale-della-musica-dellavvento-e-di-natale\/"},"author":{"name":"Redazione Comunicati Stampa","@id":"https:\/\/www.article-marketing.eu\/comunicati\/#\/schema\/person\/44372e4d4d0fa797b18e03ed1ace9017"},"headline":"Festival internazionale della musica dell\u2019avvento e di Natale","datePublished":"2008-10-08T15:09:18+00:00","dateModified":"2020-08-09T23:16:26+00:00","mainEntityOfPage":{"@id":"https:\/\/www.article-marketing.eu\/comunicati\/comunicati-stampa\/eventi\/festival-internazionale-della-musica-dellavvento-e-di-natale\/"},"wordCount":609,"commentCount":0,"keywords":["canti","feste","mercatino","musica","natale","praga"],"articleSection":["Eventi"],"inLanguage":"it-IT","potentialAction":[{"@type":"CommentAction","name":"Comment","target":["https:\/\/www.article-marketing.eu\/comunicati\/comunicati-stampa\/eventi\/festival-internazionale-della-musica-dellavvento-e-di-natale\/#respond"]}]},{"@type":"WebPage","@id":"https:\/\/www.article-marketing.eu\/comunicati\/comunicati-stampa\/eventi\/festival-internazionale-della-musica-dellavvento-e-di-natale\/","url":"https:\/\/www.article-marketing.eu\/comunicati\/comunicati-stampa\/eventi\/festival-internazionale-della-musica-dellavvento-e-di-natale\/","name":"Festival internazionale della musica dell\u2019avvento e di Natale - Article Marketing","isPartOf":{"@id":"https:\/\/www.article-marketing.eu\/comunicati\/#website"},"datePublished":"2008-10-08T15:09:18+00:00","dateModified":"2020-08-09T23:16:26+00:00","author":{"@id":"https:\/\/www.article-marketing.eu\/comunicati\/#\/schema\/person\/44372e4d4d0fa797b18e03ed1ace9017"},"breadcrumb":{"@id":"https:\/\/www.article-marketing.eu\/comunicati\/comunicati-stampa\/eventi\/festival-internazionale-della-musica-dellavvento-e-di-natale\/#breadcrumb"},"inLanguage":"it-IT","potentialAction":[{"@type":"ReadAction","target":["https:\/\/www.article-marketing.eu\/comunicati\/comunicati-stampa\/eventi\/festival-internazionale-della-musica-dellavvento-e-di-natale\/"]}]},{"@type":"BreadcrumbList","@id":"https:\/\/www.article-marketing.eu\/comunicati\/comunicati-stampa\/eventi\/festival-internazionale-della-musica-dellavvento-e-di-natale\/#breadcrumb","itemListElement":[{"@type":"ListItem","position":1,"name":"Home","item":"https:\/\/www.article-marketing.eu\/comunicati\/"},{"@type":"ListItem","position":2,"name":"Festival internazionale della musica dell\u2019avvento e di Natale"}]},{"@type":"WebSite","@id":"https:\/\/www.article-marketing.eu\/comunicati\/#website","url":"https:\/\/www.article-marketing.eu\/comunicati\/","name":"Article Marketing","description":"article marketing &amp; press release","potentialAction":[{"@type":"SearchAction","target":{"@type":"EntryPoint","urlTemplate":"https:\/\/www.article-marketing.eu\/comunicati\/?s={search_term_string}"},"query-input":{"@type":"PropertyValueSpecification","valueRequired":true,"valueName":"search_term_string"}}],"inLanguage":"it-IT"},{"@type":"Person","@id":"https:\/\/www.article-marketing.eu\/comunicati\/#\/schema\/person\/44372e4d4d0fa797b18e03ed1ace9017","name":"Redazione Comunicati Stampa","image":{"@type":"ImageObject","inLanguage":"it-IT","@id":"https:\/\/www.article-marketing.eu\/comunicati\/#\/schema\/person\/image\/","url":"https:\/\/secure.gravatar.com\/avatar\/50e5c6421d3072f42e7ace803501602c60d75233d34e29fd05feb91c8760b792?s=96&d=mm&r=g","contentUrl":"https:\/\/secure.gravatar.com\/avatar\/50e5c6421d3072f42e7ace803501602c60d75233d34e29fd05feb91c8760b792?s=96&d=mm&r=g","caption":"Redazione Comunicati Stampa"},"url":"https:\/\/www.article-marketing.eu\/comunicati\/author\/redazione-comunicati-stampa\/"}]}},"_links":{"self":[{"href":"https:\/\/www.article-marketing.eu\/comunicati\/wp-json\/wp\/v2\/posts\/726","targetHints":{"allow":["GET"]}}],"collection":[{"href":"https:\/\/www.article-marketing.eu\/comunicati\/wp-json\/wp\/v2\/posts"}],"about":[{"href":"https:\/\/www.article-marketing.eu\/comunicati\/wp-json\/wp\/v2\/types\/post"}],"author":[{"embeddable":true,"href":"https:\/\/www.article-marketing.eu\/comunicati\/wp-json\/wp\/v2\/users\/10"}],"replies":[{"embeddable":true,"href":"https:\/\/www.article-marketing.eu\/comunicati\/wp-json\/wp\/v2\/comments?post=726"}],"version-history":[{"count":1,"href":"https:\/\/www.article-marketing.eu\/comunicati\/wp-json\/wp\/v2\/posts\/726\/revisions"}],"predecessor-version":[{"id":67220,"href":"https:\/\/www.article-marketing.eu\/comunicati\/wp-json\/wp\/v2\/posts\/726\/revisions\/67220"}],"wp:attachment":[{"href":"https:\/\/www.article-marketing.eu\/comunicati\/wp-json\/wp\/v2\/media?parent=726"}],"wp:term":[{"taxonomy":"category","embeddable":true,"href":"https:\/\/www.article-marketing.eu\/comunicati\/wp-json\/wp\/v2\/categories?post=726"},{"taxonomy":"post_tag","embeddable":true,"href":"https:\/\/www.article-marketing.eu\/comunicati\/wp-json\/wp\/v2\/tags?post=726"}],"curies":[{"name":"wp","href":"https:\/\/api.w.org\/{rel}","templated":true}]}}