{"id":744,"date":"2008-10-10T15:36:50","date_gmt":"2008-10-10T13:36:50","guid":{"rendered":"http:\/\/www.article-marketing.eu\/comunicati\/senza-categoria\/my-box%ae-estetica-e-funzionalit%e0-per-palpebra%ae-il-nuovo-sistema-per-i-portoni-sezionali-breda-sistemi-industriali-s-p-a\/"},"modified":"2008-10-10T15:36:50","modified_gmt":"2008-10-10T13:36:50","slug":"my-box%ae-estetica-e-funzionalit%e0-per-palpebra%ae-il-nuovo-sistema-per-i-portoni-sezionali-breda-sistemi-industriali-s-p-a","status":"publish","type":"post","link":"https:\/\/www.article-marketing.eu\/comunicati\/arte-e-cultura\/ricerca-e-sviluppo\/my-box%ae-estetica-e-funzionalit%e0-per-palpebra%ae-il-nuovo-sistema-per-i-portoni-sezionali-breda-sistemi-industriali-s-p-a\/","title":{"rendered":"My BOX\u00ae &#8211; Estetica e Funzionalit\u00e0 per Palpebra\u00ae &#8211; Il nuovo sistema per i Portoni Sezionali Breda Sistemi Industriali S.p.A."},"content":{"rendered":"<p>Sequals, 10 Ottobre 2008 <br \/>Breda Sistemi Industriali S.p.A. presenta <a href=\"http:\/\/www.bredasys.com\/mybox.html\">My Box\u00ae<\/a>, il sistema portante per Portoni Sezionali da Garage Palpebra\u00ae, predisposto per fissarsi rapidamente alle murature, sia per i montaggi in luce che in quelli oltre luce con architrave e spallette ridotti. <br \/>TEMPI RIDOTTI DI INSTALLAZIONE <br \/>Le spallette e la veletta possono anche non essere presenti nella costruzione, in quanto vengono create da una struttura di profilati in alluminio. Proprio questa struttura consente la riduzione delle tempistiche d&#8217;installazione perch\u00e9 evita il montaggio di molte parti che in My BOX\u00ae vengono fornite preassemblate. <br \/>Le guide di scorrimento verticali ed il gruppo molle, ad esempio, sono forniti gi\u00e0 montati. Le guide di scorrimento orizzontali oltre che preassemblate, sono predisposte per il fissaggio a soffitto (grazie ad un innovativo sistema di calate semplificate), o lateralmente a parete (per mezzo di speciali canotti di compensazione). <br \/><img decoding=\"async\" id=\"BLOGGER_PHOTO_ID_5255489060411685266\" style=\"DISPLAY: block; MARGIN: 0px auto 10px; TEXT-ALIGN: center\" src=\"http:\/\/4.bp.blogspot.com\/_Tt1BfvyUHPo\/SO8_dKbKOZI\/AAAAAAAAAnQ\/bvcrGGou3HA\/s400\/My-BOX%C2%AE-Breda-01.jpg\" border=\"0\" \/><br \/><strong>COMPONENTI PREASSEMBLATI: Spazio e semplicit\u00e0 elementi chiave<\/strong><\/p>\n<p>Il sistema My BOX\u00ae lascia pi\u00f9 spazio libero e facilit\u00e0 notevolmente tutte le fasi d&#8217;installazione.<\/p>\n<p>L&#8217;ingombro dell&#8217;architrave si riduce notevolmente grazie alle guide di scorrimento, disponibili con bilanciamento in coda o in architrave, che si inseriscono perfettamente in ogni struttura edilizia.<\/p>\n<p><strong>My Box\u00ae<\/strong>, nella soluzione con molle in architrave SMB2, <strong>viene fornito con una motorizzazione integrata<\/strong> che agisce con un innovativo sistema a traino laterale.<br \/>L&#8217;ottimizzazione dello spazio interno del garage e la semplicit\u00e0 di installazione vengono favorite dalle guide del traino preassemblate e dal motore integrato nelle guide stesse.<br \/>Il sistema My BOX\u00ae \u00e8 dotato inoltre di canalizzazioni e supporti preassemblati per una pi\u00f9<strong>facile e veloce realizzazione dell&#8217;impianto elettrico<\/strong>, semplificando la fase di installazione dei cavi e di collegamento dei componenti elettrici ed elettronici della Porta Sezionale.<\/p>\n<p><img decoding=\"async\" id=\"BLOGGER_PHOTO_ID_5255489680684971090\" style=\"DISPLAY: block; MARGIN: 0px auto 10px; TEXT-ALIGN: center\" src=\"http:\/\/4.bp.blogspot.com\/_Tt1BfvyUHPo\/SO9ABRH1dFI\/AAAAAAAAAno\/NLun__WMxLw\/s400\/My-BOX%C2%AE-Breda-03.jpg\" border=\"0\" \/> <\/p>\n<p><\/p>\n<p><strong>MY BOX\u00ae MIGLIORA L&#8217;ESTETICA \u2013 Total look in coordinato per manto, spallette e velette<\/strong><\/p>\n<p>Le spallette e le velette si \u201cvestono\u201d degli stessi colori e delle stesse finiture utilizzati per il manto del Portone.<\/p>\n<p>La variet\u00e0 di colori, il calore delle tonalit\u00e0 simil legno, le molteplici finiture del pannello sono tutti elementi con cui vestire e caratterizzare il vostro portone Palpebra\u00ae.Giochiamo e abbiniamo fra loro colori e finiture donando al portone Palpebra\u00ae in versione My BOX\u00ae un look in armonia con la vostra casa ed in coordinazione fra i suoi componenti.<\/p>\n<p><img decoding=\"async\" id=\"BLOGGER_PHOTO_ID_5255489351621551106\" style=\"DISPLAY: block; MARGIN: 0px auto 10px; TEXT-ALIGN: center\" src=\"http:\/\/2.bp.blogspot.com\/_Tt1BfvyUHPo\/SO8_uHRAJAI\/AAAAAAAAAng\/dJEYHS7LhXM\/s400\/My-BOX%C2%AE-Breda-02.jpg\" border=\"0\" \/><br \/><strong>TANTI MOTIVI, UNA SOLA SCELTA: LA QUALITA&#8217; BREDA<\/strong><\/p>\n<p>Scegliere <strong>Breda<\/strong> significa scegliere <strong>Qualit\u00e0 e Sicurezza testate e certificate<\/strong>.Breda sottopone i propri prodotti a numerosi test di verifica per controllare, analizzare ed accertare la Qualit\u00e0 e la Sicurezza.<\/p>\n<p>Tutta la gamma Breda \u00e8 conforme alle Disposizioni Legislative ed alle Direttive Comunitarie in vigore.<br \/><strong>Breda Sistemi Industriali S.p.A.<\/strong> ha adottato da anni il <strong>Sistema di Gestione per la Qualit\u00e0<\/strong>, conforme alla norma <strong>UNI EN ISO 9001:2000<\/strong>, ed il Sistema di Gestione Ambientale, conforme alla norma <strong>UNI EN ISO 14001:2004<\/strong>.<\/p>\n<p><strong>Leader da oltre vent&#8217;anni nella produzione di portoni sezionali<\/strong>, Breda ha fatto della dinamicit\u00e0, dell&#8217;innovazione, della tecnologia e della creativit\u00e0 i suoi punti di forza. La sicurezza e la praticit\u00e0 di utilizzo, la silenziosit\u00e0 e la tenuta termica completano le caratteristiche tecnologiche dei prodotti <strong>Breda<\/strong> e fanno dell&#8217;azienda un <strong>sinonimo di Qualit\u00e0 Globale<\/strong>.<\/p>\n<p>Breda Sistemi Industriali S.p.A. &#8211; Portoni Sezionali Evoluti<br \/>Via Cecilia Danieli, 2<br \/>33090 Sequals &#8211; PORDENONE<br \/>Tel. +39 0427.939311<br \/>Fax. +39 0427.939321<br \/>Email breda (at) bredasys.com<br \/>Web http:\/\/www.bredasys.com\/ <\/p>\n<p><strong>Visitate <\/strong><strong>Comunicati Stampa Breda (http:\/\/comunicati-stampa.bredasys.com\/)<\/strong><\/p>\n<p><strong>Scaricate il Comunicato in WORD (http:\/\/press.bredasys.com\/Files\/Comunicato Stampa Breda &#8211; My Box Estetica e Funzionalit\u00e0 per Palpebra.doc)<\/strong><\/p>\n","protected":false},"excerpt":{"rendered":"<p>Tempi di installazione ridotti, componenti preassemblati, estetica migliorata: ecco come My BOX\u00ae rivoluziona il Portone Sezionale<\/p>\n","protected":false},"author":10,"featured_media":0,"comment_status":"open","ping_status":"open","sticky":false,"template":"","format":"standard","meta":{"cybocfi_hide_featured_image":"","footnotes":""},"categories":[77],"tags":[],"class_list":["post-744","post","type-post","status-publish","format-standard","hentry","category-ricerca-e-sviluppo"],"yoast_head":"<!-- This site is optimized with the Yoast SEO plugin v27.0 - https:\/\/yoast.com\/product\/yoast-seo-wordpress\/ -->\n<title>My BOX\u00ae - Estetica e Funzionalit\u00e0 per Palpebra\u00ae - Il nuovo sistema per i Portoni Sezionali Breda Sistemi Industriali S.p.A. - Article Marketing<\/title>\n<meta name=\"robots\" content=\"index, follow, max-snippet:-1, max-image-preview:large, max-video-preview:-1\" \/>\n<link rel=\"canonical\" href=\"https:\/\/www.article-marketing.eu\/comunicati\/arte-e-cultura\/ricerca-e-sviluppo\/my-box?-estetica-e-funzionalit?-per-palpebra?-il-nuovo-sistema-per-i-portoni-sezionali-breda-sistemi-industriali-s-p-a\/\" \/>\n<meta property=\"og:locale\" content=\"it_IT\" \/>\n<meta property=\"og:type\" content=\"article\" \/>\n<meta property=\"og:title\" content=\"My BOX\u00ae - Estetica e Funzionalit\u00e0 per Palpebra\u00ae - Il nuovo sistema per i Portoni Sezionali Breda Sistemi Industriali S.p.A. - Article Marketing\" \/>\n<meta property=\"og:description\" content=\"Tempi di installazione ridotti, componenti preassemblati, estetica migliorata: ecco come My BOX\u00ae rivoluziona il Portone Sezionale\" \/>\n<meta property=\"og:url\" content=\"\" \/>\n<meta property=\"og:site_name\" content=\"Article Marketing\" \/>\n<meta property=\"article:published_time\" content=\"2008-10-10T13:36:50+00:00\" \/>\n<meta property=\"og:image\" content=\"http:\/\/4.bp.blogspot.com\/_Tt1BfvyUHPo\/SO8_dKbKOZI\/AAAAAAAAAnQ\/bvcrGGou3HA\/s400\/My-BOX%C2%AE-Breda-01.jpg\" \/>\n<meta name=\"author\" content=\"Redazione Comunicati Stampa\" \/>\n<meta name=\"twitter:card\" content=\"summary_large_image\" \/>\n<meta name=\"twitter:label1\" content=\"Scritto da\" \/>\n\t<meta name=\"twitter:data1\" content=\"Redazione Comunicati Stampa\" \/>\n\t<meta name=\"twitter:label2\" content=\"Tempo di lettura stimato\" \/>\n\t<meta name=\"twitter:data2\" content=\"3 minuti\" \/>\n<script type=\"application\/ld+json\" class=\"yoast-schema-graph\">{\"@context\":\"https:\/\/schema.org\",\"@graph\":[{\"@type\":\"Article\",\"@id\":\"https:\/\/www.article-marketing.eu\/comunicati\/arte-e-cultura\/ricerca-e-sviluppo\/my-box%ae-estetica-e-funzionalit%e0-per-palpebra%ae-il-nuovo-sistema-per-i-portoni-sezionali-breda-sistemi-industriali-s-p-a\/#article\",\"isPartOf\":{\"@id\":\"https:\/\/www.article-marketing.eu\/comunicati\/arte-e-cultura\/ricerca-e-sviluppo\/my-box%ae-estetica-e-funzionalit%e0-per-palpebra%ae-il-nuovo-sistema-per-i-portoni-sezionali-breda-sistemi-industriali-s-p-a\/\"},\"author\":{\"name\":\"Redazione Comunicati Stampa\",\"@id\":\"https:\/\/www.article-marketing.eu\/comunicati\/#\/schema\/person\/44372e4d4d0fa797b18e03ed1ace9017\"},\"headline\":\"My BOX\u00ae &#8211; Estetica e Funzionalit\u00e0 per Palpebra\u00ae &#8211; Il nuovo sistema per i Portoni Sezionali Breda Sistemi Industriali S.p.A.\",\"datePublished\":\"2008-10-10T13:36:50+00:00\",\"mainEntityOfPage\":{\"@id\":\"https:\/\/www.article-marketing.eu\/comunicati\/arte-e-cultura\/ricerca-e-sviluppo\/my-box%ae-estetica-e-funzionalit%e0-per-palpebra%ae-il-nuovo-sistema-per-i-portoni-sezionali-breda-sistemi-industriali-s-p-a\/\"},\"wordCount\":584,\"commentCount\":0,\"image\":{\"@id\":\"https:\/\/www.article-marketing.eu\/comunicati\/arte-e-cultura\/ricerca-e-sviluppo\/my-box%ae-estetica-e-funzionalit%e0-per-palpebra%ae-il-nuovo-sistema-per-i-portoni-sezionali-breda-sistemi-industriali-s-p-a\/#primaryimage\"},\"thumbnailUrl\":\"http:\/\/4.bp.blogspot.com\/_Tt1BfvyUHPo\/SO8_dKbKOZI\/AAAAAAAAAnQ\/bvcrGGou3HA\/s400\/My-BOX%C2%AE-Breda-01.jpg\",\"articleSection\":[\"Ricerca e sviluppo\"],\"inLanguage\":\"it-IT\",\"potentialAction\":[{\"@type\":\"CommentAction\",\"name\":\"Comment\",\"target\":[\"https:\/\/www.article-marketing.eu\/comunicati\/arte-e-cultura\/ricerca-e-sviluppo\/my-box%ae-estetica-e-funzionalit%e0-per-palpebra%ae-il-nuovo-sistema-per-i-portoni-sezionali-breda-sistemi-industriali-s-p-a\/#respond\"]}]},{\"@type\":\"WebPage\",\"@id\":\"https:\/\/www.article-marketing.eu\/comunicati\/arte-e-cultura\/ricerca-e-sviluppo\/my-box%ae-estetica-e-funzionalit%e0-per-palpebra%ae-il-nuovo-sistema-per-i-portoni-sezionali-breda-sistemi-industriali-s-p-a\/\",\"url\":\"https:\/\/www.article-marketing.eu\/comunicati\/arte-e-cultura\/ricerca-e-sviluppo\/my-box%ae-estetica-e-funzionalit%e0-per-palpebra%ae-il-nuovo-sistema-per-i-portoni-sezionali-breda-sistemi-industriali-s-p-a\/\",\"name\":\"My BOX\u00ae - Estetica e Funzionalit\u00e0 per Palpebra\u00ae - Il nuovo sistema per i Portoni Sezionali Breda Sistemi Industriali S.p.A. - Article Marketing\",\"isPartOf\":{\"@id\":\"https:\/\/www.article-marketing.eu\/comunicati\/#website\"},\"primaryImageOfPage\":{\"@id\":\"https:\/\/www.article-marketing.eu\/comunicati\/arte-e-cultura\/ricerca-e-sviluppo\/my-box%ae-estetica-e-funzionalit%e0-per-palpebra%ae-il-nuovo-sistema-per-i-portoni-sezionali-breda-sistemi-industriali-s-p-a\/#primaryimage\"},\"image\":{\"@id\":\"https:\/\/www.article-marketing.eu\/comunicati\/arte-e-cultura\/ricerca-e-sviluppo\/my-box%ae-estetica-e-funzionalit%e0-per-palpebra%ae-il-nuovo-sistema-per-i-portoni-sezionali-breda-sistemi-industriali-s-p-a\/#primaryimage\"},\"thumbnailUrl\":\"http:\/\/4.bp.blogspot.com\/_Tt1BfvyUHPo\/SO8_dKbKOZI\/AAAAAAAAAnQ\/bvcrGGou3HA\/s400\/My-BOX%C2%AE-Breda-01.jpg\",\"datePublished\":\"2008-10-10T13:36:50+00:00\",\"author\":{\"@id\":\"https:\/\/www.article-marketing.eu\/comunicati\/#\/schema\/person\/44372e4d4d0fa797b18e03ed1ace9017\"},\"breadcrumb\":{\"@id\":\"https:\/\/www.article-marketing.eu\/comunicati\/arte-e-cultura\/ricerca-e-sviluppo\/my-box%ae-estetica-e-funzionalit%e0-per-palpebra%ae-il-nuovo-sistema-per-i-portoni-sezionali-breda-sistemi-industriali-s-p-a\/#breadcrumb\"},\"inLanguage\":\"it-IT\",\"potentialAction\":[{\"@type\":\"ReadAction\",\"target\":[\"https:\/\/www.article-marketing.eu\/comunicati\/arte-e-cultura\/ricerca-e-sviluppo\/my-box%ae-estetica-e-funzionalit%e0-per-palpebra%ae-il-nuovo-sistema-per-i-portoni-sezionali-breda-sistemi-industriali-s-p-a\/\"]}]},{\"@type\":\"ImageObject\",\"inLanguage\":\"it-IT\",\"@id\":\"https:\/\/www.article-marketing.eu\/comunicati\/arte-e-cultura\/ricerca-e-sviluppo\/my-box%ae-estetica-e-funzionalit%e0-per-palpebra%ae-il-nuovo-sistema-per-i-portoni-sezionali-breda-sistemi-industriali-s-p-a\/#primaryimage\",\"url\":\"http:\/\/4.bp.blogspot.com\/_Tt1BfvyUHPo\/SO8_dKbKOZI\/AAAAAAAAAnQ\/bvcrGGou3HA\/s400\/My-BOX%C2%AE-Breda-01.jpg\",\"contentUrl\":\"http:\/\/4.bp.blogspot.com\/_Tt1BfvyUHPo\/SO8_dKbKOZI\/AAAAAAAAAnQ\/bvcrGGou3HA\/s400\/My-BOX%C2%AE-Breda-01.jpg\"},{\"@type\":\"BreadcrumbList\",\"@id\":\"https:\/\/www.article-marketing.eu\/comunicati\/arte-e-cultura\/ricerca-e-sviluppo\/my-box%ae-estetica-e-funzionalit%e0-per-palpebra%ae-il-nuovo-sistema-per-i-portoni-sezionali-breda-sistemi-industriali-s-p-a\/#breadcrumb\",\"itemListElement\":[{\"@type\":\"ListItem\",\"position\":1,\"name\":\"Home\",\"item\":\"https:\/\/www.article-marketing.eu\/comunicati\/\"},{\"@type\":\"ListItem\",\"position\":2,\"name\":\"My BOX\u00ae &#8211; Estetica e Funzionalit\u00e0 per Palpebra\u00ae &#8211; Il nuovo sistema per i Portoni Sezionali Breda Sistemi Industriali S.p.A.\"}]},{\"@type\":\"WebSite\",\"@id\":\"https:\/\/www.article-marketing.eu\/comunicati\/#website\",\"url\":\"https:\/\/www.article-marketing.eu\/comunicati\/\",\"name\":\"Article Marketing\",\"description\":\"article marketing &amp; press release\",\"potentialAction\":[{\"@type\":\"SearchAction\",\"target\":{\"@type\":\"EntryPoint\",\"urlTemplate\":\"https:\/\/www.article-marketing.eu\/comunicati\/?s={search_term_string}\"},\"query-input\":{\"@type\":\"PropertyValueSpecification\",\"valueRequired\":true,\"valueName\":\"search_term_string\"}}],\"inLanguage\":\"it-IT\"},{\"@type\":\"Person\",\"@id\":\"https:\/\/www.article-marketing.eu\/comunicati\/#\/schema\/person\/44372e4d4d0fa797b18e03ed1ace9017\",\"name\":\"Redazione Comunicati Stampa\",\"image\":{\"@type\":\"ImageObject\",\"inLanguage\":\"it-IT\",\"@id\":\"https:\/\/www.article-marketing.eu\/comunicati\/#\/schema\/person\/image\/\",\"url\":\"https:\/\/secure.gravatar.com\/avatar\/50e5c6421d3072f42e7ace803501602c60d75233d34e29fd05feb91c8760b792?s=96&d=mm&r=g\",\"contentUrl\":\"https:\/\/secure.gravatar.com\/avatar\/50e5c6421d3072f42e7ace803501602c60d75233d34e29fd05feb91c8760b792?s=96&d=mm&r=g\",\"caption\":\"Redazione Comunicati Stampa\"},\"url\":\"https:\/\/www.article-marketing.eu\/comunicati\/author\/redazione-comunicati-stampa\/\"}]}<\/script>\n<!-- \/ Yoast SEO plugin. -->","yoast_head_json":{"title":"My BOX\u00ae - Estetica e Funzionalit\u00e0 per Palpebra\u00ae - Il nuovo sistema per i Portoni Sezionali Breda Sistemi Industriali S.p.A. - Article Marketing","robots":{"index":"index","follow":"follow","max-snippet":"max-snippet:-1","max-image-preview":"max-image-preview:large","max-video-preview":"max-video-preview:-1"},"canonical":"https:\/\/www.article-marketing.eu\/comunicati\/arte-e-cultura\/ricerca-e-sviluppo\/my-box?-estetica-e-funzionalit?-per-palpebra?-il-nuovo-sistema-per-i-portoni-sezionali-breda-sistemi-industriali-s-p-a\/","og_locale":"it_IT","og_type":"article","og_title":"My BOX\u00ae - Estetica e Funzionalit\u00e0 per Palpebra\u00ae - Il nuovo sistema per i Portoni Sezionali Breda Sistemi Industriali S.p.A. - Article Marketing","og_description":"Tempi di installazione ridotti, componenti preassemblati, estetica migliorata: ecco come My BOX\u00ae rivoluziona il Portone Sezionale","og_url":"https:\/\/www.article-marketing.eu\/comunicati\/arte-e-cultura\/ricerca-e-sviluppo\/my-box?-estetica-e-funzionalit?-per-palpebra?-il-nuovo-sistema-per-i-portoni-sezionali-breda-sistemi-industriali-s-p-a\/","og_site_name":"Article Marketing","article_published_time":"2008-10-10T13:36:50+00:00","og_image":[{"url":"http:\/\/4.bp.blogspot.com\/_Tt1BfvyUHPo\/SO8_dKbKOZI\/AAAAAAAAAnQ\/bvcrGGou3HA\/s400\/My-BOX%C2%AE-Breda-01.jpg","type":"","width":"","height":""}],"author":"Redazione Comunicati Stampa","twitter_card":"summary_large_image","twitter_misc":{"Scritto da":"Redazione Comunicati Stampa","Tempo di lettura stimato":"3 minuti"},"schema":{"@context":"https:\/\/schema.org","@graph":[{"@type":"Article","@id":"https:\/\/www.article-marketing.eu\/comunicati\/arte-e-cultura\/ricerca-e-sviluppo\/my-box%ae-estetica-e-funzionalit%e0-per-palpebra%ae-il-nuovo-sistema-per-i-portoni-sezionali-breda-sistemi-industriali-s-p-a\/#article","isPartOf":{"@id":"https:\/\/www.article-marketing.eu\/comunicati\/arte-e-cultura\/ricerca-e-sviluppo\/my-box%ae-estetica-e-funzionalit%e0-per-palpebra%ae-il-nuovo-sistema-per-i-portoni-sezionali-breda-sistemi-industriali-s-p-a\/"},"author":{"name":"Redazione Comunicati Stampa","@id":"https:\/\/www.article-marketing.eu\/comunicati\/#\/schema\/person\/44372e4d4d0fa797b18e03ed1ace9017"},"headline":"My BOX\u00ae &#8211; Estetica e Funzionalit\u00e0 per Palpebra\u00ae &#8211; Il nuovo sistema per i Portoni Sezionali Breda Sistemi Industriali S.p.A.","datePublished":"2008-10-10T13:36:50+00:00","mainEntityOfPage":{"@id":"https:\/\/www.article-marketing.eu\/comunicati\/arte-e-cultura\/ricerca-e-sviluppo\/my-box%ae-estetica-e-funzionalit%e0-per-palpebra%ae-il-nuovo-sistema-per-i-portoni-sezionali-breda-sistemi-industriali-s-p-a\/"},"wordCount":584,"commentCount":0,"image":{"@id":"https:\/\/www.article-marketing.eu\/comunicati\/arte-e-cultura\/ricerca-e-sviluppo\/my-box%ae-estetica-e-funzionalit%e0-per-palpebra%ae-il-nuovo-sistema-per-i-portoni-sezionali-breda-sistemi-industriali-s-p-a\/#primaryimage"},"thumbnailUrl":"http:\/\/4.bp.blogspot.com\/_Tt1BfvyUHPo\/SO8_dKbKOZI\/AAAAAAAAAnQ\/bvcrGGou3HA\/s400\/My-BOX%C2%AE-Breda-01.jpg","articleSection":["Ricerca e sviluppo"],"inLanguage":"it-IT","potentialAction":[{"@type":"CommentAction","name":"Comment","target":["https:\/\/www.article-marketing.eu\/comunicati\/arte-e-cultura\/ricerca-e-sviluppo\/my-box%ae-estetica-e-funzionalit%e0-per-palpebra%ae-il-nuovo-sistema-per-i-portoni-sezionali-breda-sistemi-industriali-s-p-a\/#respond"]}]},{"@type":"WebPage","@id":"https:\/\/www.article-marketing.eu\/comunicati\/arte-e-cultura\/ricerca-e-sviluppo\/my-box%ae-estetica-e-funzionalit%e0-per-palpebra%ae-il-nuovo-sistema-per-i-portoni-sezionali-breda-sistemi-industriali-s-p-a\/","url":"https:\/\/www.article-marketing.eu\/comunicati\/arte-e-cultura\/ricerca-e-sviluppo\/my-box%ae-estetica-e-funzionalit%e0-per-palpebra%ae-il-nuovo-sistema-per-i-portoni-sezionali-breda-sistemi-industriali-s-p-a\/","name":"My BOX\u00ae - Estetica e Funzionalit\u00e0 per Palpebra\u00ae - Il nuovo sistema per i Portoni Sezionali Breda Sistemi Industriali S.p.A. - Article Marketing","isPartOf":{"@id":"https:\/\/www.article-marketing.eu\/comunicati\/#website"},"primaryImageOfPage":{"@id":"https:\/\/www.article-marketing.eu\/comunicati\/arte-e-cultura\/ricerca-e-sviluppo\/my-box%ae-estetica-e-funzionalit%e0-per-palpebra%ae-il-nuovo-sistema-per-i-portoni-sezionali-breda-sistemi-industriali-s-p-a\/#primaryimage"},"image":{"@id":"https:\/\/www.article-marketing.eu\/comunicati\/arte-e-cultura\/ricerca-e-sviluppo\/my-box%ae-estetica-e-funzionalit%e0-per-palpebra%ae-il-nuovo-sistema-per-i-portoni-sezionali-breda-sistemi-industriali-s-p-a\/#primaryimage"},"thumbnailUrl":"http:\/\/4.bp.blogspot.com\/_Tt1BfvyUHPo\/SO8_dKbKOZI\/AAAAAAAAAnQ\/bvcrGGou3HA\/s400\/My-BOX%C2%AE-Breda-01.jpg","datePublished":"2008-10-10T13:36:50+00:00","author":{"@id":"https:\/\/www.article-marketing.eu\/comunicati\/#\/schema\/person\/44372e4d4d0fa797b18e03ed1ace9017"},"breadcrumb":{"@id":"https:\/\/www.article-marketing.eu\/comunicati\/arte-e-cultura\/ricerca-e-sviluppo\/my-box%ae-estetica-e-funzionalit%e0-per-palpebra%ae-il-nuovo-sistema-per-i-portoni-sezionali-breda-sistemi-industriali-s-p-a\/#breadcrumb"},"inLanguage":"it-IT","potentialAction":[{"@type":"ReadAction","target":["https:\/\/www.article-marketing.eu\/comunicati\/arte-e-cultura\/ricerca-e-sviluppo\/my-box%ae-estetica-e-funzionalit%e0-per-palpebra%ae-il-nuovo-sistema-per-i-portoni-sezionali-breda-sistemi-industriali-s-p-a\/"]}]},{"@type":"ImageObject","inLanguage":"it-IT","@id":"https:\/\/www.article-marketing.eu\/comunicati\/arte-e-cultura\/ricerca-e-sviluppo\/my-box%ae-estetica-e-funzionalit%e0-per-palpebra%ae-il-nuovo-sistema-per-i-portoni-sezionali-breda-sistemi-industriali-s-p-a\/#primaryimage","url":"http:\/\/4.bp.blogspot.com\/_Tt1BfvyUHPo\/SO8_dKbKOZI\/AAAAAAAAAnQ\/bvcrGGou3HA\/s400\/My-BOX%C2%AE-Breda-01.jpg","contentUrl":"http:\/\/4.bp.blogspot.com\/_Tt1BfvyUHPo\/SO8_dKbKOZI\/AAAAAAAAAnQ\/bvcrGGou3HA\/s400\/My-BOX%C2%AE-Breda-01.jpg"},{"@type":"BreadcrumbList","@id":"https:\/\/www.article-marketing.eu\/comunicati\/arte-e-cultura\/ricerca-e-sviluppo\/my-box%ae-estetica-e-funzionalit%e0-per-palpebra%ae-il-nuovo-sistema-per-i-portoni-sezionali-breda-sistemi-industriali-s-p-a\/#breadcrumb","itemListElement":[{"@type":"ListItem","position":1,"name":"Home","item":"https:\/\/www.article-marketing.eu\/comunicati\/"},{"@type":"ListItem","position":2,"name":"My BOX\u00ae &#8211; Estetica e Funzionalit\u00e0 per Palpebra\u00ae &#8211; Il nuovo sistema per i Portoni Sezionali Breda Sistemi Industriali S.p.A."}]},{"@type":"WebSite","@id":"https:\/\/www.article-marketing.eu\/comunicati\/#website","url":"https:\/\/www.article-marketing.eu\/comunicati\/","name":"Article Marketing","description":"article marketing &amp; press release","potentialAction":[{"@type":"SearchAction","target":{"@type":"EntryPoint","urlTemplate":"https:\/\/www.article-marketing.eu\/comunicati\/?s={search_term_string}"},"query-input":{"@type":"PropertyValueSpecification","valueRequired":true,"valueName":"search_term_string"}}],"inLanguage":"it-IT"},{"@type":"Person","@id":"https:\/\/www.article-marketing.eu\/comunicati\/#\/schema\/person\/44372e4d4d0fa797b18e03ed1ace9017","name":"Redazione Comunicati Stampa","image":{"@type":"ImageObject","inLanguage":"it-IT","@id":"https:\/\/www.article-marketing.eu\/comunicati\/#\/schema\/person\/image\/","url":"https:\/\/secure.gravatar.com\/avatar\/50e5c6421d3072f42e7ace803501602c60d75233d34e29fd05feb91c8760b792?s=96&d=mm&r=g","contentUrl":"https:\/\/secure.gravatar.com\/avatar\/50e5c6421d3072f42e7ace803501602c60d75233d34e29fd05feb91c8760b792?s=96&d=mm&r=g","caption":"Redazione Comunicati Stampa"},"url":"https:\/\/www.article-marketing.eu\/comunicati\/author\/redazione-comunicati-stampa\/"}]}},"_links":{"self":[{"href":"https:\/\/www.article-marketing.eu\/comunicati\/wp-json\/wp\/v2\/posts\/744","targetHints":{"allow":["GET"]}}],"collection":[{"href":"https:\/\/www.article-marketing.eu\/comunicati\/wp-json\/wp\/v2\/posts"}],"about":[{"href":"https:\/\/www.article-marketing.eu\/comunicati\/wp-json\/wp\/v2\/types\/post"}],"author":[{"embeddable":true,"href":"https:\/\/www.article-marketing.eu\/comunicati\/wp-json\/wp\/v2\/users\/10"}],"replies":[{"embeddable":true,"href":"https:\/\/www.article-marketing.eu\/comunicati\/wp-json\/wp\/v2\/comments?post=744"}],"version-history":[{"count":0,"href":"https:\/\/www.article-marketing.eu\/comunicati\/wp-json\/wp\/v2\/posts\/744\/revisions"}],"wp:attachment":[{"href":"https:\/\/www.article-marketing.eu\/comunicati\/wp-json\/wp\/v2\/media?parent=744"}],"wp:term":[{"taxonomy":"category","embeddable":true,"href":"https:\/\/www.article-marketing.eu\/comunicati\/wp-json\/wp\/v2\/categories?post=744"},{"taxonomy":"post_tag","embeddable":true,"href":"https:\/\/www.article-marketing.eu\/comunicati\/wp-json\/wp\/v2\/tags?post=744"}],"curies":[{"name":"wp","href":"https:\/\/api.w.org\/{rel}","templated":true}]}}