{"id":749,"date":"2008-10-13T00:46:36","date_gmt":"2008-10-12T22:46:36","guid":{"rendered":"http:\/\/www.article-marketing.eu\/comunicati\/senza-categoria\/voices-of-a-soul\/"},"modified":"2008-10-13T00:46:36","modified_gmt":"2008-10-12T22:46:36","slug":"voices-of-a-soul","status":"publish","type":"post","link":"https:\/\/www.article-marketing.eu\/comunicati\/arte-e-cultura\/voices-of-a-soul\/","title":{"rendered":"Voices      of       a       Soul"},"content":{"rendered":"<p>Dal 24 Ottobre al 16 Novembre la Sala delle Esposizioni della Provincia Regionale Palazzo del Governo, via Roma Siracusa (Ortigia) accoglie la personale di Saro Arizza intitolata \u201cVoices of a Soul\u201d. Presentata da Joe Camilleri e Juan Manuel Bonet e promossa dall\u2019Associazione per gli scambi culturali ed economici Italia-Ucraina curata da Orazio Parisi e dall\u2019Associazione Artistica Culturale Maestri D\u2019Arte, la mostra patrocinata dalla Provincia Regionale di Siracusa e da Cittadella Center \u2013 The Citadel Victoria Gozo Malta, presenta oltre 50 opere di grande formato e vuole essere una panoramica sull\u2019ultima produzione dell\u2019Artista, caratterizzata dalla molteplicit\u00e0 dei linguaggi e delle tematiche. I dipinti di Rosario Arizza sono l\u2019espessione di un viaggio esteriore parallelo ad uno interiore nell\u2019io . Passate ed attuali esperienze si fondono con una futura visione di un mondo che \u00e8 sia personale che collettivo. E\u2019 suo quanto \u00e8 nostro. E\u2019 un mondo di contrasti estremi di lirica bellezza e dure realt\u00e0, di organizzata collaborazione e di caotici conflitti. Rosario Arizza \u00e8 stato definito o classificato come un espressionista astratto. Il quale in realt\u00e0 egli \u00e8 sebbene possa esserci in esso pi\u00f9 che una semplice espressione nelle sue creazioni. &nbsp;Al primo sguardo i suoi dipinti trasmettono una sensazione di primordiale. Essi ci portano indietro nel tempo e nello spazio a visioni di caotica materia slegata, &nbsp;energia e forza. Fuori da tutto ci\u00f2 , Arizza organizza un ordine visuale di forme, crea ritmi poetici ed orchestrate armonie cromatiche.<br \/>Un ameba prende forma di pura innocenza miscelata con oscure melanconiche macchie di solitudine e angst. Grigi neutri di momenti pensierosi alternati con rossi aggressivi di tensione e di espressioni di violenza. I viola trasmettono uno stato d\u2019animo penitenziale mentre i blu inviano un brivido o una spiritualit\u00e0 in evoluzione. I rosa e gli arancione irradiano una sensazione ricca di calore, speranza e amore. Dopotutto, i colori caldi ci rimandano al sole che bagna le nostre vite. I colori freddi sono anche i colori del cielo sopra noi e del blu profondo o &nbsp;del mare smeraldo che ci circonda. Rosario Arizza \u00e8 un del meridione. Egli chiama dalla Sicilia dove natura, storia e cultura costituiscono una mistura di umane emozioni e stati d\u2019animo per creare un temperamento artistico Mediterraneo, che \u00e8 unico. Questi dipinti sono le voci di quell\u2019anima. L\u2019Artista Avolese &nbsp;ancora una volta ci stupisce, le sue opere risultano essere profondamente suggestive e fortemente evocative.<br \/>Una mostra decisamente piacevole che appaga lo sguardo e arricchisce l\u2019animo dell\u2019uomo attento, attraverso la presa in considerazione del paesaggio quotidiano per coloro che sono in grado non soltanto di guardare, ma soprattutto di osservare.<br \/>Il Recital di poesie di Antonio Caldarella , Autore, Scrittore, Attore e Regista far\u00e0 da sfondo alla serata inaugurale.<br \/>L\u2019evento oltre che in terr\u00e0 natia verr\u00e0 presentato oltremare a Dicembre a Victoria Gozo Malta e nel 2009 toccher\u00e0 Varsavia, Madrid e Barcellona.<\/p>\n<p>Per informazioni : Ass. Art. Cult. Maestri D\u2019Arte \u2013 via Fricano,33 \u201390011 Bagheria (PA)<br \/>Tel\/Fax 0916764297 \u2013 333 7563411<\/p>\n","protected":false},"excerpt":{"rendered":"<p>Dal 24 Ottobre al 16 Novembre la Sala delle Esposizioni della Provincia Regionale Palazzo del Governo, via Roma Siracusa (Ortigia) accoglie la personale di Saro Arizza intitolata \u201cVoices of a Soul\u201d. Presentata da Joe Camilleri e Juan Manuel Bonet<\/p>\n","protected":false},"author":10,"featured_media":0,"comment_status":"open","ping_status":"open","sticky":false,"template":"","format":"standard","meta":{"cybocfi_hide_featured_image":"","footnotes":""},"categories":[27],"tags":[],"class_list":["post-749","post","type-post","status-publish","format-standard","hentry","category-arte-e-cultura"],"yoast_head":"<!-- This site is optimized with the Yoast SEO plugin v27.0 - https:\/\/yoast.com\/product\/yoast-seo-wordpress\/ -->\n<title>Voices   of    a    Soul - Article Marketing<\/title>\n<meta name=\"robots\" content=\"index, follow, max-snippet:-1, max-image-preview:large, max-video-preview:-1\" \/>\n<link rel=\"canonical\" href=\"https:\/\/www.article-marketing.eu\/comunicati\/arte-e-cultura\/voices-of-a-soul\/\" \/>\n<meta property=\"og:locale\" content=\"it_IT\" \/>\n<meta property=\"og:type\" content=\"article\" \/>\n<meta property=\"og:title\" content=\"Voices   of    a    Soul - Article Marketing\" \/>\n<meta property=\"og:description\" content=\"Dal 24 Ottobre al 16 Novembre la Sala delle Esposizioni della Provincia Regionale Palazzo del Governo, via Roma Siracusa (Ortigia) accoglie la personale di Saro Arizza intitolata \u201cVoices of a Soul\u201d. Presentata da Joe Camilleri e Juan Manuel Bonet\" \/>\n<meta property=\"og:url\" content=\"https:\/\/www.article-marketing.eu\/comunicati\/arte-e-cultura\/voices-of-a-soul\/\" \/>\n<meta property=\"og:site_name\" content=\"Article Marketing\" \/>\n<meta property=\"article:published_time\" content=\"2008-10-12T22:46:36+00:00\" \/>\n<meta name=\"author\" content=\"Redazione Comunicati Stampa\" \/>\n<meta name=\"twitter:card\" content=\"summary_large_image\" \/>\n<meta name=\"twitter:label1\" content=\"Scritto da\" \/>\n\t<meta name=\"twitter:data1\" content=\"Redazione Comunicati Stampa\" \/>\n\t<meta name=\"twitter:label2\" content=\"Tempo di lettura stimato\" \/>\n\t<meta name=\"twitter:data2\" content=\"2 minuti\" \/>\n<script type=\"application\/ld+json\" class=\"yoast-schema-graph\">{\"@context\":\"https:\/\/schema.org\",\"@graph\":[{\"@type\":\"Article\",\"@id\":\"https:\/\/www.article-marketing.eu\/comunicati\/arte-e-cultura\/voices-of-a-soul\/#article\",\"isPartOf\":{\"@id\":\"https:\/\/www.article-marketing.eu\/comunicati\/arte-e-cultura\/voices-of-a-soul\/\"},\"author\":{\"name\":\"Redazione Comunicati Stampa\",\"@id\":\"https:\/\/www.article-marketing.eu\/comunicati\/#\/schema\/person\/44372e4d4d0fa797b18e03ed1ace9017\"},\"headline\":\"Voices of a Soul\",\"datePublished\":\"2008-10-12T22:46:36+00:00\",\"mainEntityOfPage\":{\"@id\":\"https:\/\/www.article-marketing.eu\/comunicati\/arte-e-cultura\/voices-of-a-soul\/\"},\"wordCount\":493,\"commentCount\":0,\"articleSection\":[\"Arte e cultura\"],\"inLanguage\":\"it-IT\",\"potentialAction\":[{\"@type\":\"CommentAction\",\"name\":\"Comment\",\"target\":[\"https:\/\/www.article-marketing.eu\/comunicati\/arte-e-cultura\/voices-of-a-soul\/#respond\"]}]},{\"@type\":\"WebPage\",\"@id\":\"https:\/\/www.article-marketing.eu\/comunicati\/arte-e-cultura\/voices-of-a-soul\/\",\"url\":\"https:\/\/www.article-marketing.eu\/comunicati\/arte-e-cultura\/voices-of-a-soul\/\",\"name\":\"Voices of a Soul - Article Marketing\",\"isPartOf\":{\"@id\":\"https:\/\/www.article-marketing.eu\/comunicati\/#website\"},\"datePublished\":\"2008-10-12T22:46:36+00:00\",\"author\":{\"@id\":\"https:\/\/www.article-marketing.eu\/comunicati\/#\/schema\/person\/44372e4d4d0fa797b18e03ed1ace9017\"},\"breadcrumb\":{\"@id\":\"https:\/\/www.article-marketing.eu\/comunicati\/arte-e-cultura\/voices-of-a-soul\/#breadcrumb\"},\"inLanguage\":\"it-IT\",\"potentialAction\":[{\"@type\":\"ReadAction\",\"target\":[\"https:\/\/www.article-marketing.eu\/comunicati\/arte-e-cultura\/voices-of-a-soul\/\"]}]},{\"@type\":\"BreadcrumbList\",\"@id\":\"https:\/\/www.article-marketing.eu\/comunicati\/arte-e-cultura\/voices-of-a-soul\/#breadcrumb\",\"itemListElement\":[{\"@type\":\"ListItem\",\"position\":1,\"name\":\"Home\",\"item\":\"https:\/\/www.article-marketing.eu\/comunicati\/\"},{\"@type\":\"ListItem\",\"position\":2,\"name\":\"Voices of a Soul\"}]},{\"@type\":\"WebSite\",\"@id\":\"https:\/\/www.article-marketing.eu\/comunicati\/#website\",\"url\":\"https:\/\/www.article-marketing.eu\/comunicati\/\",\"name\":\"Article Marketing\",\"description\":\"article marketing &amp; press release\",\"potentialAction\":[{\"@type\":\"SearchAction\",\"target\":{\"@type\":\"EntryPoint\",\"urlTemplate\":\"https:\/\/www.article-marketing.eu\/comunicati\/?s={search_term_string}\"},\"query-input\":{\"@type\":\"PropertyValueSpecification\",\"valueRequired\":true,\"valueName\":\"search_term_string\"}}],\"inLanguage\":\"it-IT\"},{\"@type\":\"Person\",\"@id\":\"https:\/\/www.article-marketing.eu\/comunicati\/#\/schema\/person\/44372e4d4d0fa797b18e03ed1ace9017\",\"name\":\"Redazione Comunicati Stampa\",\"image\":{\"@type\":\"ImageObject\",\"inLanguage\":\"it-IT\",\"@id\":\"https:\/\/www.article-marketing.eu\/comunicati\/#\/schema\/person\/image\/\",\"url\":\"https:\/\/secure.gravatar.com\/avatar\/50e5c6421d3072f42e7ace803501602c60d75233d34e29fd05feb91c8760b792?s=96&d=mm&r=g\",\"contentUrl\":\"https:\/\/secure.gravatar.com\/avatar\/50e5c6421d3072f42e7ace803501602c60d75233d34e29fd05feb91c8760b792?s=96&d=mm&r=g\",\"caption\":\"Redazione Comunicati Stampa\"},\"url\":\"https:\/\/www.article-marketing.eu\/comunicati\/author\/redazione-comunicati-stampa\/\"}]}<\/script>\n<!-- \/ Yoast SEO plugin. -->","yoast_head_json":{"title":"Voices   of    a    Soul - Article Marketing","robots":{"index":"index","follow":"follow","max-snippet":"max-snippet:-1","max-image-preview":"max-image-preview:large","max-video-preview":"max-video-preview:-1"},"canonical":"https:\/\/www.article-marketing.eu\/comunicati\/arte-e-cultura\/voices-of-a-soul\/","og_locale":"it_IT","og_type":"article","og_title":"Voices   of    a    Soul - Article Marketing","og_description":"Dal 24 Ottobre al 16 Novembre la Sala delle Esposizioni della Provincia Regionale Palazzo del Governo, via Roma Siracusa (Ortigia) accoglie la personale di Saro Arizza intitolata \u201cVoices of a Soul\u201d. Presentata da Joe Camilleri e Juan Manuel Bonet","og_url":"https:\/\/www.article-marketing.eu\/comunicati\/arte-e-cultura\/voices-of-a-soul\/","og_site_name":"Article Marketing","article_published_time":"2008-10-12T22:46:36+00:00","author":"Redazione Comunicati Stampa","twitter_card":"summary_large_image","twitter_misc":{"Scritto da":"Redazione Comunicati Stampa","Tempo di lettura stimato":"2 minuti"},"schema":{"@context":"https:\/\/schema.org","@graph":[{"@type":"Article","@id":"https:\/\/www.article-marketing.eu\/comunicati\/arte-e-cultura\/voices-of-a-soul\/#article","isPartOf":{"@id":"https:\/\/www.article-marketing.eu\/comunicati\/arte-e-cultura\/voices-of-a-soul\/"},"author":{"name":"Redazione Comunicati Stampa","@id":"https:\/\/www.article-marketing.eu\/comunicati\/#\/schema\/person\/44372e4d4d0fa797b18e03ed1ace9017"},"headline":"Voices of a Soul","datePublished":"2008-10-12T22:46:36+00:00","mainEntityOfPage":{"@id":"https:\/\/www.article-marketing.eu\/comunicati\/arte-e-cultura\/voices-of-a-soul\/"},"wordCount":493,"commentCount":0,"articleSection":["Arte e cultura"],"inLanguage":"it-IT","potentialAction":[{"@type":"CommentAction","name":"Comment","target":["https:\/\/www.article-marketing.eu\/comunicati\/arte-e-cultura\/voices-of-a-soul\/#respond"]}]},{"@type":"WebPage","@id":"https:\/\/www.article-marketing.eu\/comunicati\/arte-e-cultura\/voices-of-a-soul\/","url":"https:\/\/www.article-marketing.eu\/comunicati\/arte-e-cultura\/voices-of-a-soul\/","name":"Voices of a Soul - Article Marketing","isPartOf":{"@id":"https:\/\/www.article-marketing.eu\/comunicati\/#website"},"datePublished":"2008-10-12T22:46:36+00:00","author":{"@id":"https:\/\/www.article-marketing.eu\/comunicati\/#\/schema\/person\/44372e4d4d0fa797b18e03ed1ace9017"},"breadcrumb":{"@id":"https:\/\/www.article-marketing.eu\/comunicati\/arte-e-cultura\/voices-of-a-soul\/#breadcrumb"},"inLanguage":"it-IT","potentialAction":[{"@type":"ReadAction","target":["https:\/\/www.article-marketing.eu\/comunicati\/arte-e-cultura\/voices-of-a-soul\/"]}]},{"@type":"BreadcrumbList","@id":"https:\/\/www.article-marketing.eu\/comunicati\/arte-e-cultura\/voices-of-a-soul\/#breadcrumb","itemListElement":[{"@type":"ListItem","position":1,"name":"Home","item":"https:\/\/www.article-marketing.eu\/comunicati\/"},{"@type":"ListItem","position":2,"name":"Voices of a Soul"}]},{"@type":"WebSite","@id":"https:\/\/www.article-marketing.eu\/comunicati\/#website","url":"https:\/\/www.article-marketing.eu\/comunicati\/","name":"Article Marketing","description":"article marketing &amp; press release","potentialAction":[{"@type":"SearchAction","target":{"@type":"EntryPoint","urlTemplate":"https:\/\/www.article-marketing.eu\/comunicati\/?s={search_term_string}"},"query-input":{"@type":"PropertyValueSpecification","valueRequired":true,"valueName":"search_term_string"}}],"inLanguage":"it-IT"},{"@type":"Person","@id":"https:\/\/www.article-marketing.eu\/comunicati\/#\/schema\/person\/44372e4d4d0fa797b18e03ed1ace9017","name":"Redazione Comunicati Stampa","image":{"@type":"ImageObject","inLanguage":"it-IT","@id":"https:\/\/www.article-marketing.eu\/comunicati\/#\/schema\/person\/image\/","url":"https:\/\/secure.gravatar.com\/avatar\/50e5c6421d3072f42e7ace803501602c60d75233d34e29fd05feb91c8760b792?s=96&d=mm&r=g","contentUrl":"https:\/\/secure.gravatar.com\/avatar\/50e5c6421d3072f42e7ace803501602c60d75233d34e29fd05feb91c8760b792?s=96&d=mm&r=g","caption":"Redazione Comunicati Stampa"},"url":"https:\/\/www.article-marketing.eu\/comunicati\/author\/redazione-comunicati-stampa\/"}]}},"_links":{"self":[{"href":"https:\/\/www.article-marketing.eu\/comunicati\/wp-json\/wp\/v2\/posts\/749","targetHints":{"allow":["GET"]}}],"collection":[{"href":"https:\/\/www.article-marketing.eu\/comunicati\/wp-json\/wp\/v2\/posts"}],"about":[{"href":"https:\/\/www.article-marketing.eu\/comunicati\/wp-json\/wp\/v2\/types\/post"}],"author":[{"embeddable":true,"href":"https:\/\/www.article-marketing.eu\/comunicati\/wp-json\/wp\/v2\/users\/10"}],"replies":[{"embeddable":true,"href":"https:\/\/www.article-marketing.eu\/comunicati\/wp-json\/wp\/v2\/comments?post=749"}],"version-history":[{"count":0,"href":"https:\/\/www.article-marketing.eu\/comunicati\/wp-json\/wp\/v2\/posts\/749\/revisions"}],"wp:attachment":[{"href":"https:\/\/www.article-marketing.eu\/comunicati\/wp-json\/wp\/v2\/media?parent=749"}],"wp:term":[{"taxonomy":"category","embeddable":true,"href":"https:\/\/www.article-marketing.eu\/comunicati\/wp-json\/wp\/v2\/categories?post=749"},{"taxonomy":"post_tag","embeddable":true,"href":"https:\/\/www.article-marketing.eu\/comunicati\/wp-json\/wp\/v2\/tags?post=749"}],"curies":[{"name":"wp","href":"https:\/\/api.w.org\/{rel}","templated":true}]}}