{"id":757,"date":"2008-10-13T19:35:00","date_gmt":"2008-10-13T17:35:00","guid":{"rendered":"http:\/\/www.article-marketing.eu\/comunicati\/senza-categoria\/lon-picchi-aderisce-al-comitato-donore-di-fierasl\/"},"modified":"2008-10-13T19:35:00","modified_gmt":"2008-10-13T17:35:00","slug":"lon-picchi-aderisce-al-comitato-donore-di-fierasl","status":"publish","type":"post","link":"https:\/\/www.article-marketing.eu\/comunicati\/comunicati-stampa\/lon-picchi-aderisce-al-comitato-donore-di-fierasl\/","title":{"rendered":"L&#8217;On. PICCHI aderisce al Comitato d&#8217;Onore di FieraSL"},"content":{"rendered":"<p>Prende forma il Comitato d&#8217;Onore di FieraSL, la Prima Edizione della Fiera Virtuale del Mediterraneo, la prestigiosa adesione \u00e8 arrivata negli uffici direzionali dell&#8217;azienda organizzatrice dell&#8217;evento. Con questo intento gli organizzatori vogliono creare un filo diretto tra l&#8217;Italia e i Paesi Europei, in maniera tale da divenire un luogo d&#8217;incontro &#8220;virtuale&#8221;,  capace di stimolare &#8220;realmente&#8221; il tessuto connettivo dell&#8217;economia italiana promuovendo la cultura del Made in Italy all&#8217;interno del bacino del Mediterraneo. L&#8217;On. Guglielmo PICCHI con il suo ruolo Istituzionale (Deputato eletto nella Circoscrizione Europa, Componente Commissione Affari Esteri e Comunitari &#8211; Delegazione Italiana Presso Osce) \u00e8 da sempre impegnato all&#8217;interno dell&#8217;area del Mediterraneo,<br \/>\nUfficio Comunicazione Esterna FieraSL<br \/>\nInformazioni Generali su FieraSL<br \/>\nLa Prima Edizione della &#8220;Fiera Virtuale del Mediterraneo&#8221; in SL, si posiziona come la finestra espositiva ideale per chi si affaccia sui mercati esteri. Sono Quattro le grandi aree tematiche previste all&#8217;interno di FieraSL, lo spazio espositivo a disposizione degli operatori Privati e Pubblici sar\u00e0 di 65.000 mq. Questo evento tender\u00e0 a valorizzare e consolidare le potenzialit\u00e0 ancora inespresse del &#8220;Made in Mediterraneo&#8221;, realizzando per la prima volta sul mondo 3D, una struttura nuova, di localizzazione strategica, dal design innovativo e con servizi di eccellenza, che sicuramente rappresenter\u00e0 una manifestazione di assoluta rilevanza nel settore.<br \/>\nNel corso del mese di Agosto gli organizzatori di &#8220;FieraSL&#8221; renderanno noti il quadro di accordi nazionali e internazionali che di volta in volta rafforzeranno e ottimizzeranno il nutrito calendario di Espositori, Sponsor, Media Partner e Patrocini.<br \/>\nPiano Comunicazione FieraSL<\/p>\n<p>L&#8217;attivit\u00e0 di comunicazione si prefigge di accreditare l&#8217;appuntamento come momento privilegiato di promozione dell&#8217;innovazione, dell&#8217;imprenditorialit\u00e0, dell&#8217;eccellenza tecnica, nel contesto sociale ed economico, a livello mondiale. Questo obiettivo richiede la gestione sinergica dei rapporti con i principali mezzi di informazione, l&#8217;organizzazione di eventi e congressi finalizzati ad incrementare conoscenza reciproca tra gli interlocutori del settore, il coinvolgimento dell&#8217;opinione pubblica, per dar luogo a un dialogo, a un confronto, a una collaborazione. La pianificazione dell&#8217;attivit\u00e0 promozionale sar\u00e0 distribuita tra Agosto e Settembre\/Ottobre 2008, e sostenuta da numerosi enti patrocinanti, sia a livello nazionale che internazionale. Tutte le azioni di comunicazione e di marketing coinvolgeranno anche le principali autorit\u00e0 del territorio.<\/p>\n<p>Le attivit\u00e0 programmate, da oggi fino allo svolgimento della Fiera, prevedono:<\/p>\n<p>    * Redazione comunicati stampa;<br \/>\n    * Promozione su testate specializzate di settore (periodiche, on-line e quotidiane)<br \/>\n    * Inserimento in Motore di Ricerca specifico in Second Life (Slurl)<br \/>\n    * Creazione sito internet dalla navigazione agevole e snella, per conoscere le condizioni di partecipazione nel dettaglio, tutti i servizi, i partner, le modalit\u00e0 di accesso;<br \/>\n    * Conferenze stampa e interventi in Manifestazioni esterne ;<br \/>\n    * Attivit\u00e0 di relazioni media nel corso di FIERASL con invio di comunicati, presenza ai convegni.<br \/>\n    * Immagine coordinata in tutti i suoi aspetti logotipo, catalogo ufficiale e altro materiale promozionale, cartella convegni, sito internet, coniugazione logotipo e segnaletica\/cartellonistica, per ottenere continuit\u00e0 comunicativa, riconoscibilit\u00e0; impatto visivo di espressione internazionale e legato ai valori di FieraSL.<\/p>\n<p>Dott. Andrea CANTELMI Resp. Rapporti Istituzionali<\/p>\n","protected":false},"excerpt":{"rendered":"<p>Prende forma il Comitato d&#8217;Onore di FieraSL, la Prima Edizione della Fiera Virtuale del Mediterraneo, la prestigiosa adesione \u00e8 arrivata negli uffici direzionali dell&#8217;azienda organizzatrice dell&#8217;evento. Con questo intento gli organizzatori vogliono creare un filo diretto tra l&#8217;Italia e i Paesi Europei<\/p>\n","protected":false},"author":10,"featured_media":0,"comment_status":"open","ping_status":"open","sticky":false,"template":"","format":"standard","meta":{"cybocfi_hide_featured_image":"","footnotes":""},"categories":[190],"tags":[],"class_list":["post-757","post","type-post","status-publish","format-standard","hentry","category-comunicati-stampa"],"yoast_head":"<!-- This site is optimized with the Yoast SEO plugin v27.0 - https:\/\/yoast.com\/product\/yoast-seo-wordpress\/ -->\n<title>L&#039;On. PICCHI aderisce al Comitato d&#039;Onore di FieraSL - Article Marketing<\/title>\n<meta name=\"robots\" content=\"index, follow, max-snippet:-1, max-image-preview:large, max-video-preview:-1\" \/>\n<link rel=\"canonical\" href=\"https:\/\/www.article-marketing.eu\/comunicati\/comunicati-stampa\/lon-picchi-aderisce-al-comitato-donore-di-fierasl\/\" \/>\n<meta property=\"og:locale\" content=\"it_IT\" \/>\n<meta property=\"og:type\" content=\"article\" \/>\n<meta property=\"og:title\" content=\"L&#039;On. PICCHI aderisce al Comitato d&#039;Onore di FieraSL - Article Marketing\" \/>\n<meta property=\"og:description\" content=\"Prende forma il Comitato d&#039;Onore di FieraSL, la Prima Edizione della Fiera Virtuale del Mediterraneo, la prestigiosa adesione \u00e8 arrivata negli uffici direzionali dell&#039;azienda organizzatrice dell&#039;evento. Con questo intento gli organizzatori vogliono creare un filo diretto tra l&#039;Italia e i Paesi Europei\" \/>\n<meta property=\"og:url\" content=\"https:\/\/www.article-marketing.eu\/comunicati\/comunicati-stampa\/lon-picchi-aderisce-al-comitato-donore-di-fierasl\/\" \/>\n<meta property=\"og:site_name\" content=\"Article Marketing\" \/>\n<meta property=\"article:published_time\" content=\"2008-10-13T17:35:00+00:00\" \/>\n<meta name=\"author\" content=\"Redazione Comunicati Stampa\" \/>\n<meta name=\"twitter:card\" content=\"summary_large_image\" \/>\n<meta name=\"twitter:label1\" content=\"Scritto da\" \/>\n\t<meta name=\"twitter:data1\" content=\"Redazione Comunicati Stampa\" \/>\n\t<meta name=\"twitter:label2\" content=\"Tempo di lettura stimato\" \/>\n\t<meta name=\"twitter:data2\" content=\"2 minuti\" \/>\n<script type=\"application\/ld+json\" class=\"yoast-schema-graph\">{\"@context\":\"https:\/\/schema.org\",\"@graph\":[{\"@type\":\"Article\",\"@id\":\"https:\/\/www.article-marketing.eu\/comunicati\/comunicati-stampa\/lon-picchi-aderisce-al-comitato-donore-di-fierasl\/#article\",\"isPartOf\":{\"@id\":\"https:\/\/www.article-marketing.eu\/comunicati\/comunicati-stampa\/lon-picchi-aderisce-al-comitato-donore-di-fierasl\/\"},\"author\":{\"name\":\"Redazione Comunicati Stampa\",\"@id\":\"https:\/\/www.article-marketing.eu\/comunicati\/#\/schema\/person\/44372e4d4d0fa797b18e03ed1ace9017\"},\"headline\":\"L&#8217;On. PICCHI aderisce al Comitato d&#8217;Onore di FieraSL\",\"datePublished\":\"2008-10-13T17:35:00+00:00\",\"mainEntityOfPage\":{\"@id\":\"https:\/\/www.article-marketing.eu\/comunicati\/comunicati-stampa\/lon-picchi-aderisce-al-comitato-donore-di-fierasl\/\"},\"wordCount\":486,\"commentCount\":0,\"articleSection\":[\"Comunicati stampa\"],\"inLanguage\":\"it-IT\",\"potentialAction\":[{\"@type\":\"CommentAction\",\"name\":\"Comment\",\"target\":[\"https:\/\/www.article-marketing.eu\/comunicati\/comunicati-stampa\/lon-picchi-aderisce-al-comitato-donore-di-fierasl\/#respond\"]}]},{\"@type\":\"WebPage\",\"@id\":\"https:\/\/www.article-marketing.eu\/comunicati\/comunicati-stampa\/lon-picchi-aderisce-al-comitato-donore-di-fierasl\/\",\"url\":\"https:\/\/www.article-marketing.eu\/comunicati\/comunicati-stampa\/lon-picchi-aderisce-al-comitato-donore-di-fierasl\/\",\"name\":\"L'On. PICCHI aderisce al Comitato d'Onore di FieraSL - Article Marketing\",\"isPartOf\":{\"@id\":\"https:\/\/www.article-marketing.eu\/comunicati\/#website\"},\"datePublished\":\"2008-10-13T17:35:00+00:00\",\"author\":{\"@id\":\"https:\/\/www.article-marketing.eu\/comunicati\/#\/schema\/person\/44372e4d4d0fa797b18e03ed1ace9017\"},\"breadcrumb\":{\"@id\":\"https:\/\/www.article-marketing.eu\/comunicati\/comunicati-stampa\/lon-picchi-aderisce-al-comitato-donore-di-fierasl\/#breadcrumb\"},\"inLanguage\":\"it-IT\",\"potentialAction\":[{\"@type\":\"ReadAction\",\"target\":[\"https:\/\/www.article-marketing.eu\/comunicati\/comunicati-stampa\/lon-picchi-aderisce-al-comitato-donore-di-fierasl\/\"]}]},{\"@type\":\"BreadcrumbList\",\"@id\":\"https:\/\/www.article-marketing.eu\/comunicati\/comunicati-stampa\/lon-picchi-aderisce-al-comitato-donore-di-fierasl\/#breadcrumb\",\"itemListElement\":[{\"@type\":\"ListItem\",\"position\":1,\"name\":\"Home\",\"item\":\"https:\/\/www.article-marketing.eu\/comunicati\/\"},{\"@type\":\"ListItem\",\"position\":2,\"name\":\"L&#8217;On. PICCHI aderisce al Comitato d&#8217;Onore di FieraSL\"}]},{\"@type\":\"WebSite\",\"@id\":\"https:\/\/www.article-marketing.eu\/comunicati\/#website\",\"url\":\"https:\/\/www.article-marketing.eu\/comunicati\/\",\"name\":\"Article Marketing\",\"description\":\"article marketing &amp; press release\",\"potentialAction\":[{\"@type\":\"SearchAction\",\"target\":{\"@type\":\"EntryPoint\",\"urlTemplate\":\"https:\/\/www.article-marketing.eu\/comunicati\/?s={search_term_string}\"},\"query-input\":{\"@type\":\"PropertyValueSpecification\",\"valueRequired\":true,\"valueName\":\"search_term_string\"}}],\"inLanguage\":\"it-IT\"},{\"@type\":\"Person\",\"@id\":\"https:\/\/www.article-marketing.eu\/comunicati\/#\/schema\/person\/44372e4d4d0fa797b18e03ed1ace9017\",\"name\":\"Redazione Comunicati Stampa\",\"image\":{\"@type\":\"ImageObject\",\"inLanguage\":\"it-IT\",\"@id\":\"https:\/\/www.article-marketing.eu\/comunicati\/#\/schema\/person\/image\/\",\"url\":\"https:\/\/secure.gravatar.com\/avatar\/50e5c6421d3072f42e7ace803501602c60d75233d34e29fd05feb91c8760b792?s=96&d=mm&r=g\",\"contentUrl\":\"https:\/\/secure.gravatar.com\/avatar\/50e5c6421d3072f42e7ace803501602c60d75233d34e29fd05feb91c8760b792?s=96&d=mm&r=g\",\"caption\":\"Redazione Comunicati Stampa\"},\"url\":\"https:\/\/www.article-marketing.eu\/comunicati\/author\/redazione-comunicati-stampa\/\"}]}<\/script>\n<!-- \/ Yoast SEO plugin. -->","yoast_head_json":{"title":"L'On. PICCHI aderisce al Comitato d'Onore di FieraSL - Article Marketing","robots":{"index":"index","follow":"follow","max-snippet":"max-snippet:-1","max-image-preview":"max-image-preview:large","max-video-preview":"max-video-preview:-1"},"canonical":"https:\/\/www.article-marketing.eu\/comunicati\/comunicati-stampa\/lon-picchi-aderisce-al-comitato-donore-di-fierasl\/","og_locale":"it_IT","og_type":"article","og_title":"L'On. PICCHI aderisce al Comitato d'Onore di FieraSL - Article Marketing","og_description":"Prende forma il Comitato d'Onore di FieraSL, la Prima Edizione della Fiera Virtuale del Mediterraneo, la prestigiosa adesione \u00e8 arrivata negli uffici direzionali dell'azienda organizzatrice dell'evento. Con questo intento gli organizzatori vogliono creare un filo diretto tra l'Italia e i Paesi Europei","og_url":"https:\/\/www.article-marketing.eu\/comunicati\/comunicati-stampa\/lon-picchi-aderisce-al-comitato-donore-di-fierasl\/","og_site_name":"Article Marketing","article_published_time":"2008-10-13T17:35:00+00:00","author":"Redazione Comunicati Stampa","twitter_card":"summary_large_image","twitter_misc":{"Scritto da":"Redazione Comunicati Stampa","Tempo di lettura stimato":"2 minuti"},"schema":{"@context":"https:\/\/schema.org","@graph":[{"@type":"Article","@id":"https:\/\/www.article-marketing.eu\/comunicati\/comunicati-stampa\/lon-picchi-aderisce-al-comitato-donore-di-fierasl\/#article","isPartOf":{"@id":"https:\/\/www.article-marketing.eu\/comunicati\/comunicati-stampa\/lon-picchi-aderisce-al-comitato-donore-di-fierasl\/"},"author":{"name":"Redazione Comunicati Stampa","@id":"https:\/\/www.article-marketing.eu\/comunicati\/#\/schema\/person\/44372e4d4d0fa797b18e03ed1ace9017"},"headline":"L&#8217;On. PICCHI aderisce al Comitato d&#8217;Onore di FieraSL","datePublished":"2008-10-13T17:35:00+00:00","mainEntityOfPage":{"@id":"https:\/\/www.article-marketing.eu\/comunicati\/comunicati-stampa\/lon-picchi-aderisce-al-comitato-donore-di-fierasl\/"},"wordCount":486,"commentCount":0,"articleSection":["Comunicati stampa"],"inLanguage":"it-IT","potentialAction":[{"@type":"CommentAction","name":"Comment","target":["https:\/\/www.article-marketing.eu\/comunicati\/comunicati-stampa\/lon-picchi-aderisce-al-comitato-donore-di-fierasl\/#respond"]}]},{"@type":"WebPage","@id":"https:\/\/www.article-marketing.eu\/comunicati\/comunicati-stampa\/lon-picchi-aderisce-al-comitato-donore-di-fierasl\/","url":"https:\/\/www.article-marketing.eu\/comunicati\/comunicati-stampa\/lon-picchi-aderisce-al-comitato-donore-di-fierasl\/","name":"L'On. PICCHI aderisce al Comitato d'Onore di FieraSL - Article Marketing","isPartOf":{"@id":"https:\/\/www.article-marketing.eu\/comunicati\/#website"},"datePublished":"2008-10-13T17:35:00+00:00","author":{"@id":"https:\/\/www.article-marketing.eu\/comunicati\/#\/schema\/person\/44372e4d4d0fa797b18e03ed1ace9017"},"breadcrumb":{"@id":"https:\/\/www.article-marketing.eu\/comunicati\/comunicati-stampa\/lon-picchi-aderisce-al-comitato-donore-di-fierasl\/#breadcrumb"},"inLanguage":"it-IT","potentialAction":[{"@type":"ReadAction","target":["https:\/\/www.article-marketing.eu\/comunicati\/comunicati-stampa\/lon-picchi-aderisce-al-comitato-donore-di-fierasl\/"]}]},{"@type":"BreadcrumbList","@id":"https:\/\/www.article-marketing.eu\/comunicati\/comunicati-stampa\/lon-picchi-aderisce-al-comitato-donore-di-fierasl\/#breadcrumb","itemListElement":[{"@type":"ListItem","position":1,"name":"Home","item":"https:\/\/www.article-marketing.eu\/comunicati\/"},{"@type":"ListItem","position":2,"name":"L&#8217;On. PICCHI aderisce al Comitato d&#8217;Onore di FieraSL"}]},{"@type":"WebSite","@id":"https:\/\/www.article-marketing.eu\/comunicati\/#website","url":"https:\/\/www.article-marketing.eu\/comunicati\/","name":"Article Marketing","description":"article marketing &amp; press release","potentialAction":[{"@type":"SearchAction","target":{"@type":"EntryPoint","urlTemplate":"https:\/\/www.article-marketing.eu\/comunicati\/?s={search_term_string}"},"query-input":{"@type":"PropertyValueSpecification","valueRequired":true,"valueName":"search_term_string"}}],"inLanguage":"it-IT"},{"@type":"Person","@id":"https:\/\/www.article-marketing.eu\/comunicati\/#\/schema\/person\/44372e4d4d0fa797b18e03ed1ace9017","name":"Redazione Comunicati Stampa","image":{"@type":"ImageObject","inLanguage":"it-IT","@id":"https:\/\/www.article-marketing.eu\/comunicati\/#\/schema\/person\/image\/","url":"https:\/\/secure.gravatar.com\/avatar\/50e5c6421d3072f42e7ace803501602c60d75233d34e29fd05feb91c8760b792?s=96&d=mm&r=g","contentUrl":"https:\/\/secure.gravatar.com\/avatar\/50e5c6421d3072f42e7ace803501602c60d75233d34e29fd05feb91c8760b792?s=96&d=mm&r=g","caption":"Redazione Comunicati Stampa"},"url":"https:\/\/www.article-marketing.eu\/comunicati\/author\/redazione-comunicati-stampa\/"}]}},"_links":{"self":[{"href":"https:\/\/www.article-marketing.eu\/comunicati\/wp-json\/wp\/v2\/posts\/757","targetHints":{"allow":["GET"]}}],"collection":[{"href":"https:\/\/www.article-marketing.eu\/comunicati\/wp-json\/wp\/v2\/posts"}],"about":[{"href":"https:\/\/www.article-marketing.eu\/comunicati\/wp-json\/wp\/v2\/types\/post"}],"author":[{"embeddable":true,"href":"https:\/\/www.article-marketing.eu\/comunicati\/wp-json\/wp\/v2\/users\/10"}],"replies":[{"embeddable":true,"href":"https:\/\/www.article-marketing.eu\/comunicati\/wp-json\/wp\/v2\/comments?post=757"}],"version-history":[{"count":0,"href":"https:\/\/www.article-marketing.eu\/comunicati\/wp-json\/wp\/v2\/posts\/757\/revisions"}],"wp:attachment":[{"href":"https:\/\/www.article-marketing.eu\/comunicati\/wp-json\/wp\/v2\/media?parent=757"}],"wp:term":[{"taxonomy":"category","embeddable":true,"href":"https:\/\/www.article-marketing.eu\/comunicati\/wp-json\/wp\/v2\/categories?post=757"},{"taxonomy":"post_tag","embeddable":true,"href":"https:\/\/www.article-marketing.eu\/comunicati\/wp-json\/wp\/v2\/tags?post=757"}],"curies":[{"name":"wp","href":"https:\/\/api.w.org\/{rel}","templated":true}]}}