{"id":760,"date":"2008-10-14T11:21:31","date_gmt":"2008-10-14T09:21:31","guid":{"rendered":"http:\/\/www.article-marketing.eu\/comunicati\/senza-categoria\/festival-des-inrockuptibles-a-parigi\/"},"modified":"2008-10-14T11:21:31","modified_gmt":"2008-10-14T09:21:31","slug":"festival-des-inrockuptibles-a-parigi","status":"publish","type":"post","link":"https:\/\/www.article-marketing.eu\/comunicati\/comunicati-stampa\/eventi\/festival-des-inrockuptibles-a-parigi\/","title":{"rendered":"Festival des inrockuptibles a Parigi"},"content":{"rendered":"<p>Il Festival nasce da un\u2019idea del pi\u00f9 importante magazine musicale e culturale francese, Les Inrockuptibles (il nome \u00e8 spesso abbreviato in les inrocks), che dal 1990 organizza questo evento attirando nella capitale francese migliaia di visitatori. Per capire lo spirito e il livello del Festival, bisogna conoscere la storia del giornale, che dal 1986 si pone come voce autorevole e critica nel panorama musicale e culturale francese.<br \/>\n<br \/>\nQuando nasce, nel 1986, prendendo ispirazione per il titolo dalla serie televisiva americana \u201cGli intoccabili\u201d, il magazine si occupa quasi esclusivamente di rock e ha una cadenza mensile. L\u2019intento dei due suoi creatori originari, Christian Fevret e Arnaud Deverre, \u00e8 quello di portare alla luce alcuni artisti britannici non ancora conosciuti ai pi\u00f9, nonch\u00e9 di incontrare i loro miti musicali, come Leonard Cohen e David Bowie.<\/p>\n<p>Il giornale all\u2019inizio \u00e8 caratterizzato da interviste e foto in bianco e nero (perch\u00e8 troppo colore potrebbe distrarre il lettore da ci\u00f2 che era considerato essenziale), e ha una distribuzione limitata aiutata anche da alcune associazioni culturali. A partire dal 1988 per\u00f2 la tiratura del magazine comincia ad aumentare, come aumentano anche gli argomenti di cui si occupano i giornalisti che vi scrivono, che cominciano ad occuparsi sempre di pi\u00f9, oltre che di musica, anche di cinema, letteratura, societ\u00e0, con un approccio critico e intellettuale: accanto agli articoli su artisti rock trovano spazio, ancora oggi, saggi su filosofi e romanzieri e incursioni nel cinema underground. Le interviste alle band continuano a giocare un ruolo importante, e sono sempre caratterizzate da pagine di domande per nulla scontate, di grande effetto, che mettono alla prova gli intervistati. Un approccio, quello di Les Inrockuptibles, che gli ha fatto guadagnare anche delle critiche, perch\u00e8 da alcuni considerato troppo intellettuale, elitario e quindi snob. In realt\u00e0, il giornale ha semplicemente sempre voluto occuparsi di musica (e non solo) di valore, indipendentemente dai trend o dalle etichette musicali. A dimostrazione di ci\u00f2, \u00e8 da sottolineare che sin dall\u2019inizio la rivista ha giocato un ruolo fondamentale nel far conoscere la musica indie, come pure artisti francesi perlopi\u00f9 sconosciuti che soggiornano in direttamente in case a Parigi.<br \/>\n<br \/>\nNegli anni Novanta il settimanale comincia a venire pubblicato settimanalmente, e a promuovere vari progetti paralleli, diversificando cos\u00ec la sua attivit\u00e0. Tra questi ricordiamo la pubblicazione di monografie su artisti di particolare importanza (Radiohead, Beatles, Smiths, Clash, Cure\u2026), la distribuzione di dischi gratuiti con i quali alcuni musicisti omaggiano la produzione di artisti riconosciuti come pietre miliari del rock, e, soprattutto, il Festival des Inrockuptibles.<\/p>\n<p>Il Festival, giunto alla sua 21\u00aa edizione, avr\u00e0 luogo, oltre che a Parigi, anche in altre citt\u00e0 francesi, come Lille, Tolosa e Nantes, e attirer\u00e0 come ogni anno una folla di veri appassionati e intenditori. Molte peculiarit\u00e0 della rivista che organizza il festival sono rintracciabili anche nel Festival stesso: se la rivista si occupa di nomi altisonanti del panorama rock mondiale, ma allo stesso tempo non perde di vista la produzione indipendente e gli artisti emergenti, cos\u00ec anche il festival ospita sempre sia gruppi importanti che piccole band di talento, che in questo modo hanno l\u2019occasione di farsi conoscere al grande pubblico. Tra i nomi pi\u00f9 conosciuti dell\u2019edizione del 2008, ricordiamo i MGMT, i Franz Ferdinand, i Ting Tings e i Kooks, che si esibiranno in diversi spazi della capitale.<\/p>\n<p>Parigi \u00e8 una citt\u00e0 molto amata dai turisti, che vi accorrono in tutti i periodi dell\u2019anno. Se volete godervi il Festival per tutta la sua durata, vi consigliamo dunque di prenotare in anticipo uno dei tanti <a href=\"http:\/\/it.flashbooking.com\/\">appartamenti in affitto<\/a> della citt\u00e0, o correrete il rischio di non trovare un posto dove stare.<\/p>\n<p>Biglietti: a partire da 20 euro<br \/>\nDate: 12-17 novembre 2008<br \/>\nDove: Parigi<\/p>\n","protected":false},"excerpt":{"rendered":"<p>Se pensate che la stagione regina dei concerti e dei festival rock sia l\u2019estate, e che col passare della bella stagione finisca anche il tempo dei grandi eventi musicali, vi sbagliate: a novembre il rock invade Parigi, con uno dei Festival dedicati a questo genere musicale pi\u00f9 amati e famosi in Europa: il Festival des Inrockuptibles, occasione ideale per passare una settimana  soggiornando in uno dei tanti hotel a Parigi.<\/p>\n","protected":false},"author":10,"featured_media":0,"comment_status":"open","ping_status":"open","sticky":false,"template":"","format":"standard","meta":{"cybocfi_hide_featured_image":"","footnotes":""},"categories":[388],"tags":[1840,45,2399],"class_list":["post-760","post","type-post","status-publish","format-standard","hentry","category-eventi","tag-concerti","tag-musica","tag-parigi"],"yoast_head":"<!-- This site is optimized with the Yoast SEO plugin v27.0 - https:\/\/yoast.com\/product\/yoast-seo-wordpress\/ -->\n<title>Festival des inrockuptibles a Parigi - Article Marketing<\/title>\n<meta name=\"robots\" content=\"index, follow, max-snippet:-1, max-image-preview:large, max-video-preview:-1\" \/>\n<link rel=\"canonical\" href=\"https:\/\/www.article-marketing.eu\/comunicati\/comunicati-stampa\/eventi\/festival-des-inrockuptibles-a-parigi\/\" \/>\n<meta property=\"og:locale\" content=\"it_IT\" \/>\n<meta property=\"og:type\" content=\"article\" \/>\n<meta property=\"og:title\" content=\"Festival des inrockuptibles a Parigi - Article Marketing\" \/>\n<meta property=\"og:description\" content=\"Se pensate che la stagione regina dei concerti e dei festival rock sia l\u2019estate, e che col passare della bella stagione finisca anche il tempo dei grandi eventi musicali, vi sbagliate: a novembre il rock invade Parigi, con uno dei Festival dedicati a questo genere musicale pi\u00f9 amati e famosi in Europa: il Festival des Inrockuptibles, occasione ideale per passare una settimana soggiornando in uno dei tanti hotel a Parigi.\" \/>\n<meta property=\"og:url\" content=\"https:\/\/www.article-marketing.eu\/comunicati\/comunicati-stampa\/eventi\/festival-des-inrockuptibles-a-parigi\/\" \/>\n<meta property=\"og:site_name\" content=\"Article Marketing\" \/>\n<meta property=\"article:published_time\" content=\"2008-10-14T09:21:31+00:00\" \/>\n<meta name=\"author\" content=\"Redazione Comunicati Stampa\" \/>\n<meta name=\"twitter:card\" content=\"summary_large_image\" \/>\n<meta name=\"twitter:label1\" content=\"Scritto da\" \/>\n\t<meta name=\"twitter:data1\" content=\"Redazione Comunicati Stampa\" \/>\n\t<meta name=\"twitter:label2\" content=\"Tempo di lettura stimato\" \/>\n\t<meta name=\"twitter:data2\" content=\"3 minuti\" \/>\n<script type=\"application\/ld+json\" class=\"yoast-schema-graph\">{\"@context\":\"https:\/\/schema.org\",\"@graph\":[{\"@type\":\"Article\",\"@id\":\"https:\/\/www.article-marketing.eu\/comunicati\/comunicati-stampa\/eventi\/festival-des-inrockuptibles-a-parigi\/#article\",\"isPartOf\":{\"@id\":\"https:\/\/www.article-marketing.eu\/comunicati\/comunicati-stampa\/eventi\/festival-des-inrockuptibles-a-parigi\/\"},\"author\":{\"name\":\"Redazione Comunicati Stampa\",\"@id\":\"https:\/\/www.article-marketing.eu\/comunicati\/#\/schema\/person\/44372e4d4d0fa797b18e03ed1ace9017\"},\"headline\":\"Festival des inrockuptibles a Parigi\",\"datePublished\":\"2008-10-14T09:21:31+00:00\",\"mainEntityOfPage\":{\"@id\":\"https:\/\/www.article-marketing.eu\/comunicati\/comunicati-stampa\/eventi\/festival-des-inrockuptibles-a-parigi\/\"},\"wordCount\":610,\"commentCount\":0,\"keywords\":[\"concerti\",\"musica\",\"parigi\"],\"articleSection\":[\"Eventi\"],\"inLanguage\":\"it-IT\",\"potentialAction\":[{\"@type\":\"CommentAction\",\"name\":\"Comment\",\"target\":[\"https:\/\/www.article-marketing.eu\/comunicati\/comunicati-stampa\/eventi\/festival-des-inrockuptibles-a-parigi\/#respond\"]}]},{\"@type\":\"WebPage\",\"@id\":\"https:\/\/www.article-marketing.eu\/comunicati\/comunicati-stampa\/eventi\/festival-des-inrockuptibles-a-parigi\/\",\"url\":\"https:\/\/www.article-marketing.eu\/comunicati\/comunicati-stampa\/eventi\/festival-des-inrockuptibles-a-parigi\/\",\"name\":\"Festival des inrockuptibles a Parigi - Article Marketing\",\"isPartOf\":{\"@id\":\"https:\/\/www.article-marketing.eu\/comunicati\/#website\"},\"datePublished\":\"2008-10-14T09:21:31+00:00\",\"author\":{\"@id\":\"https:\/\/www.article-marketing.eu\/comunicati\/#\/schema\/person\/44372e4d4d0fa797b18e03ed1ace9017\"},\"breadcrumb\":{\"@id\":\"https:\/\/www.article-marketing.eu\/comunicati\/comunicati-stampa\/eventi\/festival-des-inrockuptibles-a-parigi\/#breadcrumb\"},\"inLanguage\":\"it-IT\",\"potentialAction\":[{\"@type\":\"ReadAction\",\"target\":[\"https:\/\/www.article-marketing.eu\/comunicati\/comunicati-stampa\/eventi\/festival-des-inrockuptibles-a-parigi\/\"]}]},{\"@type\":\"BreadcrumbList\",\"@id\":\"https:\/\/www.article-marketing.eu\/comunicati\/comunicati-stampa\/eventi\/festival-des-inrockuptibles-a-parigi\/#breadcrumb\",\"itemListElement\":[{\"@type\":\"ListItem\",\"position\":1,\"name\":\"Home\",\"item\":\"https:\/\/www.article-marketing.eu\/comunicati\/\"},{\"@type\":\"ListItem\",\"position\":2,\"name\":\"Festival des inrockuptibles a Parigi\"}]},{\"@type\":\"WebSite\",\"@id\":\"https:\/\/www.article-marketing.eu\/comunicati\/#website\",\"url\":\"https:\/\/www.article-marketing.eu\/comunicati\/\",\"name\":\"Article Marketing\",\"description\":\"article marketing &amp; press release\",\"potentialAction\":[{\"@type\":\"SearchAction\",\"target\":{\"@type\":\"EntryPoint\",\"urlTemplate\":\"https:\/\/www.article-marketing.eu\/comunicati\/?s={search_term_string}\"},\"query-input\":{\"@type\":\"PropertyValueSpecification\",\"valueRequired\":true,\"valueName\":\"search_term_string\"}}],\"inLanguage\":\"it-IT\"},{\"@type\":\"Person\",\"@id\":\"https:\/\/www.article-marketing.eu\/comunicati\/#\/schema\/person\/44372e4d4d0fa797b18e03ed1ace9017\",\"name\":\"Redazione Comunicati Stampa\",\"image\":{\"@type\":\"ImageObject\",\"inLanguage\":\"it-IT\",\"@id\":\"https:\/\/www.article-marketing.eu\/comunicati\/#\/schema\/person\/image\/\",\"url\":\"https:\/\/secure.gravatar.com\/avatar\/50e5c6421d3072f42e7ace803501602c60d75233d34e29fd05feb91c8760b792?s=96&d=mm&r=g\",\"contentUrl\":\"https:\/\/secure.gravatar.com\/avatar\/50e5c6421d3072f42e7ace803501602c60d75233d34e29fd05feb91c8760b792?s=96&d=mm&r=g\",\"caption\":\"Redazione Comunicati Stampa\"},\"url\":\"https:\/\/www.article-marketing.eu\/comunicati\/author\/redazione-comunicati-stampa\/\"}]}<\/script>\n<!-- \/ Yoast SEO plugin. -->","yoast_head_json":{"title":"Festival des inrockuptibles a Parigi - Article Marketing","robots":{"index":"index","follow":"follow","max-snippet":"max-snippet:-1","max-image-preview":"max-image-preview:large","max-video-preview":"max-video-preview:-1"},"canonical":"https:\/\/www.article-marketing.eu\/comunicati\/comunicati-stampa\/eventi\/festival-des-inrockuptibles-a-parigi\/","og_locale":"it_IT","og_type":"article","og_title":"Festival des inrockuptibles a Parigi - Article Marketing","og_description":"Se pensate che la stagione regina dei concerti e dei festival rock sia l\u2019estate, e che col passare della bella stagione finisca anche il tempo dei grandi eventi musicali, vi sbagliate: a novembre il rock invade Parigi, con uno dei Festival dedicati a questo genere musicale pi\u00f9 amati e famosi in Europa: il Festival des Inrockuptibles, occasione ideale per passare una settimana soggiornando in uno dei tanti hotel a Parigi.","og_url":"https:\/\/www.article-marketing.eu\/comunicati\/comunicati-stampa\/eventi\/festival-des-inrockuptibles-a-parigi\/","og_site_name":"Article Marketing","article_published_time":"2008-10-14T09:21:31+00:00","author":"Redazione Comunicati Stampa","twitter_card":"summary_large_image","twitter_misc":{"Scritto da":"Redazione Comunicati Stampa","Tempo di lettura stimato":"3 minuti"},"schema":{"@context":"https:\/\/schema.org","@graph":[{"@type":"Article","@id":"https:\/\/www.article-marketing.eu\/comunicati\/comunicati-stampa\/eventi\/festival-des-inrockuptibles-a-parigi\/#article","isPartOf":{"@id":"https:\/\/www.article-marketing.eu\/comunicati\/comunicati-stampa\/eventi\/festival-des-inrockuptibles-a-parigi\/"},"author":{"name":"Redazione Comunicati Stampa","@id":"https:\/\/www.article-marketing.eu\/comunicati\/#\/schema\/person\/44372e4d4d0fa797b18e03ed1ace9017"},"headline":"Festival des inrockuptibles a Parigi","datePublished":"2008-10-14T09:21:31+00:00","mainEntityOfPage":{"@id":"https:\/\/www.article-marketing.eu\/comunicati\/comunicati-stampa\/eventi\/festival-des-inrockuptibles-a-parigi\/"},"wordCount":610,"commentCount":0,"keywords":["concerti","musica","parigi"],"articleSection":["Eventi"],"inLanguage":"it-IT","potentialAction":[{"@type":"CommentAction","name":"Comment","target":["https:\/\/www.article-marketing.eu\/comunicati\/comunicati-stampa\/eventi\/festival-des-inrockuptibles-a-parigi\/#respond"]}]},{"@type":"WebPage","@id":"https:\/\/www.article-marketing.eu\/comunicati\/comunicati-stampa\/eventi\/festival-des-inrockuptibles-a-parigi\/","url":"https:\/\/www.article-marketing.eu\/comunicati\/comunicati-stampa\/eventi\/festival-des-inrockuptibles-a-parigi\/","name":"Festival des inrockuptibles a Parigi - Article Marketing","isPartOf":{"@id":"https:\/\/www.article-marketing.eu\/comunicati\/#website"},"datePublished":"2008-10-14T09:21:31+00:00","author":{"@id":"https:\/\/www.article-marketing.eu\/comunicati\/#\/schema\/person\/44372e4d4d0fa797b18e03ed1ace9017"},"breadcrumb":{"@id":"https:\/\/www.article-marketing.eu\/comunicati\/comunicati-stampa\/eventi\/festival-des-inrockuptibles-a-parigi\/#breadcrumb"},"inLanguage":"it-IT","potentialAction":[{"@type":"ReadAction","target":["https:\/\/www.article-marketing.eu\/comunicati\/comunicati-stampa\/eventi\/festival-des-inrockuptibles-a-parigi\/"]}]},{"@type":"BreadcrumbList","@id":"https:\/\/www.article-marketing.eu\/comunicati\/comunicati-stampa\/eventi\/festival-des-inrockuptibles-a-parigi\/#breadcrumb","itemListElement":[{"@type":"ListItem","position":1,"name":"Home","item":"https:\/\/www.article-marketing.eu\/comunicati\/"},{"@type":"ListItem","position":2,"name":"Festival des inrockuptibles a Parigi"}]},{"@type":"WebSite","@id":"https:\/\/www.article-marketing.eu\/comunicati\/#website","url":"https:\/\/www.article-marketing.eu\/comunicati\/","name":"Article Marketing","description":"article marketing &amp; press release","potentialAction":[{"@type":"SearchAction","target":{"@type":"EntryPoint","urlTemplate":"https:\/\/www.article-marketing.eu\/comunicati\/?s={search_term_string}"},"query-input":{"@type":"PropertyValueSpecification","valueRequired":true,"valueName":"search_term_string"}}],"inLanguage":"it-IT"},{"@type":"Person","@id":"https:\/\/www.article-marketing.eu\/comunicati\/#\/schema\/person\/44372e4d4d0fa797b18e03ed1ace9017","name":"Redazione Comunicati Stampa","image":{"@type":"ImageObject","inLanguage":"it-IT","@id":"https:\/\/www.article-marketing.eu\/comunicati\/#\/schema\/person\/image\/","url":"https:\/\/secure.gravatar.com\/avatar\/50e5c6421d3072f42e7ace803501602c60d75233d34e29fd05feb91c8760b792?s=96&d=mm&r=g","contentUrl":"https:\/\/secure.gravatar.com\/avatar\/50e5c6421d3072f42e7ace803501602c60d75233d34e29fd05feb91c8760b792?s=96&d=mm&r=g","caption":"Redazione Comunicati Stampa"},"url":"https:\/\/www.article-marketing.eu\/comunicati\/author\/redazione-comunicati-stampa\/"}]}},"_links":{"self":[{"href":"https:\/\/www.article-marketing.eu\/comunicati\/wp-json\/wp\/v2\/posts\/760","targetHints":{"allow":["GET"]}}],"collection":[{"href":"https:\/\/www.article-marketing.eu\/comunicati\/wp-json\/wp\/v2\/posts"}],"about":[{"href":"https:\/\/www.article-marketing.eu\/comunicati\/wp-json\/wp\/v2\/types\/post"}],"author":[{"embeddable":true,"href":"https:\/\/www.article-marketing.eu\/comunicati\/wp-json\/wp\/v2\/users\/10"}],"replies":[{"embeddable":true,"href":"https:\/\/www.article-marketing.eu\/comunicati\/wp-json\/wp\/v2\/comments?post=760"}],"version-history":[{"count":0,"href":"https:\/\/www.article-marketing.eu\/comunicati\/wp-json\/wp\/v2\/posts\/760\/revisions"}],"wp:attachment":[{"href":"https:\/\/www.article-marketing.eu\/comunicati\/wp-json\/wp\/v2\/media?parent=760"}],"wp:term":[{"taxonomy":"category","embeddable":true,"href":"https:\/\/www.article-marketing.eu\/comunicati\/wp-json\/wp\/v2\/categories?post=760"},{"taxonomy":"post_tag","embeddable":true,"href":"https:\/\/www.article-marketing.eu\/comunicati\/wp-json\/wp\/v2\/tags?post=760"}],"curies":[{"name":"wp","href":"https:\/\/api.w.org\/{rel}","templated":true}]}}