{"id":764,"date":"2008-11-29T14:11:24","date_gmt":"2008-11-29T13:11:24","guid":{"rendered":"http:\/\/www.article-marketing.eu\/comunicati\/senza-categoria\/nuova-ipotesi-sullorigine-della-materia-vivente\/"},"modified":"2008-11-29T14:11:24","modified_gmt":"2008-11-29T13:11:24","slug":"nuova-ipotesi-sullorigine-della-materia-vivente","status":"publish","type":"post","link":"https:\/\/www.article-marketing.eu\/comunicati\/comunicati-stampa\/nuova-ipotesi-sullorigine-della-materia-vivente\/","title":{"rendered":"Nuova ipotesi sull&#8217;origine della materia vivente"},"content":{"rendered":"<p><img loading=\"lazy\" decoding=\"async\" height=\"120\" alt=\" \" hspace=\"5\" src=\"http:\/\/www.lulu.com\/items\/volume_62\/2017000\/2017272\/1\/preview\/promo_2017272.jpg\" width=\"80\" align=\"left\" vspace=\"5\" border=\"1\" \/>L&#8217;autore italiano<strong> Vittorio Naso <\/strong>ha pubblicato il suo primo libro su una nuova teoria sull&#8217;origine e l&#8217;evoluzione della materia vivente.<\/p>\n<p>&nbsp;<\/p>\n<p>La teoria rappresenta un deciso cambiamento di rotta rispetto alle teorie attuali poich\u00e9 salda alle leggi della chimica tutta l&#8217;attivit\u00e0 biologica, individuando nella struttura atomica degli elementi<strong> il meccanismo <\/strong>che innesca i<strong> processi vitali<\/strong>. Il libro &quot; Ecco cosa \u00e8 la Vita&quot; rappresenta, anche, una <strong>rivoluzione per la chimica<\/strong>, poich\u00e9 si individua. nella tavola periodica degli elementi, una costante intorno alla quale \u00e8 regolata la reattivit\u00e0 chimica di tutti gli elementi. Nel libro, il difficile concetto di tempo, diventa la chiave logica per comprendere i processi vitali. Nei processi vitali, infatti, si riscontra un modo alquanto insolito di rapportarsi al tempo, non paragonabile a nessun sistema conosciuto. L&#8217;approfondimento di questo&nbsp;&quot;fatto&quot; consente di spostare la ricerca sull&#8217;origine della vita su un piano logico differente, in cui il caso ne entra solo&nbsp;come evento. Evento fruibile e necessario per migliorare le prestazioni rispetto all&#8217;ambiente esterno.<\/p>\n<p>&#8230;&#8230;&#8230;&#8230;&#8230;&#8230;&#8230;&#8230;&#8230;&#8230;&#8230;&#8230;&#8230;&#8230;&#8230;&#8230;&#8230;&#8230;&#8230;&#8230;&#8230;&#8230;&#8230;&#8230;&#8230;&#8230;&#8230;&#8230;&#8230;&#8230;&#8230;&#8230;&#8230;&#8230;&#8230;&#8230;&#8230;&#8230;&#8230;&#8230;&#8230;&#8230;&#8230;&nbsp;<\/p>\n<p><strong>La teoria rappresenta un&#8217; assoluta novit\u00e0&nbsp;sia per la comprensione dei processi biologici che dei processi chimici.<\/strong> <strong>Per la prima volta inoltre viene dato un significato fisico concreto al concetto di orbitale atomico considerato, oggi, un puro ente matematico.<\/strong> <strong>Il contributo pi\u00f9 rilevante \u00e8, comunque,&nbsp;riservato alla teoria evolutiva in quanto&nbsp;il caso&nbsp;viene eliminato come punto focale dei processi evolutivi.<\/strong> <strong>Il caso non perde la sua&nbsp;importanza ma viene&nbsp;rilegato al ruolo che spetta normalmente al caso. Il caso \u00e8 l&#8217;ambiente entro il quale si svolgono i processi biologici.&nbsp;<\/strong>&nbsp;<strong>La struttura della teoria&nbsp;si verte, inoltre, intorno al concetto di sistema di riferimento della teoria della relativit\u00e0 e alla considerazione che qualsiasi&nbsp;fenomeno di disequilibrio&nbsp;ha alla base i&nbsp;sistemi di riferimento.<\/strong><\/p>\n<p>&nbsp;<\/p>\n<p>&nbsp;<\/p>\n<p>&nbsp;<\/p>\n<p>&nbsp;<br \/>&nbsp; Vittorio Naso ha 43 anni e lavora in Croazia, vive sull&#8217;isola di Krk con le sue due figlie e la moglie. &nbsp;<\/p>\n<p>Il libro \u00e8 disponibile, gratuitamente,&nbsp;al seguente indirizzo web: <a href=\"http:\/\/www.lulu.com\/content\/2017272\" target=\"_blank\"><strong>www.lulu.com\/content\/2017272<\/strong><\/a> <\/p>\n<p>\u00c8 inoltre possibile il download sul sito di Molecuarlab nella sezione \u201csegnalazioni\u201d. &nbsp; Fonte: <strong>Prstelor.eu<\/strong> <\/p>\n","protected":false},"excerpt":{"rendered":"<p>Una nuova ipotesi che rivoluziona l&#8217;approccio ai fenomeni vitali e modifica il nostro modo di rapportarci alla vita.<\/p>\n","protected":false},"author":10,"featured_media":0,"comment_status":"open","ping_status":"open","sticky":false,"template":"","format":"standard","meta":{"cybocfi_hide_featured_image":"","footnotes":""},"categories":[190],"tags":[2698,2697,2699,2249,2696],"class_list":["post-764","post","type-post","status-publish","format-standard","hentry","category-comunicati-stampa","tag-biogenesi","tag-biologia","tag-biologia-teorica","tag-evoluzione","tag-origine-della-vita"],"yoast_head":"<!-- This site is optimized with the Yoast SEO plugin v27.0 - https:\/\/yoast.com\/product\/yoast-seo-wordpress\/ -->\n<title>Nuova ipotesi sull&#039;origine della materia vivente - Article Marketing<\/title>\n<meta name=\"robots\" content=\"index, follow, max-snippet:-1, max-image-preview:large, max-video-preview:-1\" \/>\n<link rel=\"canonical\" href=\"https:\/\/www.article-marketing.eu\/comunicati\/comunicati-stampa\/nuova-ipotesi-sullorigine-della-materia-vivente\/\" \/>\n<meta property=\"og:locale\" content=\"it_IT\" \/>\n<meta property=\"og:type\" content=\"article\" \/>\n<meta property=\"og:title\" content=\"Nuova ipotesi sull&#039;origine della materia vivente - Article Marketing\" \/>\n<meta property=\"og:description\" content=\"Una nuova ipotesi che rivoluziona l&#039;approccio ai fenomeni vitali e modifica il nostro modo di rapportarci alla vita.\" \/>\n<meta property=\"og:url\" content=\"https:\/\/www.article-marketing.eu\/comunicati\/comunicati-stampa\/nuova-ipotesi-sullorigine-della-materia-vivente\/\" \/>\n<meta property=\"og:site_name\" content=\"Article Marketing\" \/>\n<meta property=\"article:published_time\" content=\"2008-11-29T13:11:24+00:00\" \/>\n<meta property=\"og:image\" content=\"http:\/\/www.lulu.com\/items\/volume_62\/2017000\/2017272\/1\/preview\/promo_2017272.jpg\" \/>\n<meta name=\"author\" content=\"Redazione Comunicati Stampa\" \/>\n<meta name=\"twitter:card\" content=\"summary_large_image\" \/>\n<meta name=\"twitter:label1\" content=\"Scritto da\" \/>\n\t<meta name=\"twitter:data1\" content=\"Redazione Comunicati Stampa\" \/>\n\t<meta name=\"twitter:label2\" content=\"Tempo di lettura stimato\" \/>\n\t<meta name=\"twitter:data2\" content=\"2 minuti\" \/>\n<script type=\"application\/ld+json\" class=\"yoast-schema-graph\">{\"@context\":\"https:\/\/schema.org\",\"@graph\":[{\"@type\":\"Article\",\"@id\":\"https:\/\/www.article-marketing.eu\/comunicati\/comunicati-stampa\/nuova-ipotesi-sullorigine-della-materia-vivente\/#article\",\"isPartOf\":{\"@id\":\"https:\/\/www.article-marketing.eu\/comunicati\/comunicati-stampa\/nuova-ipotesi-sullorigine-della-materia-vivente\/\"},\"author\":{\"name\":\"Redazione Comunicati Stampa\",\"@id\":\"https:\/\/www.article-marketing.eu\/comunicati\/#\/schema\/person\/44372e4d4d0fa797b18e03ed1ace9017\"},\"headline\":\"Nuova ipotesi sull&#8217;origine della materia vivente\",\"datePublished\":\"2008-11-29T13:11:24+00:00\",\"mainEntityOfPage\":{\"@id\":\"https:\/\/www.article-marketing.eu\/comunicati\/comunicati-stampa\/nuova-ipotesi-sullorigine-della-materia-vivente\/\"},\"wordCount\":362,\"commentCount\":0,\"image\":{\"@id\":\"https:\/\/www.article-marketing.eu\/comunicati\/comunicati-stampa\/nuova-ipotesi-sullorigine-della-materia-vivente\/#primaryimage\"},\"thumbnailUrl\":\"http:\/\/www.lulu.com\/items\/volume_62\/2017000\/2017272\/1\/preview\/promo_2017272.jpg\",\"keywords\":[\"biogenesi\",\"biologia\",\"biologia teorica\",\"evoluzione\",\"origine della vita\"],\"articleSection\":[\"Comunicati stampa\"],\"inLanguage\":\"it-IT\",\"potentialAction\":[{\"@type\":\"CommentAction\",\"name\":\"Comment\",\"target\":[\"https:\/\/www.article-marketing.eu\/comunicati\/comunicati-stampa\/nuova-ipotesi-sullorigine-della-materia-vivente\/#respond\"]}]},{\"@type\":\"WebPage\",\"@id\":\"https:\/\/www.article-marketing.eu\/comunicati\/comunicati-stampa\/nuova-ipotesi-sullorigine-della-materia-vivente\/\",\"url\":\"https:\/\/www.article-marketing.eu\/comunicati\/comunicati-stampa\/nuova-ipotesi-sullorigine-della-materia-vivente\/\",\"name\":\"Nuova ipotesi sull'origine della materia vivente - Article Marketing\",\"isPartOf\":{\"@id\":\"https:\/\/www.article-marketing.eu\/comunicati\/#website\"},\"primaryImageOfPage\":{\"@id\":\"https:\/\/www.article-marketing.eu\/comunicati\/comunicati-stampa\/nuova-ipotesi-sullorigine-della-materia-vivente\/#primaryimage\"},\"image\":{\"@id\":\"https:\/\/www.article-marketing.eu\/comunicati\/comunicati-stampa\/nuova-ipotesi-sullorigine-della-materia-vivente\/#primaryimage\"},\"thumbnailUrl\":\"http:\/\/www.lulu.com\/items\/volume_62\/2017000\/2017272\/1\/preview\/promo_2017272.jpg\",\"datePublished\":\"2008-11-29T13:11:24+00:00\",\"author\":{\"@id\":\"https:\/\/www.article-marketing.eu\/comunicati\/#\/schema\/person\/44372e4d4d0fa797b18e03ed1ace9017\"},\"breadcrumb\":{\"@id\":\"https:\/\/www.article-marketing.eu\/comunicati\/comunicati-stampa\/nuova-ipotesi-sullorigine-della-materia-vivente\/#breadcrumb\"},\"inLanguage\":\"it-IT\",\"potentialAction\":[{\"@type\":\"ReadAction\",\"target\":[\"https:\/\/www.article-marketing.eu\/comunicati\/comunicati-stampa\/nuova-ipotesi-sullorigine-della-materia-vivente\/\"]}]},{\"@type\":\"ImageObject\",\"inLanguage\":\"it-IT\",\"@id\":\"https:\/\/www.article-marketing.eu\/comunicati\/comunicati-stampa\/nuova-ipotesi-sullorigine-della-materia-vivente\/#primaryimage\",\"url\":\"http:\/\/www.lulu.com\/items\/volume_62\/2017000\/2017272\/1\/preview\/promo_2017272.jpg\",\"contentUrl\":\"http:\/\/www.lulu.com\/items\/volume_62\/2017000\/2017272\/1\/preview\/promo_2017272.jpg\"},{\"@type\":\"BreadcrumbList\",\"@id\":\"https:\/\/www.article-marketing.eu\/comunicati\/comunicati-stampa\/nuova-ipotesi-sullorigine-della-materia-vivente\/#breadcrumb\",\"itemListElement\":[{\"@type\":\"ListItem\",\"position\":1,\"name\":\"Home\",\"item\":\"https:\/\/www.article-marketing.eu\/comunicati\/\"},{\"@type\":\"ListItem\",\"position\":2,\"name\":\"Nuova ipotesi sull&#8217;origine della materia vivente\"}]},{\"@type\":\"WebSite\",\"@id\":\"https:\/\/www.article-marketing.eu\/comunicati\/#website\",\"url\":\"https:\/\/www.article-marketing.eu\/comunicati\/\",\"name\":\"Article Marketing\",\"description\":\"article marketing &amp; press release\",\"potentialAction\":[{\"@type\":\"SearchAction\",\"target\":{\"@type\":\"EntryPoint\",\"urlTemplate\":\"https:\/\/www.article-marketing.eu\/comunicati\/?s={search_term_string}\"},\"query-input\":{\"@type\":\"PropertyValueSpecification\",\"valueRequired\":true,\"valueName\":\"search_term_string\"}}],\"inLanguage\":\"it-IT\"},{\"@type\":\"Person\",\"@id\":\"https:\/\/www.article-marketing.eu\/comunicati\/#\/schema\/person\/44372e4d4d0fa797b18e03ed1ace9017\",\"name\":\"Redazione Comunicati Stampa\",\"image\":{\"@type\":\"ImageObject\",\"inLanguage\":\"it-IT\",\"@id\":\"https:\/\/www.article-marketing.eu\/comunicati\/#\/schema\/person\/image\/\",\"url\":\"https:\/\/secure.gravatar.com\/avatar\/50e5c6421d3072f42e7ace803501602c60d75233d34e29fd05feb91c8760b792?s=96&d=mm&r=g\",\"contentUrl\":\"https:\/\/secure.gravatar.com\/avatar\/50e5c6421d3072f42e7ace803501602c60d75233d34e29fd05feb91c8760b792?s=96&d=mm&r=g\",\"caption\":\"Redazione Comunicati Stampa\"},\"url\":\"https:\/\/www.article-marketing.eu\/comunicati\/author\/redazione-comunicati-stampa\/\"}]}<\/script>\n<!-- \/ Yoast SEO plugin. -->","yoast_head_json":{"title":"Nuova ipotesi sull'origine della materia vivente - Article Marketing","robots":{"index":"index","follow":"follow","max-snippet":"max-snippet:-1","max-image-preview":"max-image-preview:large","max-video-preview":"max-video-preview:-1"},"canonical":"https:\/\/www.article-marketing.eu\/comunicati\/comunicati-stampa\/nuova-ipotesi-sullorigine-della-materia-vivente\/","og_locale":"it_IT","og_type":"article","og_title":"Nuova ipotesi sull'origine della materia vivente - Article Marketing","og_description":"Una nuova ipotesi che rivoluziona l'approccio ai fenomeni vitali e modifica il nostro modo di rapportarci alla vita.","og_url":"https:\/\/www.article-marketing.eu\/comunicati\/comunicati-stampa\/nuova-ipotesi-sullorigine-della-materia-vivente\/","og_site_name":"Article Marketing","article_published_time":"2008-11-29T13:11:24+00:00","og_image":[{"url":"http:\/\/www.lulu.com\/items\/volume_62\/2017000\/2017272\/1\/preview\/promo_2017272.jpg","type":"","width":"","height":""}],"author":"Redazione Comunicati Stampa","twitter_card":"summary_large_image","twitter_misc":{"Scritto da":"Redazione Comunicati Stampa","Tempo di lettura stimato":"2 minuti"},"schema":{"@context":"https:\/\/schema.org","@graph":[{"@type":"Article","@id":"https:\/\/www.article-marketing.eu\/comunicati\/comunicati-stampa\/nuova-ipotesi-sullorigine-della-materia-vivente\/#article","isPartOf":{"@id":"https:\/\/www.article-marketing.eu\/comunicati\/comunicati-stampa\/nuova-ipotesi-sullorigine-della-materia-vivente\/"},"author":{"name":"Redazione Comunicati Stampa","@id":"https:\/\/www.article-marketing.eu\/comunicati\/#\/schema\/person\/44372e4d4d0fa797b18e03ed1ace9017"},"headline":"Nuova ipotesi sull&#8217;origine della materia vivente","datePublished":"2008-11-29T13:11:24+00:00","mainEntityOfPage":{"@id":"https:\/\/www.article-marketing.eu\/comunicati\/comunicati-stampa\/nuova-ipotesi-sullorigine-della-materia-vivente\/"},"wordCount":362,"commentCount":0,"image":{"@id":"https:\/\/www.article-marketing.eu\/comunicati\/comunicati-stampa\/nuova-ipotesi-sullorigine-della-materia-vivente\/#primaryimage"},"thumbnailUrl":"http:\/\/www.lulu.com\/items\/volume_62\/2017000\/2017272\/1\/preview\/promo_2017272.jpg","keywords":["biogenesi","biologia","biologia teorica","evoluzione","origine della vita"],"articleSection":["Comunicati stampa"],"inLanguage":"it-IT","potentialAction":[{"@type":"CommentAction","name":"Comment","target":["https:\/\/www.article-marketing.eu\/comunicati\/comunicati-stampa\/nuova-ipotesi-sullorigine-della-materia-vivente\/#respond"]}]},{"@type":"WebPage","@id":"https:\/\/www.article-marketing.eu\/comunicati\/comunicati-stampa\/nuova-ipotesi-sullorigine-della-materia-vivente\/","url":"https:\/\/www.article-marketing.eu\/comunicati\/comunicati-stampa\/nuova-ipotesi-sullorigine-della-materia-vivente\/","name":"Nuova ipotesi sull'origine della materia vivente - Article Marketing","isPartOf":{"@id":"https:\/\/www.article-marketing.eu\/comunicati\/#website"},"primaryImageOfPage":{"@id":"https:\/\/www.article-marketing.eu\/comunicati\/comunicati-stampa\/nuova-ipotesi-sullorigine-della-materia-vivente\/#primaryimage"},"image":{"@id":"https:\/\/www.article-marketing.eu\/comunicati\/comunicati-stampa\/nuova-ipotesi-sullorigine-della-materia-vivente\/#primaryimage"},"thumbnailUrl":"http:\/\/www.lulu.com\/items\/volume_62\/2017000\/2017272\/1\/preview\/promo_2017272.jpg","datePublished":"2008-11-29T13:11:24+00:00","author":{"@id":"https:\/\/www.article-marketing.eu\/comunicati\/#\/schema\/person\/44372e4d4d0fa797b18e03ed1ace9017"},"breadcrumb":{"@id":"https:\/\/www.article-marketing.eu\/comunicati\/comunicati-stampa\/nuova-ipotesi-sullorigine-della-materia-vivente\/#breadcrumb"},"inLanguage":"it-IT","potentialAction":[{"@type":"ReadAction","target":["https:\/\/www.article-marketing.eu\/comunicati\/comunicati-stampa\/nuova-ipotesi-sullorigine-della-materia-vivente\/"]}]},{"@type":"ImageObject","inLanguage":"it-IT","@id":"https:\/\/www.article-marketing.eu\/comunicati\/comunicati-stampa\/nuova-ipotesi-sullorigine-della-materia-vivente\/#primaryimage","url":"http:\/\/www.lulu.com\/items\/volume_62\/2017000\/2017272\/1\/preview\/promo_2017272.jpg","contentUrl":"http:\/\/www.lulu.com\/items\/volume_62\/2017000\/2017272\/1\/preview\/promo_2017272.jpg"},{"@type":"BreadcrumbList","@id":"https:\/\/www.article-marketing.eu\/comunicati\/comunicati-stampa\/nuova-ipotesi-sullorigine-della-materia-vivente\/#breadcrumb","itemListElement":[{"@type":"ListItem","position":1,"name":"Home","item":"https:\/\/www.article-marketing.eu\/comunicati\/"},{"@type":"ListItem","position":2,"name":"Nuova ipotesi sull&#8217;origine della materia vivente"}]},{"@type":"WebSite","@id":"https:\/\/www.article-marketing.eu\/comunicati\/#website","url":"https:\/\/www.article-marketing.eu\/comunicati\/","name":"Article Marketing","description":"article marketing &amp; press release","potentialAction":[{"@type":"SearchAction","target":{"@type":"EntryPoint","urlTemplate":"https:\/\/www.article-marketing.eu\/comunicati\/?s={search_term_string}"},"query-input":{"@type":"PropertyValueSpecification","valueRequired":true,"valueName":"search_term_string"}}],"inLanguage":"it-IT"},{"@type":"Person","@id":"https:\/\/www.article-marketing.eu\/comunicati\/#\/schema\/person\/44372e4d4d0fa797b18e03ed1ace9017","name":"Redazione Comunicati Stampa","image":{"@type":"ImageObject","inLanguage":"it-IT","@id":"https:\/\/www.article-marketing.eu\/comunicati\/#\/schema\/person\/image\/","url":"https:\/\/secure.gravatar.com\/avatar\/50e5c6421d3072f42e7ace803501602c60d75233d34e29fd05feb91c8760b792?s=96&d=mm&r=g","contentUrl":"https:\/\/secure.gravatar.com\/avatar\/50e5c6421d3072f42e7ace803501602c60d75233d34e29fd05feb91c8760b792?s=96&d=mm&r=g","caption":"Redazione Comunicati Stampa"},"url":"https:\/\/www.article-marketing.eu\/comunicati\/author\/redazione-comunicati-stampa\/"}]}},"_links":{"self":[{"href":"https:\/\/www.article-marketing.eu\/comunicati\/wp-json\/wp\/v2\/posts\/764","targetHints":{"allow":["GET"]}}],"collection":[{"href":"https:\/\/www.article-marketing.eu\/comunicati\/wp-json\/wp\/v2\/posts"}],"about":[{"href":"https:\/\/www.article-marketing.eu\/comunicati\/wp-json\/wp\/v2\/types\/post"}],"author":[{"embeddable":true,"href":"https:\/\/www.article-marketing.eu\/comunicati\/wp-json\/wp\/v2\/users\/10"}],"replies":[{"embeddable":true,"href":"https:\/\/www.article-marketing.eu\/comunicati\/wp-json\/wp\/v2\/comments?post=764"}],"version-history":[{"count":0,"href":"https:\/\/www.article-marketing.eu\/comunicati\/wp-json\/wp\/v2\/posts\/764\/revisions"}],"wp:attachment":[{"href":"https:\/\/www.article-marketing.eu\/comunicati\/wp-json\/wp\/v2\/media?parent=764"}],"wp:term":[{"taxonomy":"category","embeddable":true,"href":"https:\/\/www.article-marketing.eu\/comunicati\/wp-json\/wp\/v2\/categories?post=764"},{"taxonomy":"post_tag","embeddable":true,"href":"https:\/\/www.article-marketing.eu\/comunicati\/wp-json\/wp\/v2\/tags?post=764"}],"curies":[{"name":"wp","href":"https:\/\/api.w.org\/{rel}","templated":true}]}}