{"id":7715,"date":"2010-09-27T23:19:50","date_gmt":"2010-09-27T21:19:50","guid":{"rendered":"http:\/\/www.article-marketing.eu\/comunicati\/senza-categoria\/soriano-tra-storia-e-leggenda-43%252525252525252525255e-sagra-delle-castagne-soriano-nel-cimino-viterbo\/"},"modified":"2018-07-10T03:49:26","modified_gmt":"2018-07-10T01:49:26","slug":"soriano-tra-storia-e-leggenda-43%252525252525252525255e-sagra-delle-castagne-soriano-nel-cimino-viterbo","status":"publish","type":"post","link":"https:\/\/www.article-marketing.eu\/comunicati\/comunicati-stampa\/eventi\/soriano-tra-storia-e-leggenda-43%252525252525252525255e-sagra-delle-castagne-soriano-nel-cimino-viterbo\/","title":{"rendered":"Soriano tra Storia e leggenda, 43^ Sagra delle Castagne &#8211; Soriano nel Cimino (Viterbo)"},"content":{"rendered":"<p><strong>Soriano nel Cimino<\/strong> anche quest&#8217;anno propone giornate intense nel calendario della <strong>Sagra della Castagna<\/strong>, per il primo, il secondo e il terzo weekend di <strong>ottobr<\/strong>e. La rinomata manifestazione elogia il frutto per eccellenza dei Monti Cimini, la castagna, e festeggiamenti in suo onore si tengono durante l&#8217;autunno per tutta la Tuscia. <br \/>In particolare la Sagra delle Castagne di Soriano &egrave; molto ricca perch&eacute;, accanto alla possibilit&agrave; di degustare le caldarroste in piazza, i prodotti tipici realizzati con le castagne, come dolci, marmellate e salse, il calendario prevede la rievocazione di fatti storici che visse la cittadina nel Medioevo e nel Rinascimento. Per cui le strade e le piazze, allestite secondo antiche tradizioni, ospitano il grande <strong>corteo storico<\/strong> con oltre 500 figuranti in costumi medievali e rinascimentali, oltre alla sfilata di cavalieri e spadaccini e sbandieratori. In piazza si svolgono le <strong>sfide dei cavalieri<\/strong>, le investiture, le esibizioni degli armigeri. L&#8217;appuntamento pi&ugrave; atteso &egrave; la conquista del <strong>Palio delle Contrade &#8211;<\/strong> Papacqua, Rocca, Trinit&agrave; e San Giorgio &#8211; con la Prova degli Arcieri e quella dei Cavalieri nella giostra. I visitatori sono migliaia e il paese, ai piedi del Castello Orsini, si anima di eventi. <br \/>E&#8217; possibile, durante le giornate di festa, fermarsi a degustare ricette medievali e rinascimentali presso le taverne allestite per l&#8217;occasione nelle quattro contrade del paese, curiosare nel mercatino medievale e nella mostra dell&#8217;antiquariato, artigianato, collezionismo e modernariato, visitare il bel castello Orsini che ospita per l&#8217;occasione la manifestazione il &ldquo;castello dei Sapori&rdquo; con degustazione dei prodotti tipici della Tuscia e ingresso gratuito.<br \/>Ogni giornata si conclude in tarda serata con lo spettacolo finale o l&#8217;esibizione di musici.<br \/>La sagra delle Castagne di Soriano offre l&#8217;occasione per godere dei colori e dei sapori autunnali del bel territorio della Tuscia, tra rievocazioni, degustazioni, eventi e delizie.<br \/><strong style=\"mso-bidi-font-weight: normal;\"> <\/strong><br \/>Sagra delle Castagne &ndash; Soriano nel Cimino: dal 30 settembre al 17 Ottobre<\/p>\n<p>Per maggiori informazioni consulta la scheda su www.folclore.eu<\/p>\n<p>Di seguito il programma: Gioved&igrave; 30 Settembre 2010<\/p>\n<ul>\n<li>Ore 17,00 &#8230;et che millanta fochi enalluminino la noete&#8230;e che inizi la Festa<\/li>\n<li><strong>Ore 20,00 CONVIVIUM SECRETUM (&euro;)<\/strong><br \/>Degustazione itinerante di ricette medioevali e rinascimentali presso le taverne dei quattro Rioni: un percorso eno-gastronomico tra i sapori dei tempi antichi (con prenotazione obbligatoria presso la Pro-Loco)<\/li>\n<\/ul>\n<p>Venerd&igrave; 1 Ottobre 2010<\/p>\n<ul>\n<li>Ore 19,00 Benedizione dei Cavalieri e degli Arcieri delle quattro Contrade (Papacqua, Rocca, S.Giorgio, Trinit&agrave;)<\/li>\n<li>Ore 20,00 Apertura delle tipiche Taverne rionali<\/li>\n<li>Ore 21,30 Esibizione del Gruppo Storico Sbandieratori e Musici della Nobile Contrada Trinit&agrave;<\/li>\n<\/ul>\n<p>Sabato 2 Ottobre 2010<\/p>\n<ul>\n<li>Ore 12,30 Apertura delle tipiche Taverne rionali<\/li>\n<li>Ore 17,00 Esibizione &#8221; De volo de li falchi de Messer G. Barone&#8221; con i Musici del Rione S. Giorgio<\/li>\n<li>Ore 18,00 Conferenza &#8220;In vetta alla Tuscia prima degli Etruschi &#8211; Le testimonianze archeologiche del Monte Cimino&#8221;<\/li>\n<li>Org. Amm.ne Comunale di Soriano nel Cimino, Universit&agrave; di Roma &#8220;La Sapienza&#8221;, Soprintendenza per i Beni Archeologici<br \/>dell&#8217;Etruria Meridionale (Sala Consiliare del Comune &#8211; Piazza Umberto I)<\/li>\n<li>Ore 19,30 Apertura delle tipiche Taverne rionali<\/li>\n<li>Ore 21,30 CONSORTIUM MUSICORUM &ndash; Esibizione dei Musici delle quattro Contrade<\/li>\n<\/ul>\n<p>Domenica 3 Ottobre 2010<\/p>\n<ul>\n<li>Ore 8,00 Fiera e Mostra Mercato di Antiquariato, Collezionismo e Modernariato<\/li>\n<li>Ore 10,00 Esibizione dei mini Spadaccini e dei Giovani Sbandieratori<\/li>\n<li>Ore 12,00 Lettura del BANDO DI SFIDA (nelle quattro Contrade )<\/li>\n<li>Ore 12,30 Apertura delle tipiche Taverne rionali<\/li>\n<li><strong>Ore 15,00 Disputa del Palio dei Rioni (&euro;)<\/strong> (presso il Campo Giannotti) ed a seguire proclamazione del vincitore (Piazza Vittorio Emanuele II)<\/li>\n<li>Ore 19,30 Apertura delle tipiche Taverne rionali<\/li>\n<li>Ore 21,30 Esibizione del Gruppo Storico Spadaccini del Rione Rocca<\/li>\n<\/ul>\n<p>Secondo Week-End di Ottobre Mercoled&igrave; 6 Ottobre 2010<\/p>\n<ul>\n<li>Ore 20,00 Cena di beneficenza presso la Taverna della Vecchietta (Rione Trinit&agrave;) &#8211; organizzata dalla locale Sezione Croce Rossa Italiana<\/li>\n<\/ul>\n<p>Gioved&igrave; 7 Ottobre 2010<\/p>\n<ul>\n<li>Ore 19,30 Apertura delle tipiche Taverne rionali<\/li>\n<\/ul>\n<p>Venerd&igrave; 8 Ottobre 2010<\/p>\n<ul>\n<li>Ore 19,30 Apertura delle tipiche Taverne rionali<\/li>\n<li>Ore 21,30 &ldquo;San Giorgio che uccise la bestia&rdquo; &ndash; Manifestazione a cura del Rione San Giorgio<\/li>\n<li>Ore 22,30 &ldquo;La Corte e la Stregoneria&rdquo; &#8211; Manifestazione a cura del Rione Papacqua<\/li>\n<\/ul>\n<p>Sabato 9 Ottobre 2010<\/p>\n<ul>\n<li>Ore 10,30 IV Mostra Concorso &ldquo;La Castagna dei Monti Cimini&rdquo; riservata agli alunni delle Scuole Materne, Elementari e Medie (presso il Castello Orsini)<\/li>\n<li>Ore 12,30 Apertura delle tipiche Taverne rionali<\/li>\n<li><strong>Ore 15.00 Giochi Popolari (&euro;)<\/strong> &#8211; Manifestazione a cura Ente Sagra<\/li>\n<li>Ore 15,30 Mercatino Medioevale, a cura della Nobile contrada Trinit&agrave; (Chiostro di S. Agostino &#8211; Piazza Umberto I)<\/li>\n<li>Ore 15,30 Mostra Mercato di Antiquariato, Artigianale, Collezionismo e Modernariato (nel Centro storico)<\/li>\n<li>Ore 19,30 Apertura delle tipiche Taverne rionali<\/li>\n<li><strong>Ore 21.30 Rievocazione storica (&euro;)<\/strong>: &ldquo;Soriano tra Storia e Leggenda &#8211; 7 novembre 1489&rdquo;<\/li>\n<\/ul>\n<p>Domenica 10 Ottobre 2010<\/p>\n<ul>\n<li>Ore 8,00 Fiera e Mostra Mercato di Antiquariato, Collezionismo e Modernariato<\/li>\n<li>Ore 09,00 Mercatino Medioevale (a cura della Nobile Contrada Trinit&agrave; &#8211; Chiostro di S. Agostino &#8211; Piazza Umberto I)<\/li>\n<li>Ore 10,30 Conferimento Premio Nazionale &ldquo;Vojola d&#8217;oro&rdquo; (Chiostro di S. Agostino &#8211; Piazza Umberto I)<\/li>\n<li>Ore 12,30 Apertura delle tipiche Taverne rionali<\/li>\n<li><strong>Ore 15.00 Corteo Storico &ldquo;Soriano e i suoi Rioni&rdquo; (&euro;)<\/strong><\/li>\n<li>Ore 19,30 Apertura delle tipiche Taverne rionali<\/li>\n<\/ul>\n","protected":false},"excerpt":{"rendered":"<p>La Sagra delle Castagne di Soriano \u00e8 molto ricca perch\u00e9, accanto alla possibilit\u00e0 di degustare le caldarroste in piazza, i prodotti tipici realizzati con le castagne, come dolci, marmellate e salse, il calendario prevede la rievocazione di fatti storici che visse la cittadina nel Medioevo e nel Rinascimento.<\/p>\n","protected":false},"author":10,"featured_media":0,"comment_status":"open","ping_status":"open","sticky":false,"template":"","format":"standard","meta":{"cybocfi_hide_featured_image":"","footnotes":""},"categories":[388],"tags":[9462,17928,17926,6521,17927,666,14014],"class_list":["post-7715","post","type-post","status-publish","format-standard","hentry","category-eventi","tag-castagne","tag-folclore-eu","tag-marroni","tag-sagra","tag-soriano-nel-cimino","tag-tuscia","tag-viterbo"],"yoast_head":"<!-- This site is optimized with the Yoast SEO plugin v27.0 - https:\/\/yoast.com\/product\/yoast-seo-wordpress\/ -->\n<title>Soriano tra Storia e leggenda, 43^ Sagra delle Castagne - Soriano nel Cimino (Viterbo) - Article Marketing<\/title>\n<meta name=\"robots\" content=\"index, follow, max-snippet:-1, max-image-preview:large, max-video-preview:-1\" \/>\n<link rel=\"canonical\" href=\"https:\/\/www.article-marketing.eu\/comunicati\/comunicati-stampa\/eventi\/soriano-tra-storia-e-leggenda-43%2525252525252525255e-sagra-delle-castagne-soriano-nel-cimino-viterbo\/\" \/>\n<meta property=\"og:locale\" content=\"it_IT\" \/>\n<meta property=\"og:type\" content=\"article\" \/>\n<meta property=\"og:title\" content=\"Soriano tra Storia e leggenda, 43^ Sagra delle Castagne - Soriano nel Cimino (Viterbo) - Article Marketing\" \/>\n<meta property=\"og:description\" content=\"La Sagra delle Castagne di Soriano \u00e8 molto ricca perch\u00e9, accanto alla possibilit\u00e0 di degustare le caldarroste in piazza, i prodotti tipici realizzati con le castagne, come dolci, marmellate e salse, il calendario prevede la rievocazione di fatti storici che visse la cittadina nel Medioevo e nel Rinascimento.\" \/>\n<meta property=\"og:url\" content=\"https:\/\/www.article-marketing.eu\/comunicati\/comunicati-stampa\/eventi\/soriano-tra-storia-e-leggenda-43%2525252525252525255e-sagra-delle-castagne-soriano-nel-cimino-viterbo\/\" \/>\n<meta property=\"og:site_name\" content=\"Article Marketing\" \/>\n<meta property=\"article:published_time\" content=\"2010-09-27T21:19:50+00:00\" \/>\n<meta property=\"article:modified_time\" content=\"2018-07-10T01:49:26+00:00\" \/>\n<meta name=\"author\" content=\"Redazione Comunicati Stampa\" \/>\n<meta name=\"twitter:card\" content=\"summary_large_image\" \/>\n<meta name=\"twitter:label1\" content=\"Scritto da\" \/>\n\t<meta name=\"twitter:data1\" content=\"Redazione Comunicati Stampa\" \/>\n\t<meta name=\"twitter:label2\" content=\"Tempo di lettura stimato\" \/>\n\t<meta name=\"twitter:data2\" content=\"4 minuti\" \/>\n<script type=\"application\/ld+json\" class=\"yoast-schema-graph\">{\"@context\":\"https:\/\/schema.org\",\"@graph\":[{\"@type\":\"Article\",\"@id\":\"https:\/\/www.article-marketing.eu\/comunicati\/comunicati-stampa\/eventi\/soriano-tra-storia-e-leggenda-43%252525252525252525255e-sagra-delle-castagne-soriano-nel-cimino-viterbo\/#article\",\"isPartOf\":{\"@id\":\"https:\/\/www.article-marketing.eu\/comunicati\/comunicati-stampa\/eventi\/soriano-tra-storia-e-leggenda-43%252525252525252525255e-sagra-delle-castagne-soriano-nel-cimino-viterbo\/\"},\"author\":{\"name\":\"Redazione Comunicati Stampa\",\"@id\":\"https:\/\/www.article-marketing.eu\/comunicati\/#\/schema\/person\/44372e4d4d0fa797b18e03ed1ace9017\"},\"headline\":\"Soriano tra Storia e leggenda, 43^ Sagra delle Castagne &#8211; Soriano nel Cimino (Viterbo)\",\"datePublished\":\"2010-09-27T21:19:50+00:00\",\"dateModified\":\"2018-07-10T01:49:26+00:00\",\"mainEntityOfPage\":{\"@id\":\"https:\/\/www.article-marketing.eu\/comunicati\/comunicati-stampa\/eventi\/soriano-tra-storia-e-leggenda-43%252525252525252525255e-sagra-delle-castagne-soriano-nel-cimino-viterbo\/\"},\"wordCount\":823,\"commentCount\":0,\"keywords\":[\"castagne\",\"folclore.eu\",\"marroni\",\"sagra\",\"soriano nel cimino\",\"tuscia\",\"viterbo\"],\"articleSection\":[\"Eventi\"],\"inLanguage\":\"it-IT\",\"potentialAction\":[{\"@type\":\"CommentAction\",\"name\":\"Comment\",\"target\":[\"https:\/\/www.article-marketing.eu\/comunicati\/comunicati-stampa\/eventi\/soriano-tra-storia-e-leggenda-43%252525252525252525255e-sagra-delle-castagne-soriano-nel-cimino-viterbo\/#respond\"]}]},{\"@type\":\"WebPage\",\"@id\":\"https:\/\/www.article-marketing.eu\/comunicati\/comunicati-stampa\/eventi\/soriano-tra-storia-e-leggenda-43%252525252525252525255e-sagra-delle-castagne-soriano-nel-cimino-viterbo\/\",\"url\":\"https:\/\/www.article-marketing.eu\/comunicati\/comunicati-stampa\/eventi\/soriano-tra-storia-e-leggenda-43%252525252525252525255e-sagra-delle-castagne-soriano-nel-cimino-viterbo\/\",\"name\":\"Soriano tra Storia e leggenda, 43^ Sagra delle Castagne - Soriano nel Cimino (Viterbo) - Article Marketing\",\"isPartOf\":{\"@id\":\"https:\/\/www.article-marketing.eu\/comunicati\/#website\"},\"datePublished\":\"2010-09-27T21:19:50+00:00\",\"dateModified\":\"2018-07-10T01:49:26+00:00\",\"author\":{\"@id\":\"https:\/\/www.article-marketing.eu\/comunicati\/#\/schema\/person\/44372e4d4d0fa797b18e03ed1ace9017\"},\"breadcrumb\":{\"@id\":\"https:\/\/www.article-marketing.eu\/comunicati\/comunicati-stampa\/eventi\/soriano-tra-storia-e-leggenda-43%252525252525252525255e-sagra-delle-castagne-soriano-nel-cimino-viterbo\/#breadcrumb\"},\"inLanguage\":\"it-IT\",\"potentialAction\":[{\"@type\":\"ReadAction\",\"target\":[\"https:\/\/www.article-marketing.eu\/comunicati\/comunicati-stampa\/eventi\/soriano-tra-storia-e-leggenda-43%252525252525252525255e-sagra-delle-castagne-soriano-nel-cimino-viterbo\/\"]}]},{\"@type\":\"BreadcrumbList\",\"@id\":\"https:\/\/www.article-marketing.eu\/comunicati\/comunicati-stampa\/eventi\/soriano-tra-storia-e-leggenda-43%252525252525252525255e-sagra-delle-castagne-soriano-nel-cimino-viterbo\/#breadcrumb\",\"itemListElement\":[{\"@type\":\"ListItem\",\"position\":1,\"name\":\"Home\",\"item\":\"https:\/\/www.article-marketing.eu\/comunicati\/\"},{\"@type\":\"ListItem\",\"position\":2,\"name\":\"Soriano tra Storia e leggenda, 43^ Sagra delle Castagne &#8211; Soriano nel Cimino (Viterbo)\"}]},{\"@type\":\"WebSite\",\"@id\":\"https:\/\/www.article-marketing.eu\/comunicati\/#website\",\"url\":\"https:\/\/www.article-marketing.eu\/comunicati\/\",\"name\":\"Article Marketing\",\"description\":\"article marketing &amp; press release\",\"potentialAction\":[{\"@type\":\"SearchAction\",\"target\":{\"@type\":\"EntryPoint\",\"urlTemplate\":\"https:\/\/www.article-marketing.eu\/comunicati\/?s={search_term_string}\"},\"query-input\":{\"@type\":\"PropertyValueSpecification\",\"valueRequired\":true,\"valueName\":\"search_term_string\"}}],\"inLanguage\":\"it-IT\"},{\"@type\":\"Person\",\"@id\":\"https:\/\/www.article-marketing.eu\/comunicati\/#\/schema\/person\/44372e4d4d0fa797b18e03ed1ace9017\",\"name\":\"Redazione Comunicati Stampa\",\"image\":{\"@type\":\"ImageObject\",\"inLanguage\":\"it-IT\",\"@id\":\"https:\/\/www.article-marketing.eu\/comunicati\/#\/schema\/person\/image\/\",\"url\":\"https:\/\/secure.gravatar.com\/avatar\/50e5c6421d3072f42e7ace803501602c60d75233d34e29fd05feb91c8760b792?s=96&d=mm&r=g\",\"contentUrl\":\"https:\/\/secure.gravatar.com\/avatar\/50e5c6421d3072f42e7ace803501602c60d75233d34e29fd05feb91c8760b792?s=96&d=mm&r=g\",\"caption\":\"Redazione Comunicati Stampa\"},\"url\":\"https:\/\/www.article-marketing.eu\/comunicati\/author\/redazione-comunicati-stampa\/\"}]}<\/script>\n<!-- \/ Yoast SEO plugin. -->","yoast_head_json":{"title":"Soriano tra Storia e leggenda, 43^ Sagra delle Castagne - Soriano nel Cimino (Viterbo) - Article Marketing","robots":{"index":"index","follow":"follow","max-snippet":"max-snippet:-1","max-image-preview":"max-image-preview:large","max-video-preview":"max-video-preview:-1"},"canonical":"https:\/\/www.article-marketing.eu\/comunicati\/comunicati-stampa\/eventi\/soriano-tra-storia-e-leggenda-43%2525252525252525255e-sagra-delle-castagne-soriano-nel-cimino-viterbo\/","og_locale":"it_IT","og_type":"article","og_title":"Soriano tra Storia e leggenda, 43^ Sagra delle Castagne - Soriano nel Cimino (Viterbo) - Article Marketing","og_description":"La Sagra delle Castagne di Soriano \u00e8 molto ricca perch\u00e9, accanto alla possibilit\u00e0 di degustare le caldarroste in piazza, i prodotti tipici realizzati con le castagne, come dolci, marmellate e salse, il calendario prevede la rievocazione di fatti storici che visse la cittadina nel Medioevo e nel Rinascimento.","og_url":"https:\/\/www.article-marketing.eu\/comunicati\/comunicati-stampa\/eventi\/soriano-tra-storia-e-leggenda-43%2525252525252525255e-sagra-delle-castagne-soriano-nel-cimino-viterbo\/","og_site_name":"Article Marketing","article_published_time":"2010-09-27T21:19:50+00:00","article_modified_time":"2018-07-10T01:49:26+00:00","author":"Redazione Comunicati Stampa","twitter_card":"summary_large_image","twitter_misc":{"Scritto da":"Redazione Comunicati Stampa","Tempo di lettura stimato":"4 minuti"},"schema":{"@context":"https:\/\/schema.org","@graph":[{"@type":"Article","@id":"https:\/\/www.article-marketing.eu\/comunicati\/comunicati-stampa\/eventi\/soriano-tra-storia-e-leggenda-43%252525252525252525255e-sagra-delle-castagne-soriano-nel-cimino-viterbo\/#article","isPartOf":{"@id":"https:\/\/www.article-marketing.eu\/comunicati\/comunicati-stampa\/eventi\/soriano-tra-storia-e-leggenda-43%252525252525252525255e-sagra-delle-castagne-soriano-nel-cimino-viterbo\/"},"author":{"name":"Redazione Comunicati Stampa","@id":"https:\/\/www.article-marketing.eu\/comunicati\/#\/schema\/person\/44372e4d4d0fa797b18e03ed1ace9017"},"headline":"Soriano tra Storia e leggenda, 43^ Sagra delle Castagne &#8211; Soriano nel Cimino (Viterbo)","datePublished":"2010-09-27T21:19:50+00:00","dateModified":"2018-07-10T01:49:26+00:00","mainEntityOfPage":{"@id":"https:\/\/www.article-marketing.eu\/comunicati\/comunicati-stampa\/eventi\/soriano-tra-storia-e-leggenda-43%252525252525252525255e-sagra-delle-castagne-soriano-nel-cimino-viterbo\/"},"wordCount":823,"commentCount":0,"keywords":["castagne","folclore.eu","marroni","sagra","soriano nel cimino","tuscia","viterbo"],"articleSection":["Eventi"],"inLanguage":"it-IT","potentialAction":[{"@type":"CommentAction","name":"Comment","target":["https:\/\/www.article-marketing.eu\/comunicati\/comunicati-stampa\/eventi\/soriano-tra-storia-e-leggenda-43%252525252525252525255e-sagra-delle-castagne-soriano-nel-cimino-viterbo\/#respond"]}]},{"@type":"WebPage","@id":"https:\/\/www.article-marketing.eu\/comunicati\/comunicati-stampa\/eventi\/soriano-tra-storia-e-leggenda-43%252525252525252525255e-sagra-delle-castagne-soriano-nel-cimino-viterbo\/","url":"https:\/\/www.article-marketing.eu\/comunicati\/comunicati-stampa\/eventi\/soriano-tra-storia-e-leggenda-43%252525252525252525255e-sagra-delle-castagne-soriano-nel-cimino-viterbo\/","name":"Soriano tra Storia e leggenda, 43^ Sagra delle Castagne - Soriano nel Cimino (Viterbo) - Article Marketing","isPartOf":{"@id":"https:\/\/www.article-marketing.eu\/comunicati\/#website"},"datePublished":"2010-09-27T21:19:50+00:00","dateModified":"2018-07-10T01:49:26+00:00","author":{"@id":"https:\/\/www.article-marketing.eu\/comunicati\/#\/schema\/person\/44372e4d4d0fa797b18e03ed1ace9017"},"breadcrumb":{"@id":"https:\/\/www.article-marketing.eu\/comunicati\/comunicati-stampa\/eventi\/soriano-tra-storia-e-leggenda-43%252525252525252525255e-sagra-delle-castagne-soriano-nel-cimino-viterbo\/#breadcrumb"},"inLanguage":"it-IT","potentialAction":[{"@type":"ReadAction","target":["https:\/\/www.article-marketing.eu\/comunicati\/comunicati-stampa\/eventi\/soriano-tra-storia-e-leggenda-43%252525252525252525255e-sagra-delle-castagne-soriano-nel-cimino-viterbo\/"]}]},{"@type":"BreadcrumbList","@id":"https:\/\/www.article-marketing.eu\/comunicati\/comunicati-stampa\/eventi\/soriano-tra-storia-e-leggenda-43%252525252525252525255e-sagra-delle-castagne-soriano-nel-cimino-viterbo\/#breadcrumb","itemListElement":[{"@type":"ListItem","position":1,"name":"Home","item":"https:\/\/www.article-marketing.eu\/comunicati\/"},{"@type":"ListItem","position":2,"name":"Soriano tra Storia e leggenda, 43^ Sagra delle Castagne &#8211; Soriano nel Cimino (Viterbo)"}]},{"@type":"WebSite","@id":"https:\/\/www.article-marketing.eu\/comunicati\/#website","url":"https:\/\/www.article-marketing.eu\/comunicati\/","name":"Article Marketing","description":"article marketing &amp; press release","potentialAction":[{"@type":"SearchAction","target":{"@type":"EntryPoint","urlTemplate":"https:\/\/www.article-marketing.eu\/comunicati\/?s={search_term_string}"},"query-input":{"@type":"PropertyValueSpecification","valueRequired":true,"valueName":"search_term_string"}}],"inLanguage":"it-IT"},{"@type":"Person","@id":"https:\/\/www.article-marketing.eu\/comunicati\/#\/schema\/person\/44372e4d4d0fa797b18e03ed1ace9017","name":"Redazione Comunicati Stampa","image":{"@type":"ImageObject","inLanguage":"it-IT","@id":"https:\/\/www.article-marketing.eu\/comunicati\/#\/schema\/person\/image\/","url":"https:\/\/secure.gravatar.com\/avatar\/50e5c6421d3072f42e7ace803501602c60d75233d34e29fd05feb91c8760b792?s=96&d=mm&r=g","contentUrl":"https:\/\/secure.gravatar.com\/avatar\/50e5c6421d3072f42e7ace803501602c60d75233d34e29fd05feb91c8760b792?s=96&d=mm&r=g","caption":"Redazione Comunicati Stampa"},"url":"https:\/\/www.article-marketing.eu\/comunicati\/author\/redazione-comunicati-stampa\/"}]}},"_links":{"self":[{"href":"https:\/\/www.article-marketing.eu\/comunicati\/wp-json\/wp\/v2\/posts\/7715","targetHints":{"allow":["GET"]}}],"collection":[{"href":"https:\/\/www.article-marketing.eu\/comunicati\/wp-json\/wp\/v2\/posts"}],"about":[{"href":"https:\/\/www.article-marketing.eu\/comunicati\/wp-json\/wp\/v2\/types\/post"}],"author":[{"embeddable":true,"href":"https:\/\/www.article-marketing.eu\/comunicati\/wp-json\/wp\/v2\/users\/10"}],"replies":[{"embeddable":true,"href":"https:\/\/www.article-marketing.eu\/comunicati\/wp-json\/wp\/v2\/comments?post=7715"}],"version-history":[{"count":1,"href":"https:\/\/www.article-marketing.eu\/comunicati\/wp-json\/wp\/v2\/posts\/7715\/revisions"}],"predecessor-version":[{"id":57281,"href":"https:\/\/www.article-marketing.eu\/comunicati\/wp-json\/wp\/v2\/posts\/7715\/revisions\/57281"}],"wp:attachment":[{"href":"https:\/\/www.article-marketing.eu\/comunicati\/wp-json\/wp\/v2\/media?parent=7715"}],"wp:term":[{"taxonomy":"category","embeddable":true,"href":"https:\/\/www.article-marketing.eu\/comunicati\/wp-json\/wp\/v2\/categories?post=7715"},{"taxonomy":"post_tag","embeddable":true,"href":"https:\/\/www.article-marketing.eu\/comunicati\/wp-json\/wp\/v2\/tags?post=7715"}],"curies":[{"name":"wp","href":"https:\/\/api.w.org\/{rel}","templated":true}]}}