{"id":778,"date":"2008-10-16T17:39:54","date_gmt":"2008-10-16T15:39:54","guid":{"rendered":"http:\/\/www.article-marketing.eu\/comunicati\/senza-categoria\/la-fiera-del-baratto-e-dellusato-di-napoli\/"},"modified":"2008-10-16T17:39:54","modified_gmt":"2008-10-16T15:39:54","slug":"la-fiera-del-baratto-e-dellusato-di-napoli","status":"publish","type":"post","link":"https:\/\/www.article-marketing.eu\/comunicati\/comunicati-stampa\/eventi\/la-fiera-del-baratto-e-dellusato-di-napoli\/","title":{"rendered":"La fiera del baratto e dell\u2019usato di Napoli"},"content":{"rendered":"<p>Un altro problema, pi\u00f9 che mai attuale, \u00e8 quello finanziario, che rischia di mettere in crisi piccoli e grandi risparmiatori.<br \/>\nUn piccolo passo verso la risoluzione di tali questioni, o perlomeno un segnale importante di presa di coscienza di tali problemi e una dimostrazione che le cose si possono e si devono cambiare, con il piccolo contributo di tutti e cominciando dalle piccole cose, \u00e8 dato dalla Fiera del Baratto e dell\u2019Usato, un evento itinerante organizzato dall\u2019associazione Bidonville e di cui Napoli (citt\u00e0 quanto mai segnata dal problema dei rifiuti) ospiter\u00e0 la 25\u00aa edizione il 29 e 30 novembre 2008, negli spazi della Fiera di Napoli, Mostra d\u2019Oltremare per la quale vi sono svariate <a href=\"http:\/\/it.flashbooking.com\/\">offerte alberghi<\/a> proposte dalle varie strutture turistiche.<\/p>\n<p>L\u2019associazione Bidonville opera seguendo la filosofia del riutilizzo, opposta a quella imperante del ricambio: mentre quest\u2019ultima propone l\u2019uso e il consumo momentaneo di oggetti, seguendo la tendenza a cambiare abiti in base al repentino cambiamento dei dettami della moda, e a comprare oggetti usa e getta, la cultura del riutilizzo cerca di ribaltare questo modo di pensare, cercando di far capire l\u2019importanza del rinnovo, e non del ricambio, della conservazione anzich\u00e9 del \u201cpassare ad altro\u201d, del riuso al posto del buttare via. Questa tendenza muove originariamente da una specifica scelta culturale, basata sull\u2019idea che le cose che durano solo per una stagione non possono avere lo stesso valore di quelle che sono destinate a durare, se non in eterno, perlomeno per un lungo lasso di tempo, ma visti i problemi che attanagliano la nostra societ\u00e0, tale scelta culturale diventa anche un dovere morale e civile che ogni cittadino dovrebbe avere: un riutilizzo massiccio avrebbe infatti come conseguenze positive un pi\u00f9 facile smaltimento dei rifiuti da un lato e un benefico effetto sul portafogli dall\u2019altro.<\/p>\n<p>Tale filosofia permea anche la fiera del baratto e dell\u2019usato, appuntamento che molti giovani non perdono soggiornando in ostelli giovent\u00f9 Napoli, si fanno  uno spazio espositivo di 28.000 mq che ospita circa 700 espositori e che ha gi\u00e0 attratto, nelle passate edizioni, pi\u00f9 di un milione di visitatori. Tra gli espositori che partecipano alla fiera ci sono varie aziende che hanno a cuore temi ambientali, e che propongono per esempio prodotti eco-compatibili o legati all\u2019idea del consumo etico, ma si trovano in abbondanza anche stand con oggetti da collezionismo, di antiquariato, modernariato e artigianato, tutto rigorosamente usato e\/o riciclato, che fanno della fiera il pi\u00f9 grande raduno dell\u2019usato d\u2019Italia. La particolarit\u00e0 di questo evento \u00e8 che qualsiasi privato cittadino ha la possibilit\u00e0 di acquistare un proprio spazio espositivo all\u2019interno della fiera (a partire da 120 euro) dove poter vendere o barattare qualsiasi tipo di oggetto usato: libri, dischi, memorabilia e altro, magari scovati in cantine e soffitte, che anzich\u00e9 venire buttati vengono portati a nuova vita per la gioia dei visitatori a caccia di curiosit\u00e0, oggetti particolari e pezzi d\u2019epoca.<\/p>\n<p>All\u2019interno della fiera sono previsti anche altri eventi legati all\u2019idea del riciclo, come laboratori gratuiti per bambini dove poter imparare a realizzare giochi e oggetti vari riutilizzando altri oggetti, un\u2019asta di beneficenza durante la quale vengono venduti oggetti appartenuti a personaggi famosi, esposizioni di opere dei pi\u00f9 grandi artisti e artigiani del Recycling, e altri eventi musicali, letterari e artistici.<\/p>\n<p>Napoli \u00e8 una bellissima citt\u00e0, che \u00e8 per\u00f2 purtroppo conosciuta non solo per la sua arte, la sua storia e la sua cultura, ma anche per i problemi che la segnano. Tra questi c\u2019\u00e8 anche quello dello smaltimento dei rifiuti, che attanaglia Napoli in modo particolare, ma \u00e8 una questione che ci riguarda tutti. Non \u00e8 un caso che proprio in questa citt\u00e0 si svolga la fiera del baratto e dell\u2019usato. Un viaggio a Napoli in questo periodo, per conoscere le bellezze della citt\u00e0 ma anche per fare una visita a questa fiera e capire come poter cambiare le cose, \u00e8 l\u2019ideale: prenotate subito un bed &#038; breakfast a Napoli.<\/p>\n<p>Date: 29-30 Novembre 2008<br \/>\nDove: Fiera di Napoli, Mostra d\u2019Oltremare, Napoli, Italia<\/p>\n","protected":false},"excerpt":{"rendered":"<p>Se proviamo a pensare ai maggiori problemi che affliggono la nostra epoca non possiamo non pensare alla questione ambientale e allo smaltimento dei rifiuti: viviamo infatti in un mondo che produce e consuma in abbondanza senza per\u00f2 riuscire a smaltire completamente i rifiuti che crea e senza pensare che le risorse di cui si dispone oggi domani potrebbero esaurirsi.<\/p>\n","protected":false},"author":10,"featured_media":0,"comment_status":"open","ping_status":"open","sticky":false,"template":"","format":"standard","meta":{"cybocfi_hide_featured_image":"","footnotes":""},"categories":[388],"tags":[2730,2437,597,2731],"class_list":["post-778","post","type-post","status-publish","format-standard","hentry","category-eventi","tag-collezionismo","tag-fiera","tag-napoli","tag-usato"],"yoast_head":"<!-- This site is optimized with the Yoast SEO plugin v27.0 - https:\/\/yoast.com\/product\/yoast-seo-wordpress\/ -->\n<title>La fiera del baratto e dell\u2019usato di Napoli - Article Marketing<\/title>\n<meta name=\"robots\" content=\"index, follow, max-snippet:-1, max-image-preview:large, max-video-preview:-1\" \/>\n<link rel=\"canonical\" href=\"https:\/\/www.article-marketing.eu\/comunicati\/comunicati-stampa\/eventi\/la-fiera-del-baratto-e-dellusato-di-napoli\/\" \/>\n<meta property=\"og:locale\" content=\"it_IT\" \/>\n<meta property=\"og:type\" content=\"article\" \/>\n<meta property=\"og:title\" content=\"La fiera del baratto e dell\u2019usato di Napoli - Article Marketing\" \/>\n<meta property=\"og:description\" content=\"Se proviamo a pensare ai maggiori problemi che affliggono la nostra epoca non possiamo non pensare alla questione ambientale e allo smaltimento dei rifiuti: viviamo infatti in un mondo che produce e consuma in abbondanza senza per\u00f2 riuscire a smaltire completamente i rifiuti che crea e senza pensare che le risorse di cui si dispone oggi domani potrebbero esaurirsi.\" \/>\n<meta property=\"og:url\" content=\"https:\/\/www.article-marketing.eu\/comunicati\/comunicati-stampa\/eventi\/la-fiera-del-baratto-e-dellusato-di-napoli\/\" \/>\n<meta property=\"og:site_name\" content=\"Article Marketing\" \/>\n<meta property=\"article:published_time\" content=\"2008-10-16T15:39:54+00:00\" \/>\n<meta name=\"author\" content=\"Redazione Comunicati Stampa\" \/>\n<meta name=\"twitter:card\" content=\"summary_large_image\" \/>\n<meta name=\"twitter:label1\" content=\"Scritto da\" \/>\n\t<meta name=\"twitter:data1\" content=\"Redazione Comunicati Stampa\" \/>\n\t<meta name=\"twitter:label2\" content=\"Tempo di lettura stimato\" \/>\n\t<meta name=\"twitter:data2\" content=\"3 minuti\" \/>\n<script type=\"application\/ld+json\" class=\"yoast-schema-graph\">{\"@context\":\"https:\/\/schema.org\",\"@graph\":[{\"@type\":\"Article\",\"@id\":\"https:\/\/www.article-marketing.eu\/comunicati\/comunicati-stampa\/eventi\/la-fiera-del-baratto-e-dellusato-di-napoli\/#article\",\"isPartOf\":{\"@id\":\"https:\/\/www.article-marketing.eu\/comunicati\/comunicati-stampa\/eventi\/la-fiera-del-baratto-e-dellusato-di-napoli\/\"},\"author\":{\"name\":\"Redazione Comunicati Stampa\",\"@id\":\"https:\/\/www.article-marketing.eu\/comunicati\/#\/schema\/person\/44372e4d4d0fa797b18e03ed1ace9017\"},\"headline\":\"La fiera del baratto e dell\u2019usato di Napoli\",\"datePublished\":\"2008-10-16T15:39:54+00:00\",\"mainEntityOfPage\":{\"@id\":\"https:\/\/www.article-marketing.eu\/comunicati\/comunicati-stampa\/eventi\/la-fiera-del-baratto-e-dellusato-di-napoli\/\"},\"wordCount\":671,\"commentCount\":0,\"keywords\":[\"collezionismo\",\"fiera\",\"napoli\",\"usato\"],\"articleSection\":[\"Eventi\"],\"inLanguage\":\"it-IT\",\"potentialAction\":[{\"@type\":\"CommentAction\",\"name\":\"Comment\",\"target\":[\"https:\/\/www.article-marketing.eu\/comunicati\/comunicati-stampa\/eventi\/la-fiera-del-baratto-e-dellusato-di-napoli\/#respond\"]}]},{\"@type\":\"WebPage\",\"@id\":\"https:\/\/www.article-marketing.eu\/comunicati\/comunicati-stampa\/eventi\/la-fiera-del-baratto-e-dellusato-di-napoli\/\",\"url\":\"https:\/\/www.article-marketing.eu\/comunicati\/comunicati-stampa\/eventi\/la-fiera-del-baratto-e-dellusato-di-napoli\/\",\"name\":\"La fiera del baratto e dell\u2019usato di Napoli - Article Marketing\",\"isPartOf\":{\"@id\":\"https:\/\/www.article-marketing.eu\/comunicati\/#website\"},\"datePublished\":\"2008-10-16T15:39:54+00:00\",\"author\":{\"@id\":\"https:\/\/www.article-marketing.eu\/comunicati\/#\/schema\/person\/44372e4d4d0fa797b18e03ed1ace9017\"},\"breadcrumb\":{\"@id\":\"https:\/\/www.article-marketing.eu\/comunicati\/comunicati-stampa\/eventi\/la-fiera-del-baratto-e-dellusato-di-napoli\/#breadcrumb\"},\"inLanguage\":\"it-IT\",\"potentialAction\":[{\"@type\":\"ReadAction\",\"target\":[\"https:\/\/www.article-marketing.eu\/comunicati\/comunicati-stampa\/eventi\/la-fiera-del-baratto-e-dellusato-di-napoli\/\"]}]},{\"@type\":\"BreadcrumbList\",\"@id\":\"https:\/\/www.article-marketing.eu\/comunicati\/comunicati-stampa\/eventi\/la-fiera-del-baratto-e-dellusato-di-napoli\/#breadcrumb\",\"itemListElement\":[{\"@type\":\"ListItem\",\"position\":1,\"name\":\"Home\",\"item\":\"https:\/\/www.article-marketing.eu\/comunicati\/\"},{\"@type\":\"ListItem\",\"position\":2,\"name\":\"La fiera del baratto e dell\u2019usato di Napoli\"}]},{\"@type\":\"WebSite\",\"@id\":\"https:\/\/www.article-marketing.eu\/comunicati\/#website\",\"url\":\"https:\/\/www.article-marketing.eu\/comunicati\/\",\"name\":\"Article Marketing\",\"description\":\"article marketing &amp; press release\",\"potentialAction\":[{\"@type\":\"SearchAction\",\"target\":{\"@type\":\"EntryPoint\",\"urlTemplate\":\"https:\/\/www.article-marketing.eu\/comunicati\/?s={search_term_string}\"},\"query-input\":{\"@type\":\"PropertyValueSpecification\",\"valueRequired\":true,\"valueName\":\"search_term_string\"}}],\"inLanguage\":\"it-IT\"},{\"@type\":\"Person\",\"@id\":\"https:\/\/www.article-marketing.eu\/comunicati\/#\/schema\/person\/44372e4d4d0fa797b18e03ed1ace9017\",\"name\":\"Redazione Comunicati Stampa\",\"image\":{\"@type\":\"ImageObject\",\"inLanguage\":\"it-IT\",\"@id\":\"https:\/\/www.article-marketing.eu\/comunicati\/#\/schema\/person\/image\/\",\"url\":\"https:\/\/secure.gravatar.com\/avatar\/50e5c6421d3072f42e7ace803501602c60d75233d34e29fd05feb91c8760b792?s=96&d=mm&r=g\",\"contentUrl\":\"https:\/\/secure.gravatar.com\/avatar\/50e5c6421d3072f42e7ace803501602c60d75233d34e29fd05feb91c8760b792?s=96&d=mm&r=g\",\"caption\":\"Redazione Comunicati Stampa\"},\"url\":\"https:\/\/www.article-marketing.eu\/comunicati\/author\/redazione-comunicati-stampa\/\"}]}<\/script>\n<!-- \/ Yoast SEO plugin. -->","yoast_head_json":{"title":"La fiera del baratto e dell\u2019usato di Napoli - Article Marketing","robots":{"index":"index","follow":"follow","max-snippet":"max-snippet:-1","max-image-preview":"max-image-preview:large","max-video-preview":"max-video-preview:-1"},"canonical":"https:\/\/www.article-marketing.eu\/comunicati\/comunicati-stampa\/eventi\/la-fiera-del-baratto-e-dellusato-di-napoli\/","og_locale":"it_IT","og_type":"article","og_title":"La fiera del baratto e dell\u2019usato di Napoli - Article Marketing","og_description":"Se proviamo a pensare ai maggiori problemi che affliggono la nostra epoca non possiamo non pensare alla questione ambientale e allo smaltimento dei rifiuti: viviamo infatti in un mondo che produce e consuma in abbondanza senza per\u00f2 riuscire a smaltire completamente i rifiuti che crea e senza pensare che le risorse di cui si dispone oggi domani potrebbero esaurirsi.","og_url":"https:\/\/www.article-marketing.eu\/comunicati\/comunicati-stampa\/eventi\/la-fiera-del-baratto-e-dellusato-di-napoli\/","og_site_name":"Article Marketing","article_published_time":"2008-10-16T15:39:54+00:00","author":"Redazione Comunicati Stampa","twitter_card":"summary_large_image","twitter_misc":{"Scritto da":"Redazione Comunicati Stampa","Tempo di lettura stimato":"3 minuti"},"schema":{"@context":"https:\/\/schema.org","@graph":[{"@type":"Article","@id":"https:\/\/www.article-marketing.eu\/comunicati\/comunicati-stampa\/eventi\/la-fiera-del-baratto-e-dellusato-di-napoli\/#article","isPartOf":{"@id":"https:\/\/www.article-marketing.eu\/comunicati\/comunicati-stampa\/eventi\/la-fiera-del-baratto-e-dellusato-di-napoli\/"},"author":{"name":"Redazione Comunicati Stampa","@id":"https:\/\/www.article-marketing.eu\/comunicati\/#\/schema\/person\/44372e4d4d0fa797b18e03ed1ace9017"},"headline":"La fiera del baratto e dell\u2019usato di Napoli","datePublished":"2008-10-16T15:39:54+00:00","mainEntityOfPage":{"@id":"https:\/\/www.article-marketing.eu\/comunicati\/comunicati-stampa\/eventi\/la-fiera-del-baratto-e-dellusato-di-napoli\/"},"wordCount":671,"commentCount":0,"keywords":["collezionismo","fiera","napoli","usato"],"articleSection":["Eventi"],"inLanguage":"it-IT","potentialAction":[{"@type":"CommentAction","name":"Comment","target":["https:\/\/www.article-marketing.eu\/comunicati\/comunicati-stampa\/eventi\/la-fiera-del-baratto-e-dellusato-di-napoli\/#respond"]}]},{"@type":"WebPage","@id":"https:\/\/www.article-marketing.eu\/comunicati\/comunicati-stampa\/eventi\/la-fiera-del-baratto-e-dellusato-di-napoli\/","url":"https:\/\/www.article-marketing.eu\/comunicati\/comunicati-stampa\/eventi\/la-fiera-del-baratto-e-dellusato-di-napoli\/","name":"La fiera del baratto e dell\u2019usato di Napoli - Article Marketing","isPartOf":{"@id":"https:\/\/www.article-marketing.eu\/comunicati\/#website"},"datePublished":"2008-10-16T15:39:54+00:00","author":{"@id":"https:\/\/www.article-marketing.eu\/comunicati\/#\/schema\/person\/44372e4d4d0fa797b18e03ed1ace9017"},"breadcrumb":{"@id":"https:\/\/www.article-marketing.eu\/comunicati\/comunicati-stampa\/eventi\/la-fiera-del-baratto-e-dellusato-di-napoli\/#breadcrumb"},"inLanguage":"it-IT","potentialAction":[{"@type":"ReadAction","target":["https:\/\/www.article-marketing.eu\/comunicati\/comunicati-stampa\/eventi\/la-fiera-del-baratto-e-dellusato-di-napoli\/"]}]},{"@type":"BreadcrumbList","@id":"https:\/\/www.article-marketing.eu\/comunicati\/comunicati-stampa\/eventi\/la-fiera-del-baratto-e-dellusato-di-napoli\/#breadcrumb","itemListElement":[{"@type":"ListItem","position":1,"name":"Home","item":"https:\/\/www.article-marketing.eu\/comunicati\/"},{"@type":"ListItem","position":2,"name":"La fiera del baratto e dell\u2019usato di Napoli"}]},{"@type":"WebSite","@id":"https:\/\/www.article-marketing.eu\/comunicati\/#website","url":"https:\/\/www.article-marketing.eu\/comunicati\/","name":"Article Marketing","description":"article marketing &amp; press release","potentialAction":[{"@type":"SearchAction","target":{"@type":"EntryPoint","urlTemplate":"https:\/\/www.article-marketing.eu\/comunicati\/?s={search_term_string}"},"query-input":{"@type":"PropertyValueSpecification","valueRequired":true,"valueName":"search_term_string"}}],"inLanguage":"it-IT"},{"@type":"Person","@id":"https:\/\/www.article-marketing.eu\/comunicati\/#\/schema\/person\/44372e4d4d0fa797b18e03ed1ace9017","name":"Redazione Comunicati Stampa","image":{"@type":"ImageObject","inLanguage":"it-IT","@id":"https:\/\/www.article-marketing.eu\/comunicati\/#\/schema\/person\/image\/","url":"https:\/\/secure.gravatar.com\/avatar\/50e5c6421d3072f42e7ace803501602c60d75233d34e29fd05feb91c8760b792?s=96&d=mm&r=g","contentUrl":"https:\/\/secure.gravatar.com\/avatar\/50e5c6421d3072f42e7ace803501602c60d75233d34e29fd05feb91c8760b792?s=96&d=mm&r=g","caption":"Redazione Comunicati Stampa"},"url":"https:\/\/www.article-marketing.eu\/comunicati\/author\/redazione-comunicati-stampa\/"}]}},"_links":{"self":[{"href":"https:\/\/www.article-marketing.eu\/comunicati\/wp-json\/wp\/v2\/posts\/778","targetHints":{"allow":["GET"]}}],"collection":[{"href":"https:\/\/www.article-marketing.eu\/comunicati\/wp-json\/wp\/v2\/posts"}],"about":[{"href":"https:\/\/www.article-marketing.eu\/comunicati\/wp-json\/wp\/v2\/types\/post"}],"author":[{"embeddable":true,"href":"https:\/\/www.article-marketing.eu\/comunicati\/wp-json\/wp\/v2\/users\/10"}],"replies":[{"embeddable":true,"href":"https:\/\/www.article-marketing.eu\/comunicati\/wp-json\/wp\/v2\/comments?post=778"}],"version-history":[{"count":0,"href":"https:\/\/www.article-marketing.eu\/comunicati\/wp-json\/wp\/v2\/posts\/778\/revisions"}],"wp:attachment":[{"href":"https:\/\/www.article-marketing.eu\/comunicati\/wp-json\/wp\/v2\/media?parent=778"}],"wp:term":[{"taxonomy":"category","embeddable":true,"href":"https:\/\/www.article-marketing.eu\/comunicati\/wp-json\/wp\/v2\/categories?post=778"},{"taxonomy":"post_tag","embeddable":true,"href":"https:\/\/www.article-marketing.eu\/comunicati\/wp-json\/wp\/v2\/tags?post=778"}],"curies":[{"name":"wp","href":"https:\/\/api.w.org\/{rel}","templated":true}]}}