{"id":7913,"date":"2010-10-02T00:02:45","date_gmt":"2010-10-01T22:02:45","guid":{"rendered":"http:\/\/www.article-marketing.eu\/comunicati\/senza-categoria\/fra-il-cielo-e-il-mare\/"},"modified":"2010-10-02T00:02:45","modified_gmt":"2010-10-01T22:02:45","slug":"fra-il-cielo-e-il-mare","status":"publish","type":"post","link":"https:\/\/www.article-marketing.eu\/comunicati\/arte-e-cultura\/fra-il-cielo-e-il-mare\/","title":{"rendered":"Fra il cielo e il mare &#8211; Sito d&#8217;arte di Gilberto Piccinini"},"content":{"rendered":"<p>Gilberto Piccinini: pittore del mare<br \/>Gilberto Piccinini &egrave; il <strong>pittore del mare<\/strong>. I suoi quadri sono stati definiti &ldquo;il blu nel blu&rdquo;, perch&eacute; per rappresentare il mare, il pittore sceglie principalmente di creare <strong>quadri monocromatici<\/strong>, dove l&rsquo;unico colore usato &egrave; il <strong>blu<\/strong>, in tutte le sue tonalit&agrave;. L&rsquo;abbondanza del blu colpisce lo sguardo dell&rsquo;osservatore, riportando le sensazioni che si provano davanti al mare reale, quando il blu del mare e il blu del cielo si fondo in una linea di orizzonte indefinita ma ben presente. Gilberto Piccinini &egrave; un <strong>pittore contemporaneo che aspira ad emozionare<\/strong> il pubblico con rappresentazioni realistiche del mare. <strong>La profondit&agrave; del mare<\/strong><br \/>La profondit&agrave; di un quadro non &egrave; tanto nel soggetto stesso, ma nel modo in cui il soggetto viene rappresentato. La profondit&agrave; di un quadro non &egrave; la prospettiva realistica della rappresentazione del dipinto, ma lo <strong>spessore emotivo<\/strong> che luci e ombre, colori e forme riescono a creare. Il pittore del mare, Gilberto Piccinini, riesce a dare uno spessore ai suoi dipinti che va oltre il realismo del soggetto. Il pittore <strong>trasforma i sentimenti umani in onde del mare<\/strong>, creando situazioni impetuose o calme, irruente o silenziose. Le opere del pittore tradiscono un sincero <strong>amore per il mare e per il suo essere cos&igrave; complesso e infinito<\/strong>. Gli ambienti dove trascorriamo molte ore, che siano appartamenti od uffici, diventano personali grazie a quelle piccole scelte di ornamento che ci distinguono in modo netto. <strong>Un quadro di forte impatto visivo<\/strong> &egrave; in grado di riempire una parete anche senza riempirla in senso spaziale. Gilberto Piccinini &egrave; un <strong>artista contemporaneo di pittura paesaggistica<\/strong> che con i suoi quadri riesce ben ad interpretare la condizione emotiva dell&#8217;uomo. L&rsquo;artista contemporaneo predilige una <strong>pittura di paesaggi marini<\/strong>, dove il <strong>mare <\/strong>&egrave; sempre protagonista e <strong>rappresenta le innumerevoli emozioni dell&rsquo;uomo<\/strong>. <strong>Le emozioni attraverso la pittura paesaggistica<\/strong><br \/>La pittura paesaggistica non &egrave; solamente una rappresentazione reale della realt&agrave;. L&rsquo;artista contemporaneo, attraverso l&rsquo;osservazione della natura, <strong>traduce i sentimenti e le passioni in pittura paesaggistica<\/strong>. La scelta dei colori e la scelta del soggetto, fanno capire lo stato d&rsquo;animo dell&rsquo;artista che attraverso una pittura paesaggistica vuole raccontarci le paure, le gioie e gli interrogativi dell&rsquo;uomo. Per questo l&rsquo;artista contemporaneo Gilberto Piccinini dipinge principalmente quadri di pittura paesaggistica che hanno come soggetto il <strong>mare, vasto e imprevedibile come l&rsquo;uomo<\/strong>. <a href=\"http:\/\/www.gilbertopiccinini.com\">www.gilbertopiccinini.com<\/a><\/p>\n","protected":false},"excerpt":{"rendered":"<p>Gilberto Piccinini nasce a Milano ove risiede e lavora. Il suo percorso professionale \u00e8 tracciato dall&#8217;amore da sempre per le coste liguri e il loro mare, che lo spinge a ritrarlo e raffigurarlo attraverso una pittura ricca di emozioni e suggestioni dove la tecnica e la scelta delle immagini sono diventati in questi anni, il cardine della sua ricerca estetica.<br \/>OPERE in PERMANENZA presso :<br \/>&#8220;GALLERIA INTERNAZIONALE&#8221; di Viareggio<br \/>&#8220;IL MERCADANTE&#8221; di Levanto<br \/>&#8220;GALLERIA NAZIONALE&#8221; di Cortona<\/p>\n<p>> www.gallerianazionale.com<\/p>\n<p>Il pittore Gilberto Piccinini realizza pitture di paesaggi marini attraverso una tecnica di rappresentazione realistica. Il pittore predilige le opere monocromatiche, scegliendo come colore dei paesaggi marini il blu, in tutte le sue tonalit\u00e0. Fanno eccezione alcuni quadri che rappresentano i paesaggi marini nel momento dell\u2019alba o del tramonto, dove il blu \u00e8 contrastato da colori caldi ed accesi. Il blu scelto dal pittore per la realizzazione dei paesaggi marini \u00e8 spesso scuro ed intenso ed infonde un carattere molto deciso ai quadri, anche in presenza di effetti luce suggestivi.<br \/>Ha la fortuna di essere influenzato nella tematica delle opere e nella sua sensibilit\u00e0 artistica da una figura familiare: il suocero Emilio Vio Sopranis.<\/p>\n<p>Successivamente d\u00e0 spazio alla propria creativit\u00e0 dedicandosi nella sua pittura alla ricerca di quella forza artistica sottolineata dal definirsi di luci e ombre, di movimento e dinamicit\u00e0 che ne fanno il fulcro e l&#8217;essenza, dove l&#8217;impatto visivo viene traslato nell&#8217;ambito percettivo degli stati d&#8217;animo.<br \/>La sua attivit\u00e0 espositiva gli ha permesso di raccogliere notevole riscontro da parte del pubblico e della critica.<\/p>\n","protected":false},"author":10,"featured_media":0,"comment_status":"open","ping_status":"open","sticky":false,"template":"","format":"standard","meta":{"cybocfi_hide_featured_image":"","footnotes":""},"categories":[27],"tags":[18065,18067,18066,18064],"class_list":["post-7913","post","type-post","status-publish","format-standard","hentry","category-arte-e-cultura","tag-artista-contemporaneo","tag-dipinti-paesaggi","tag-onde-marine","tag-paesaggi-marini"],"yoast_head":"<!-- This site is optimized with the Yoast SEO plugin v27.0 - https:\/\/yoast.com\/product\/yoast-seo-wordpress\/ -->\n<title>Fra il cielo e il mare - Sito d&#039;arte di Gilberto Piccinini - Article Marketing<\/title>\n<meta name=\"robots\" content=\"index, follow, max-snippet:-1, max-image-preview:large, max-video-preview:-1\" \/>\n<link rel=\"canonical\" href=\"https:\/\/www.article-marketing.eu\/comunicati\/arte-e-cultura\/fra-il-cielo-e-il-mare\/\" \/>\n<meta property=\"og:locale\" content=\"it_IT\" \/>\n<meta property=\"og:type\" content=\"article\" \/>\n<meta property=\"og:title\" content=\"Fra il cielo e il mare - Sito d&#039;arte di Gilberto Piccinini - Article Marketing\" \/>\n<meta property=\"og:description\" content=\"Gilberto Piccinini nasce a Milano ove risiede e lavora. Il suo percorso professionale \u00e8 tracciato dall&#039;amore da sempre per le coste liguri e il loro mare, che lo spinge a ritrarlo e raffigurarlo attraverso una pittura ricca di emozioni e suggestioni dove la tecnica e la scelta delle immagini sono diventati in questi anni, il cardine della sua ricerca estetica.OPERE in PERMANENZA presso :&quot;GALLERIA INTERNAZIONALE&quot; di Viareggio&quot;IL MERCADANTE&quot; di Levanto&quot;GALLERIA NAZIONALE&quot; di Cortona&gt; www.gallerianazionale.comIl pittore Gilberto Piccinini realizza pitture di paesaggi marini attraverso una tecnica di rappresentazione realistica. Il pittore predilige le opere monocromatiche, scegliendo come colore dei paesaggi marini il blu, in tutte le sue tonalit\u00e0. Fanno eccezione alcuni quadri che rappresentano i paesaggi marini nel momento dell\u2019alba o del tramonto, dove il blu \u00e8 contrastato da colori caldi ed accesi. Il blu scelto dal pittore per la realizzazione dei paesaggi marini \u00e8 spesso scuro ed intenso ed infonde un carattere molto deciso ai quadri, anche in presenza di effetti luce suggestivi.Ha la fortuna di essere influenzato nella tematica delle opere e nella sua sensibilit\u00e0 artistica da una figura familiare: il suocero Emilio Vio Sopranis.Successivamente d\u00e0 spazio alla propria creativit\u00e0 dedicandosi nella sua pittura alla ricerca di quella forza artistica sottolineata dal definirsi di luci e ombre, di movimento e dinamicit\u00e0 che ne fanno il fulcro e l&#039;essenza, dove l&#039;impatto visivo viene traslato nell&#039;ambito percettivo degli stati d&#039;animo.La sua attivit\u00e0 espositiva gli ha permesso di raccogliere notevole riscontro da parte del pubblico e della critica.\" \/>\n<meta property=\"og:url\" content=\"https:\/\/www.article-marketing.eu\/comunicati\/arte-e-cultura\/fra-il-cielo-e-il-mare\/\" \/>\n<meta property=\"og:site_name\" content=\"Article Marketing\" \/>\n<meta property=\"article:published_time\" content=\"2010-10-01T22:02:45+00:00\" \/>\n<meta name=\"author\" content=\"Redazione Comunicati Stampa\" \/>\n<meta name=\"twitter:card\" content=\"summary_large_image\" \/>\n<meta name=\"twitter:label1\" content=\"Scritto da\" \/>\n\t<meta name=\"twitter:data1\" content=\"Redazione Comunicati Stampa\" \/>\n\t<meta name=\"twitter:label2\" content=\"Tempo di lettura stimato\" \/>\n\t<meta name=\"twitter:data2\" content=\"2 minuti\" \/>\n<script type=\"application\/ld+json\" class=\"yoast-schema-graph\">{\"@context\":\"https:\/\/schema.org\",\"@graph\":[{\"@type\":\"Article\",\"@id\":\"https:\/\/www.article-marketing.eu\/comunicati\/arte-e-cultura\/fra-il-cielo-e-il-mare\/#article\",\"isPartOf\":{\"@id\":\"https:\/\/www.article-marketing.eu\/comunicati\/arte-e-cultura\/fra-il-cielo-e-il-mare\/\"},\"author\":{\"name\":\"Redazione Comunicati Stampa\",\"@id\":\"https:\/\/www.article-marketing.eu\/comunicati\/#\/schema\/person\/44372e4d4d0fa797b18e03ed1ace9017\"},\"headline\":\"Fra il cielo e il mare &#8211; Sito d&#8217;arte di Gilberto Piccinini\",\"datePublished\":\"2010-10-01T22:02:45+00:00\",\"mainEntityOfPage\":{\"@id\":\"https:\/\/www.article-marketing.eu\/comunicati\/arte-e-cultura\/fra-il-cielo-e-il-mare\/\"},\"wordCount\":432,\"commentCount\":0,\"keywords\":[\"Artista contemporaneo\",\"Dipinti paesaggi\",\"Onde marine\",\"Paesaggi marini\"],\"articleSection\":[\"Arte e cultura\"],\"inLanguage\":\"it-IT\",\"potentialAction\":[{\"@type\":\"CommentAction\",\"name\":\"Comment\",\"target\":[\"https:\/\/www.article-marketing.eu\/comunicati\/arte-e-cultura\/fra-il-cielo-e-il-mare\/#respond\"]}]},{\"@type\":\"WebPage\",\"@id\":\"https:\/\/www.article-marketing.eu\/comunicati\/arte-e-cultura\/fra-il-cielo-e-il-mare\/\",\"url\":\"https:\/\/www.article-marketing.eu\/comunicati\/arte-e-cultura\/fra-il-cielo-e-il-mare\/\",\"name\":\"Fra il cielo e il mare - Sito d'arte di Gilberto Piccinini - Article Marketing\",\"isPartOf\":{\"@id\":\"https:\/\/www.article-marketing.eu\/comunicati\/#website\"},\"datePublished\":\"2010-10-01T22:02:45+00:00\",\"author\":{\"@id\":\"https:\/\/www.article-marketing.eu\/comunicati\/#\/schema\/person\/44372e4d4d0fa797b18e03ed1ace9017\"},\"breadcrumb\":{\"@id\":\"https:\/\/www.article-marketing.eu\/comunicati\/arte-e-cultura\/fra-il-cielo-e-il-mare\/#breadcrumb\"},\"inLanguage\":\"it-IT\",\"potentialAction\":[{\"@type\":\"ReadAction\",\"target\":[\"https:\/\/www.article-marketing.eu\/comunicati\/arte-e-cultura\/fra-il-cielo-e-il-mare\/\"]}]},{\"@type\":\"BreadcrumbList\",\"@id\":\"https:\/\/www.article-marketing.eu\/comunicati\/arte-e-cultura\/fra-il-cielo-e-il-mare\/#breadcrumb\",\"itemListElement\":[{\"@type\":\"ListItem\",\"position\":1,\"name\":\"Home\",\"item\":\"https:\/\/www.article-marketing.eu\/comunicati\/\"},{\"@type\":\"ListItem\",\"position\":2,\"name\":\"Fra il cielo e il mare &#8211; Sito d&#8217;arte di Gilberto Piccinini\"}]},{\"@type\":\"WebSite\",\"@id\":\"https:\/\/www.article-marketing.eu\/comunicati\/#website\",\"url\":\"https:\/\/www.article-marketing.eu\/comunicati\/\",\"name\":\"Article Marketing\",\"description\":\"article marketing &amp; press release\",\"potentialAction\":[{\"@type\":\"SearchAction\",\"target\":{\"@type\":\"EntryPoint\",\"urlTemplate\":\"https:\/\/www.article-marketing.eu\/comunicati\/?s={search_term_string}\"},\"query-input\":{\"@type\":\"PropertyValueSpecification\",\"valueRequired\":true,\"valueName\":\"search_term_string\"}}],\"inLanguage\":\"it-IT\"},{\"@type\":\"Person\",\"@id\":\"https:\/\/www.article-marketing.eu\/comunicati\/#\/schema\/person\/44372e4d4d0fa797b18e03ed1ace9017\",\"name\":\"Redazione Comunicati Stampa\",\"image\":{\"@type\":\"ImageObject\",\"inLanguage\":\"it-IT\",\"@id\":\"https:\/\/www.article-marketing.eu\/comunicati\/#\/schema\/person\/image\/\",\"url\":\"https:\/\/secure.gravatar.com\/avatar\/50e5c6421d3072f42e7ace803501602c60d75233d34e29fd05feb91c8760b792?s=96&d=mm&r=g\",\"contentUrl\":\"https:\/\/secure.gravatar.com\/avatar\/50e5c6421d3072f42e7ace803501602c60d75233d34e29fd05feb91c8760b792?s=96&d=mm&r=g\",\"caption\":\"Redazione Comunicati Stampa\"},\"url\":\"https:\/\/www.article-marketing.eu\/comunicati\/author\/redazione-comunicati-stampa\/\"}]}<\/script>\n<!-- \/ Yoast SEO plugin. -->","yoast_head_json":{"title":"Fra il cielo e il mare - Sito d'arte di Gilberto Piccinini - Article Marketing","robots":{"index":"index","follow":"follow","max-snippet":"max-snippet:-1","max-image-preview":"max-image-preview:large","max-video-preview":"max-video-preview:-1"},"canonical":"https:\/\/www.article-marketing.eu\/comunicati\/arte-e-cultura\/fra-il-cielo-e-il-mare\/","og_locale":"it_IT","og_type":"article","og_title":"Fra il cielo e il mare - Sito d'arte di Gilberto Piccinini - Article Marketing","og_description":"Gilberto Piccinini nasce a Milano ove risiede e lavora. Il suo percorso professionale \u00e8 tracciato dall'amore da sempre per le coste liguri e il loro mare, che lo spinge a ritrarlo e raffigurarlo attraverso una pittura ricca di emozioni e suggestioni dove la tecnica e la scelta delle immagini sono diventati in questi anni, il cardine della sua ricerca estetica.OPERE in PERMANENZA presso :\"GALLERIA INTERNAZIONALE\" di Viareggio\"IL MERCADANTE\" di Levanto\"GALLERIA NAZIONALE\" di Cortona> www.gallerianazionale.comIl pittore Gilberto Piccinini realizza pitture di paesaggi marini attraverso una tecnica di rappresentazione realistica. Il pittore predilige le opere monocromatiche, scegliendo come colore dei paesaggi marini il blu, in tutte le sue tonalit\u00e0. Fanno eccezione alcuni quadri che rappresentano i paesaggi marini nel momento dell\u2019alba o del tramonto, dove il blu \u00e8 contrastato da colori caldi ed accesi. Il blu scelto dal pittore per la realizzazione dei paesaggi marini \u00e8 spesso scuro ed intenso ed infonde un carattere molto deciso ai quadri, anche in presenza di effetti luce suggestivi.Ha la fortuna di essere influenzato nella tematica delle opere e nella sua sensibilit\u00e0 artistica da una figura familiare: il suocero Emilio Vio Sopranis.Successivamente d\u00e0 spazio alla propria creativit\u00e0 dedicandosi nella sua pittura alla ricerca di quella forza artistica sottolineata dal definirsi di luci e ombre, di movimento e dinamicit\u00e0 che ne fanno il fulcro e l'essenza, dove l'impatto visivo viene traslato nell'ambito percettivo degli stati d'animo.La sua attivit\u00e0 espositiva gli ha permesso di raccogliere notevole riscontro da parte del pubblico e della critica.","og_url":"https:\/\/www.article-marketing.eu\/comunicati\/arte-e-cultura\/fra-il-cielo-e-il-mare\/","og_site_name":"Article Marketing","article_published_time":"2010-10-01T22:02:45+00:00","author":"Redazione Comunicati Stampa","twitter_card":"summary_large_image","twitter_misc":{"Scritto da":"Redazione Comunicati Stampa","Tempo di lettura stimato":"2 minuti"},"schema":{"@context":"https:\/\/schema.org","@graph":[{"@type":"Article","@id":"https:\/\/www.article-marketing.eu\/comunicati\/arte-e-cultura\/fra-il-cielo-e-il-mare\/#article","isPartOf":{"@id":"https:\/\/www.article-marketing.eu\/comunicati\/arte-e-cultura\/fra-il-cielo-e-il-mare\/"},"author":{"name":"Redazione Comunicati Stampa","@id":"https:\/\/www.article-marketing.eu\/comunicati\/#\/schema\/person\/44372e4d4d0fa797b18e03ed1ace9017"},"headline":"Fra il cielo e il mare &#8211; Sito d&#8217;arte di Gilberto Piccinini","datePublished":"2010-10-01T22:02:45+00:00","mainEntityOfPage":{"@id":"https:\/\/www.article-marketing.eu\/comunicati\/arte-e-cultura\/fra-il-cielo-e-il-mare\/"},"wordCount":432,"commentCount":0,"keywords":["Artista contemporaneo","Dipinti paesaggi","Onde marine","Paesaggi marini"],"articleSection":["Arte e cultura"],"inLanguage":"it-IT","potentialAction":[{"@type":"CommentAction","name":"Comment","target":["https:\/\/www.article-marketing.eu\/comunicati\/arte-e-cultura\/fra-il-cielo-e-il-mare\/#respond"]}]},{"@type":"WebPage","@id":"https:\/\/www.article-marketing.eu\/comunicati\/arte-e-cultura\/fra-il-cielo-e-il-mare\/","url":"https:\/\/www.article-marketing.eu\/comunicati\/arte-e-cultura\/fra-il-cielo-e-il-mare\/","name":"Fra il cielo e il mare - Sito d'arte di Gilberto Piccinini - Article Marketing","isPartOf":{"@id":"https:\/\/www.article-marketing.eu\/comunicati\/#website"},"datePublished":"2010-10-01T22:02:45+00:00","author":{"@id":"https:\/\/www.article-marketing.eu\/comunicati\/#\/schema\/person\/44372e4d4d0fa797b18e03ed1ace9017"},"breadcrumb":{"@id":"https:\/\/www.article-marketing.eu\/comunicati\/arte-e-cultura\/fra-il-cielo-e-il-mare\/#breadcrumb"},"inLanguage":"it-IT","potentialAction":[{"@type":"ReadAction","target":["https:\/\/www.article-marketing.eu\/comunicati\/arte-e-cultura\/fra-il-cielo-e-il-mare\/"]}]},{"@type":"BreadcrumbList","@id":"https:\/\/www.article-marketing.eu\/comunicati\/arte-e-cultura\/fra-il-cielo-e-il-mare\/#breadcrumb","itemListElement":[{"@type":"ListItem","position":1,"name":"Home","item":"https:\/\/www.article-marketing.eu\/comunicati\/"},{"@type":"ListItem","position":2,"name":"Fra il cielo e il mare &#8211; Sito d&#8217;arte di Gilberto Piccinini"}]},{"@type":"WebSite","@id":"https:\/\/www.article-marketing.eu\/comunicati\/#website","url":"https:\/\/www.article-marketing.eu\/comunicati\/","name":"Article Marketing","description":"article marketing &amp; press release","potentialAction":[{"@type":"SearchAction","target":{"@type":"EntryPoint","urlTemplate":"https:\/\/www.article-marketing.eu\/comunicati\/?s={search_term_string}"},"query-input":{"@type":"PropertyValueSpecification","valueRequired":true,"valueName":"search_term_string"}}],"inLanguage":"it-IT"},{"@type":"Person","@id":"https:\/\/www.article-marketing.eu\/comunicati\/#\/schema\/person\/44372e4d4d0fa797b18e03ed1ace9017","name":"Redazione Comunicati Stampa","image":{"@type":"ImageObject","inLanguage":"it-IT","@id":"https:\/\/www.article-marketing.eu\/comunicati\/#\/schema\/person\/image\/","url":"https:\/\/secure.gravatar.com\/avatar\/50e5c6421d3072f42e7ace803501602c60d75233d34e29fd05feb91c8760b792?s=96&d=mm&r=g","contentUrl":"https:\/\/secure.gravatar.com\/avatar\/50e5c6421d3072f42e7ace803501602c60d75233d34e29fd05feb91c8760b792?s=96&d=mm&r=g","caption":"Redazione Comunicati Stampa"},"url":"https:\/\/www.article-marketing.eu\/comunicati\/author\/redazione-comunicati-stampa\/"}]}},"_links":{"self":[{"href":"https:\/\/www.article-marketing.eu\/comunicati\/wp-json\/wp\/v2\/posts\/7913","targetHints":{"allow":["GET"]}}],"collection":[{"href":"https:\/\/www.article-marketing.eu\/comunicati\/wp-json\/wp\/v2\/posts"}],"about":[{"href":"https:\/\/www.article-marketing.eu\/comunicati\/wp-json\/wp\/v2\/types\/post"}],"author":[{"embeddable":true,"href":"https:\/\/www.article-marketing.eu\/comunicati\/wp-json\/wp\/v2\/users\/10"}],"replies":[{"embeddable":true,"href":"https:\/\/www.article-marketing.eu\/comunicati\/wp-json\/wp\/v2\/comments?post=7913"}],"version-history":[{"count":0,"href":"https:\/\/www.article-marketing.eu\/comunicati\/wp-json\/wp\/v2\/posts\/7913\/revisions"}],"wp:attachment":[{"href":"https:\/\/www.article-marketing.eu\/comunicati\/wp-json\/wp\/v2\/media?parent=7913"}],"wp:term":[{"taxonomy":"category","embeddable":true,"href":"https:\/\/www.article-marketing.eu\/comunicati\/wp-json\/wp\/v2\/categories?post=7913"},{"taxonomy":"post_tag","embeddable":true,"href":"https:\/\/www.article-marketing.eu\/comunicati\/wp-json\/wp\/v2\/tags?post=7913"}],"curies":[{"name":"wp","href":"https:\/\/api.w.org\/{rel}","templated":true}]}}