{"id":82,"date":"2007-11-26T13:09:54","date_gmt":"2007-11-26T12:09:54","guid":{"rendered":"http:\/\/www.article-marketing.eu\/comunicati\/senza-categoria\/napoli-per-la-legalita-il-salotto-buono-di-una-citta-scontenta\/"},"modified":"2007-11-26T13:09:54","modified_gmt":"2007-11-26T12:09:54","slug":"napoli-per-la-legalita-il-salotto-buono-di-una-citta-scontenta","status":"publish","type":"post","link":"https:\/\/www.article-marketing.eu\/comunicati\/societa\/news-e-attualita\/napoli-per-la-legalita-il-salotto-buono-di-una-citta-scontenta\/","title":{"rendered":"Napoli per la legalit\u00e0, il salotto buono di una citt\u00e0 scontenta"},"content":{"rendered":"<p>Nel primo incontro della Fuci di Napoli, dopo la Scuola di Formazione, \u00e8 stata attentamente analizzata la manifestazione del 10 novembre nella zona di Chiaia, una protesta contro il degrado, contro l\u2019immobilit\u00e0 sociale e l\u2019indifferenza che sempre pi\u00f9 imbavaglia le nostre bocche, acceca i nostri occhi e rallenta i nostri movimenti, finch\u00e8 non ci immobilizza di fronte al caos degenerativo di un\u2019emergenza troppo radicata nella nostra citt\u00e0. Napoli non deve essere svuotata dei napoletani, la citt\u00e0 ha bisogno di essere scossa dai suoi stessi abitanti, non pi\u00f9 dormienti, ma finalmente svegli e stupiti e soprattutto meravigliati dolorosamente dall\u2019incivilimento di questa splendida terra, dei suoi cittadini che non hanno pi\u00f9 il rispetto n\u00e9 delle istituzioni, n\u00e9 del loro territorio, n\u00e9 di loro stessi. Il capoluogo partenopeo, sabato 10 novembre, ha visto reagire il salotto della citt\u00e0, ha visto scendere in piazza la cosiddetta \u201cNapoli bene\u201d, \u00e8 un colpo allo stomaco vedere spazientiti coloro che, si pensa, non perdano la pazienza di fronte a tali nefandezze e, invece, \u00e8 proprio quella cittadinanza attenta che si schiera per Napoli, perch\u00e9 la manifestazione \u00e8 una scelta a favore della citt\u00e0, non contro di essa, bens\u00ec in difesa di quella Napoli che tutti conoscono attraverso le cartoline e con i colori, con i sentimenti puri che manifesta e che pulsano nei nostri cuori, avidi di giustizia.<\/p>\n<p>La \u201cNapoli bene\u201d \u00e8 scesa in piazza, Chiaia ha chiesto il ripristino della legalit\u00e0, accanto ai rappresentanti di quel quartiere, ai suoi residenti, c\u2019erano anche rappresentanze di Scampia, Secondigliano, Chiaiano e tanti altri quartieri periferici, pi\u00f9 abbandonati degli altri al triste epilogo che spesso leggiamo sui giornali, guardiamo al telegiornale, sentiamo alla radio. In prima linea c\u2019era il parroco dell\u2019Ascensione, anche lui schierato dalla parte della citt\u00e0, in favore e mai contro Napoli, la citt\u00e0 che ama, don Enzo Branno era l\u00ec ed \u00e8 voluto restarci per manifestare quel desiderio di legalit\u00e0 che da sempre professa e da sempre alimenta nei giovani che lo seguono. Era l\u00ec anche Francesco Canessa, ex sovrintendente al San Carlo di Napoli, ha espresso un pensiero illuminato: \u201cquesta manifestazione \u00e8 importante, \u00e8 utile anche in queste zone, anche qui si respira un\u2019aria contaminata, anche qui la situazione sta diventando invivibile, i parcheggi abusivi che si moltiplicano, le serate incontenibili per il caos che degenera e il degrado che ormai spopola; eppure, oltre le manifestazioni, servono sempre le piccole raccomandazioni, \u00e8 necessario riabituare i giovani alla legalit\u00e0, rieducare, riformare\u201d. Infine Paolo Macr\u00ec, politologo ed ordinario di Storia contemporanea all&#8217;universit\u00e0 Federico II, ricorda che \u00e8 \u201ctroppo comodo scaricare le colpe solo nei confronti di Napoli\u201d. A questo punto, bisogna aggiungere ci\u00f2 che \u00e8 stato detto dai ragazzi della Fuci di Napoli, indignati da sempre per quello che succede nella loro citt\u00e0, perch\u00e9 tutti noi vogliamo che si ricostruisca una Napoli migliore e quindi dobbiamo ripartire da noi stessi. Ecco perch\u00e9 Adele si chiedeva se nasceva all\u2019interno o all\u2019esterno di noi il problema e provava a darsi una risposta: \u201cQuando la magistratura oltre a giudicare sugli illeciti, deve dare prima una propria interpretazione per poi dare un giudizio, il meccanismo viene rallentato e tutto il sistema subisce le conseguenze di questo rallentamento\u201d; Pierluigi ha invitato tutti noi a qualcosa di concreto: \u201cNon facciamoci scorrere tutto addosso!\u201d. Di qui, le reazioni composte ma chiare, determinate, attente e incisive degli altri fucini nei confronti del dibattito accesosi nella cappella di via Mezzocannone 101, un dialogo costruttivo, un modo importante di far politica, quella con la P maiuscola, quella Politica che non si dimentica dei cittadini, bens\u00ec si fa carico del bene comune, dell\u2019interesse primario che non soddisfa gli interessi particolari, ma tiene insieme la comunit\u00e0 entro uno schema democratico, libero, civile, soddisfacendo il bene di tutti, realizzando l\u2019interesse principale di ogni cittadino: il rispetto di s\u00e9 e delle istituzioni. Si sono susseguite diverse espressioni, differenti pensieri, pi\u00f9 voci: \u201cViviamo questo territorio, viviamolo bene, viviamolo insieme!\u201d, \u201cDeve partire da noi il rispetto verso le istituzioni\u201d, \u201cAnche lo Stato deve fare il suo dovere\u201d, \u201cAbbiamo bisogno di aiuto\u201d, \u201cDobbiamo imparare a rieducare noi stessi, ritrovando il rispetto che abbiamo in casa nostra, proporlo anche fuori, riprendere in mano le redini, ritrovare i nostri valori, i valori comuni, i valori del dialogo, quelli del rispetto e della buona educazione\u201d, \u201cAmiamo la nostra citt\u00e0 e la rispettiamo, rispettiamola profondamente, sempre, ovunque\u201d, \u201cApprezziamo chi si comporta bene, mostriamoci degni figli di quei genitori che ci hanno insegnato il rispetto nei confronti degli altri e anche nei confronti della nostra citt\u00e0\u201d, \u201cCrediamo ancora e sempre in un solo Dio, crediamo in Cristo che ci ha mostrato la strada, che ci ha insegnato come comportarci, che ci ha dato fiducia e ora non possiamo negargli anche quest\u2019ennesima prova\u201d, \u201cDobbiamo mostrarci maturi\u201d, \u201cAbbiamo bisogno ancora di testimoni e di esempi da emulare\u201d, \u201cPretendiamo rispetto? Allora diamo rispetto, perch\u00e9 solo se si d\u00e0 rispetto, lo si pu\u00f2 pretendere\u201d, \u201cRiscopriamo la nostra educazione, riprendiamoci la nostra citt\u00e0\u201d.<\/p>\n<p>&nbsp;<\/p>\n<p>&nbsp;<\/p>\n","protected":false},"excerpt":{"rendered":"<p>A Napoli, il 10 novembre, il salotto buono di Chiaia \u00e8 sceso in piazza per manifestare contro l&#8217;illegalit\u00e0<\/p>\n","protected":false},"author":10,"featured_media":0,"comment_status":"open","ping_status":"open","sticky":false,"template":"","format":"standard","meta":{"cybocfi_hide_featured_image":"","footnotes":""},"categories":[81],"tags":[],"class_list":["post-82","post","type-post","status-publish","format-standard","hentry","category-news-e-attualita"],"yoast_head":"<!-- This site is optimized with the Yoast SEO plugin v27.0 - https:\/\/yoast.com\/product\/yoast-seo-wordpress\/ -->\n<title>Napoli per la legalit\u00e0, il salotto buono di una citt\u00e0 scontenta - Article Marketing<\/title>\n<meta name=\"robots\" content=\"index, follow, max-snippet:-1, max-image-preview:large, max-video-preview:-1\" \/>\n<link rel=\"canonical\" href=\"https:\/\/www.article-marketing.eu\/comunicati\/societa\/news-e-attualita\/napoli-per-la-legalita-il-salotto-buono-di-una-citta-scontenta\/\" \/>\n<meta property=\"og:locale\" content=\"it_IT\" \/>\n<meta property=\"og:type\" content=\"article\" \/>\n<meta property=\"og:title\" content=\"Napoli per la legalit\u00e0, il salotto buono di una citt\u00e0 scontenta - Article Marketing\" \/>\n<meta property=\"og:description\" content=\"A Napoli, il 10 novembre, il salotto buono di Chiaia \u00e8 sceso in piazza per manifestare contro l&#039;illegalit\u00e0\" \/>\n<meta property=\"og:url\" content=\"https:\/\/www.article-marketing.eu\/comunicati\/societa\/news-e-attualita\/napoli-per-la-legalita-il-salotto-buono-di-una-citta-scontenta\/\" \/>\n<meta property=\"og:site_name\" content=\"Article Marketing\" \/>\n<meta property=\"article:published_time\" content=\"2007-11-26T12:09:54+00:00\" \/>\n<meta name=\"author\" content=\"Redazione Comunicati Stampa\" \/>\n<meta name=\"twitter:card\" content=\"summary_large_image\" \/>\n<meta name=\"twitter:label1\" content=\"Scritto da\" \/>\n\t<meta name=\"twitter:data1\" content=\"Redazione Comunicati Stampa\" \/>\n\t<meta name=\"twitter:label2\" content=\"Tempo di lettura stimato\" \/>\n\t<meta name=\"twitter:data2\" content=\"4 minuti\" \/>\n<script type=\"application\/ld+json\" class=\"yoast-schema-graph\">{\"@context\":\"https:\/\/schema.org\",\"@graph\":[{\"@type\":\"Article\",\"@id\":\"https:\/\/www.article-marketing.eu\/comunicati\/societa\/news-e-attualita\/napoli-per-la-legalita-il-salotto-buono-di-una-citta-scontenta\/#article\",\"isPartOf\":{\"@id\":\"https:\/\/www.article-marketing.eu\/comunicati\/societa\/news-e-attualita\/napoli-per-la-legalita-il-salotto-buono-di-una-citta-scontenta\/\"},\"author\":{\"name\":\"Redazione Comunicati Stampa\",\"@id\":\"https:\/\/www.article-marketing.eu\/comunicati\/#\/schema\/person\/44372e4d4d0fa797b18e03ed1ace9017\"},\"headline\":\"Napoli per la legalit\u00e0, il salotto buono di una citt\u00e0 scontenta\",\"datePublished\":\"2007-11-26T12:09:54+00:00\",\"mainEntityOfPage\":{\"@id\":\"https:\/\/www.article-marketing.eu\/comunicati\/societa\/news-e-attualita\/napoli-per-la-legalita-il-salotto-buono-di-una-citta-scontenta\/\"},\"wordCount\":830,\"commentCount\":0,\"articleSection\":[\"News e Attualit\u00e0\"],\"inLanguage\":\"it-IT\",\"potentialAction\":[{\"@type\":\"CommentAction\",\"name\":\"Comment\",\"target\":[\"https:\/\/www.article-marketing.eu\/comunicati\/societa\/news-e-attualita\/napoli-per-la-legalita-il-salotto-buono-di-una-citta-scontenta\/#respond\"]}]},{\"@type\":\"WebPage\",\"@id\":\"https:\/\/www.article-marketing.eu\/comunicati\/societa\/news-e-attualita\/napoli-per-la-legalita-il-salotto-buono-di-una-citta-scontenta\/\",\"url\":\"https:\/\/www.article-marketing.eu\/comunicati\/societa\/news-e-attualita\/napoli-per-la-legalita-il-salotto-buono-di-una-citta-scontenta\/\",\"name\":\"Napoli per la legalit\u00e0, il salotto buono di una citt\u00e0 scontenta - Article Marketing\",\"isPartOf\":{\"@id\":\"https:\/\/www.article-marketing.eu\/comunicati\/#website\"},\"datePublished\":\"2007-11-26T12:09:54+00:00\",\"author\":{\"@id\":\"https:\/\/www.article-marketing.eu\/comunicati\/#\/schema\/person\/44372e4d4d0fa797b18e03ed1ace9017\"},\"breadcrumb\":{\"@id\":\"https:\/\/www.article-marketing.eu\/comunicati\/societa\/news-e-attualita\/napoli-per-la-legalita-il-salotto-buono-di-una-citta-scontenta\/#breadcrumb\"},\"inLanguage\":\"it-IT\",\"potentialAction\":[{\"@type\":\"ReadAction\",\"target\":[\"https:\/\/www.article-marketing.eu\/comunicati\/societa\/news-e-attualita\/napoli-per-la-legalita-il-salotto-buono-di-una-citta-scontenta\/\"]}]},{\"@type\":\"BreadcrumbList\",\"@id\":\"https:\/\/www.article-marketing.eu\/comunicati\/societa\/news-e-attualita\/napoli-per-la-legalita-il-salotto-buono-di-una-citta-scontenta\/#breadcrumb\",\"itemListElement\":[{\"@type\":\"ListItem\",\"position\":1,\"name\":\"Home\",\"item\":\"https:\/\/www.article-marketing.eu\/comunicati\/\"},{\"@type\":\"ListItem\",\"position\":2,\"name\":\"Napoli per la legalit\u00e0, il salotto buono di una citt\u00e0 scontenta\"}]},{\"@type\":\"WebSite\",\"@id\":\"https:\/\/www.article-marketing.eu\/comunicati\/#website\",\"url\":\"https:\/\/www.article-marketing.eu\/comunicati\/\",\"name\":\"Article Marketing\",\"description\":\"article marketing &amp; press release\",\"potentialAction\":[{\"@type\":\"SearchAction\",\"target\":{\"@type\":\"EntryPoint\",\"urlTemplate\":\"https:\/\/www.article-marketing.eu\/comunicati\/?s={search_term_string}\"},\"query-input\":{\"@type\":\"PropertyValueSpecification\",\"valueRequired\":true,\"valueName\":\"search_term_string\"}}],\"inLanguage\":\"it-IT\"},{\"@type\":\"Person\",\"@id\":\"https:\/\/www.article-marketing.eu\/comunicati\/#\/schema\/person\/44372e4d4d0fa797b18e03ed1ace9017\",\"name\":\"Redazione Comunicati Stampa\",\"image\":{\"@type\":\"ImageObject\",\"inLanguage\":\"it-IT\",\"@id\":\"https:\/\/www.article-marketing.eu\/comunicati\/#\/schema\/person\/image\/\",\"url\":\"https:\/\/secure.gravatar.com\/avatar\/50e5c6421d3072f42e7ace803501602c60d75233d34e29fd05feb91c8760b792?s=96&d=mm&r=g\",\"contentUrl\":\"https:\/\/secure.gravatar.com\/avatar\/50e5c6421d3072f42e7ace803501602c60d75233d34e29fd05feb91c8760b792?s=96&d=mm&r=g\",\"caption\":\"Redazione Comunicati Stampa\"},\"url\":\"https:\/\/www.article-marketing.eu\/comunicati\/author\/redazione-comunicati-stampa\/\"}]}<\/script>\n<!-- \/ Yoast SEO plugin. -->","yoast_head_json":{"title":"Napoli per la legalit\u00e0, il salotto buono di una citt\u00e0 scontenta - Article Marketing","robots":{"index":"index","follow":"follow","max-snippet":"max-snippet:-1","max-image-preview":"max-image-preview:large","max-video-preview":"max-video-preview:-1"},"canonical":"https:\/\/www.article-marketing.eu\/comunicati\/societa\/news-e-attualita\/napoli-per-la-legalita-il-salotto-buono-di-una-citta-scontenta\/","og_locale":"it_IT","og_type":"article","og_title":"Napoli per la legalit\u00e0, il salotto buono di una citt\u00e0 scontenta - Article Marketing","og_description":"A Napoli, il 10 novembre, il salotto buono di Chiaia \u00e8 sceso in piazza per manifestare contro l'illegalit\u00e0","og_url":"https:\/\/www.article-marketing.eu\/comunicati\/societa\/news-e-attualita\/napoli-per-la-legalita-il-salotto-buono-di-una-citta-scontenta\/","og_site_name":"Article Marketing","article_published_time":"2007-11-26T12:09:54+00:00","author":"Redazione Comunicati Stampa","twitter_card":"summary_large_image","twitter_misc":{"Scritto da":"Redazione Comunicati Stampa","Tempo di lettura stimato":"4 minuti"},"schema":{"@context":"https:\/\/schema.org","@graph":[{"@type":"Article","@id":"https:\/\/www.article-marketing.eu\/comunicati\/societa\/news-e-attualita\/napoli-per-la-legalita-il-salotto-buono-di-una-citta-scontenta\/#article","isPartOf":{"@id":"https:\/\/www.article-marketing.eu\/comunicati\/societa\/news-e-attualita\/napoli-per-la-legalita-il-salotto-buono-di-una-citta-scontenta\/"},"author":{"name":"Redazione Comunicati Stampa","@id":"https:\/\/www.article-marketing.eu\/comunicati\/#\/schema\/person\/44372e4d4d0fa797b18e03ed1ace9017"},"headline":"Napoli per la legalit\u00e0, il salotto buono di una citt\u00e0 scontenta","datePublished":"2007-11-26T12:09:54+00:00","mainEntityOfPage":{"@id":"https:\/\/www.article-marketing.eu\/comunicati\/societa\/news-e-attualita\/napoli-per-la-legalita-il-salotto-buono-di-una-citta-scontenta\/"},"wordCount":830,"commentCount":0,"articleSection":["News e Attualit\u00e0"],"inLanguage":"it-IT","potentialAction":[{"@type":"CommentAction","name":"Comment","target":["https:\/\/www.article-marketing.eu\/comunicati\/societa\/news-e-attualita\/napoli-per-la-legalita-il-salotto-buono-di-una-citta-scontenta\/#respond"]}]},{"@type":"WebPage","@id":"https:\/\/www.article-marketing.eu\/comunicati\/societa\/news-e-attualita\/napoli-per-la-legalita-il-salotto-buono-di-una-citta-scontenta\/","url":"https:\/\/www.article-marketing.eu\/comunicati\/societa\/news-e-attualita\/napoli-per-la-legalita-il-salotto-buono-di-una-citta-scontenta\/","name":"Napoli per la legalit\u00e0, il salotto buono di una citt\u00e0 scontenta - Article Marketing","isPartOf":{"@id":"https:\/\/www.article-marketing.eu\/comunicati\/#website"},"datePublished":"2007-11-26T12:09:54+00:00","author":{"@id":"https:\/\/www.article-marketing.eu\/comunicati\/#\/schema\/person\/44372e4d4d0fa797b18e03ed1ace9017"},"breadcrumb":{"@id":"https:\/\/www.article-marketing.eu\/comunicati\/societa\/news-e-attualita\/napoli-per-la-legalita-il-salotto-buono-di-una-citta-scontenta\/#breadcrumb"},"inLanguage":"it-IT","potentialAction":[{"@type":"ReadAction","target":["https:\/\/www.article-marketing.eu\/comunicati\/societa\/news-e-attualita\/napoli-per-la-legalita-il-salotto-buono-di-una-citta-scontenta\/"]}]},{"@type":"BreadcrumbList","@id":"https:\/\/www.article-marketing.eu\/comunicati\/societa\/news-e-attualita\/napoli-per-la-legalita-il-salotto-buono-di-una-citta-scontenta\/#breadcrumb","itemListElement":[{"@type":"ListItem","position":1,"name":"Home","item":"https:\/\/www.article-marketing.eu\/comunicati\/"},{"@type":"ListItem","position":2,"name":"Napoli per la legalit\u00e0, il salotto buono di una citt\u00e0 scontenta"}]},{"@type":"WebSite","@id":"https:\/\/www.article-marketing.eu\/comunicati\/#website","url":"https:\/\/www.article-marketing.eu\/comunicati\/","name":"Article Marketing","description":"article marketing &amp; press release","potentialAction":[{"@type":"SearchAction","target":{"@type":"EntryPoint","urlTemplate":"https:\/\/www.article-marketing.eu\/comunicati\/?s={search_term_string}"},"query-input":{"@type":"PropertyValueSpecification","valueRequired":true,"valueName":"search_term_string"}}],"inLanguage":"it-IT"},{"@type":"Person","@id":"https:\/\/www.article-marketing.eu\/comunicati\/#\/schema\/person\/44372e4d4d0fa797b18e03ed1ace9017","name":"Redazione Comunicati Stampa","image":{"@type":"ImageObject","inLanguage":"it-IT","@id":"https:\/\/www.article-marketing.eu\/comunicati\/#\/schema\/person\/image\/","url":"https:\/\/secure.gravatar.com\/avatar\/50e5c6421d3072f42e7ace803501602c60d75233d34e29fd05feb91c8760b792?s=96&d=mm&r=g","contentUrl":"https:\/\/secure.gravatar.com\/avatar\/50e5c6421d3072f42e7ace803501602c60d75233d34e29fd05feb91c8760b792?s=96&d=mm&r=g","caption":"Redazione Comunicati Stampa"},"url":"https:\/\/www.article-marketing.eu\/comunicati\/author\/redazione-comunicati-stampa\/"}]}},"_links":{"self":[{"href":"https:\/\/www.article-marketing.eu\/comunicati\/wp-json\/wp\/v2\/posts\/82","targetHints":{"allow":["GET"]}}],"collection":[{"href":"https:\/\/www.article-marketing.eu\/comunicati\/wp-json\/wp\/v2\/posts"}],"about":[{"href":"https:\/\/www.article-marketing.eu\/comunicati\/wp-json\/wp\/v2\/types\/post"}],"author":[{"embeddable":true,"href":"https:\/\/www.article-marketing.eu\/comunicati\/wp-json\/wp\/v2\/users\/10"}],"replies":[{"embeddable":true,"href":"https:\/\/www.article-marketing.eu\/comunicati\/wp-json\/wp\/v2\/comments?post=82"}],"version-history":[{"count":0,"href":"https:\/\/www.article-marketing.eu\/comunicati\/wp-json\/wp\/v2\/posts\/82\/revisions"}],"wp:attachment":[{"href":"https:\/\/www.article-marketing.eu\/comunicati\/wp-json\/wp\/v2\/media?parent=82"}],"wp:term":[{"taxonomy":"category","embeddable":true,"href":"https:\/\/www.article-marketing.eu\/comunicati\/wp-json\/wp\/v2\/categories?post=82"},{"taxonomy":"post_tag","embeddable":true,"href":"https:\/\/www.article-marketing.eu\/comunicati\/wp-json\/wp\/v2\/tags?post=82"}],"curies":[{"name":"wp","href":"https:\/\/api.w.org\/{rel}","templated":true}]}}