{"id":823,"date":"2008-10-30T15:57:22","date_gmt":"2008-10-30T14:57:22","guid":{"rendered":"http:\/\/www.article-marketing.eu\/comunicati\/senza-categoria\/granfondo-internazionale-marco-pantani-2009\/"},"modified":"2008-10-30T15:57:22","modified_gmt":"2008-10-30T14:57:22","slug":"granfondo-internazionale-marco-pantani-2009","status":"publish","type":"post","link":"https:\/\/www.article-marketing.eu\/comunicati\/salute-e-benessere\/sport\/granfondo-internazionale-marco-pantani-2009\/","title":{"rendered":"Granfondo Internazionale marco Pantani 2009"},"content":{"rendered":"<p>La Granfondo Internazionale Marco Pantani (l\u2019\u201doriginale\u201d come testimonia il \u201ctimbro\u201d che accompagna il nuovo logo ufficiale) si prepara ad offrire per il 2009 una serie di novit\u00e0 che andranno a celebrare il traguardo della quinta edizione, con partenza e arrivo confermate all\u2019Aprica, alle ore 7.00 di domenica 28 giugno.<\/p>\n<p>I percorsi<br \/>\nLa pi\u00f9 importante novit\u00e0 sar\u00e0 costituita dalla variazione del percorso corto. Patron Vittorio Mevio ha voluto incentivare la partecipazione anche di coloro che non se la sentono di affrontare le impegnative salite di Gavia e Mortirolo, studiando appositamente un tracciato in grado di far divertire e di trasmettere comunque forti emozioni. 85 i chilometri con un dislivello di 1.850 metri. Una volta completata la discesa verso Edolo dopo la partenza, si inizia la salita al Mortirolo (12 km &#8211; dislivello 800 mt. &#8211;  pendenza media 7% e max 14%). Dopo lo scollinamento si arriva a Trivigno per poi scendere fino in Aprica con l\u2019attraversamento del centro turistico sulla medesima bretella utilizzata dal percorso lungo per portarsi, dopo 5 km di discesa, all\u2019attacco del S. Cristina. Sette chilometri di salita con dislivello di 600 metri e pendenza media dell\u20198,5% e massima del 16%, che faranno rivivere l\u2019impresa del Pirata nella famosa tappa del Giro d\u2019Italia 1994. Due ristori, all\u2019imbocco e al termine della salita, per poi scendere in picchiata per gli ultimi 6 km verso il traguardo. <\/p>\n<p>I percorsi lungo e medio, causa lavori di sistemazione della pista bassa in prossimit\u00e0 della frana di Val Pola (lavori che comporteranno la chiusura per i prossimi cinque anni), subiranno una variazione: al km 95 di gara si salir\u00e0 fino alla chiesetta di S. Bartolomeo per circa 3 km con un dislivello di 250 mt. per poi ricongiungersi, dopo una veloce discesa, al tracciato originario. Una ulteriore prova, prima dello sforzo vero e proprio, rappresentato dalla salita del Mortirolo, con un dislivello complessivo che, per il percorso lungo, sfiorer\u00e0 i 4.400 metri totali.<\/p>\n<p>La maglia celebrativa<br \/>\nAnche nel 2009 verr\u00e0 omaggiata ai partecipanti la maglia celebrativa (indossata in gara) che, come ogni anno, sar\u00e0 costituita da una ri-edizione di una di quelle indossate dal Pirata nel corso della propria gloriosa carriera. Per celebrare il traguardo della quinta edizione, la scelta \u00e8 caduta sulla storica maglia del Team Carrera, indossata in occasione della tappa Merano-Aprica del Giro d\u2019Italia 1994, momento che celebr\u00f2 di fatto, la nascita del mito. Dopo le celebri maglie a pois e maglia verde, un \u201cmemorabilia\u201d destinato a diventare un nuovo oggetto da collezionare.<\/p>\n<p>I \u201csenatori\u201d della Granfondo Marco Pantani<\/p>\n<p>Sempre nell\u2019ambito delle celebrazioni, a tutti coloro che avranno portato a termine tutte le edizioni fin dalla prima, sar\u00e0 donata la \u201cmedaglietta del quinquennale\u201d, un premio di pregiata manifattura, creato per l\u2019occasione da un maestro orafo. Ad oggi i candidati a ricevere tale \u201conorificenza\u201d sono pi\u00f9 di duecento, ovvero gli \u201call finisher\u201d delle prime quattro edizioni.<\/p>\n<p>Il Mortirolo e gli spettatori<br \/>\nPer dare anche agli spettatori e agli accompagnatori, la gioia di vedere il famoso e mitico Mortirolo, vivendolo da vicino, il Comitato Organizzatore organizzer\u00e0 una serie di bus navetta, che accompagneranno amici, parenti e spettatori fino in cima alla salita, facendo loro ammirare i passaggi al GPM e tifare per i propri \u201cbeniamini\u201d.<\/p>\n<p>Sito internet<br \/>\nA completamento delle novit\u00e0 2009, nei primi giorni di novembre verr\u00e0 messo on-line il rinnovato sito internet, visitabile al nuovo indirizzo www.granfondomarcopantani.com.<\/p>\n<p>Challenge e Circuiti<br \/>\nE\u2019 confermata la presenza della Granfondo Pantani all\u2019interno dei circuiti Coppa Lombardia Polti, Nobili, Super Nobili, Trofeo Windstopper, Brevetto dello Scalatore, Brevetto d\u2019Italia, con l\u2019aggiunta dell\u2019importante \u201cnew entry\u201d Le Regine delle Alpi, del quale saranno a breve annunciati i programmi completi.<\/p>\n<p>Saranno ancora tante le novit\u00e0 che il G.S. Alpi e il suo patron Vittorio Mevio hanno in serbo per la 5\u00b0 edizione della Granfondo Internazionale Marco Pantani e che nei prossimi mesi saranno costantemente illustrate.<\/p>\n","protected":false},"excerpt":{"rendered":"<p>Sondrio, 30 ottobre 2008 &#8211;  Dopo il successo dell\u2019ultima edizione, che l\u2019ha confermata saldamente nella \u201cTop Ten\u201d delle manifestazioni pi\u00f9 gradite, iniziano i preparativi per l&#8217;edizione 2009.<\/p>\n","protected":false},"author":10,"featured_media":0,"comment_status":"open","ping_status":"open","sticky":false,"template":"","format":"standard","meta":{"cybocfi_hide_featured_image":"","footnotes":""},"categories":[10],"tags":[2874,2053,2873,2870,2871,2872,2875,2876],"class_list":["post-823","post","type-post","status-publish","format-standard","hentry","category-sport","tag-aprica","tag-c-performance","tag-cycling-com","tag-granfondo","tag-granfondo-marco-pantani","tag-marco-pantani","tag-mevio","tag-vittorio-mevio"],"yoast_head":"<!-- This site is optimized with the Yoast SEO plugin v27.0 - https:\/\/yoast.com\/product\/yoast-seo-wordpress\/ -->\n<title>Granfondo Internazionale marco Pantani 2009 - Article Marketing<\/title>\n<meta name=\"robots\" content=\"index, follow, max-snippet:-1, max-image-preview:large, max-video-preview:-1\" \/>\n<link rel=\"canonical\" href=\"https:\/\/www.article-marketing.eu\/comunicati\/salute-e-benessere\/sport\/granfondo-internazionale-marco-pantani-2009\/\" \/>\n<meta property=\"og:locale\" content=\"it_IT\" \/>\n<meta property=\"og:type\" content=\"article\" \/>\n<meta property=\"og:title\" content=\"Granfondo Internazionale marco Pantani 2009 - Article Marketing\" \/>\n<meta property=\"og:description\" content=\"Sondrio, 30 ottobre 2008 - Dopo il successo dell\u2019ultima edizione, che l\u2019ha confermata saldamente nella \u201cTop Ten\u201d delle manifestazioni pi\u00f9 gradite, iniziano i preparativi per l&#039;edizione 2009.\" \/>\n<meta property=\"og:url\" content=\"https:\/\/www.article-marketing.eu\/comunicati\/salute-e-benessere\/sport\/granfondo-internazionale-marco-pantani-2009\/\" \/>\n<meta property=\"og:site_name\" content=\"Article Marketing\" \/>\n<meta property=\"article:published_time\" content=\"2008-10-30T14:57:22+00:00\" \/>\n<meta name=\"author\" content=\"Redazione Comunicati Stampa\" \/>\n<meta name=\"twitter:card\" content=\"summary_large_image\" \/>\n<meta name=\"twitter:label1\" content=\"Scritto da\" \/>\n\t<meta name=\"twitter:data1\" content=\"Redazione Comunicati Stampa\" \/>\n\t<meta name=\"twitter:label2\" content=\"Tempo di lettura stimato\" \/>\n\t<meta name=\"twitter:data2\" content=\"3 minuti\" \/>\n<script type=\"application\/ld+json\" class=\"yoast-schema-graph\">{\"@context\":\"https:\/\/schema.org\",\"@graph\":[{\"@type\":\"Article\",\"@id\":\"https:\/\/www.article-marketing.eu\/comunicati\/salute-e-benessere\/sport\/granfondo-internazionale-marco-pantani-2009\/#article\",\"isPartOf\":{\"@id\":\"https:\/\/www.article-marketing.eu\/comunicati\/salute-e-benessere\/sport\/granfondo-internazionale-marco-pantani-2009\/\"},\"author\":{\"name\":\"Redazione Comunicati Stampa\",\"@id\":\"https:\/\/www.article-marketing.eu\/comunicati\/#\/schema\/person\/44372e4d4d0fa797b18e03ed1ace9017\"},\"headline\":\"Granfondo Internazionale marco Pantani 2009\",\"datePublished\":\"2008-10-30T14:57:22+00:00\",\"mainEntityOfPage\":{\"@id\":\"https:\/\/www.article-marketing.eu\/comunicati\/salute-e-benessere\/sport\/granfondo-internazionale-marco-pantani-2009\/\"},\"wordCount\":634,\"commentCount\":0,\"keywords\":[\"aprica\",\"c-performance\",\"cycling com\",\"granfondo\",\"granfondo marco pantani\",\"marco pantani\",\"mevio\",\"vittorio mevio\"],\"articleSection\":[\"Sport\"],\"inLanguage\":\"it-IT\",\"potentialAction\":[{\"@type\":\"CommentAction\",\"name\":\"Comment\",\"target\":[\"https:\/\/www.article-marketing.eu\/comunicati\/salute-e-benessere\/sport\/granfondo-internazionale-marco-pantani-2009\/#respond\"]}]},{\"@type\":\"WebPage\",\"@id\":\"https:\/\/www.article-marketing.eu\/comunicati\/salute-e-benessere\/sport\/granfondo-internazionale-marco-pantani-2009\/\",\"url\":\"https:\/\/www.article-marketing.eu\/comunicati\/salute-e-benessere\/sport\/granfondo-internazionale-marco-pantani-2009\/\",\"name\":\"Granfondo Internazionale marco Pantani 2009 - Article Marketing\",\"isPartOf\":{\"@id\":\"https:\/\/www.article-marketing.eu\/comunicati\/#website\"},\"datePublished\":\"2008-10-30T14:57:22+00:00\",\"author\":{\"@id\":\"https:\/\/www.article-marketing.eu\/comunicati\/#\/schema\/person\/44372e4d4d0fa797b18e03ed1ace9017\"},\"breadcrumb\":{\"@id\":\"https:\/\/www.article-marketing.eu\/comunicati\/salute-e-benessere\/sport\/granfondo-internazionale-marco-pantani-2009\/#breadcrumb\"},\"inLanguage\":\"it-IT\",\"potentialAction\":[{\"@type\":\"ReadAction\",\"target\":[\"https:\/\/www.article-marketing.eu\/comunicati\/salute-e-benessere\/sport\/granfondo-internazionale-marco-pantani-2009\/\"]}]},{\"@type\":\"BreadcrumbList\",\"@id\":\"https:\/\/www.article-marketing.eu\/comunicati\/salute-e-benessere\/sport\/granfondo-internazionale-marco-pantani-2009\/#breadcrumb\",\"itemListElement\":[{\"@type\":\"ListItem\",\"position\":1,\"name\":\"Home\",\"item\":\"https:\/\/www.article-marketing.eu\/comunicati\/\"},{\"@type\":\"ListItem\",\"position\":2,\"name\":\"Granfondo Internazionale marco Pantani 2009\"}]},{\"@type\":\"WebSite\",\"@id\":\"https:\/\/www.article-marketing.eu\/comunicati\/#website\",\"url\":\"https:\/\/www.article-marketing.eu\/comunicati\/\",\"name\":\"Article Marketing\",\"description\":\"article marketing &amp; press release\",\"potentialAction\":[{\"@type\":\"SearchAction\",\"target\":{\"@type\":\"EntryPoint\",\"urlTemplate\":\"https:\/\/www.article-marketing.eu\/comunicati\/?s={search_term_string}\"},\"query-input\":{\"@type\":\"PropertyValueSpecification\",\"valueRequired\":true,\"valueName\":\"search_term_string\"}}],\"inLanguage\":\"it-IT\"},{\"@type\":\"Person\",\"@id\":\"https:\/\/www.article-marketing.eu\/comunicati\/#\/schema\/person\/44372e4d4d0fa797b18e03ed1ace9017\",\"name\":\"Redazione Comunicati Stampa\",\"image\":{\"@type\":\"ImageObject\",\"inLanguage\":\"it-IT\",\"@id\":\"https:\/\/www.article-marketing.eu\/comunicati\/#\/schema\/person\/image\/\",\"url\":\"https:\/\/secure.gravatar.com\/avatar\/50e5c6421d3072f42e7ace803501602c60d75233d34e29fd05feb91c8760b792?s=96&d=mm&r=g\",\"contentUrl\":\"https:\/\/secure.gravatar.com\/avatar\/50e5c6421d3072f42e7ace803501602c60d75233d34e29fd05feb91c8760b792?s=96&d=mm&r=g\",\"caption\":\"Redazione Comunicati Stampa\"},\"url\":\"https:\/\/www.article-marketing.eu\/comunicati\/author\/redazione-comunicati-stampa\/\"}]}<\/script>\n<!-- \/ Yoast SEO plugin. -->","yoast_head_json":{"title":"Granfondo Internazionale marco Pantani 2009 - Article Marketing","robots":{"index":"index","follow":"follow","max-snippet":"max-snippet:-1","max-image-preview":"max-image-preview:large","max-video-preview":"max-video-preview:-1"},"canonical":"https:\/\/www.article-marketing.eu\/comunicati\/salute-e-benessere\/sport\/granfondo-internazionale-marco-pantani-2009\/","og_locale":"it_IT","og_type":"article","og_title":"Granfondo Internazionale marco Pantani 2009 - Article Marketing","og_description":"Sondrio, 30 ottobre 2008 - Dopo il successo dell\u2019ultima edizione, che l\u2019ha confermata saldamente nella \u201cTop Ten\u201d delle manifestazioni pi\u00f9 gradite, iniziano i preparativi per l'edizione 2009.","og_url":"https:\/\/www.article-marketing.eu\/comunicati\/salute-e-benessere\/sport\/granfondo-internazionale-marco-pantani-2009\/","og_site_name":"Article Marketing","article_published_time":"2008-10-30T14:57:22+00:00","author":"Redazione Comunicati Stampa","twitter_card":"summary_large_image","twitter_misc":{"Scritto da":"Redazione Comunicati Stampa","Tempo di lettura stimato":"3 minuti"},"schema":{"@context":"https:\/\/schema.org","@graph":[{"@type":"Article","@id":"https:\/\/www.article-marketing.eu\/comunicati\/salute-e-benessere\/sport\/granfondo-internazionale-marco-pantani-2009\/#article","isPartOf":{"@id":"https:\/\/www.article-marketing.eu\/comunicati\/salute-e-benessere\/sport\/granfondo-internazionale-marco-pantani-2009\/"},"author":{"name":"Redazione Comunicati Stampa","@id":"https:\/\/www.article-marketing.eu\/comunicati\/#\/schema\/person\/44372e4d4d0fa797b18e03ed1ace9017"},"headline":"Granfondo Internazionale marco Pantani 2009","datePublished":"2008-10-30T14:57:22+00:00","mainEntityOfPage":{"@id":"https:\/\/www.article-marketing.eu\/comunicati\/salute-e-benessere\/sport\/granfondo-internazionale-marco-pantani-2009\/"},"wordCount":634,"commentCount":0,"keywords":["aprica","c-performance","cycling com","granfondo","granfondo marco pantani","marco pantani","mevio","vittorio mevio"],"articleSection":["Sport"],"inLanguage":"it-IT","potentialAction":[{"@type":"CommentAction","name":"Comment","target":["https:\/\/www.article-marketing.eu\/comunicati\/salute-e-benessere\/sport\/granfondo-internazionale-marco-pantani-2009\/#respond"]}]},{"@type":"WebPage","@id":"https:\/\/www.article-marketing.eu\/comunicati\/salute-e-benessere\/sport\/granfondo-internazionale-marco-pantani-2009\/","url":"https:\/\/www.article-marketing.eu\/comunicati\/salute-e-benessere\/sport\/granfondo-internazionale-marco-pantani-2009\/","name":"Granfondo Internazionale marco Pantani 2009 - Article Marketing","isPartOf":{"@id":"https:\/\/www.article-marketing.eu\/comunicati\/#website"},"datePublished":"2008-10-30T14:57:22+00:00","author":{"@id":"https:\/\/www.article-marketing.eu\/comunicati\/#\/schema\/person\/44372e4d4d0fa797b18e03ed1ace9017"},"breadcrumb":{"@id":"https:\/\/www.article-marketing.eu\/comunicati\/salute-e-benessere\/sport\/granfondo-internazionale-marco-pantani-2009\/#breadcrumb"},"inLanguage":"it-IT","potentialAction":[{"@type":"ReadAction","target":["https:\/\/www.article-marketing.eu\/comunicati\/salute-e-benessere\/sport\/granfondo-internazionale-marco-pantani-2009\/"]}]},{"@type":"BreadcrumbList","@id":"https:\/\/www.article-marketing.eu\/comunicati\/salute-e-benessere\/sport\/granfondo-internazionale-marco-pantani-2009\/#breadcrumb","itemListElement":[{"@type":"ListItem","position":1,"name":"Home","item":"https:\/\/www.article-marketing.eu\/comunicati\/"},{"@type":"ListItem","position":2,"name":"Granfondo Internazionale marco Pantani 2009"}]},{"@type":"WebSite","@id":"https:\/\/www.article-marketing.eu\/comunicati\/#website","url":"https:\/\/www.article-marketing.eu\/comunicati\/","name":"Article Marketing","description":"article marketing &amp; press release","potentialAction":[{"@type":"SearchAction","target":{"@type":"EntryPoint","urlTemplate":"https:\/\/www.article-marketing.eu\/comunicati\/?s={search_term_string}"},"query-input":{"@type":"PropertyValueSpecification","valueRequired":true,"valueName":"search_term_string"}}],"inLanguage":"it-IT"},{"@type":"Person","@id":"https:\/\/www.article-marketing.eu\/comunicati\/#\/schema\/person\/44372e4d4d0fa797b18e03ed1ace9017","name":"Redazione Comunicati Stampa","image":{"@type":"ImageObject","inLanguage":"it-IT","@id":"https:\/\/www.article-marketing.eu\/comunicati\/#\/schema\/person\/image\/","url":"https:\/\/secure.gravatar.com\/avatar\/50e5c6421d3072f42e7ace803501602c60d75233d34e29fd05feb91c8760b792?s=96&d=mm&r=g","contentUrl":"https:\/\/secure.gravatar.com\/avatar\/50e5c6421d3072f42e7ace803501602c60d75233d34e29fd05feb91c8760b792?s=96&d=mm&r=g","caption":"Redazione Comunicati Stampa"},"url":"https:\/\/www.article-marketing.eu\/comunicati\/author\/redazione-comunicati-stampa\/"}]}},"_links":{"self":[{"href":"https:\/\/www.article-marketing.eu\/comunicati\/wp-json\/wp\/v2\/posts\/823","targetHints":{"allow":["GET"]}}],"collection":[{"href":"https:\/\/www.article-marketing.eu\/comunicati\/wp-json\/wp\/v2\/posts"}],"about":[{"href":"https:\/\/www.article-marketing.eu\/comunicati\/wp-json\/wp\/v2\/types\/post"}],"author":[{"embeddable":true,"href":"https:\/\/www.article-marketing.eu\/comunicati\/wp-json\/wp\/v2\/users\/10"}],"replies":[{"embeddable":true,"href":"https:\/\/www.article-marketing.eu\/comunicati\/wp-json\/wp\/v2\/comments?post=823"}],"version-history":[{"count":0,"href":"https:\/\/www.article-marketing.eu\/comunicati\/wp-json\/wp\/v2\/posts\/823\/revisions"}],"wp:attachment":[{"href":"https:\/\/www.article-marketing.eu\/comunicati\/wp-json\/wp\/v2\/media?parent=823"}],"wp:term":[{"taxonomy":"category","embeddable":true,"href":"https:\/\/www.article-marketing.eu\/comunicati\/wp-json\/wp\/v2\/categories?post=823"},{"taxonomy":"post_tag","embeddable":true,"href":"https:\/\/www.article-marketing.eu\/comunicati\/wp-json\/wp\/v2\/tags?post=823"}],"curies":[{"name":"wp","href":"https:\/\/api.w.org\/{rel}","templated":true}]}}