{"id":8234,"date":"2010-10-11T13:44:53","date_gmt":"2010-10-11T11:44:53","guid":{"rendered":"http:\/\/www.article-marketing.eu\/comunicati\/senza-categoria\/varese-convention-and-visitors-bureau-gestito-a-logistica-dellassemblea-del-partito-democratico\/"},"modified":"2010-10-11T13:44:53","modified_gmt":"2010-10-11T11:44:53","slug":"varese-convention-and-visitors-bureau-gestito-a-logistica-dellassemblea-del-partito-democratico","status":"publish","type":"post","link":"https:\/\/www.article-marketing.eu\/comunicati\/comunicati-stampa\/eventi\/varese-convention-and-visitors-bureau-gestito-a-logistica-dellassemblea-del-partito-democratico\/","title":{"rendered":"Varese Convention &#038; Visitors Bureau gestito a logistica dell&#8217;Assemblea del Partito Democratico"},"content":{"rendered":"<p><em>L&rsquo;8 e il 9 ottobre si &egrave; svolta presso il Polo Fieristico Malpensa Fiere di Busto Arsizio l&rsquo;Assemblea Nazionale del Partito Democratico. Varese Convention &amp; Visitors Bureau ha gestito la logistica dell&rsquo;evento, che ha rappresentato un&rsquo;altra occasione per Varese di dimostrare la sua vocazione alla valorizzazione del territorio e del turismo d&rsquo;affari, come sostiene Giovanni Luatti e la focalizzazione sulla creativit&agrave; e l&rsquo;innovazione in quanto potenziali driver di sviluppo. Parole chiave: turismo di qualit&agrave;, mobilit&agrave; coordinata, accoglienza attenta alle vere necessit&agrave; delle persone.<\/em><br \/>Varese Convention &amp; Visitors Bureau &egrave; l&rsquo;organismo preposto alla promozione e commercializzazione della provincia di Varese e del turismo della stessa Provincia, sia nella versione business che leisure; la citt&agrave; &egrave; al momento protagonista di numerosi eventi che puntano al rilancio del capoluogo lombardo. L&rsquo;8 e il 9 ottobre si &egrave; svolta l&rsquo;Assemblea Nazionale del Partito Democratico presso il Polo Fieristico Malpensa Fiere a Busto Arsizio, durante la quale si sono discusse le proposte del PD su alcuni temi caldi della politica nazionale. Per questo appuntamento sono arrivati oltre 1.000 delegati da tutta Italia e circa 150 giornalisti. Varese Convention &amp; Visitors Bureau ha gestito tutta la logistica dell&rsquo;evento, dalle prenotazioni alberghiere dei congressisti ai transfer durante le due giornate di lavoro. Al Terminal 1 di Malpensa &egrave; stato allestito un Welcome Desk di Varese Turismo e all&#8217;interno del polo congressuale un punto informazioni.<br \/>L&rsquo;Assemblea del PD, che ha visto un numero altissimo di presenze sul territorio, ha costituito un&rsquo;altra importante occasione per Varese, che in questi giorni &egrave; stata la location di numerosi eventi, tra i quali la due giorni di &ldquo;Varese Comunica&rdquo; (1 e 2 ottobre), alla quale hanno partecipato 49 relatori di differenti settori che hanno trattato del rapporto tra tecnologia e comunicazione attraverso una commistione di saperi e una condivisione della conoscenza.<br \/>Per qualunque citt&agrave; puntare su eventi culturali, politici ed economici che riescano ad aggregare gli attori dello sviluppo del territorio e ad attirare persone dall&rsquo;esterno, rappresenta un modo per divenire un polo di attrazione degli investimenti e un punto di riferimento nella crescente attesa di una nuova proposta di accoglienza in vista dell&rsquo;Expo 2015. <br \/>Un atteggiamento attento al talento e alla creativit&agrave; (applicata in ogni settore della filiera dell&rsquo;accoglienza) consente ad una regione di attrarre e trattenere il maggior numero di eventi, aziende, persone e, non in ultimo, talenti. Varese vuole assicurarsi un futuro all&rsquo;insegna dell&rsquo;innovazione e della crescita economica anche in settori gi&agrave; in espansione come quello turistico.<br \/>Uno dei primi passi che il capoluogo lombardo sta compiendo su questo cammino &egrave; quello di investire sugli eventi; afferma Giovanni Luatti, direttore di Varese Convention and Visitors Bureau: &ldquo;&rsquo;Varese, crocevia del business&rsquo; &egrave; uno slogan coniato dalla Camera di Commercio di Varese che interpreta perfettamente la vocazione del territorio e delle sue imprese. La nostra citt&agrave; si pone infatti come giardino della grande metropoli milanese e, grazie a Malpensa, il secondo aeroporto italiano in termini di arrivi e al fatto che &egrave; la quarta provincia per dotazione infrastrutturale, &egrave; tra le eccellenze nazionali per il turismo d&#8217;affari. La Fiera di Milano a otto chilometri, il Lago Maggiore che fa da cornice naturale e una serie di splendide bellezze paesaggistiche prealpine, si inseriscono in un quadro che dipinge un territorio ideale per eventi congressuali di elevata qualit&agrave;. Varese Convention &amp; Visitors Bureau da anni rappresenta il soggetto preposto dalle istituzioni provinciali ad aggregare l&#8217;offerta turistica e congressuale della Provincia e a fornire agli ospiti un reale valore aggiunto in termini di servizio, innovazione di prodotto offerto, networking con le imprese e, soprattutto, capacit&agrave; di proiettare l&#8217;immagine dell&#8217;azienda oltre i confini dell&#8217;evento. Tra i principali obiettivi a medio termine abbiamo in mente il lancio di una nuova immagine di Varese Congressuale sia a livello Nazionale che Internazionale&rdquo;. <\/p>\n<p><a href=\"http:\/\/www.vareseturismo.it\/\">http:\/\/www.vareseturismo.it<\/a> <\/p>\n","protected":false},"excerpt":{"rendered":"<p>L\u20198 e il 9 ottobre si \u00e8 svolta presso il Polo Fieristico Malpensa Fiere di Busto Arsizio l\u2019Assemblea Nazionale del Partito Democratico. Varese Convention &#038; Visitors Bureau ha gestito la logistica dell\u2019evento, che ha rappresentato un\u2019altra occasione per Varese di dimostrare la sua vocazione alla valorizzazione del territorio e del turismo d\u2019affari, come sostiene Giovanni Luatti e la focalizzazione sulla creativit\u00e0 e l\u2019innovazione in quanto potenziali driver di sviluppo. Parole chiave: turismo di qualit\u00e0, mobilit\u00e0 coordinata, accoglienza attenta alle vere necessit\u00e0 delle persone.<\/p>\n","protected":false},"author":10,"featured_media":0,"comment_status":"open","ping_status":"open","sticky":false,"template":"","format":"standard","meta":{"cybocfi_hide_featured_image":"","footnotes":""},"categories":[388],"tags":[9012,18316],"class_list":["post-8234","post","type-post","status-publish","format-standard","hentry","category-eventi","tag-varese","tag-varese-convention-visitors-bureau"],"yoast_head":"<!-- This site is optimized with the Yoast SEO plugin v27.0 - https:\/\/yoast.com\/product\/yoast-seo-wordpress\/ -->\n<title>Varese Convention &amp; Visitors Bureau gestito a logistica dell&#039;Assemblea del Partito Democratico - Article Marketing<\/title>\n<meta name=\"robots\" content=\"index, follow, max-snippet:-1, max-image-preview:large, max-video-preview:-1\" \/>\n<link rel=\"canonical\" href=\"https:\/\/www.article-marketing.eu\/comunicati\/comunicati-stampa\/eventi\/varese-convention-and-visitors-bureau-gestito-a-logistica-dellassemblea-del-partito-democratico\/\" \/>\n<meta property=\"og:locale\" content=\"it_IT\" \/>\n<meta property=\"og:type\" content=\"article\" \/>\n<meta property=\"og:title\" content=\"Varese Convention &amp; Visitors Bureau gestito a logistica dell&#039;Assemblea del Partito Democratico - Article Marketing\" \/>\n<meta property=\"og:description\" content=\"L\u20198 e il 9 ottobre si \u00e8 svolta presso il Polo Fieristico Malpensa Fiere di Busto Arsizio l\u2019Assemblea Nazionale del Partito Democratico. Varese Convention &amp; Visitors Bureau ha gestito la logistica dell\u2019evento, che ha rappresentato un\u2019altra occasione per Varese di dimostrare la sua vocazione alla valorizzazione del territorio e del turismo d\u2019affari, come sostiene Giovanni Luatti e la focalizzazione sulla creativit\u00e0 e l\u2019innovazione in quanto potenziali driver di sviluppo. Parole chiave: turismo di qualit\u00e0, mobilit\u00e0 coordinata, accoglienza attenta alle vere necessit\u00e0 delle persone.\" \/>\n<meta property=\"og:url\" content=\"https:\/\/www.article-marketing.eu\/comunicati\/comunicati-stampa\/eventi\/varese-convention-and-visitors-bureau-gestito-a-logistica-dellassemblea-del-partito-democratico\/\" \/>\n<meta property=\"og:site_name\" content=\"Article Marketing\" \/>\n<meta property=\"article:published_time\" content=\"2010-10-11T11:44:53+00:00\" \/>\n<meta name=\"author\" content=\"Redazione Comunicati Stampa\" \/>\n<meta name=\"twitter:card\" content=\"summary_large_image\" \/>\n<meta name=\"twitter:label1\" content=\"Scritto da\" \/>\n\t<meta name=\"twitter:data1\" content=\"Redazione Comunicati Stampa\" \/>\n\t<meta name=\"twitter:label2\" content=\"Tempo di lettura stimato\" \/>\n\t<meta name=\"twitter:data2\" content=\"3 minuti\" \/>\n<script type=\"application\/ld+json\" class=\"yoast-schema-graph\">{\"@context\":\"https:\/\/schema.org\",\"@graph\":[{\"@type\":\"Article\",\"@id\":\"https:\/\/www.article-marketing.eu\/comunicati\/comunicati-stampa\/eventi\/varese-convention-and-visitors-bureau-gestito-a-logistica-dellassemblea-del-partito-democratico\/#article\",\"isPartOf\":{\"@id\":\"https:\/\/www.article-marketing.eu\/comunicati\/comunicati-stampa\/eventi\/varese-convention-and-visitors-bureau-gestito-a-logistica-dellassemblea-del-partito-democratico\/\"},\"author\":{\"name\":\"Redazione Comunicati Stampa\",\"@id\":\"https:\/\/www.article-marketing.eu\/comunicati\/#\/schema\/person\/44372e4d4d0fa797b18e03ed1ace9017\"},\"headline\":\"Varese Convention &#038; Visitors Bureau gestito a logistica dell&#8217;Assemblea del Partito Democratico\",\"datePublished\":\"2010-10-11T11:44:53+00:00\",\"mainEntityOfPage\":{\"@id\":\"https:\/\/www.article-marketing.eu\/comunicati\/comunicati-stampa\/eventi\/varese-convention-and-visitors-bureau-gestito-a-logistica-dellassemblea-del-partito-democratico\/\"},\"wordCount\":679,\"commentCount\":0,\"keywords\":[\"varese\",\"Varese Convention &amp; Visitors Bureau\"],\"articleSection\":[\"Eventi\"],\"inLanguage\":\"it-IT\",\"potentialAction\":[{\"@type\":\"CommentAction\",\"name\":\"Comment\",\"target\":[\"https:\/\/www.article-marketing.eu\/comunicati\/comunicati-stampa\/eventi\/varese-convention-and-visitors-bureau-gestito-a-logistica-dellassemblea-del-partito-democratico\/#respond\"]}]},{\"@type\":\"WebPage\",\"@id\":\"https:\/\/www.article-marketing.eu\/comunicati\/comunicati-stampa\/eventi\/varese-convention-and-visitors-bureau-gestito-a-logistica-dellassemblea-del-partito-democratico\/\",\"url\":\"https:\/\/www.article-marketing.eu\/comunicati\/comunicati-stampa\/eventi\/varese-convention-and-visitors-bureau-gestito-a-logistica-dellassemblea-del-partito-democratico\/\",\"name\":\"Varese Convention & Visitors Bureau gestito a logistica dell'Assemblea del Partito Democratico - Article Marketing\",\"isPartOf\":{\"@id\":\"https:\/\/www.article-marketing.eu\/comunicati\/#website\"},\"datePublished\":\"2010-10-11T11:44:53+00:00\",\"author\":{\"@id\":\"https:\/\/www.article-marketing.eu\/comunicati\/#\/schema\/person\/44372e4d4d0fa797b18e03ed1ace9017\"},\"breadcrumb\":{\"@id\":\"https:\/\/www.article-marketing.eu\/comunicati\/comunicati-stampa\/eventi\/varese-convention-and-visitors-bureau-gestito-a-logistica-dellassemblea-del-partito-democratico\/#breadcrumb\"},\"inLanguage\":\"it-IT\",\"potentialAction\":[{\"@type\":\"ReadAction\",\"target\":[\"https:\/\/www.article-marketing.eu\/comunicati\/comunicati-stampa\/eventi\/varese-convention-and-visitors-bureau-gestito-a-logistica-dellassemblea-del-partito-democratico\/\"]}]},{\"@type\":\"BreadcrumbList\",\"@id\":\"https:\/\/www.article-marketing.eu\/comunicati\/comunicati-stampa\/eventi\/varese-convention-and-visitors-bureau-gestito-a-logistica-dellassemblea-del-partito-democratico\/#breadcrumb\",\"itemListElement\":[{\"@type\":\"ListItem\",\"position\":1,\"name\":\"Home\",\"item\":\"https:\/\/www.article-marketing.eu\/comunicati\/\"},{\"@type\":\"ListItem\",\"position\":2,\"name\":\"Varese Convention &#038; Visitors Bureau gestito a logistica dell&#8217;Assemblea del Partito Democratico\"}]},{\"@type\":\"WebSite\",\"@id\":\"https:\/\/www.article-marketing.eu\/comunicati\/#website\",\"url\":\"https:\/\/www.article-marketing.eu\/comunicati\/\",\"name\":\"Article Marketing\",\"description\":\"article marketing &amp; press release\",\"potentialAction\":[{\"@type\":\"SearchAction\",\"target\":{\"@type\":\"EntryPoint\",\"urlTemplate\":\"https:\/\/www.article-marketing.eu\/comunicati\/?s={search_term_string}\"},\"query-input\":{\"@type\":\"PropertyValueSpecification\",\"valueRequired\":true,\"valueName\":\"search_term_string\"}}],\"inLanguage\":\"it-IT\"},{\"@type\":\"Person\",\"@id\":\"https:\/\/www.article-marketing.eu\/comunicati\/#\/schema\/person\/44372e4d4d0fa797b18e03ed1ace9017\",\"name\":\"Redazione Comunicati Stampa\",\"image\":{\"@type\":\"ImageObject\",\"inLanguage\":\"it-IT\",\"@id\":\"https:\/\/www.article-marketing.eu\/comunicati\/#\/schema\/person\/image\/\",\"url\":\"https:\/\/secure.gravatar.com\/avatar\/50e5c6421d3072f42e7ace803501602c60d75233d34e29fd05feb91c8760b792?s=96&d=mm&r=g\",\"contentUrl\":\"https:\/\/secure.gravatar.com\/avatar\/50e5c6421d3072f42e7ace803501602c60d75233d34e29fd05feb91c8760b792?s=96&d=mm&r=g\",\"caption\":\"Redazione Comunicati Stampa\"},\"url\":\"https:\/\/www.article-marketing.eu\/comunicati\/author\/redazione-comunicati-stampa\/\"}]}<\/script>\n<!-- \/ Yoast SEO plugin. -->","yoast_head_json":{"title":"Varese Convention & Visitors Bureau gestito a logistica dell'Assemblea del Partito Democratico - Article Marketing","robots":{"index":"index","follow":"follow","max-snippet":"max-snippet:-1","max-image-preview":"max-image-preview:large","max-video-preview":"max-video-preview:-1"},"canonical":"https:\/\/www.article-marketing.eu\/comunicati\/comunicati-stampa\/eventi\/varese-convention-and-visitors-bureau-gestito-a-logistica-dellassemblea-del-partito-democratico\/","og_locale":"it_IT","og_type":"article","og_title":"Varese Convention & Visitors Bureau gestito a logistica dell'Assemblea del Partito Democratico - Article Marketing","og_description":"L\u20198 e il 9 ottobre si \u00e8 svolta presso il Polo Fieristico Malpensa Fiere di Busto Arsizio l\u2019Assemblea Nazionale del Partito Democratico. Varese Convention & Visitors Bureau ha gestito la logistica dell\u2019evento, che ha rappresentato un\u2019altra occasione per Varese di dimostrare la sua vocazione alla valorizzazione del territorio e del turismo d\u2019affari, come sostiene Giovanni Luatti e la focalizzazione sulla creativit\u00e0 e l\u2019innovazione in quanto potenziali driver di sviluppo. Parole chiave: turismo di qualit\u00e0, mobilit\u00e0 coordinata, accoglienza attenta alle vere necessit\u00e0 delle persone.","og_url":"https:\/\/www.article-marketing.eu\/comunicati\/comunicati-stampa\/eventi\/varese-convention-and-visitors-bureau-gestito-a-logistica-dellassemblea-del-partito-democratico\/","og_site_name":"Article Marketing","article_published_time":"2010-10-11T11:44:53+00:00","author":"Redazione Comunicati Stampa","twitter_card":"summary_large_image","twitter_misc":{"Scritto da":"Redazione Comunicati Stampa","Tempo di lettura stimato":"3 minuti"},"schema":{"@context":"https:\/\/schema.org","@graph":[{"@type":"Article","@id":"https:\/\/www.article-marketing.eu\/comunicati\/comunicati-stampa\/eventi\/varese-convention-and-visitors-bureau-gestito-a-logistica-dellassemblea-del-partito-democratico\/#article","isPartOf":{"@id":"https:\/\/www.article-marketing.eu\/comunicati\/comunicati-stampa\/eventi\/varese-convention-and-visitors-bureau-gestito-a-logistica-dellassemblea-del-partito-democratico\/"},"author":{"name":"Redazione Comunicati Stampa","@id":"https:\/\/www.article-marketing.eu\/comunicati\/#\/schema\/person\/44372e4d4d0fa797b18e03ed1ace9017"},"headline":"Varese Convention &#038; Visitors Bureau gestito a logistica dell&#8217;Assemblea del Partito Democratico","datePublished":"2010-10-11T11:44:53+00:00","mainEntityOfPage":{"@id":"https:\/\/www.article-marketing.eu\/comunicati\/comunicati-stampa\/eventi\/varese-convention-and-visitors-bureau-gestito-a-logistica-dellassemblea-del-partito-democratico\/"},"wordCount":679,"commentCount":0,"keywords":["varese","Varese Convention &amp; Visitors Bureau"],"articleSection":["Eventi"],"inLanguage":"it-IT","potentialAction":[{"@type":"CommentAction","name":"Comment","target":["https:\/\/www.article-marketing.eu\/comunicati\/comunicati-stampa\/eventi\/varese-convention-and-visitors-bureau-gestito-a-logistica-dellassemblea-del-partito-democratico\/#respond"]}]},{"@type":"WebPage","@id":"https:\/\/www.article-marketing.eu\/comunicati\/comunicati-stampa\/eventi\/varese-convention-and-visitors-bureau-gestito-a-logistica-dellassemblea-del-partito-democratico\/","url":"https:\/\/www.article-marketing.eu\/comunicati\/comunicati-stampa\/eventi\/varese-convention-and-visitors-bureau-gestito-a-logistica-dellassemblea-del-partito-democratico\/","name":"Varese Convention & Visitors Bureau gestito a logistica dell'Assemblea del Partito Democratico - Article Marketing","isPartOf":{"@id":"https:\/\/www.article-marketing.eu\/comunicati\/#website"},"datePublished":"2010-10-11T11:44:53+00:00","author":{"@id":"https:\/\/www.article-marketing.eu\/comunicati\/#\/schema\/person\/44372e4d4d0fa797b18e03ed1ace9017"},"breadcrumb":{"@id":"https:\/\/www.article-marketing.eu\/comunicati\/comunicati-stampa\/eventi\/varese-convention-and-visitors-bureau-gestito-a-logistica-dellassemblea-del-partito-democratico\/#breadcrumb"},"inLanguage":"it-IT","potentialAction":[{"@type":"ReadAction","target":["https:\/\/www.article-marketing.eu\/comunicati\/comunicati-stampa\/eventi\/varese-convention-and-visitors-bureau-gestito-a-logistica-dellassemblea-del-partito-democratico\/"]}]},{"@type":"BreadcrumbList","@id":"https:\/\/www.article-marketing.eu\/comunicati\/comunicati-stampa\/eventi\/varese-convention-and-visitors-bureau-gestito-a-logistica-dellassemblea-del-partito-democratico\/#breadcrumb","itemListElement":[{"@type":"ListItem","position":1,"name":"Home","item":"https:\/\/www.article-marketing.eu\/comunicati\/"},{"@type":"ListItem","position":2,"name":"Varese Convention &#038; Visitors Bureau gestito a logistica dell&#8217;Assemblea del Partito Democratico"}]},{"@type":"WebSite","@id":"https:\/\/www.article-marketing.eu\/comunicati\/#website","url":"https:\/\/www.article-marketing.eu\/comunicati\/","name":"Article Marketing","description":"article marketing &amp; press release","potentialAction":[{"@type":"SearchAction","target":{"@type":"EntryPoint","urlTemplate":"https:\/\/www.article-marketing.eu\/comunicati\/?s={search_term_string}"},"query-input":{"@type":"PropertyValueSpecification","valueRequired":true,"valueName":"search_term_string"}}],"inLanguage":"it-IT"},{"@type":"Person","@id":"https:\/\/www.article-marketing.eu\/comunicati\/#\/schema\/person\/44372e4d4d0fa797b18e03ed1ace9017","name":"Redazione Comunicati Stampa","image":{"@type":"ImageObject","inLanguage":"it-IT","@id":"https:\/\/www.article-marketing.eu\/comunicati\/#\/schema\/person\/image\/","url":"https:\/\/secure.gravatar.com\/avatar\/50e5c6421d3072f42e7ace803501602c60d75233d34e29fd05feb91c8760b792?s=96&d=mm&r=g","contentUrl":"https:\/\/secure.gravatar.com\/avatar\/50e5c6421d3072f42e7ace803501602c60d75233d34e29fd05feb91c8760b792?s=96&d=mm&r=g","caption":"Redazione Comunicati Stampa"},"url":"https:\/\/www.article-marketing.eu\/comunicati\/author\/redazione-comunicati-stampa\/"}]}},"_links":{"self":[{"href":"https:\/\/www.article-marketing.eu\/comunicati\/wp-json\/wp\/v2\/posts\/8234","targetHints":{"allow":["GET"]}}],"collection":[{"href":"https:\/\/www.article-marketing.eu\/comunicati\/wp-json\/wp\/v2\/posts"}],"about":[{"href":"https:\/\/www.article-marketing.eu\/comunicati\/wp-json\/wp\/v2\/types\/post"}],"author":[{"embeddable":true,"href":"https:\/\/www.article-marketing.eu\/comunicati\/wp-json\/wp\/v2\/users\/10"}],"replies":[{"embeddable":true,"href":"https:\/\/www.article-marketing.eu\/comunicati\/wp-json\/wp\/v2\/comments?post=8234"}],"version-history":[{"count":0,"href":"https:\/\/www.article-marketing.eu\/comunicati\/wp-json\/wp\/v2\/posts\/8234\/revisions"}],"wp:attachment":[{"href":"https:\/\/www.article-marketing.eu\/comunicati\/wp-json\/wp\/v2\/media?parent=8234"}],"wp:term":[{"taxonomy":"category","embeddable":true,"href":"https:\/\/www.article-marketing.eu\/comunicati\/wp-json\/wp\/v2\/categories?post=8234"},{"taxonomy":"post_tag","embeddable":true,"href":"https:\/\/www.article-marketing.eu\/comunicati\/wp-json\/wp\/v2\/tags?post=8234"}],"curies":[{"name":"wp","href":"https:\/\/api.w.org\/{rel}","templated":true}]}}