{"id":8275,"date":"2010-10-11T17:39:08","date_gmt":"2010-10-11T15:39:08","guid":{"rendered":"http:\/\/www.article-marketing.eu\/comunicati\/senza-categoria\/halloweena%80%a6una-festa-in-maschera\/"},"modified":"2018-07-10T03:51:33","modified_gmt":"2018-07-10T01:51:33","slug":"halloweena%80%a6una-festa-in-maschera","status":"publish","type":"post","link":"https:\/\/www.article-marketing.eu\/comunicati\/societa\/halloweena%80%a6una-festa-in-maschera\/","title":{"rendered":"Halloween\u2026una festa in maschera!"},"content":{"rendered":"<p>Criticata dalla chiesa nella sua introduzione &egrave; ormai stata accettata come una ricorrenza di gioia e divertimento per i bambini che cos&igrave; trovano la seconda occasione durante l&rsquo;anno possono travestirsi in maniera molto particolare con maschere e accessori per carnevale che per&ograve; devono avere delle caratteristiche particolari: devono essere spaventose e richiamare il mondo degli spiriti e dei fantasmi. Ma anche se questa festa ha una storia relativamente breve in Italia nel mondo anglosassone rappresenta una delle tradizioni pi&ugrave; sentite e longeve che affonda le sue radici nel pi&ugrave; remoto passato europeo. Ora la festa &egrave; particolarmente sentita negli Stati Uniti e in Canada ma come nella lont5ana tradizione si celebra sempre il 31 ottobre. In Europa questa tradizione si diffuse con i Celti che festeggiavano in questo modo la fine dell&rsquo;estate e l&rsquo;inizio dell&rsquo;inverno e , visto il forte legame di questo popolo con i propri defunti, lasciavano cibo e prelibatezze a disposizione degli spiriti degli avi affinch&eacute; li proteggessero dalle carestie e dalle malattie della stagione pi&ugrave; fredda. Proprio dalle visite dei defunti ai vivi &egrave; nata la tradizione del travestimento che &egrave; praticata tutt&rsquo;ora. La festa di Halloween oggi viene festeggiata come una festa dedicata interamente ai bambini che si travestono da fantasmi, scheletri, zombie, streghe vampiri e altri mostri spaventosi e vanno di casa in casa, che di solito sono addobbate con addobbi palloncini, bussando alla porta e dicendo &ldquo;dolcetto o scherzetto??&rdquo;. Tradizione vuole infatti che vengano loro date caramelle o dolciumi onde evitare dispetti da parte degli spiriti. Questi dispetti, che vengono fatti dai bambini, normalmente consistono nel lancio di coriandoli o palloncini colorati sulla porta di casa&hellip;. inconveniente che si pu&ograve; evitare dando alcune caramelle ciascuno. Molti sono i parchi per divertimenti che allestiscono spettacoli a tema proprio per questa ricorrenza che oramai viene colta anche dai pi&ugrave; grandi come occasione per travestirsi e divertirsi fuori dalle regole del normale vestiario utilizzando accessori carnevale, per un giorno. Alcune tracce di questa usanza di travestimento e pellegrinaggio di casa in casa &egrave; stata riscontrata anche in alcune zone d&rsquo;Italia, anche se collegata alla festa dei giorni successivi dedicata alla commemorazione dei defunti. Per esempio in Sardegna, Liguria, Marche ed altre regioni &egrave; tradizionale appendere fantocci per scacciare gli spiriti e in particolare in alcuni paesi &egrave; tradizionale l&rsquo;uso dell&rsquo;intaglio di zucche e altri grandi vegetali che vengono poi illuminati dall&rsquo;interno. In Messico per esempio questa festa &egrave; una delle feste pi&ugrave; sentite e tutte le case vengono decorate con addobbi feste e le citt&agrave; rinascono con giostre e bancarelle di ogni tipo. Un&rsquo;altra usanza tipica di questa festa, elemento che la contraddistingue universalmente sono le cosiddette Jack &#8211; o&rsquo;lantern ossia le zucche intagliate nelle quali viene inserito un lumino. L&rsquo;intaglio con volto minaccioso richiama la tradizione druida che usava il fuoco e la faccia per l&rsquo;appunto minacciosa per allontanare i morti che volevano portare via dalla terra i vivi.<\/p>\n","protected":false},"excerpt":{"rendered":"<p>Ormai da alcuni anni anche in Italia la fine del mese di ottobre \u00e8 molto attesa dai bambini perch\u00e9 una festa \u00e8 entrata a far parte delle nostre tradizioni: la festa di Halloween.<\/p>\n","protected":false},"author":10,"featured_media":0,"comment_status":"open","ping_status":"open","sticky":false,"template":"","format":"standard","meta":{"cybocfi_hide_featured_image":"","footnotes":""},"categories":[51],"tags":[929,2381,18346],"class_list":["post-8275","post","type-post","status-publish","format-standard","hentry","category-societa","tag-festa","tag-halloween","tag-maschere"],"yoast_head":"<!-- This site is optimized with the Yoast SEO plugin v27.0 - https:\/\/yoast.com\/product\/yoast-seo-wordpress\/ -->\n<title>Halloween\u2026una festa in maschera! - Article Marketing<\/title>\n<meta name=\"robots\" content=\"index, follow, max-snippet:-1, max-image-preview:large, max-video-preview:-1\" \/>\n<link rel=\"canonical\" href=\"https:\/\/www.article-marketing.eu\/comunicati\/societa\/halloweena??una-festa-in-maschera\/\" \/>\n<meta property=\"og:locale\" content=\"it_IT\" \/>\n<meta property=\"og:type\" content=\"article\" \/>\n<meta property=\"og:title\" content=\"Halloween\u2026una festa in maschera! - Article Marketing\" \/>\n<meta property=\"og:description\" content=\"Ormai da alcuni anni anche in Italia la fine del mese di ottobre \u00e8 molto attesa dai bambini perch\u00e9 una festa \u00e8 entrata a far parte delle nostre tradizioni: la festa di Halloween.\" \/>\n<meta property=\"og:url\" content=\"\" \/>\n<meta property=\"og:site_name\" content=\"Article Marketing\" \/>\n<meta property=\"article:published_time\" content=\"2010-10-11T15:39:08+00:00\" \/>\n<meta property=\"article:modified_time\" content=\"2018-07-10T01:51:33+00:00\" \/>\n<meta name=\"author\" content=\"Redazione Comunicati Stampa\" \/>\n<meta name=\"twitter:card\" content=\"summary_large_image\" \/>\n<meta name=\"twitter:label1\" content=\"Scritto da\" \/>\n\t<meta name=\"twitter:data1\" content=\"Redazione Comunicati Stampa\" \/>\n\t<meta name=\"twitter:label2\" content=\"Tempo di lettura stimato\" \/>\n\t<meta name=\"twitter:data2\" content=\"3 minuti\" \/>\n<script type=\"application\/ld+json\" class=\"yoast-schema-graph\">{\"@context\":\"https:\/\/schema.org\",\"@graph\":[{\"@type\":\"Article\",\"@id\":\"https:\/\/www.article-marketing.eu\/comunicati\/societa\/halloweena%80%a6una-festa-in-maschera\/#article\",\"isPartOf\":{\"@id\":\"https:\/\/www.article-marketing.eu\/comunicati\/societa\/halloweena%80%a6una-festa-in-maschera\/\"},\"author\":{\"name\":\"Redazione Comunicati Stampa\",\"@id\":\"https:\/\/www.article-marketing.eu\/comunicati\/#\/schema\/person\/44372e4d4d0fa797b18e03ed1ace9017\"},\"headline\":\"Halloween\u2026una festa in maschera!\",\"datePublished\":\"2010-10-11T15:39:08+00:00\",\"dateModified\":\"2018-07-10T01:51:33+00:00\",\"mainEntityOfPage\":{\"@id\":\"https:\/\/www.article-marketing.eu\/comunicati\/societa\/halloweena%80%a6una-festa-in-maschera\/\"},\"wordCount\":527,\"commentCount\":0,\"keywords\":[\"festa\",\"halloween\",\"maschere\"],\"articleSection\":[\"Societ\u00e0\"],\"inLanguage\":\"it-IT\",\"potentialAction\":[{\"@type\":\"CommentAction\",\"name\":\"Comment\",\"target\":[\"https:\/\/www.article-marketing.eu\/comunicati\/societa\/halloweena%80%a6una-festa-in-maschera\/#respond\"]}]},{\"@type\":\"WebPage\",\"@id\":\"https:\/\/www.article-marketing.eu\/comunicati\/societa\/halloweena%80%a6una-festa-in-maschera\/\",\"url\":\"https:\/\/www.article-marketing.eu\/comunicati\/societa\/halloweena%80%a6una-festa-in-maschera\/\",\"name\":\"Halloween\u2026una festa in maschera! - Article Marketing\",\"isPartOf\":{\"@id\":\"https:\/\/www.article-marketing.eu\/comunicati\/#website\"},\"datePublished\":\"2010-10-11T15:39:08+00:00\",\"dateModified\":\"2018-07-10T01:51:33+00:00\",\"author\":{\"@id\":\"https:\/\/www.article-marketing.eu\/comunicati\/#\/schema\/person\/44372e4d4d0fa797b18e03ed1ace9017\"},\"breadcrumb\":{\"@id\":\"https:\/\/www.article-marketing.eu\/comunicati\/societa\/halloweena%80%a6una-festa-in-maschera\/#breadcrumb\"},\"inLanguage\":\"it-IT\",\"potentialAction\":[{\"@type\":\"ReadAction\",\"target\":[\"https:\/\/www.article-marketing.eu\/comunicati\/societa\/halloweena%80%a6una-festa-in-maschera\/\"]}]},{\"@type\":\"BreadcrumbList\",\"@id\":\"https:\/\/www.article-marketing.eu\/comunicati\/societa\/halloweena%80%a6una-festa-in-maschera\/#breadcrumb\",\"itemListElement\":[{\"@type\":\"ListItem\",\"position\":1,\"name\":\"Home\",\"item\":\"https:\/\/www.article-marketing.eu\/comunicati\/\"},{\"@type\":\"ListItem\",\"position\":2,\"name\":\"Halloween\u2026una festa in maschera!\"}]},{\"@type\":\"WebSite\",\"@id\":\"https:\/\/www.article-marketing.eu\/comunicati\/#website\",\"url\":\"https:\/\/www.article-marketing.eu\/comunicati\/\",\"name\":\"Article Marketing\",\"description\":\"article marketing &amp; press release\",\"potentialAction\":[{\"@type\":\"SearchAction\",\"target\":{\"@type\":\"EntryPoint\",\"urlTemplate\":\"https:\/\/www.article-marketing.eu\/comunicati\/?s={search_term_string}\"},\"query-input\":{\"@type\":\"PropertyValueSpecification\",\"valueRequired\":true,\"valueName\":\"search_term_string\"}}],\"inLanguage\":\"it-IT\"},{\"@type\":\"Person\",\"@id\":\"https:\/\/www.article-marketing.eu\/comunicati\/#\/schema\/person\/44372e4d4d0fa797b18e03ed1ace9017\",\"name\":\"Redazione Comunicati Stampa\",\"image\":{\"@type\":\"ImageObject\",\"inLanguage\":\"it-IT\",\"@id\":\"https:\/\/www.article-marketing.eu\/comunicati\/#\/schema\/person\/image\/\",\"url\":\"https:\/\/secure.gravatar.com\/avatar\/50e5c6421d3072f42e7ace803501602c60d75233d34e29fd05feb91c8760b792?s=96&d=mm&r=g\",\"contentUrl\":\"https:\/\/secure.gravatar.com\/avatar\/50e5c6421d3072f42e7ace803501602c60d75233d34e29fd05feb91c8760b792?s=96&d=mm&r=g\",\"caption\":\"Redazione Comunicati Stampa\"},\"url\":\"https:\/\/www.article-marketing.eu\/comunicati\/author\/redazione-comunicati-stampa\/\"}]}<\/script>\n<!-- \/ Yoast SEO plugin. -->","yoast_head_json":{"title":"Halloween\u2026una festa in maschera! - Article Marketing","robots":{"index":"index","follow":"follow","max-snippet":"max-snippet:-1","max-image-preview":"max-image-preview:large","max-video-preview":"max-video-preview:-1"},"canonical":"https:\/\/www.article-marketing.eu\/comunicati\/societa\/halloweena??una-festa-in-maschera\/","og_locale":"it_IT","og_type":"article","og_title":"Halloween\u2026una festa in maschera! - Article Marketing","og_description":"Ormai da alcuni anni anche in Italia la fine del mese di ottobre \u00e8 molto attesa dai bambini perch\u00e9 una festa \u00e8 entrata a far parte delle nostre tradizioni: la festa di Halloween.","og_url":"https:\/\/www.article-marketing.eu\/comunicati\/societa\/halloweena??una-festa-in-maschera\/","og_site_name":"Article Marketing","article_published_time":"2010-10-11T15:39:08+00:00","article_modified_time":"2018-07-10T01:51:33+00:00","author":"Redazione Comunicati Stampa","twitter_card":"summary_large_image","twitter_misc":{"Scritto da":"Redazione Comunicati Stampa","Tempo di lettura stimato":"3 minuti"},"schema":{"@context":"https:\/\/schema.org","@graph":[{"@type":"Article","@id":"https:\/\/www.article-marketing.eu\/comunicati\/societa\/halloweena%80%a6una-festa-in-maschera\/#article","isPartOf":{"@id":"https:\/\/www.article-marketing.eu\/comunicati\/societa\/halloweena%80%a6una-festa-in-maschera\/"},"author":{"name":"Redazione Comunicati Stampa","@id":"https:\/\/www.article-marketing.eu\/comunicati\/#\/schema\/person\/44372e4d4d0fa797b18e03ed1ace9017"},"headline":"Halloween\u2026una festa in maschera!","datePublished":"2010-10-11T15:39:08+00:00","dateModified":"2018-07-10T01:51:33+00:00","mainEntityOfPage":{"@id":"https:\/\/www.article-marketing.eu\/comunicati\/societa\/halloweena%80%a6una-festa-in-maschera\/"},"wordCount":527,"commentCount":0,"keywords":["festa","halloween","maschere"],"articleSection":["Societ\u00e0"],"inLanguage":"it-IT","potentialAction":[{"@type":"CommentAction","name":"Comment","target":["https:\/\/www.article-marketing.eu\/comunicati\/societa\/halloweena%80%a6una-festa-in-maschera\/#respond"]}]},{"@type":"WebPage","@id":"https:\/\/www.article-marketing.eu\/comunicati\/societa\/halloweena%80%a6una-festa-in-maschera\/","url":"https:\/\/www.article-marketing.eu\/comunicati\/societa\/halloweena%80%a6una-festa-in-maschera\/","name":"Halloween\u2026una festa in maschera! - Article Marketing","isPartOf":{"@id":"https:\/\/www.article-marketing.eu\/comunicati\/#website"},"datePublished":"2010-10-11T15:39:08+00:00","dateModified":"2018-07-10T01:51:33+00:00","author":{"@id":"https:\/\/www.article-marketing.eu\/comunicati\/#\/schema\/person\/44372e4d4d0fa797b18e03ed1ace9017"},"breadcrumb":{"@id":"https:\/\/www.article-marketing.eu\/comunicati\/societa\/halloweena%80%a6una-festa-in-maschera\/#breadcrumb"},"inLanguage":"it-IT","potentialAction":[{"@type":"ReadAction","target":["https:\/\/www.article-marketing.eu\/comunicati\/societa\/halloweena%80%a6una-festa-in-maschera\/"]}]},{"@type":"BreadcrumbList","@id":"https:\/\/www.article-marketing.eu\/comunicati\/societa\/halloweena%80%a6una-festa-in-maschera\/#breadcrumb","itemListElement":[{"@type":"ListItem","position":1,"name":"Home","item":"https:\/\/www.article-marketing.eu\/comunicati\/"},{"@type":"ListItem","position":2,"name":"Halloween\u2026una festa in maschera!"}]},{"@type":"WebSite","@id":"https:\/\/www.article-marketing.eu\/comunicati\/#website","url":"https:\/\/www.article-marketing.eu\/comunicati\/","name":"Article Marketing","description":"article marketing &amp; press release","potentialAction":[{"@type":"SearchAction","target":{"@type":"EntryPoint","urlTemplate":"https:\/\/www.article-marketing.eu\/comunicati\/?s={search_term_string}"},"query-input":{"@type":"PropertyValueSpecification","valueRequired":true,"valueName":"search_term_string"}}],"inLanguage":"it-IT"},{"@type":"Person","@id":"https:\/\/www.article-marketing.eu\/comunicati\/#\/schema\/person\/44372e4d4d0fa797b18e03ed1ace9017","name":"Redazione Comunicati Stampa","image":{"@type":"ImageObject","inLanguage":"it-IT","@id":"https:\/\/www.article-marketing.eu\/comunicati\/#\/schema\/person\/image\/","url":"https:\/\/secure.gravatar.com\/avatar\/50e5c6421d3072f42e7ace803501602c60d75233d34e29fd05feb91c8760b792?s=96&d=mm&r=g","contentUrl":"https:\/\/secure.gravatar.com\/avatar\/50e5c6421d3072f42e7ace803501602c60d75233d34e29fd05feb91c8760b792?s=96&d=mm&r=g","caption":"Redazione Comunicati Stampa"},"url":"https:\/\/www.article-marketing.eu\/comunicati\/author\/redazione-comunicati-stampa\/"}]}},"_links":{"self":[{"href":"https:\/\/www.article-marketing.eu\/comunicati\/wp-json\/wp\/v2\/posts\/8275","targetHints":{"allow":["GET"]}}],"collection":[{"href":"https:\/\/www.article-marketing.eu\/comunicati\/wp-json\/wp\/v2\/posts"}],"about":[{"href":"https:\/\/www.article-marketing.eu\/comunicati\/wp-json\/wp\/v2\/types\/post"}],"author":[{"embeddable":true,"href":"https:\/\/www.article-marketing.eu\/comunicati\/wp-json\/wp\/v2\/users\/10"}],"replies":[{"embeddable":true,"href":"https:\/\/www.article-marketing.eu\/comunicati\/wp-json\/wp\/v2\/comments?post=8275"}],"version-history":[{"count":1,"href":"https:\/\/www.article-marketing.eu\/comunicati\/wp-json\/wp\/v2\/posts\/8275\/revisions"}],"predecessor-version":[{"id":57384,"href":"https:\/\/www.article-marketing.eu\/comunicati\/wp-json\/wp\/v2\/posts\/8275\/revisions\/57384"}],"wp:attachment":[{"href":"https:\/\/www.article-marketing.eu\/comunicati\/wp-json\/wp\/v2\/media?parent=8275"}],"wp:term":[{"taxonomy":"category","embeddable":true,"href":"https:\/\/www.article-marketing.eu\/comunicati\/wp-json\/wp\/v2\/categories?post=8275"},{"taxonomy":"post_tag","embeddable":true,"href":"https:\/\/www.article-marketing.eu\/comunicati\/wp-json\/wp\/v2\/tags?post=8275"}],"curies":[{"name":"wp","href":"https:\/\/api.w.org\/{rel}","templated":true}]}}