{"id":828,"date":"2008-10-31T16:28:22","date_gmt":"2008-10-31T15:28:22","guid":{"rendered":"http:\/\/www.article-marketing.eu\/comunicati\/senza-categoria\/festa-di-san-basilio-ad-atene-2008\/"},"modified":"2008-10-31T16:28:22","modified_gmt":"2008-10-31T15:28:22","slug":"festa-di-san-basilio-ad-atene-2008","status":"publish","type":"post","link":"https:\/\/www.article-marketing.eu\/comunicati\/comunicati-stampa\/eventi\/festa-di-san-basilio-ad-atene-2008\/","title":{"rendered":"Festa di San Basilio ad Atene 2008"},"content":{"rendered":"<p>San Basilio \u00e8 un\u2019importante figura religiosa, e le varie manifestazioni riempiono di turisti i <a href=\"http:\/\/it.flashbooking.com\/\">b&#038;b economici<\/a> della citt\u00e0: venerato come santo della Chiesa, in vita \u00e8 stato anche vescovo, confessore, dottore della Chiesa e teologo. Nato nel 329 a Cesarea, in Cappadocia (l\u2019attuale Turchia), da una famiglia devota (anche la madre, la nonna e alcuni dei suoi fratelli sono stati santificati), Basilio studia a Costantinopoli e, in seguito, ad Atene (ed \u00e8 qui che probabilmente comincia ad avvicinarsi ai principi cristiani) per fare poi ritorno a Cesarea, intorno al 355, dove per un breve periodo insegna retorica. La sua carriera di insegnante per\u00f2 non dura molto, perch\u00e9 Basilio comincia ben presto ad anelare ad uno stile di vita diverso, ad una vita votata completamente a Dio. <\/p>\n<p>Come in un risveglio da un lungo sonno, Basilio si converte e riceve il sacramento del battesimo, per poi intraprendere un viaggio spirituale in Palestina, Siria e Mesopotamia, dove visita molti anacoreti e dove, anche influenzato dalla sorella, si ritira a vita ascetica. Si reca poi sulle rive del fiume Iris, dove scrive la \u201cGrande Regola\u201d e la \u201cPiccola Regola\u201d, considerati i capisaldi della vita monacale. Quando nel 370 viene eletto vescovo di Cesarea, Basilio si trova ad affrontare il pericolo dell\u2019eresia ariana, e dedica quindi la sua vita a difendere la religione ortodossa, abbandonando ogni altro tipo di interesse materiale o mondano: abbandona infatti tutte le sue ricchezze, e comincia a vivere da asceta in povert\u00e0. La battaglia morale contro gli ariani e le loro idee eretiche (tra l\u2019altro cercano di negare la natura divina di Cristo) si protrae per un lungo periodo e l\u2019Imperatore ariano Valente cerca in vari modi di costringere Basilio a negare il proprio credo per abbracciare quello ariano, ma Basilio si dimostra fermo nelle sue posizioni e guidato da una profonda fede. Per queste ragioni \u00e8 considerato una figura fondamentale per religione, in particolare ortodossa, e il primo gennaio, giorno in cui Basilio mor\u00ec, nel 379, \u00e8 il giorno in cui si commemorano le sue gesta e la sua grandezza.<\/p>\n<p>La festa di San Basilio \u00e8, innanzitutto, una festa religiosa, un giorno in cui i fedeli ed i backpacker di Atene assistono alle celebrazioni liturgiche in suo onore, ma col tempo ha assunto anche i contorni di festa popolare: il Santo, in Grecia, viene in qualche modo identificato con Babbo Natale, e come tale \u00e8 lui che distribuisce doni ai bambini. Tale tradizione deriva probabilmente dal fatto che in vita San Basilio decise di rinunciare ai suoi averi per donarli ai pi\u00f9 poveri e bisognosi, in particolare ai bambini. Durante questa giornata le famiglie greche sono solite mangiare un dolce particolare, il Vassilopita (letteralmente, il dolce di Basilio), nel quale viene nascosta una monetina, che porta fortuna a chi la trova. La credenza che vuole questa giornata legata alla fortuna trova riscontro anche nel fatto che il primo gennaio \u00e8 il giorno prediletto dai greci per scommettere e per sfidare la sorte.<\/p>\n<p>Atene \u00e8 una delle citt\u00e0 pi\u00f9 ricche di storia e cultura del mondo, e la festa di San Basilio \u00e8 uno degli eventi pi\u00f9 importanti della cultura religiosa del posto. Se vuoi sapere qualcosa in pi\u00f9 sulla storia del santo, o se vuoi conoscere un Babbo Natale diverso, prenota subito il tuo bed breakfast ad Atene.<\/p>\n<p>Data: 1 Gennaio 2009<br \/>\nDove: Atene, Grecia<\/p>\n","protected":false},"excerpt":{"rendered":"<p>La festa di San Basilio \u00e8 una delle ricorrenze pi\u00f9 importanti della religione ortodossa. Nei paesi dove \u00e8 diffusa questa religione, come la Grecia, il Santo viene festeggiato ogni primo gennaio con delle liturgie, ma anche con feste in famiglia.<\/p>\n","protected":false},"author":10,"featured_media":0,"comment_status":"open","ping_status":"open","sticky":false,"template":"","format":"standard","meta":{"cybocfi_hide_featured_image":"","footnotes":""},"categories":[388],"tags":[2884,2401,2743],"class_list":["post-828","post","type-post","status-publish","format-standard","hentry","category-eventi","tag-atene","tag-bambini","tag-festivita"],"yoast_head":"<!-- This site is optimized with the Yoast SEO plugin v27.0 - https:\/\/yoast.com\/product\/yoast-seo-wordpress\/ -->\n<title>Festa di San Basilio ad Atene 2008 - Article Marketing<\/title>\n<meta name=\"robots\" content=\"index, follow, max-snippet:-1, max-image-preview:large, max-video-preview:-1\" \/>\n<link rel=\"canonical\" href=\"https:\/\/www.article-marketing.eu\/comunicati\/comunicati-stampa\/eventi\/festa-di-san-basilio-ad-atene-2008\/\" \/>\n<meta property=\"og:locale\" content=\"it_IT\" \/>\n<meta property=\"og:type\" content=\"article\" \/>\n<meta property=\"og:title\" content=\"Festa di San Basilio ad Atene 2008 - Article Marketing\" \/>\n<meta property=\"og:description\" content=\"La festa di San Basilio \u00e8 una delle ricorrenze pi\u00f9 importanti della religione ortodossa. Nei paesi dove \u00e8 diffusa questa religione, come la Grecia, il Santo viene festeggiato ogni primo gennaio con delle liturgie, ma anche con feste in famiglia.\" \/>\n<meta property=\"og:url\" content=\"https:\/\/www.article-marketing.eu\/comunicati\/comunicati-stampa\/eventi\/festa-di-san-basilio-ad-atene-2008\/\" \/>\n<meta property=\"og:site_name\" content=\"Article Marketing\" \/>\n<meta property=\"article:published_time\" content=\"2008-10-31T15:28:22+00:00\" \/>\n<meta name=\"author\" content=\"Redazione Comunicati Stampa\" \/>\n<meta name=\"twitter:card\" content=\"summary_large_image\" \/>\n<meta name=\"twitter:label1\" content=\"Scritto da\" \/>\n\t<meta name=\"twitter:data1\" content=\"Redazione Comunicati Stampa\" \/>\n\t<meta name=\"twitter:label2\" content=\"Tempo di lettura stimato\" \/>\n\t<meta name=\"twitter:data2\" content=\"3 minuti\" \/>\n<script type=\"application\/ld+json\" class=\"yoast-schema-graph\">{\"@context\":\"https:\/\/schema.org\",\"@graph\":[{\"@type\":\"Article\",\"@id\":\"https:\/\/www.article-marketing.eu\/comunicati\/comunicati-stampa\/eventi\/festa-di-san-basilio-ad-atene-2008\/#article\",\"isPartOf\":{\"@id\":\"https:\/\/www.article-marketing.eu\/comunicati\/comunicati-stampa\/eventi\/festa-di-san-basilio-ad-atene-2008\/\"},\"author\":{\"name\":\"Redazione Comunicati Stampa\",\"@id\":\"https:\/\/www.article-marketing.eu\/comunicati\/#\/schema\/person\/44372e4d4d0fa797b18e03ed1ace9017\"},\"headline\":\"Festa di San Basilio ad Atene 2008\",\"datePublished\":\"2008-10-31T15:28:22+00:00\",\"mainEntityOfPage\":{\"@id\":\"https:\/\/www.article-marketing.eu\/comunicati\/comunicati-stampa\/eventi\/festa-di-san-basilio-ad-atene-2008\/\"},\"wordCount\":553,\"commentCount\":0,\"keywords\":[\"atene\",\"bambini\",\"festivit\u00e0\"],\"articleSection\":[\"Eventi\"],\"inLanguage\":\"it-IT\",\"potentialAction\":[{\"@type\":\"CommentAction\",\"name\":\"Comment\",\"target\":[\"https:\/\/www.article-marketing.eu\/comunicati\/comunicati-stampa\/eventi\/festa-di-san-basilio-ad-atene-2008\/#respond\"]}]},{\"@type\":\"WebPage\",\"@id\":\"https:\/\/www.article-marketing.eu\/comunicati\/comunicati-stampa\/eventi\/festa-di-san-basilio-ad-atene-2008\/\",\"url\":\"https:\/\/www.article-marketing.eu\/comunicati\/comunicati-stampa\/eventi\/festa-di-san-basilio-ad-atene-2008\/\",\"name\":\"Festa di San Basilio ad Atene 2008 - Article Marketing\",\"isPartOf\":{\"@id\":\"https:\/\/www.article-marketing.eu\/comunicati\/#website\"},\"datePublished\":\"2008-10-31T15:28:22+00:00\",\"author\":{\"@id\":\"https:\/\/www.article-marketing.eu\/comunicati\/#\/schema\/person\/44372e4d4d0fa797b18e03ed1ace9017\"},\"breadcrumb\":{\"@id\":\"https:\/\/www.article-marketing.eu\/comunicati\/comunicati-stampa\/eventi\/festa-di-san-basilio-ad-atene-2008\/#breadcrumb\"},\"inLanguage\":\"it-IT\",\"potentialAction\":[{\"@type\":\"ReadAction\",\"target\":[\"https:\/\/www.article-marketing.eu\/comunicati\/comunicati-stampa\/eventi\/festa-di-san-basilio-ad-atene-2008\/\"]}]},{\"@type\":\"BreadcrumbList\",\"@id\":\"https:\/\/www.article-marketing.eu\/comunicati\/comunicati-stampa\/eventi\/festa-di-san-basilio-ad-atene-2008\/#breadcrumb\",\"itemListElement\":[{\"@type\":\"ListItem\",\"position\":1,\"name\":\"Home\",\"item\":\"https:\/\/www.article-marketing.eu\/comunicati\/\"},{\"@type\":\"ListItem\",\"position\":2,\"name\":\"Festa di San Basilio ad Atene 2008\"}]},{\"@type\":\"WebSite\",\"@id\":\"https:\/\/www.article-marketing.eu\/comunicati\/#website\",\"url\":\"https:\/\/www.article-marketing.eu\/comunicati\/\",\"name\":\"Article Marketing\",\"description\":\"article marketing &amp; press release\",\"potentialAction\":[{\"@type\":\"SearchAction\",\"target\":{\"@type\":\"EntryPoint\",\"urlTemplate\":\"https:\/\/www.article-marketing.eu\/comunicati\/?s={search_term_string}\"},\"query-input\":{\"@type\":\"PropertyValueSpecification\",\"valueRequired\":true,\"valueName\":\"search_term_string\"}}],\"inLanguage\":\"it-IT\"},{\"@type\":\"Person\",\"@id\":\"https:\/\/www.article-marketing.eu\/comunicati\/#\/schema\/person\/44372e4d4d0fa797b18e03ed1ace9017\",\"name\":\"Redazione Comunicati Stampa\",\"image\":{\"@type\":\"ImageObject\",\"inLanguage\":\"it-IT\",\"@id\":\"https:\/\/www.article-marketing.eu\/comunicati\/#\/schema\/person\/image\/\",\"url\":\"https:\/\/secure.gravatar.com\/avatar\/50e5c6421d3072f42e7ace803501602c60d75233d34e29fd05feb91c8760b792?s=96&d=mm&r=g\",\"contentUrl\":\"https:\/\/secure.gravatar.com\/avatar\/50e5c6421d3072f42e7ace803501602c60d75233d34e29fd05feb91c8760b792?s=96&d=mm&r=g\",\"caption\":\"Redazione Comunicati Stampa\"},\"url\":\"https:\/\/www.article-marketing.eu\/comunicati\/author\/redazione-comunicati-stampa\/\"}]}<\/script>\n<!-- \/ Yoast SEO plugin. -->","yoast_head_json":{"title":"Festa di San Basilio ad Atene 2008 - Article Marketing","robots":{"index":"index","follow":"follow","max-snippet":"max-snippet:-1","max-image-preview":"max-image-preview:large","max-video-preview":"max-video-preview:-1"},"canonical":"https:\/\/www.article-marketing.eu\/comunicati\/comunicati-stampa\/eventi\/festa-di-san-basilio-ad-atene-2008\/","og_locale":"it_IT","og_type":"article","og_title":"Festa di San Basilio ad Atene 2008 - Article Marketing","og_description":"La festa di San Basilio \u00e8 una delle ricorrenze pi\u00f9 importanti della religione ortodossa. Nei paesi dove \u00e8 diffusa questa religione, come la Grecia, il Santo viene festeggiato ogni primo gennaio con delle liturgie, ma anche con feste in famiglia.","og_url":"https:\/\/www.article-marketing.eu\/comunicati\/comunicati-stampa\/eventi\/festa-di-san-basilio-ad-atene-2008\/","og_site_name":"Article Marketing","article_published_time":"2008-10-31T15:28:22+00:00","author":"Redazione Comunicati Stampa","twitter_card":"summary_large_image","twitter_misc":{"Scritto da":"Redazione Comunicati Stampa","Tempo di lettura stimato":"3 minuti"},"schema":{"@context":"https:\/\/schema.org","@graph":[{"@type":"Article","@id":"https:\/\/www.article-marketing.eu\/comunicati\/comunicati-stampa\/eventi\/festa-di-san-basilio-ad-atene-2008\/#article","isPartOf":{"@id":"https:\/\/www.article-marketing.eu\/comunicati\/comunicati-stampa\/eventi\/festa-di-san-basilio-ad-atene-2008\/"},"author":{"name":"Redazione Comunicati Stampa","@id":"https:\/\/www.article-marketing.eu\/comunicati\/#\/schema\/person\/44372e4d4d0fa797b18e03ed1ace9017"},"headline":"Festa di San Basilio ad Atene 2008","datePublished":"2008-10-31T15:28:22+00:00","mainEntityOfPage":{"@id":"https:\/\/www.article-marketing.eu\/comunicati\/comunicati-stampa\/eventi\/festa-di-san-basilio-ad-atene-2008\/"},"wordCount":553,"commentCount":0,"keywords":["atene","bambini","festivit\u00e0"],"articleSection":["Eventi"],"inLanguage":"it-IT","potentialAction":[{"@type":"CommentAction","name":"Comment","target":["https:\/\/www.article-marketing.eu\/comunicati\/comunicati-stampa\/eventi\/festa-di-san-basilio-ad-atene-2008\/#respond"]}]},{"@type":"WebPage","@id":"https:\/\/www.article-marketing.eu\/comunicati\/comunicati-stampa\/eventi\/festa-di-san-basilio-ad-atene-2008\/","url":"https:\/\/www.article-marketing.eu\/comunicati\/comunicati-stampa\/eventi\/festa-di-san-basilio-ad-atene-2008\/","name":"Festa di San Basilio ad Atene 2008 - Article Marketing","isPartOf":{"@id":"https:\/\/www.article-marketing.eu\/comunicati\/#website"},"datePublished":"2008-10-31T15:28:22+00:00","author":{"@id":"https:\/\/www.article-marketing.eu\/comunicati\/#\/schema\/person\/44372e4d4d0fa797b18e03ed1ace9017"},"breadcrumb":{"@id":"https:\/\/www.article-marketing.eu\/comunicati\/comunicati-stampa\/eventi\/festa-di-san-basilio-ad-atene-2008\/#breadcrumb"},"inLanguage":"it-IT","potentialAction":[{"@type":"ReadAction","target":["https:\/\/www.article-marketing.eu\/comunicati\/comunicati-stampa\/eventi\/festa-di-san-basilio-ad-atene-2008\/"]}]},{"@type":"BreadcrumbList","@id":"https:\/\/www.article-marketing.eu\/comunicati\/comunicati-stampa\/eventi\/festa-di-san-basilio-ad-atene-2008\/#breadcrumb","itemListElement":[{"@type":"ListItem","position":1,"name":"Home","item":"https:\/\/www.article-marketing.eu\/comunicati\/"},{"@type":"ListItem","position":2,"name":"Festa di San Basilio ad Atene 2008"}]},{"@type":"WebSite","@id":"https:\/\/www.article-marketing.eu\/comunicati\/#website","url":"https:\/\/www.article-marketing.eu\/comunicati\/","name":"Article Marketing","description":"article marketing &amp; press release","potentialAction":[{"@type":"SearchAction","target":{"@type":"EntryPoint","urlTemplate":"https:\/\/www.article-marketing.eu\/comunicati\/?s={search_term_string}"},"query-input":{"@type":"PropertyValueSpecification","valueRequired":true,"valueName":"search_term_string"}}],"inLanguage":"it-IT"},{"@type":"Person","@id":"https:\/\/www.article-marketing.eu\/comunicati\/#\/schema\/person\/44372e4d4d0fa797b18e03ed1ace9017","name":"Redazione Comunicati Stampa","image":{"@type":"ImageObject","inLanguage":"it-IT","@id":"https:\/\/www.article-marketing.eu\/comunicati\/#\/schema\/person\/image\/","url":"https:\/\/secure.gravatar.com\/avatar\/50e5c6421d3072f42e7ace803501602c60d75233d34e29fd05feb91c8760b792?s=96&d=mm&r=g","contentUrl":"https:\/\/secure.gravatar.com\/avatar\/50e5c6421d3072f42e7ace803501602c60d75233d34e29fd05feb91c8760b792?s=96&d=mm&r=g","caption":"Redazione Comunicati Stampa"},"url":"https:\/\/www.article-marketing.eu\/comunicati\/author\/redazione-comunicati-stampa\/"}]}},"_links":{"self":[{"href":"https:\/\/www.article-marketing.eu\/comunicati\/wp-json\/wp\/v2\/posts\/828","targetHints":{"allow":["GET"]}}],"collection":[{"href":"https:\/\/www.article-marketing.eu\/comunicati\/wp-json\/wp\/v2\/posts"}],"about":[{"href":"https:\/\/www.article-marketing.eu\/comunicati\/wp-json\/wp\/v2\/types\/post"}],"author":[{"embeddable":true,"href":"https:\/\/www.article-marketing.eu\/comunicati\/wp-json\/wp\/v2\/users\/10"}],"replies":[{"embeddable":true,"href":"https:\/\/www.article-marketing.eu\/comunicati\/wp-json\/wp\/v2\/comments?post=828"}],"version-history":[{"count":0,"href":"https:\/\/www.article-marketing.eu\/comunicati\/wp-json\/wp\/v2\/posts\/828\/revisions"}],"wp:attachment":[{"href":"https:\/\/www.article-marketing.eu\/comunicati\/wp-json\/wp\/v2\/media?parent=828"}],"wp:term":[{"taxonomy":"category","embeddable":true,"href":"https:\/\/www.article-marketing.eu\/comunicati\/wp-json\/wp\/v2\/categories?post=828"},{"taxonomy":"post_tag","embeddable":true,"href":"https:\/\/www.article-marketing.eu\/comunicati\/wp-json\/wp\/v2\/tags?post=828"}],"curies":[{"name":"wp","href":"https:\/\/api.w.org\/{rel}","templated":true}]}}