{"id":829,"date":"2008-10-31T16:52:31","date_gmt":"2008-10-31T15:52:31","guid":{"rendered":"http:\/\/www.article-marketing.eu\/comunicati\/senza-categoria\/un-capodanno-immerso-nel-verde-dellumbria\/"},"modified":"2018-06-04T20:09:26","modified_gmt":"2018-06-04T18:09:26","slug":"un-capodanno-immerso-nel-verde-dellumbria","status":"publish","type":"post","link":"https:\/\/www.article-marketing.eu\/comunicati\/viaggi-e-vacanze\/un-capodanno-immerso-nel-verde-dellumbria\/","title":{"rendered":"Un Capodanno immerso nel verde dell&#8217;Umbria"},"content":{"rendered":"<p align=\"justify\">La notte del 31 Dicembre segna la fine dell&#8217;anno appena passato e l&#8217;inizio del nuovo e per festeggiare questo passaggio si inizia gi\u00e0 a pensare dove trascorrere questa notte tanto attesa. Tutti vogliono salutare il nuovo anno&nbsp;vivendo una serata diversa e in compagnia della famiglia o degli amici. Chi riesce ad organizzarsi in tempo pu\u00f2 contare su un capodanno all&#8217;estero. Le mete pi\u00f9 tradizionali per chi sceglie di trascorrere la <strong>notte di San Silvestro<\/strong> all&#8217;estero sono sicuramente le capitali europee capaci di offrire ai turisti mille possibilit\u00e0 di divertimento. Ma non tutti optano per questo tipo di festeggiamenti e preferisce trascorrere l&#8217;ultima notte dell&#8217;anno in un&#8217;atmofera intima, rilassante e sicuramente indimenticabile. Infatti il periodo di festa del capodanno pu\u00f2 essere un&#8217;occasione per visitare luoghi nuovi dell&#8217;Italia e scoprire citt\u00e0 mai viste prima. L&#8217;Italia \u00e8 un paese ricco di bellezze sia artistiche che paesaggistiche e non sar\u00e0 difficile trovare il luogo giusto per ogni esigenza. Se volete coniugare storia, natura, buona cucina e divertimento non potete non scegliere di trascorrere il vostro capodanno immersi nel verde dell&#8217;Umbria. Passare il <strong>Capodanno in Umbria<\/strong> vi offre la possibilit\u00e0 di conoscere una regione ricca di antiche tradizioni ed appuntamenti imperdibili per festeggiare questa notte cos\u00ec speciale. Il capoluogo umbro, Perugia, \u00e8 conosciuto per offrirvi un capodanno in piazza all&#8217;insegna del divertimento con musica, animazione e uno spettacolo pirotecnico unico per aspettare tutti insieme la mezzanotte. Per chi ama un&#8217;atmosfera pi\u00f9 tranquilla non c&#8217;\u00e8 che l&#8217;imbarazzo della scelta tra le meravigliose citt\u00e0 medievali di cui \u00e8 ricca questa regione. In ogni citt\u00e0 umbra vengono allestiti presepi e altre usanze caratteristiche del posto per immergersi maggiormente nell&#8217;atmosfera tanto attese dell&#8217;ultimo giorno dell&#8217;anno. Infatti approfittando di qualche giorno di festa potrete visitare alcune tra le cittadine pi\u00f9 belle e caratteristiche dell&#8217;Umbria dove potrete ammirare le loro usanze natalizie. Imperdibile \u00e8 quindi la visita a <strong>Gubbio<\/strong> per vedere <strong>l&#8217;Albero di Natale<\/strong> pi\u00f9 grande del mondo che con le sue mille luci \u00e8 uno spettacolo indimenticabile o il presepe vivente di Armenzano presso Assisi. Per rilassarvi in un&#8217;ambiente accogliente niente di meglio che pernottare in uno dei tanti <strong>agriturismo umbria<\/strong> presenti sul territorio umbro. Potrete cos\u00ec godere di un cenone di fine anno veramente unico gustando le prelibatezze della zona tipiche di questo periodo cucinate come si faceva una volta. L&#8217;Umbria \u00e8 conosciuta per avere dei prodotti tipici gustosi e unici e per avere una tradizione enogastronomica tra le pi\u00f9 importantai d&#8217;Italia. Il <strong>capodanno in Umbria<\/strong> \u00e8 sicuramente un&#8217;occasione da non perdere per conoscere&nbsp;pi\u00f9 a fondo gli aspetti pi\u00f9 tradizionali di questa regione.<\/p>\n","protected":false},"excerpt":{"rendered":"<p>Per trascorrere un capodanno indimenticabile noente di meglio che il verde dell&#8217;Umbria.<\/p>\n","protected":false},"author":10,"featured_media":0,"comment_status":"open","ping_status":"open","sticky":false,"template":"","format":"standard","meta":{"cybocfi_hide_featured_image":"","footnotes":""},"categories":[280],"tags":[2886,2887,2885],"class_list":["post-829","post","type-post","status-publish","format-standard","hentry","category-viaggi-e-vacanze","tag-capodanno-2009","tag-capodanno-toscana","tag-capodanno-umbria"],"yoast_head":"<!-- This site is optimized with the Yoast SEO plugin v27.0 - https:\/\/yoast.com\/product\/yoast-seo-wordpress\/ -->\n<title>Un Capodanno immerso nel verde dell&#039;Umbria - Article Marketing<\/title>\n<meta name=\"robots\" content=\"index, follow, max-snippet:-1, max-image-preview:large, max-video-preview:-1\" \/>\n<link rel=\"canonical\" href=\"https:\/\/www.article-marketing.eu\/comunicati\/viaggi-e-vacanze\/un-capodanno-immerso-nel-verde-dellumbria\/\" \/>\n<meta property=\"og:locale\" content=\"it_IT\" \/>\n<meta property=\"og:type\" content=\"article\" \/>\n<meta property=\"og:title\" content=\"Un Capodanno immerso nel verde dell&#039;Umbria - Article Marketing\" \/>\n<meta property=\"og:description\" content=\"Per trascorrere un capodanno indimenticabile noente di meglio che il verde dell&#039;Umbria.\" \/>\n<meta property=\"og:url\" content=\"https:\/\/www.article-marketing.eu\/comunicati\/viaggi-e-vacanze\/un-capodanno-immerso-nel-verde-dellumbria\/\" \/>\n<meta property=\"og:site_name\" content=\"Article Marketing\" \/>\n<meta property=\"article:published_time\" content=\"2008-10-31T15:52:31+00:00\" \/>\n<meta property=\"article:modified_time\" content=\"2018-06-04T18:09:26+00:00\" \/>\n<meta name=\"author\" content=\"Redazione Comunicati Stampa\" \/>\n<meta name=\"twitter:card\" content=\"summary_large_image\" \/>\n<meta name=\"twitter:label1\" content=\"Scritto da\" \/>\n\t<meta name=\"twitter:data1\" content=\"Redazione Comunicati Stampa\" \/>\n\t<meta name=\"twitter:label2\" content=\"Tempo di lettura stimato\" \/>\n\t<meta name=\"twitter:data2\" content=\"2 minuti\" \/>\n<script type=\"application\/ld+json\" class=\"yoast-schema-graph\">{\"@context\":\"https:\/\/schema.org\",\"@graph\":[{\"@type\":\"Article\",\"@id\":\"https:\/\/www.article-marketing.eu\/comunicati\/viaggi-e-vacanze\/un-capodanno-immerso-nel-verde-dellumbria\/#article\",\"isPartOf\":{\"@id\":\"https:\/\/www.article-marketing.eu\/comunicati\/viaggi-e-vacanze\/un-capodanno-immerso-nel-verde-dellumbria\/\"},\"author\":{\"name\":\"Redazione Comunicati Stampa\",\"@id\":\"https:\/\/www.article-marketing.eu\/comunicati\/#\/schema\/person\/44372e4d4d0fa797b18e03ed1ace9017\"},\"headline\":\"Un Capodanno immerso nel verde dell&#8217;Umbria\",\"datePublished\":\"2008-10-31T15:52:31+00:00\",\"dateModified\":\"2018-06-04T18:09:26+00:00\",\"mainEntityOfPage\":{\"@id\":\"https:\/\/www.article-marketing.eu\/comunicati\/viaggi-e-vacanze\/un-capodanno-immerso-nel-verde-dellumbria\/\"},\"wordCount\":426,\"commentCount\":0,\"keywords\":[\"capodanno 2009\",\"capodanno toscana\",\"capodanno umbria\"],\"articleSection\":[\"Viaggi e vacanze\"],\"inLanguage\":\"it-IT\",\"potentialAction\":[{\"@type\":\"CommentAction\",\"name\":\"Comment\",\"target\":[\"https:\/\/www.article-marketing.eu\/comunicati\/viaggi-e-vacanze\/un-capodanno-immerso-nel-verde-dellumbria\/#respond\"]}]},{\"@type\":\"WebPage\",\"@id\":\"https:\/\/www.article-marketing.eu\/comunicati\/viaggi-e-vacanze\/un-capodanno-immerso-nel-verde-dellumbria\/\",\"url\":\"https:\/\/www.article-marketing.eu\/comunicati\/viaggi-e-vacanze\/un-capodanno-immerso-nel-verde-dellumbria\/\",\"name\":\"Un Capodanno immerso nel verde dell'Umbria - Article Marketing\",\"isPartOf\":{\"@id\":\"https:\/\/www.article-marketing.eu\/comunicati\/#website\"},\"datePublished\":\"2008-10-31T15:52:31+00:00\",\"dateModified\":\"2018-06-04T18:09:26+00:00\",\"author\":{\"@id\":\"https:\/\/www.article-marketing.eu\/comunicati\/#\/schema\/person\/44372e4d4d0fa797b18e03ed1ace9017\"},\"breadcrumb\":{\"@id\":\"https:\/\/www.article-marketing.eu\/comunicati\/viaggi-e-vacanze\/un-capodanno-immerso-nel-verde-dellumbria\/#breadcrumb\"},\"inLanguage\":\"it-IT\",\"potentialAction\":[{\"@type\":\"ReadAction\",\"target\":[\"https:\/\/www.article-marketing.eu\/comunicati\/viaggi-e-vacanze\/un-capodanno-immerso-nel-verde-dellumbria\/\"]}]},{\"@type\":\"BreadcrumbList\",\"@id\":\"https:\/\/www.article-marketing.eu\/comunicati\/viaggi-e-vacanze\/un-capodanno-immerso-nel-verde-dellumbria\/#breadcrumb\",\"itemListElement\":[{\"@type\":\"ListItem\",\"position\":1,\"name\":\"Home\",\"item\":\"https:\/\/www.article-marketing.eu\/comunicati\/\"},{\"@type\":\"ListItem\",\"position\":2,\"name\":\"Un Capodanno immerso nel verde dell&#8217;Umbria\"}]},{\"@type\":\"WebSite\",\"@id\":\"https:\/\/www.article-marketing.eu\/comunicati\/#website\",\"url\":\"https:\/\/www.article-marketing.eu\/comunicati\/\",\"name\":\"Article Marketing\",\"description\":\"article marketing &amp; press release\",\"potentialAction\":[{\"@type\":\"SearchAction\",\"target\":{\"@type\":\"EntryPoint\",\"urlTemplate\":\"https:\/\/www.article-marketing.eu\/comunicati\/?s={search_term_string}\"},\"query-input\":{\"@type\":\"PropertyValueSpecification\",\"valueRequired\":true,\"valueName\":\"search_term_string\"}}],\"inLanguage\":\"it-IT\"},{\"@type\":\"Person\",\"@id\":\"https:\/\/www.article-marketing.eu\/comunicati\/#\/schema\/person\/44372e4d4d0fa797b18e03ed1ace9017\",\"name\":\"Redazione Comunicati Stampa\",\"image\":{\"@type\":\"ImageObject\",\"inLanguage\":\"it-IT\",\"@id\":\"https:\/\/www.article-marketing.eu\/comunicati\/#\/schema\/person\/image\/\",\"url\":\"https:\/\/secure.gravatar.com\/avatar\/50e5c6421d3072f42e7ace803501602c60d75233d34e29fd05feb91c8760b792?s=96&d=mm&r=g\",\"contentUrl\":\"https:\/\/secure.gravatar.com\/avatar\/50e5c6421d3072f42e7ace803501602c60d75233d34e29fd05feb91c8760b792?s=96&d=mm&r=g\",\"caption\":\"Redazione Comunicati Stampa\"},\"url\":\"https:\/\/www.article-marketing.eu\/comunicati\/author\/redazione-comunicati-stampa\/\"}]}<\/script>\n<!-- \/ Yoast SEO plugin. -->","yoast_head_json":{"title":"Un Capodanno immerso nel verde dell'Umbria - Article Marketing","robots":{"index":"index","follow":"follow","max-snippet":"max-snippet:-1","max-image-preview":"max-image-preview:large","max-video-preview":"max-video-preview:-1"},"canonical":"https:\/\/www.article-marketing.eu\/comunicati\/viaggi-e-vacanze\/un-capodanno-immerso-nel-verde-dellumbria\/","og_locale":"it_IT","og_type":"article","og_title":"Un Capodanno immerso nel verde dell'Umbria - Article Marketing","og_description":"Per trascorrere un capodanno indimenticabile noente di meglio che il verde dell'Umbria.","og_url":"https:\/\/www.article-marketing.eu\/comunicati\/viaggi-e-vacanze\/un-capodanno-immerso-nel-verde-dellumbria\/","og_site_name":"Article Marketing","article_published_time":"2008-10-31T15:52:31+00:00","article_modified_time":"2018-06-04T18:09:26+00:00","author":"Redazione Comunicati Stampa","twitter_card":"summary_large_image","twitter_misc":{"Scritto da":"Redazione Comunicati Stampa","Tempo di lettura stimato":"2 minuti"},"schema":{"@context":"https:\/\/schema.org","@graph":[{"@type":"Article","@id":"https:\/\/www.article-marketing.eu\/comunicati\/viaggi-e-vacanze\/un-capodanno-immerso-nel-verde-dellumbria\/#article","isPartOf":{"@id":"https:\/\/www.article-marketing.eu\/comunicati\/viaggi-e-vacanze\/un-capodanno-immerso-nel-verde-dellumbria\/"},"author":{"name":"Redazione Comunicati Stampa","@id":"https:\/\/www.article-marketing.eu\/comunicati\/#\/schema\/person\/44372e4d4d0fa797b18e03ed1ace9017"},"headline":"Un Capodanno immerso nel verde dell&#8217;Umbria","datePublished":"2008-10-31T15:52:31+00:00","dateModified":"2018-06-04T18:09:26+00:00","mainEntityOfPage":{"@id":"https:\/\/www.article-marketing.eu\/comunicati\/viaggi-e-vacanze\/un-capodanno-immerso-nel-verde-dellumbria\/"},"wordCount":426,"commentCount":0,"keywords":["capodanno 2009","capodanno toscana","capodanno umbria"],"articleSection":["Viaggi e vacanze"],"inLanguage":"it-IT","potentialAction":[{"@type":"CommentAction","name":"Comment","target":["https:\/\/www.article-marketing.eu\/comunicati\/viaggi-e-vacanze\/un-capodanno-immerso-nel-verde-dellumbria\/#respond"]}]},{"@type":"WebPage","@id":"https:\/\/www.article-marketing.eu\/comunicati\/viaggi-e-vacanze\/un-capodanno-immerso-nel-verde-dellumbria\/","url":"https:\/\/www.article-marketing.eu\/comunicati\/viaggi-e-vacanze\/un-capodanno-immerso-nel-verde-dellumbria\/","name":"Un Capodanno immerso nel verde dell'Umbria - Article Marketing","isPartOf":{"@id":"https:\/\/www.article-marketing.eu\/comunicati\/#website"},"datePublished":"2008-10-31T15:52:31+00:00","dateModified":"2018-06-04T18:09:26+00:00","author":{"@id":"https:\/\/www.article-marketing.eu\/comunicati\/#\/schema\/person\/44372e4d4d0fa797b18e03ed1ace9017"},"breadcrumb":{"@id":"https:\/\/www.article-marketing.eu\/comunicati\/viaggi-e-vacanze\/un-capodanno-immerso-nel-verde-dellumbria\/#breadcrumb"},"inLanguage":"it-IT","potentialAction":[{"@type":"ReadAction","target":["https:\/\/www.article-marketing.eu\/comunicati\/viaggi-e-vacanze\/un-capodanno-immerso-nel-verde-dellumbria\/"]}]},{"@type":"BreadcrumbList","@id":"https:\/\/www.article-marketing.eu\/comunicati\/viaggi-e-vacanze\/un-capodanno-immerso-nel-verde-dellumbria\/#breadcrumb","itemListElement":[{"@type":"ListItem","position":1,"name":"Home","item":"https:\/\/www.article-marketing.eu\/comunicati\/"},{"@type":"ListItem","position":2,"name":"Un Capodanno immerso nel verde dell&#8217;Umbria"}]},{"@type":"WebSite","@id":"https:\/\/www.article-marketing.eu\/comunicati\/#website","url":"https:\/\/www.article-marketing.eu\/comunicati\/","name":"Article Marketing","description":"article marketing &amp; press release","potentialAction":[{"@type":"SearchAction","target":{"@type":"EntryPoint","urlTemplate":"https:\/\/www.article-marketing.eu\/comunicati\/?s={search_term_string}"},"query-input":{"@type":"PropertyValueSpecification","valueRequired":true,"valueName":"search_term_string"}}],"inLanguage":"it-IT"},{"@type":"Person","@id":"https:\/\/www.article-marketing.eu\/comunicati\/#\/schema\/person\/44372e4d4d0fa797b18e03ed1ace9017","name":"Redazione Comunicati Stampa","image":{"@type":"ImageObject","inLanguage":"it-IT","@id":"https:\/\/www.article-marketing.eu\/comunicati\/#\/schema\/person\/image\/","url":"https:\/\/secure.gravatar.com\/avatar\/50e5c6421d3072f42e7ace803501602c60d75233d34e29fd05feb91c8760b792?s=96&d=mm&r=g","contentUrl":"https:\/\/secure.gravatar.com\/avatar\/50e5c6421d3072f42e7ace803501602c60d75233d34e29fd05feb91c8760b792?s=96&d=mm&r=g","caption":"Redazione Comunicati Stampa"},"url":"https:\/\/www.article-marketing.eu\/comunicati\/author\/redazione-comunicati-stampa\/"}]}},"_links":{"self":[{"href":"https:\/\/www.article-marketing.eu\/comunicati\/wp-json\/wp\/v2\/posts\/829","targetHints":{"allow":["GET"]}}],"collection":[{"href":"https:\/\/www.article-marketing.eu\/comunicati\/wp-json\/wp\/v2\/posts"}],"about":[{"href":"https:\/\/www.article-marketing.eu\/comunicati\/wp-json\/wp\/v2\/types\/post"}],"author":[{"embeddable":true,"href":"https:\/\/www.article-marketing.eu\/comunicati\/wp-json\/wp\/v2\/users\/10"}],"replies":[{"embeddable":true,"href":"https:\/\/www.article-marketing.eu\/comunicati\/wp-json\/wp\/v2\/comments?post=829"}],"version-history":[{"count":1,"href":"https:\/\/www.article-marketing.eu\/comunicati\/wp-json\/wp\/v2\/posts\/829\/revisions"}],"predecessor-version":[{"id":55189,"href":"https:\/\/www.article-marketing.eu\/comunicati\/wp-json\/wp\/v2\/posts\/829\/revisions\/55189"}],"wp:attachment":[{"href":"https:\/\/www.article-marketing.eu\/comunicati\/wp-json\/wp\/v2\/media?parent=829"}],"wp:term":[{"taxonomy":"category","embeddable":true,"href":"https:\/\/www.article-marketing.eu\/comunicati\/wp-json\/wp\/v2\/categories?post=829"},{"taxonomy":"post_tag","embeddable":true,"href":"https:\/\/www.article-marketing.eu\/comunicati\/wp-json\/wp\/v2\/tags?post=829"}],"curies":[{"name":"wp","href":"https:\/\/api.w.org\/{rel}","templated":true}]}}