{"id":83,"date":"2007-11-27T07:25:38","date_gmt":"2007-11-27T06:25:38","guid":{"rendered":"http:\/\/www.article-marketing.eu\/comunicati\/senza-categoria\/speciale-sul-fondo-di-garanzia\/"},"modified":"2007-11-27T07:25:38","modified_gmt":"2007-11-27T06:25:38","slug":"speciale-sul-fondo-di-garanzia","status":"publish","type":"post","link":"https:\/\/www.article-marketing.eu\/comunicati\/economia-e-lavoro\/aziende\/speciale-sul-fondo-di-garanzia\/","title":{"rendered":"Speciale sul Fondo di Garanzia"},"content":{"rendered":"<p>Il successo del fondo di garanzia per le imprese non si legge solo dai numeri.<br \/>\nIl Denaro, testata giornalistica economica e finanziaria con distribuzione nel sud italia, pubblicher\u00e0 uno speciale di 4 numeri sul <b>fondo di garanzia &#8211; legge 662<\/b>.<br \/>\nLo speciale, curato dalla redazione di <a href=\"http:\/\/www.fondodigaranzia.it\">Fondo di Garanzia &#8211; Legge 662 96<\/a> e dai consulenti di AFCTeam &#8211; amministrazione, Finanza e controllo \u00e8 un approfondimento sulla normativa di riferimento, sugli aspetti tecnici, sui dati statistici. Nello speciale, il punto di vista delle banche e delle imprese sullo strumento di agevolazione in grado di facilitare l&#8217;accesso al credito delle PMI.<br \/>\nIl Fondo di garanzia \u00e8 una agevolazione pubblica che prevede l&#8217;intervento dello stato con una garanzia che varia tra il 60 per cento e l&#8217;80 per cento. La garanzia \u00e8 prestata, su richiesta dell&#8217;istituto di credito a favore dell&#8217;impresa che viene finanziata.<br \/>\nNella sostanza l&#8217;agevolazione consiste in un conto garanzia.<br \/>\nLo schema \u00e8 completamente differente rispetto a quello di altre leggi agevolative che prevedono il fondo perduto o il conto interessi.<br \/>\nDal punto di vista di politica economica degli incentivi alle imprese. il fondo di garanzia consente di non avere uno spreco di risorse pubbliche. Il fondo. infatti \u00e8 classificato con il termine di rotativo. Nella sostanza, con il rimborso dei finanziamenti il fondo di garanzia va a reintegrare le risorse disponibili, rendendole nuovamente utilizzabili per altre operazioni.<br \/>\nLe imprese vedono, nella sostanza, una reale possibilit\u00e0 di intervenire per le ristrutturazioni del debito attraverso operazioni di patrimonializzazione e di consolidamento delle passivit\u00e0 a breve.<br \/>\nQuesta tipologia di operazione finanziaria consente di migliorare il rating di basilea e di ridurre il costo del denaro.<br \/>\nLa suddivisione geografica del fondo di garanzia vede prevalere le regioni del Nord italia rispetto a quelle del centro e del Sud. Il solo Piemonte utilizza il Fondo di garanzia &#8211; legge 662\/96 in modo superiore rispetto a tutto il Mezzogiorno.<br \/>\nTra i motivi dello scarso utilizzo certamente un vincolo culturale e la scarsa informazione sullo strumento. Banche e consulenti gli artefici potenziali di cambiamento di cultura finanziaria a patto che abbiano la volont\u00e0 e gli strumenti per farlo.<br \/>\nUna precisazione \u00e8 circa le evoluzioni che lo strumento avr\u00e0 nel tempo. Maggiore specializzazione e sistemi di valutazione pi\u00f9 evoluti. Gi\u00e0 nella finanziaria del 2008 si parla di un fondo di garanzia per le imprese femminili. Il fondo dovrebbe favorire maggiormente le operazioni di start up.<br \/>\nUna seconda importante specializzazione del fondo di garanzia \u00e8 quella prevista per le imprese in crisi. In questo caso lo strumento interviene con vere e proprie operazioni di salvataggio. Sviluppo italia gestisce lo strumento in accordo con numerose banche concessionarie.<br \/>\nUltimo caso di specializzazione \u00e8 quello della finanza alla ricerca e sviluppo e all&#8217;internazionalizzazione.<br \/>\nRicordiamo, inoltre che le operazioni che possono essere realizzate rientrano negli investimenti (materiali e immateriali) nei consolidamenti di passivit\u00e0 a breve, e nelle operazioni di liquidit\u00e0 (sia sul breve che sul medio lungo termine.<br \/>\nQuesto e altro nell&#8217;articolo pubblicato sul denaro dai consulenti di AFCTeam e dalla redazione di Fondo di Garanzia.<br \/>\nDa oggi, le imprese sanno che possono intervenire nella finanza di impresa con uno strumento agile e flessibile, in grado di avere tempi rapidi e certi.<\/p>\n","protected":false},"excerpt":{"rendered":"<p>la redazione del Fondo di Garanzia e AFCTeam presentano: Speciale Fondo di Garanzia sul quotidiano &#8220;il denaro&#8221;<\/p>\n","protected":false},"author":10,"featured_media":0,"comment_status":"open","ping_status":"open","sticky":false,"template":"","format":"standard","meta":{"cybocfi_hide_featured_image":"","footnotes":""},"categories":[129],"tags":[328,177,327],"class_list":["post-83","post","type-post","status-publish","format-standard","hentry","category-aziende","tag-accesso-al-credito","tag-fondo-di-garanzia","tag-legge-662"],"yoast_head":"<!-- This site is optimized with the Yoast SEO plugin v27.0 - https:\/\/yoast.com\/product\/yoast-seo-wordpress\/ -->\n<title>Speciale sul Fondo di Garanzia - Article Marketing<\/title>\n<meta name=\"robots\" content=\"index, follow, max-snippet:-1, max-image-preview:large, max-video-preview:-1\" \/>\n<link rel=\"canonical\" href=\"https:\/\/www.article-marketing.eu\/comunicati\/economia-e-lavoro\/aziende\/speciale-sul-fondo-di-garanzia\/\" \/>\n<meta property=\"og:locale\" content=\"it_IT\" \/>\n<meta property=\"og:type\" content=\"article\" \/>\n<meta property=\"og:title\" content=\"Speciale sul Fondo di Garanzia - Article Marketing\" \/>\n<meta property=\"og:description\" content=\"la redazione del Fondo di Garanzia e AFCTeam presentano: Speciale Fondo di Garanzia sul quotidiano &quot;il denaro&quot;\" \/>\n<meta property=\"og:url\" content=\"https:\/\/www.article-marketing.eu\/comunicati\/economia-e-lavoro\/aziende\/speciale-sul-fondo-di-garanzia\/\" \/>\n<meta property=\"og:site_name\" content=\"Article Marketing\" \/>\n<meta property=\"article:published_time\" content=\"2007-11-27T06:25:38+00:00\" \/>\n<meta name=\"author\" content=\"Redazione Comunicati Stampa\" \/>\n<meta name=\"twitter:card\" content=\"summary_large_image\" \/>\n<meta name=\"twitter:label1\" content=\"Scritto da\" \/>\n\t<meta name=\"twitter:data1\" content=\"Redazione Comunicati Stampa\" \/>\n\t<meta name=\"twitter:label2\" content=\"Tempo di lettura stimato\" \/>\n\t<meta name=\"twitter:data2\" content=\"3 minuti\" \/>\n<script type=\"application\/ld+json\" class=\"yoast-schema-graph\">{\"@context\":\"https:\/\/schema.org\",\"@graph\":[{\"@type\":\"Article\",\"@id\":\"https:\/\/www.article-marketing.eu\/comunicati\/economia-e-lavoro\/aziende\/speciale-sul-fondo-di-garanzia\/#article\",\"isPartOf\":{\"@id\":\"https:\/\/www.article-marketing.eu\/comunicati\/economia-e-lavoro\/aziende\/speciale-sul-fondo-di-garanzia\/\"},\"author\":{\"name\":\"Redazione Comunicati Stampa\",\"@id\":\"https:\/\/www.article-marketing.eu\/comunicati\/#\/schema\/person\/44372e4d4d0fa797b18e03ed1ace9017\"},\"headline\":\"Speciale sul Fondo di Garanzia\",\"datePublished\":\"2007-11-27T06:25:38+00:00\",\"mainEntityOfPage\":{\"@id\":\"https:\/\/www.article-marketing.eu\/comunicati\/economia-e-lavoro\/aziende\/speciale-sul-fondo-di-garanzia\/\"},\"wordCount\":520,\"commentCount\":0,\"keywords\":[\"accesso al credito\",\"fondo di garanzia\",\"legge 662\"],\"articleSection\":[\"Aziende\"],\"inLanguage\":\"it-IT\",\"potentialAction\":[{\"@type\":\"CommentAction\",\"name\":\"Comment\",\"target\":[\"https:\/\/www.article-marketing.eu\/comunicati\/economia-e-lavoro\/aziende\/speciale-sul-fondo-di-garanzia\/#respond\"]}]},{\"@type\":\"WebPage\",\"@id\":\"https:\/\/www.article-marketing.eu\/comunicati\/economia-e-lavoro\/aziende\/speciale-sul-fondo-di-garanzia\/\",\"url\":\"https:\/\/www.article-marketing.eu\/comunicati\/economia-e-lavoro\/aziende\/speciale-sul-fondo-di-garanzia\/\",\"name\":\"Speciale sul Fondo di Garanzia - Article Marketing\",\"isPartOf\":{\"@id\":\"https:\/\/www.article-marketing.eu\/comunicati\/#website\"},\"datePublished\":\"2007-11-27T06:25:38+00:00\",\"author\":{\"@id\":\"https:\/\/www.article-marketing.eu\/comunicati\/#\/schema\/person\/44372e4d4d0fa797b18e03ed1ace9017\"},\"breadcrumb\":{\"@id\":\"https:\/\/www.article-marketing.eu\/comunicati\/economia-e-lavoro\/aziende\/speciale-sul-fondo-di-garanzia\/#breadcrumb\"},\"inLanguage\":\"it-IT\",\"potentialAction\":[{\"@type\":\"ReadAction\",\"target\":[\"https:\/\/www.article-marketing.eu\/comunicati\/economia-e-lavoro\/aziende\/speciale-sul-fondo-di-garanzia\/\"]}]},{\"@type\":\"BreadcrumbList\",\"@id\":\"https:\/\/www.article-marketing.eu\/comunicati\/economia-e-lavoro\/aziende\/speciale-sul-fondo-di-garanzia\/#breadcrumb\",\"itemListElement\":[{\"@type\":\"ListItem\",\"position\":1,\"name\":\"Home\",\"item\":\"https:\/\/www.article-marketing.eu\/comunicati\/\"},{\"@type\":\"ListItem\",\"position\":2,\"name\":\"Speciale sul Fondo di Garanzia\"}]},{\"@type\":\"WebSite\",\"@id\":\"https:\/\/www.article-marketing.eu\/comunicati\/#website\",\"url\":\"https:\/\/www.article-marketing.eu\/comunicati\/\",\"name\":\"Article Marketing\",\"description\":\"article marketing &amp; press release\",\"potentialAction\":[{\"@type\":\"SearchAction\",\"target\":{\"@type\":\"EntryPoint\",\"urlTemplate\":\"https:\/\/www.article-marketing.eu\/comunicati\/?s={search_term_string}\"},\"query-input\":{\"@type\":\"PropertyValueSpecification\",\"valueRequired\":true,\"valueName\":\"search_term_string\"}}],\"inLanguage\":\"it-IT\"},{\"@type\":\"Person\",\"@id\":\"https:\/\/www.article-marketing.eu\/comunicati\/#\/schema\/person\/44372e4d4d0fa797b18e03ed1ace9017\",\"name\":\"Redazione Comunicati Stampa\",\"image\":{\"@type\":\"ImageObject\",\"inLanguage\":\"it-IT\",\"@id\":\"https:\/\/www.article-marketing.eu\/comunicati\/#\/schema\/person\/image\/\",\"url\":\"https:\/\/secure.gravatar.com\/avatar\/50e5c6421d3072f42e7ace803501602c60d75233d34e29fd05feb91c8760b792?s=96&d=mm&r=g\",\"contentUrl\":\"https:\/\/secure.gravatar.com\/avatar\/50e5c6421d3072f42e7ace803501602c60d75233d34e29fd05feb91c8760b792?s=96&d=mm&r=g\",\"caption\":\"Redazione Comunicati Stampa\"},\"url\":\"https:\/\/www.article-marketing.eu\/comunicati\/author\/redazione-comunicati-stampa\/\"}]}<\/script>\n<!-- \/ Yoast SEO plugin. -->","yoast_head_json":{"title":"Speciale sul Fondo di Garanzia - Article Marketing","robots":{"index":"index","follow":"follow","max-snippet":"max-snippet:-1","max-image-preview":"max-image-preview:large","max-video-preview":"max-video-preview:-1"},"canonical":"https:\/\/www.article-marketing.eu\/comunicati\/economia-e-lavoro\/aziende\/speciale-sul-fondo-di-garanzia\/","og_locale":"it_IT","og_type":"article","og_title":"Speciale sul Fondo di Garanzia - Article Marketing","og_description":"la redazione del Fondo di Garanzia e AFCTeam presentano: Speciale Fondo di Garanzia sul quotidiano \"il denaro\"","og_url":"https:\/\/www.article-marketing.eu\/comunicati\/economia-e-lavoro\/aziende\/speciale-sul-fondo-di-garanzia\/","og_site_name":"Article Marketing","article_published_time":"2007-11-27T06:25:38+00:00","author":"Redazione Comunicati Stampa","twitter_card":"summary_large_image","twitter_misc":{"Scritto da":"Redazione Comunicati Stampa","Tempo di lettura stimato":"3 minuti"},"schema":{"@context":"https:\/\/schema.org","@graph":[{"@type":"Article","@id":"https:\/\/www.article-marketing.eu\/comunicati\/economia-e-lavoro\/aziende\/speciale-sul-fondo-di-garanzia\/#article","isPartOf":{"@id":"https:\/\/www.article-marketing.eu\/comunicati\/economia-e-lavoro\/aziende\/speciale-sul-fondo-di-garanzia\/"},"author":{"name":"Redazione Comunicati Stampa","@id":"https:\/\/www.article-marketing.eu\/comunicati\/#\/schema\/person\/44372e4d4d0fa797b18e03ed1ace9017"},"headline":"Speciale sul Fondo di Garanzia","datePublished":"2007-11-27T06:25:38+00:00","mainEntityOfPage":{"@id":"https:\/\/www.article-marketing.eu\/comunicati\/economia-e-lavoro\/aziende\/speciale-sul-fondo-di-garanzia\/"},"wordCount":520,"commentCount":0,"keywords":["accesso al credito","fondo di garanzia","legge 662"],"articleSection":["Aziende"],"inLanguage":"it-IT","potentialAction":[{"@type":"CommentAction","name":"Comment","target":["https:\/\/www.article-marketing.eu\/comunicati\/economia-e-lavoro\/aziende\/speciale-sul-fondo-di-garanzia\/#respond"]}]},{"@type":"WebPage","@id":"https:\/\/www.article-marketing.eu\/comunicati\/economia-e-lavoro\/aziende\/speciale-sul-fondo-di-garanzia\/","url":"https:\/\/www.article-marketing.eu\/comunicati\/economia-e-lavoro\/aziende\/speciale-sul-fondo-di-garanzia\/","name":"Speciale sul Fondo di Garanzia - Article Marketing","isPartOf":{"@id":"https:\/\/www.article-marketing.eu\/comunicati\/#website"},"datePublished":"2007-11-27T06:25:38+00:00","author":{"@id":"https:\/\/www.article-marketing.eu\/comunicati\/#\/schema\/person\/44372e4d4d0fa797b18e03ed1ace9017"},"breadcrumb":{"@id":"https:\/\/www.article-marketing.eu\/comunicati\/economia-e-lavoro\/aziende\/speciale-sul-fondo-di-garanzia\/#breadcrumb"},"inLanguage":"it-IT","potentialAction":[{"@type":"ReadAction","target":["https:\/\/www.article-marketing.eu\/comunicati\/economia-e-lavoro\/aziende\/speciale-sul-fondo-di-garanzia\/"]}]},{"@type":"BreadcrumbList","@id":"https:\/\/www.article-marketing.eu\/comunicati\/economia-e-lavoro\/aziende\/speciale-sul-fondo-di-garanzia\/#breadcrumb","itemListElement":[{"@type":"ListItem","position":1,"name":"Home","item":"https:\/\/www.article-marketing.eu\/comunicati\/"},{"@type":"ListItem","position":2,"name":"Speciale sul Fondo di Garanzia"}]},{"@type":"WebSite","@id":"https:\/\/www.article-marketing.eu\/comunicati\/#website","url":"https:\/\/www.article-marketing.eu\/comunicati\/","name":"Article Marketing","description":"article marketing &amp; press release","potentialAction":[{"@type":"SearchAction","target":{"@type":"EntryPoint","urlTemplate":"https:\/\/www.article-marketing.eu\/comunicati\/?s={search_term_string}"},"query-input":{"@type":"PropertyValueSpecification","valueRequired":true,"valueName":"search_term_string"}}],"inLanguage":"it-IT"},{"@type":"Person","@id":"https:\/\/www.article-marketing.eu\/comunicati\/#\/schema\/person\/44372e4d4d0fa797b18e03ed1ace9017","name":"Redazione Comunicati Stampa","image":{"@type":"ImageObject","inLanguage":"it-IT","@id":"https:\/\/www.article-marketing.eu\/comunicati\/#\/schema\/person\/image\/","url":"https:\/\/secure.gravatar.com\/avatar\/50e5c6421d3072f42e7ace803501602c60d75233d34e29fd05feb91c8760b792?s=96&d=mm&r=g","contentUrl":"https:\/\/secure.gravatar.com\/avatar\/50e5c6421d3072f42e7ace803501602c60d75233d34e29fd05feb91c8760b792?s=96&d=mm&r=g","caption":"Redazione Comunicati Stampa"},"url":"https:\/\/www.article-marketing.eu\/comunicati\/author\/redazione-comunicati-stampa\/"}]}},"_links":{"self":[{"href":"https:\/\/www.article-marketing.eu\/comunicati\/wp-json\/wp\/v2\/posts\/83","targetHints":{"allow":["GET"]}}],"collection":[{"href":"https:\/\/www.article-marketing.eu\/comunicati\/wp-json\/wp\/v2\/posts"}],"about":[{"href":"https:\/\/www.article-marketing.eu\/comunicati\/wp-json\/wp\/v2\/types\/post"}],"author":[{"embeddable":true,"href":"https:\/\/www.article-marketing.eu\/comunicati\/wp-json\/wp\/v2\/users\/10"}],"replies":[{"embeddable":true,"href":"https:\/\/www.article-marketing.eu\/comunicati\/wp-json\/wp\/v2\/comments?post=83"}],"version-history":[{"count":0,"href":"https:\/\/www.article-marketing.eu\/comunicati\/wp-json\/wp\/v2\/posts\/83\/revisions"}],"wp:attachment":[{"href":"https:\/\/www.article-marketing.eu\/comunicati\/wp-json\/wp\/v2\/media?parent=83"}],"wp:term":[{"taxonomy":"category","embeddable":true,"href":"https:\/\/www.article-marketing.eu\/comunicati\/wp-json\/wp\/v2\/categories?post=83"},{"taxonomy":"post_tag","embeddable":true,"href":"https:\/\/www.article-marketing.eu\/comunicati\/wp-json\/wp\/v2\/tags?post=83"}],"curies":[{"name":"wp","href":"https:\/\/api.w.org\/{rel}","templated":true}]}}