{"id":838,"date":"2008-11-03T22:46:20","date_gmt":"2008-11-03T21:46:20","guid":{"rendered":"http:\/\/www.article-marketing.eu\/comunicati\/senza-categoria\/facebook-e-adesso-chi-dorme-piu\/"},"modified":"2008-11-03T22:46:20","modified_gmt":"2008-11-03T21:46:20","slug":"facebook-e-adesso-chi-dorme-piu","status":"publish","type":"post","link":"https:\/\/www.article-marketing.eu\/comunicati\/societa\/news-e-attualita\/facebook-e-adesso-chi-dorme-piu\/","title":{"rendered":"FACEBOOK \u2026 e adesso chi dorme pi\u00f9 !"},"content":{"rendered":"<p style=\"MARGIN: 0pt\">Di recente ho aperto la mia pagina su facebook \u2026 non la pagina di mammaoutout, ma proprio la mia, quella della mia vera identit\u00e0 e ora \u2026 non dormo + la notte!!<\/p>\n<p style=\"MARGIN: 0pt\">Bellissimo, mi contattano vecchi amici da ogni parte del mondo.<\/p>\n<p style=\"MARGIN: 0pt\">&nbsp;<\/p>\n<p style=\"MARGIN: 0pt\">Un gruppo di adolescenti che ora ultraquarantenni si sono sparpagliati in ogni angolo del mondo \u2026 scrivevi mail ( e si parla di pochi mesi fa) e ora chatti sulle bacheche di amici neo-australiani , neo-americani, neo-inglese, neo-alaskesi (si dice?) \u2026 e non basta skype suona a tutte le ore e ti trovi a chattare contemporaneamente con clienti e amici cercando di mantenere il giusto tono, ci manca solo che scrivi&nbsp; del tuo primo amore con il cliente turco che conosce l\u2019italiano \u2026.<\/p>\n<p style=\"MARGIN: 0pt\">&nbsp;<\/p>\n<p style=\"MARGIN: 0pt\">Senza parlare delle foto, dei video, degli eventi, dei gruppi, delle richieste di amicizia e del tempo . \u2026. Mannaggia il tempo!<\/p>\n<p style=\"MARGIN: 0pt\">&nbsp;<\/p>\n<p style=\"MARGIN: 0pt\">Facevi gi\u00e0 fatica a gestire 2 figli, un marito, un lavoro, tre associazioni, il teatro \u2026<\/p>\n<p style=\"MARGIN: 0pt\">Mi sentivo gi\u00e0 wonderwoman ma adesso \u00e8 troppo !<\/p>\n<p style=\"MARGIN: 0pt\">&nbsp;<\/p>\n<p style=\"MARGIN: 0pt\">Dopo il primo momento di eccitazione, fermento ed entusiasmo sto entrando nella fase di \u201c non ci sto dientro\u201d<\/p>\n<p style=\"MARGIN: 0pt\">&nbsp;<\/p>\n<p style=\"MARGIN: 0pt\">Ma voi ce la fate?<\/p>\n<p style=\"MARGIN: 0pt\">&nbsp;<\/p>\n<p style=\"MARGIN: 0pt\">Inizio ad avere sensi di colpa, non dedico abbastanza tempo alle persone che mi circondano, penso, scrivo, entro in relazione con tutti tranne che con quelli che mi circondano realmente.<\/p>\n<p style=\"MARGIN: 0pt\">&nbsp;<\/p>\n<p style=\"MARGIN: 0pt\">Io e mio marito siamo nella stessa casa ma in due stanza diverse, io su un pc e lui sull\u2019altro. I miei figli vanno a letto chiedendo le coccole e io, impegnata a chattare, scrivere e parlare del passato arrivo vicino al suo lettino quando gi\u00e0 dorme. <\/p>\n<p style=\"MARGIN: 0pt\">&nbsp;<\/p>\n<p style=\"MARGIN: 0pt\">Mi impegno nel sociale, faccio volontariato, sono paziente con tutti tranne che con loro. Giustifico tutti, ma non toller\u00f2 pi\u00f9 loro, le loro pazzie da bambini e le loro continue richieste di attenzione! <\/p>\n<p style=\"MARGIN: 0pt\">Vorrei tanto che si arrangiassero, che non parlassero quando sono irritabile\u2026 ma sono bambini, insopportabili, amorevoli bambini.<\/p>\n<p style=\"MARGIN: 0pt\">&nbsp;<\/p>\n<p style=\"MARGIN: 0pt\">Ho pubblicato in un mio post la tecnica delle faccine, copiata e adorata da moltissime famiglie.<\/p>\n<p style=\"MARGIN: 0pt\"><a href=\"http:\/\/evoluzionedimamma.blogspot.com\/2008\/08\/come-incentivare-i-propri-figli-basta.html\">http:\/\/evoluzionedimamma.blogspot.com\/2008\/08\/come-incentivare-i-propri-figli-basta.html<\/a><\/p>\n<p style=\"MARGIN: 0pt\">Si riescono ad ottenere meravigliose cose dai nostri bambini con il sistema della gratificazione e a noi chi ci gratifica?<\/p>\n<p style=\"MARGIN: 0pt\">&nbsp;<\/p>\n<p style=\"MARGIN: 0pt\">Facebook ? skype? <\/p>\n<p style=\"MARGIN: 0pt\">Senza di loro non vivo pi\u00f9, o \u00e8 forse con loro che davvero non sto vivendo pi\u00f9? <\/p>\n<p style=\"MARGIN: 0pt\">&nbsp;<\/p>\n<p style=\"MARGIN: 0pt\">Una mammaoutout in crisi tecno familiare <\/p>\n","protected":false},"excerpt":{"rendered":"<p>la supercomunicazione ci rende pi\u00f9 vicini o pi\u00f9 lontani ! &#8230;<br \/>\nDopo una prima ed esuberante reazione .. inizio a sentirmi schiava<\/p>\n","protected":false},"author":10,"featured_media":0,"comment_status":"open","ping_status":"open","sticky":false,"template":"","format":"standard","meta":{"cybocfi_hide_featured_image":"","footnotes":""},"categories":[81],"tags":[2952,320,259,569],"class_list":["post-838","post","type-post","status-publish","format-standard","hentry","category-news-e-attualita","tag-facebook","tag-internet","tag-tecnologia","tag-web"],"yoast_head":"<!-- This site is optimized with the Yoast SEO plugin v27.0 - https:\/\/yoast.com\/product\/yoast-seo-wordpress\/ -->\n<title>FACEBOOK \u2026 e adesso chi dorme pi\u00f9 ! - Article Marketing<\/title>\n<meta name=\"robots\" content=\"index, follow, max-snippet:-1, max-image-preview:large, max-video-preview:-1\" \/>\n<link rel=\"canonical\" href=\"https:\/\/www.article-marketing.eu\/comunicati\/societa\/news-e-attualita\/facebook-e-adesso-chi-dorme-piu\/\" \/>\n<meta property=\"og:locale\" content=\"it_IT\" \/>\n<meta property=\"og:type\" content=\"article\" \/>\n<meta property=\"og:title\" content=\"FACEBOOK \u2026 e adesso chi dorme pi\u00f9 ! - Article Marketing\" \/>\n<meta property=\"og:description\" content=\"la supercomunicazione ci rende pi\u00f9 vicini o pi\u00f9 lontani ! ... Dopo una prima ed esuberante reazione .. inizio a sentirmi schiava\" \/>\n<meta property=\"og:url\" content=\"https:\/\/www.article-marketing.eu\/comunicati\/societa\/news-e-attualita\/facebook-e-adesso-chi-dorme-piu\/\" \/>\n<meta property=\"og:site_name\" content=\"Article Marketing\" \/>\n<meta property=\"article:published_time\" content=\"2008-11-03T21:46:20+00:00\" \/>\n<meta name=\"author\" content=\"Redazione Comunicati Stampa\" \/>\n<meta name=\"twitter:card\" content=\"summary_large_image\" \/>\n<meta name=\"twitter:label1\" content=\"Scritto da\" \/>\n\t<meta name=\"twitter:data1\" content=\"Redazione Comunicati Stampa\" \/>\n\t<meta name=\"twitter:label2\" content=\"Tempo di lettura stimato\" \/>\n\t<meta name=\"twitter:data2\" content=\"2 minuti\" \/>\n<script type=\"application\/ld+json\" class=\"yoast-schema-graph\">{\"@context\":\"https:\/\/schema.org\",\"@graph\":[{\"@type\":\"Article\",\"@id\":\"https:\/\/www.article-marketing.eu\/comunicati\/societa\/news-e-attualita\/facebook-e-adesso-chi-dorme-piu\/#article\",\"isPartOf\":{\"@id\":\"https:\/\/www.article-marketing.eu\/comunicati\/societa\/news-e-attualita\/facebook-e-adesso-chi-dorme-piu\/\"},\"author\":{\"name\":\"Redazione Comunicati Stampa\",\"@id\":\"https:\/\/www.article-marketing.eu\/comunicati\/#\/schema\/person\/44372e4d4d0fa797b18e03ed1ace9017\"},\"headline\":\"FACEBOOK \u2026 e adesso chi dorme pi\u00f9 !\",\"datePublished\":\"2008-11-03T21:46:20+00:00\",\"mainEntityOfPage\":{\"@id\":\"https:\/\/www.article-marketing.eu\/comunicati\/societa\/news-e-attualita\/facebook-e-adesso-chi-dorme-piu\/\"},\"wordCount\":394,\"commentCount\":0,\"keywords\":[\"facebook\",\"internet\",\"tecnologia\",\"web\"],\"articleSection\":[\"News e Attualit\u00e0\"],\"inLanguage\":\"it-IT\",\"potentialAction\":[{\"@type\":\"CommentAction\",\"name\":\"Comment\",\"target\":[\"https:\/\/www.article-marketing.eu\/comunicati\/societa\/news-e-attualita\/facebook-e-adesso-chi-dorme-piu\/#respond\"]}]},{\"@type\":\"WebPage\",\"@id\":\"https:\/\/www.article-marketing.eu\/comunicati\/societa\/news-e-attualita\/facebook-e-adesso-chi-dorme-piu\/\",\"url\":\"https:\/\/www.article-marketing.eu\/comunicati\/societa\/news-e-attualita\/facebook-e-adesso-chi-dorme-piu\/\",\"name\":\"FACEBOOK \u2026 e adesso chi dorme pi\u00f9 ! - Article Marketing\",\"isPartOf\":{\"@id\":\"https:\/\/www.article-marketing.eu\/comunicati\/#website\"},\"datePublished\":\"2008-11-03T21:46:20+00:00\",\"author\":{\"@id\":\"https:\/\/www.article-marketing.eu\/comunicati\/#\/schema\/person\/44372e4d4d0fa797b18e03ed1ace9017\"},\"breadcrumb\":{\"@id\":\"https:\/\/www.article-marketing.eu\/comunicati\/societa\/news-e-attualita\/facebook-e-adesso-chi-dorme-piu\/#breadcrumb\"},\"inLanguage\":\"it-IT\",\"potentialAction\":[{\"@type\":\"ReadAction\",\"target\":[\"https:\/\/www.article-marketing.eu\/comunicati\/societa\/news-e-attualita\/facebook-e-adesso-chi-dorme-piu\/\"]}]},{\"@type\":\"BreadcrumbList\",\"@id\":\"https:\/\/www.article-marketing.eu\/comunicati\/societa\/news-e-attualita\/facebook-e-adesso-chi-dorme-piu\/#breadcrumb\",\"itemListElement\":[{\"@type\":\"ListItem\",\"position\":1,\"name\":\"Home\",\"item\":\"https:\/\/www.article-marketing.eu\/comunicati\/\"},{\"@type\":\"ListItem\",\"position\":2,\"name\":\"FACEBOOK \u2026 e adesso chi dorme pi\u00f9 !\"}]},{\"@type\":\"WebSite\",\"@id\":\"https:\/\/www.article-marketing.eu\/comunicati\/#website\",\"url\":\"https:\/\/www.article-marketing.eu\/comunicati\/\",\"name\":\"Article Marketing\",\"description\":\"article marketing &amp; press release\",\"potentialAction\":[{\"@type\":\"SearchAction\",\"target\":{\"@type\":\"EntryPoint\",\"urlTemplate\":\"https:\/\/www.article-marketing.eu\/comunicati\/?s={search_term_string}\"},\"query-input\":{\"@type\":\"PropertyValueSpecification\",\"valueRequired\":true,\"valueName\":\"search_term_string\"}}],\"inLanguage\":\"it-IT\"},{\"@type\":\"Person\",\"@id\":\"https:\/\/www.article-marketing.eu\/comunicati\/#\/schema\/person\/44372e4d4d0fa797b18e03ed1ace9017\",\"name\":\"Redazione Comunicati Stampa\",\"image\":{\"@type\":\"ImageObject\",\"inLanguage\":\"it-IT\",\"@id\":\"https:\/\/www.article-marketing.eu\/comunicati\/#\/schema\/person\/image\/\",\"url\":\"https:\/\/secure.gravatar.com\/avatar\/50e5c6421d3072f42e7ace803501602c60d75233d34e29fd05feb91c8760b792?s=96&d=mm&r=g\",\"contentUrl\":\"https:\/\/secure.gravatar.com\/avatar\/50e5c6421d3072f42e7ace803501602c60d75233d34e29fd05feb91c8760b792?s=96&d=mm&r=g\",\"caption\":\"Redazione Comunicati Stampa\"},\"url\":\"https:\/\/www.article-marketing.eu\/comunicati\/author\/redazione-comunicati-stampa\/\"}]}<\/script>\n<!-- \/ Yoast SEO plugin. -->","yoast_head_json":{"title":"FACEBOOK \u2026 e adesso chi dorme pi\u00f9 ! - Article Marketing","robots":{"index":"index","follow":"follow","max-snippet":"max-snippet:-1","max-image-preview":"max-image-preview:large","max-video-preview":"max-video-preview:-1"},"canonical":"https:\/\/www.article-marketing.eu\/comunicati\/societa\/news-e-attualita\/facebook-e-adesso-chi-dorme-piu\/","og_locale":"it_IT","og_type":"article","og_title":"FACEBOOK \u2026 e adesso chi dorme pi\u00f9 ! - Article Marketing","og_description":"la supercomunicazione ci rende pi\u00f9 vicini o pi\u00f9 lontani ! ... Dopo una prima ed esuberante reazione .. inizio a sentirmi schiava","og_url":"https:\/\/www.article-marketing.eu\/comunicati\/societa\/news-e-attualita\/facebook-e-adesso-chi-dorme-piu\/","og_site_name":"Article Marketing","article_published_time":"2008-11-03T21:46:20+00:00","author":"Redazione Comunicati Stampa","twitter_card":"summary_large_image","twitter_misc":{"Scritto da":"Redazione Comunicati Stampa","Tempo di lettura stimato":"2 minuti"},"schema":{"@context":"https:\/\/schema.org","@graph":[{"@type":"Article","@id":"https:\/\/www.article-marketing.eu\/comunicati\/societa\/news-e-attualita\/facebook-e-adesso-chi-dorme-piu\/#article","isPartOf":{"@id":"https:\/\/www.article-marketing.eu\/comunicati\/societa\/news-e-attualita\/facebook-e-adesso-chi-dorme-piu\/"},"author":{"name":"Redazione Comunicati Stampa","@id":"https:\/\/www.article-marketing.eu\/comunicati\/#\/schema\/person\/44372e4d4d0fa797b18e03ed1ace9017"},"headline":"FACEBOOK \u2026 e adesso chi dorme pi\u00f9 !","datePublished":"2008-11-03T21:46:20+00:00","mainEntityOfPage":{"@id":"https:\/\/www.article-marketing.eu\/comunicati\/societa\/news-e-attualita\/facebook-e-adesso-chi-dorme-piu\/"},"wordCount":394,"commentCount":0,"keywords":["facebook","internet","tecnologia","web"],"articleSection":["News e Attualit\u00e0"],"inLanguage":"it-IT","potentialAction":[{"@type":"CommentAction","name":"Comment","target":["https:\/\/www.article-marketing.eu\/comunicati\/societa\/news-e-attualita\/facebook-e-adesso-chi-dorme-piu\/#respond"]}]},{"@type":"WebPage","@id":"https:\/\/www.article-marketing.eu\/comunicati\/societa\/news-e-attualita\/facebook-e-adesso-chi-dorme-piu\/","url":"https:\/\/www.article-marketing.eu\/comunicati\/societa\/news-e-attualita\/facebook-e-adesso-chi-dorme-piu\/","name":"FACEBOOK \u2026 e adesso chi dorme pi\u00f9 ! - Article Marketing","isPartOf":{"@id":"https:\/\/www.article-marketing.eu\/comunicati\/#website"},"datePublished":"2008-11-03T21:46:20+00:00","author":{"@id":"https:\/\/www.article-marketing.eu\/comunicati\/#\/schema\/person\/44372e4d4d0fa797b18e03ed1ace9017"},"breadcrumb":{"@id":"https:\/\/www.article-marketing.eu\/comunicati\/societa\/news-e-attualita\/facebook-e-adesso-chi-dorme-piu\/#breadcrumb"},"inLanguage":"it-IT","potentialAction":[{"@type":"ReadAction","target":["https:\/\/www.article-marketing.eu\/comunicati\/societa\/news-e-attualita\/facebook-e-adesso-chi-dorme-piu\/"]}]},{"@type":"BreadcrumbList","@id":"https:\/\/www.article-marketing.eu\/comunicati\/societa\/news-e-attualita\/facebook-e-adesso-chi-dorme-piu\/#breadcrumb","itemListElement":[{"@type":"ListItem","position":1,"name":"Home","item":"https:\/\/www.article-marketing.eu\/comunicati\/"},{"@type":"ListItem","position":2,"name":"FACEBOOK \u2026 e adesso chi dorme pi\u00f9 !"}]},{"@type":"WebSite","@id":"https:\/\/www.article-marketing.eu\/comunicati\/#website","url":"https:\/\/www.article-marketing.eu\/comunicati\/","name":"Article Marketing","description":"article marketing &amp; press release","potentialAction":[{"@type":"SearchAction","target":{"@type":"EntryPoint","urlTemplate":"https:\/\/www.article-marketing.eu\/comunicati\/?s={search_term_string}"},"query-input":{"@type":"PropertyValueSpecification","valueRequired":true,"valueName":"search_term_string"}}],"inLanguage":"it-IT"},{"@type":"Person","@id":"https:\/\/www.article-marketing.eu\/comunicati\/#\/schema\/person\/44372e4d4d0fa797b18e03ed1ace9017","name":"Redazione Comunicati Stampa","image":{"@type":"ImageObject","inLanguage":"it-IT","@id":"https:\/\/www.article-marketing.eu\/comunicati\/#\/schema\/person\/image\/","url":"https:\/\/secure.gravatar.com\/avatar\/50e5c6421d3072f42e7ace803501602c60d75233d34e29fd05feb91c8760b792?s=96&d=mm&r=g","contentUrl":"https:\/\/secure.gravatar.com\/avatar\/50e5c6421d3072f42e7ace803501602c60d75233d34e29fd05feb91c8760b792?s=96&d=mm&r=g","caption":"Redazione Comunicati Stampa"},"url":"https:\/\/www.article-marketing.eu\/comunicati\/author\/redazione-comunicati-stampa\/"}]}},"_links":{"self":[{"href":"https:\/\/www.article-marketing.eu\/comunicati\/wp-json\/wp\/v2\/posts\/838","targetHints":{"allow":["GET"]}}],"collection":[{"href":"https:\/\/www.article-marketing.eu\/comunicati\/wp-json\/wp\/v2\/posts"}],"about":[{"href":"https:\/\/www.article-marketing.eu\/comunicati\/wp-json\/wp\/v2\/types\/post"}],"author":[{"embeddable":true,"href":"https:\/\/www.article-marketing.eu\/comunicati\/wp-json\/wp\/v2\/users\/10"}],"replies":[{"embeddable":true,"href":"https:\/\/www.article-marketing.eu\/comunicati\/wp-json\/wp\/v2\/comments?post=838"}],"version-history":[{"count":0,"href":"https:\/\/www.article-marketing.eu\/comunicati\/wp-json\/wp\/v2\/posts\/838\/revisions"}],"wp:attachment":[{"href":"https:\/\/www.article-marketing.eu\/comunicati\/wp-json\/wp\/v2\/media?parent=838"}],"wp:term":[{"taxonomy":"category","embeddable":true,"href":"https:\/\/www.article-marketing.eu\/comunicati\/wp-json\/wp\/v2\/categories?post=838"},{"taxonomy":"post_tag","embeddable":true,"href":"https:\/\/www.article-marketing.eu\/comunicati\/wp-json\/wp\/v2\/tags?post=838"}],"curies":[{"name":"wp","href":"https:\/\/api.w.org\/{rel}","templated":true}]}}