{"id":84,"date":"2007-11-27T14:28:16","date_gmt":"2007-11-27T13:28:16","guid":{"rendered":"http:\/\/www.article-marketing.eu\/comunicati\/senza-categoria\/quando-la-bellezza-genera-il-business-i-calendari\/"},"modified":"2007-11-27T14:28:16","modified_gmt":"2007-11-27T13:28:16","slug":"quando-la-bellezza-genera-il-business-i-calendari","status":"publish","type":"post","link":"https:\/\/www.article-marketing.eu\/comunicati\/comunicati-stampa\/quando-la-bellezza-genera-il-business-i-calendari\/","title":{"rendered":"Quando la bellezza genera il business: i calendari"},"content":{"rendered":"<p>Se la bellezza si potesse misurare a suon di calendari i conti sarebbero presto fatti. Bionde, more, rosse, ce n\u2019\u00e8 per tutti i gusti!<br \/>\nAlcuni sono maliziosi, altri sono pi\u00f9 casti. Ci sono quelli promozionali e quelli editoriali. Insomma, belli o brutti che siano da anni i calendari dominano un mercato in costante crescita. <\/p>\n<p>Tra veline, letterine, attrici e modelle la storia si perde nel corso del tempo. Come archivi storici, memoria futura di un fascino che non declina mai, i calendari hanno conosciuto fasi alterne. Difficile risalire a quello che fu il primo vero e unico, ma una cosa \u00e8 certa: il loro successo non conosce tregua. Gli appassionati sono un gruppo sempre pi\u00f9 nutrito. Ci sono gli eterni innamorati. Quelli che si affezionano alla loro beniamina e anno dopo anno aspettano con impazienza un nuovo capolavoro sexy.<br \/>\nCi sono i collezionisti, coloro che accumulano intere raccolte di \u201cdonzelle dalle grazie svelate\u201d. I pi\u00f9 aspettano le new entry del momento. Corpi scolpiti dal desiderio di apparire e lasciare un\u2019impronta nel mondo dello spettacolo. Ci sono le reginette dei calendari. Le insuperabili elette da un\u2019arte maliziosa che si sono conquistate le luci della ribalta. Alessia Fabiani, Anna Falchi, Mascia Ferri sono solo alcuni nomi del firmamento delle stelle senza veli. <\/p>\n<p>Donne che attraversano la strada dell\u2019inflazione con sguardo fiero e corpi sinuosi, ammiccando seducenti all\u2019obiettivo del fotografo.<br \/>\nCerto la palma d\u2019oro spetta al calendario Pirelli. Dal 1964 ad oggi si \u00e8 affermato come pilastro di arte e bellezza. Da 43 anni i pi\u00f9 apprezzati artisti contribuiscono a rendere celebre quello che comunemente viene chiamato \u201cThe Cal\u201d. Nonostante lo stop imposto per 10 anni tra il 1974 e il 1984 dalla recessione economica.<br \/>\nInizialmente molto casto poi passato ad un sapore pi\u00f9 aggressivo e seducente il Calendario Pirelli ha precorso i tempi anticipandone lo stile. L\u2019immagine della donna viene interpretata come femmina da valorizzare e decostruire attraverso simboli, figure, colori e riflessi.<br \/>\n Fra i tanti artisti, Richard Avedon che nel 1985 ha immortalato una giovanissima Naomi Campbell consacrandola all\u2019olimpo della bellezza. Acerba e sensuale musa, la splendida modella di origini londinesi si pu\u00f2 considerare  la regina di una forma di espressione affermata anche in Italia. Un fenomeno reso possibile grazie alle pagine patinate del calendario della rivista Max. Che, pioniera della malizia, presentava nel 1990 il calendario delle top model grazie alla bravura di Helmut Newton.<br \/>\nMerita inoltre una citazione speciale quello che, probabilmente (anche se risulta impossibile verificarlo con certezza), rappresenta uno dei primi lavori mai realizzati prima che la censura dell\u2019Anno Santo facesse il suo corso per circa un ventennio. Risale infatti al 1950 il calendario sexy, se cos\u00ec si pu\u00f2 dire, pubblicato dalla casa editrice C.E.N.A. di Milano. Per 30 lire era possibile acquistare questa vera e propria opera d\u2019arte in 12 scatti decisamente casti ma gi\u00e0 proiettati verso l\u2019ideale erotico di fronte al quale nessuno ora si scandalizza pi\u00f9. <\/p>\n<p>Da allora  la corsa agli scatti pi\u00f9 sensuali \u00e8 stata inarrestabile. Chi non ricorda le forme prorompenti di Monica Bellucci nel 1999 imbronciata di fronte all\u2019obiettivo del fotografo? Oppure Sabrina Ferilli che l\u2019anno successivo ha letteralmente scatenato il record di vendite.<\/p>\n<p>Non c\u2019\u00e8 categoria in grado di resistere al fascino di uno scatto os\u00e9. Gli esempi si sprecano, dal Calendario delle Pescatrici, al Calendario Cofani Funebri. E ancora, il Calendario delle Casalinghe e quello delle Contadine. Senza tralasciare i lavori realizzati a scopo di beneficenza. Che a volte rispondono ai volti maschili dello spettacolo, come quello realizzato nel 2006 dai calciatori per l\u2019Airc. Dunque chi pi\u00f9 ne ha pi\u00f9 ne metta, perch\u00e9 il filone non pare destinato ad esaurirsi rapidamente. <\/p>\n<p>Ma questi sono solo alcuni esempi famosi di uno stile che sempre pi\u00f9 aziende decidono di adottare per promuovere la propria attivit\u00e0. E\u2019 possibile pensare ai calendari come ipotetici specchi riflettenti di una societ\u00e0 fondata sul desiderio di apparire? Si, se questo viene inteso in maniera positiva. E con essa si riconferma la forza di uno strumento che, dislocato dalla sua essenza iniziale, si incontra perfettamente con la capacit\u00e0 di coniugare imprenditorialit\u00e0 ed eleganza.<\/p>\n<p>Nato con lo scopo di stupire, sedurre e imprimere uno stile personale, il calendario \u00e8 diventato un mezzo con cui valorizzare la presenza del marchio aziendale sul mercato. Che sia un regalo con cui omaggiare clienti e fornitori oppure un articolo in vendita che tutti possono acquistare, nel corso degli anni si \u00e8 trasformato in un vero cult. Una ragione per cui sempre pi\u00f9 spesso le aziende si rivolgono ad agenzie esperte nell\u2019individuazione di location e modelle per la realizzazione di progetti dalle grandi potenzialit\u00e0.  E tra business e brand spunta la bellezza e nasce l\u2019affare.<br \/>\nwww.madfactory.it<\/p>\n","protected":false},"excerpt":{"rendered":"<p>Anno dopo anno dalle pagine lucide dei calendari emergono star e bellezze. Con il passare del tempo il calendario non \u00e8 pi\u00f9 solo un semplice &#8220;oggetto del desiderio&#8221; ma ambisce a diventare strumento di business per promuovere marchi e aziende che sempre pi\u00f9 spesso usano i calendari per farsi conoscere e apprezzare<\/p>\n","protected":false},"author":10,"featured_media":0,"comment_status":"open","ping_status":"open","sticky":false,"template":"","format":"standard","meta":{"cybocfi_hide_featured_image":"","footnotes":""},"categories":[190],"tags":[329],"class_list":["post-84","post","type-post","status-publish","format-standard","hentry","category-comunicati-stampa","tag-agenzia-pubblicita-verona-calendario-belen-rodriguez"],"yoast_head":"<!-- This site is optimized with the Yoast SEO plugin v27.0 - https:\/\/yoast.com\/product\/yoast-seo-wordpress\/ -->\n<title>Quando la bellezza genera il business: i calendari - Article Marketing<\/title>\n<meta name=\"robots\" content=\"index, follow, max-snippet:-1, max-image-preview:large, max-video-preview:-1\" \/>\n<link rel=\"canonical\" href=\"https:\/\/www.article-marketing.eu\/comunicati\/comunicati-stampa\/quando-la-bellezza-genera-il-business-i-calendari\/\" \/>\n<meta property=\"og:locale\" content=\"it_IT\" \/>\n<meta property=\"og:type\" content=\"article\" \/>\n<meta property=\"og:title\" content=\"Quando la bellezza genera il business: i calendari - Article Marketing\" \/>\n<meta property=\"og:description\" content=\"Anno dopo anno dalle pagine lucide dei calendari emergono star e bellezze. Con il passare del tempo il calendario non \u00e8 pi\u00f9 solo un semplice &quot;oggetto del desiderio&quot; ma ambisce a diventare strumento di business per promuovere marchi e aziende che sempre pi\u00f9 spesso usano i calendari per farsi conoscere e apprezzare\" \/>\n<meta property=\"og:url\" content=\"https:\/\/www.article-marketing.eu\/comunicati\/comunicati-stampa\/quando-la-bellezza-genera-il-business-i-calendari\/\" \/>\n<meta property=\"og:site_name\" content=\"Article Marketing\" \/>\n<meta property=\"article:published_time\" content=\"2007-11-27T13:28:16+00:00\" \/>\n<meta name=\"author\" content=\"Redazione Comunicati Stampa\" \/>\n<meta name=\"twitter:card\" content=\"summary_large_image\" \/>\n<meta name=\"twitter:label1\" content=\"Scritto da\" \/>\n\t<meta name=\"twitter:data1\" content=\"Redazione Comunicati Stampa\" \/>\n\t<meta name=\"twitter:label2\" content=\"Tempo di lettura stimato\" \/>\n\t<meta name=\"twitter:data2\" content=\"4 minuti\" \/>\n<script type=\"application\/ld+json\" class=\"yoast-schema-graph\">{\"@context\":\"https:\/\/schema.org\",\"@graph\":[{\"@type\":\"Article\",\"@id\":\"https:\/\/www.article-marketing.eu\/comunicati\/comunicati-stampa\/quando-la-bellezza-genera-il-business-i-calendari\/#article\",\"isPartOf\":{\"@id\":\"https:\/\/www.article-marketing.eu\/comunicati\/comunicati-stampa\/quando-la-bellezza-genera-il-business-i-calendari\/\"},\"author\":{\"name\":\"Redazione Comunicati Stampa\",\"@id\":\"https:\/\/www.article-marketing.eu\/comunicati\/#\/schema\/person\/44372e4d4d0fa797b18e03ed1ace9017\"},\"headline\":\"Quando la bellezza genera il business: i calendari\",\"datePublished\":\"2007-11-27T13:28:16+00:00\",\"mainEntityOfPage\":{\"@id\":\"https:\/\/www.article-marketing.eu\/comunicati\/comunicati-stampa\/quando-la-bellezza-genera-il-business-i-calendari\/\"},\"wordCount\":784,\"commentCount\":0,\"keywords\":[\"agenzia pubblicita verona calendario belen rodriguez\"],\"articleSection\":[\"Comunicati stampa\"],\"inLanguage\":\"it-IT\",\"potentialAction\":[{\"@type\":\"CommentAction\",\"name\":\"Comment\",\"target\":[\"https:\/\/www.article-marketing.eu\/comunicati\/comunicati-stampa\/quando-la-bellezza-genera-il-business-i-calendari\/#respond\"]}]},{\"@type\":\"WebPage\",\"@id\":\"https:\/\/www.article-marketing.eu\/comunicati\/comunicati-stampa\/quando-la-bellezza-genera-il-business-i-calendari\/\",\"url\":\"https:\/\/www.article-marketing.eu\/comunicati\/comunicati-stampa\/quando-la-bellezza-genera-il-business-i-calendari\/\",\"name\":\"Quando la bellezza genera il business: i calendari - Article Marketing\",\"isPartOf\":{\"@id\":\"https:\/\/www.article-marketing.eu\/comunicati\/#website\"},\"datePublished\":\"2007-11-27T13:28:16+00:00\",\"author\":{\"@id\":\"https:\/\/www.article-marketing.eu\/comunicati\/#\/schema\/person\/44372e4d4d0fa797b18e03ed1ace9017\"},\"breadcrumb\":{\"@id\":\"https:\/\/www.article-marketing.eu\/comunicati\/comunicati-stampa\/quando-la-bellezza-genera-il-business-i-calendari\/#breadcrumb\"},\"inLanguage\":\"it-IT\",\"potentialAction\":[{\"@type\":\"ReadAction\",\"target\":[\"https:\/\/www.article-marketing.eu\/comunicati\/comunicati-stampa\/quando-la-bellezza-genera-il-business-i-calendari\/\"]}]},{\"@type\":\"BreadcrumbList\",\"@id\":\"https:\/\/www.article-marketing.eu\/comunicati\/comunicati-stampa\/quando-la-bellezza-genera-il-business-i-calendari\/#breadcrumb\",\"itemListElement\":[{\"@type\":\"ListItem\",\"position\":1,\"name\":\"Home\",\"item\":\"https:\/\/www.article-marketing.eu\/comunicati\/\"},{\"@type\":\"ListItem\",\"position\":2,\"name\":\"Quando la bellezza genera il business: i calendari\"}]},{\"@type\":\"WebSite\",\"@id\":\"https:\/\/www.article-marketing.eu\/comunicati\/#website\",\"url\":\"https:\/\/www.article-marketing.eu\/comunicati\/\",\"name\":\"Article Marketing\",\"description\":\"article marketing &amp; press release\",\"potentialAction\":[{\"@type\":\"SearchAction\",\"target\":{\"@type\":\"EntryPoint\",\"urlTemplate\":\"https:\/\/www.article-marketing.eu\/comunicati\/?s={search_term_string}\"},\"query-input\":{\"@type\":\"PropertyValueSpecification\",\"valueRequired\":true,\"valueName\":\"search_term_string\"}}],\"inLanguage\":\"it-IT\"},{\"@type\":\"Person\",\"@id\":\"https:\/\/www.article-marketing.eu\/comunicati\/#\/schema\/person\/44372e4d4d0fa797b18e03ed1ace9017\",\"name\":\"Redazione Comunicati Stampa\",\"image\":{\"@type\":\"ImageObject\",\"inLanguage\":\"it-IT\",\"@id\":\"https:\/\/www.article-marketing.eu\/comunicati\/#\/schema\/person\/image\/\",\"url\":\"https:\/\/secure.gravatar.com\/avatar\/50e5c6421d3072f42e7ace803501602c60d75233d34e29fd05feb91c8760b792?s=96&d=mm&r=g\",\"contentUrl\":\"https:\/\/secure.gravatar.com\/avatar\/50e5c6421d3072f42e7ace803501602c60d75233d34e29fd05feb91c8760b792?s=96&d=mm&r=g\",\"caption\":\"Redazione Comunicati Stampa\"},\"url\":\"https:\/\/www.article-marketing.eu\/comunicati\/author\/redazione-comunicati-stampa\/\"}]}<\/script>\n<!-- \/ Yoast SEO plugin. -->","yoast_head_json":{"title":"Quando la bellezza genera il business: i calendari - Article Marketing","robots":{"index":"index","follow":"follow","max-snippet":"max-snippet:-1","max-image-preview":"max-image-preview:large","max-video-preview":"max-video-preview:-1"},"canonical":"https:\/\/www.article-marketing.eu\/comunicati\/comunicati-stampa\/quando-la-bellezza-genera-il-business-i-calendari\/","og_locale":"it_IT","og_type":"article","og_title":"Quando la bellezza genera il business: i calendari - Article Marketing","og_description":"Anno dopo anno dalle pagine lucide dei calendari emergono star e bellezze. Con il passare del tempo il calendario non \u00e8 pi\u00f9 solo un semplice \"oggetto del desiderio\" ma ambisce a diventare strumento di business per promuovere marchi e aziende che sempre pi\u00f9 spesso usano i calendari per farsi conoscere e apprezzare","og_url":"https:\/\/www.article-marketing.eu\/comunicati\/comunicati-stampa\/quando-la-bellezza-genera-il-business-i-calendari\/","og_site_name":"Article Marketing","article_published_time":"2007-11-27T13:28:16+00:00","author":"Redazione Comunicati Stampa","twitter_card":"summary_large_image","twitter_misc":{"Scritto da":"Redazione Comunicati Stampa","Tempo di lettura stimato":"4 minuti"},"schema":{"@context":"https:\/\/schema.org","@graph":[{"@type":"Article","@id":"https:\/\/www.article-marketing.eu\/comunicati\/comunicati-stampa\/quando-la-bellezza-genera-il-business-i-calendari\/#article","isPartOf":{"@id":"https:\/\/www.article-marketing.eu\/comunicati\/comunicati-stampa\/quando-la-bellezza-genera-il-business-i-calendari\/"},"author":{"name":"Redazione Comunicati Stampa","@id":"https:\/\/www.article-marketing.eu\/comunicati\/#\/schema\/person\/44372e4d4d0fa797b18e03ed1ace9017"},"headline":"Quando la bellezza genera il business: i calendari","datePublished":"2007-11-27T13:28:16+00:00","mainEntityOfPage":{"@id":"https:\/\/www.article-marketing.eu\/comunicati\/comunicati-stampa\/quando-la-bellezza-genera-il-business-i-calendari\/"},"wordCount":784,"commentCount":0,"keywords":["agenzia pubblicita verona calendario belen rodriguez"],"articleSection":["Comunicati stampa"],"inLanguage":"it-IT","potentialAction":[{"@type":"CommentAction","name":"Comment","target":["https:\/\/www.article-marketing.eu\/comunicati\/comunicati-stampa\/quando-la-bellezza-genera-il-business-i-calendari\/#respond"]}]},{"@type":"WebPage","@id":"https:\/\/www.article-marketing.eu\/comunicati\/comunicati-stampa\/quando-la-bellezza-genera-il-business-i-calendari\/","url":"https:\/\/www.article-marketing.eu\/comunicati\/comunicati-stampa\/quando-la-bellezza-genera-il-business-i-calendari\/","name":"Quando la bellezza genera il business: i calendari - Article Marketing","isPartOf":{"@id":"https:\/\/www.article-marketing.eu\/comunicati\/#website"},"datePublished":"2007-11-27T13:28:16+00:00","author":{"@id":"https:\/\/www.article-marketing.eu\/comunicati\/#\/schema\/person\/44372e4d4d0fa797b18e03ed1ace9017"},"breadcrumb":{"@id":"https:\/\/www.article-marketing.eu\/comunicati\/comunicati-stampa\/quando-la-bellezza-genera-il-business-i-calendari\/#breadcrumb"},"inLanguage":"it-IT","potentialAction":[{"@type":"ReadAction","target":["https:\/\/www.article-marketing.eu\/comunicati\/comunicati-stampa\/quando-la-bellezza-genera-il-business-i-calendari\/"]}]},{"@type":"BreadcrumbList","@id":"https:\/\/www.article-marketing.eu\/comunicati\/comunicati-stampa\/quando-la-bellezza-genera-il-business-i-calendari\/#breadcrumb","itemListElement":[{"@type":"ListItem","position":1,"name":"Home","item":"https:\/\/www.article-marketing.eu\/comunicati\/"},{"@type":"ListItem","position":2,"name":"Quando la bellezza genera il business: i calendari"}]},{"@type":"WebSite","@id":"https:\/\/www.article-marketing.eu\/comunicati\/#website","url":"https:\/\/www.article-marketing.eu\/comunicati\/","name":"Article Marketing","description":"article marketing &amp; press release","potentialAction":[{"@type":"SearchAction","target":{"@type":"EntryPoint","urlTemplate":"https:\/\/www.article-marketing.eu\/comunicati\/?s={search_term_string}"},"query-input":{"@type":"PropertyValueSpecification","valueRequired":true,"valueName":"search_term_string"}}],"inLanguage":"it-IT"},{"@type":"Person","@id":"https:\/\/www.article-marketing.eu\/comunicati\/#\/schema\/person\/44372e4d4d0fa797b18e03ed1ace9017","name":"Redazione Comunicati Stampa","image":{"@type":"ImageObject","inLanguage":"it-IT","@id":"https:\/\/www.article-marketing.eu\/comunicati\/#\/schema\/person\/image\/","url":"https:\/\/secure.gravatar.com\/avatar\/50e5c6421d3072f42e7ace803501602c60d75233d34e29fd05feb91c8760b792?s=96&d=mm&r=g","contentUrl":"https:\/\/secure.gravatar.com\/avatar\/50e5c6421d3072f42e7ace803501602c60d75233d34e29fd05feb91c8760b792?s=96&d=mm&r=g","caption":"Redazione Comunicati Stampa"},"url":"https:\/\/www.article-marketing.eu\/comunicati\/author\/redazione-comunicati-stampa\/"}]}},"_links":{"self":[{"href":"https:\/\/www.article-marketing.eu\/comunicati\/wp-json\/wp\/v2\/posts\/84","targetHints":{"allow":["GET"]}}],"collection":[{"href":"https:\/\/www.article-marketing.eu\/comunicati\/wp-json\/wp\/v2\/posts"}],"about":[{"href":"https:\/\/www.article-marketing.eu\/comunicati\/wp-json\/wp\/v2\/types\/post"}],"author":[{"embeddable":true,"href":"https:\/\/www.article-marketing.eu\/comunicati\/wp-json\/wp\/v2\/users\/10"}],"replies":[{"embeddable":true,"href":"https:\/\/www.article-marketing.eu\/comunicati\/wp-json\/wp\/v2\/comments?post=84"}],"version-history":[{"count":0,"href":"https:\/\/www.article-marketing.eu\/comunicati\/wp-json\/wp\/v2\/posts\/84\/revisions"}],"wp:attachment":[{"href":"https:\/\/www.article-marketing.eu\/comunicati\/wp-json\/wp\/v2\/media?parent=84"}],"wp:term":[{"taxonomy":"category","embeddable":true,"href":"https:\/\/www.article-marketing.eu\/comunicati\/wp-json\/wp\/v2\/categories?post=84"},{"taxonomy":"post_tag","embeddable":true,"href":"https:\/\/www.article-marketing.eu\/comunicati\/wp-json\/wp\/v2\/tags?post=84"}],"curies":[{"name":"wp","href":"https:\/\/api.w.org\/{rel}","templated":true}]}}