{"id":8440,"date":"2010-10-14T13:59:25","date_gmt":"2010-10-14T11:59:25","guid":{"rendered":"http:\/\/www.article-marketing.eu\/comunicati\/senza-categoria\/la-relazione-tra-la-vitamina-d-e-il-dolore-cronico\/"},"modified":"2018-07-10T03:45:27","modified_gmt":"2018-07-10T01:45:27","slug":"la-relazione-tra-la-vitamina-d-e-il-dolore-cronico","status":"publish","type":"post","link":"https:\/\/www.article-marketing.eu\/comunicati\/salute-e-benessere\/la-relazione-tra-la-vitamina-d-e-il-dolore-cronico\/","title":{"rendered":"La relazione tra la Vitamina D e il Dolore Cronico"},"content":{"rendered":"<p>La Vitamina D &egrave; stata di recente tra le notizie. E a meno che non seguiate gli ultimi aggiornamenti sulla salute, non sapreste perch&eacute; &egrave; importante far controllare i propri livelli di Viatmina D. Recentemente infatti &egrave; uscita la notizia che la carenza di Vitamina D ha raggiunto un livello epidemico e colpisce maggiormente i bambini. <\/p>\n<p><strong>Il ruolo della Vitamina D<\/strong><\/p>\n<p>La maggior parte di noi sono a conoscenza del ruolo della vitamina D. La Vitamina D &egrave; responsabile della salute di muscoli e ossa. Gli ultimi studi hanno ora sottolineato un&rsquo;alra importante funzione della vitamina D: la prevenzioni di malattie croniche. Un recente studio da parte della Clinica Mayoha dimostrato che c&rsquo;&egrave; una relazione tra carenza di Vitamina D e la quantit&agrave; di farmaci narcotici assunti dai pazienti affetti da dolore cronico. <\/p>\n<p>Secondo il Centro di Controllo delle Malattie, il dolore cronico &egrave; in cima alla lista delle cause di invalidit&agrave; tra gli americani. In genere i pazienti assumono dei farmaci potenti come morfina, ossicodone ea fentanyl. <\/p>\n<p><strong>Vitamina D e dolore cronico<\/strong><\/p>\n<p>Nello studio condotto dalla Clinica Mayo, &egrave; stato scoperto che i pazienti che necessitavano l&rsquo;assunzione di narcotici e che avevano carenza di Vitamina D, assumevano quasi il doppi della dose rispetto ai pazienti che invece avevano livelli adeguati di Vitamina D. Nei pazienti inoltre &egrave; stato riportato un peggioramento delle funzioni fisiologiche e della percezione della loro salute generale.<\/p>\n<p>Gli scienziati hanno inoltre scoperto che la carenza di Vitamina D &egrave; una delle cause del dolore diffuse cos&igrave; come nelle compromissioni delle funzioni neuromuscolari. I medici possono aiutare i loro pazienti a trovare sollievo dal dolore cronico e migliorare la qualit&agrave; della loro vita, assestando e correggendo in maniera appropriata la carenza di Vitamina D.<\/p>\n<p>&Egrave; stato inoltre rilevato che esiste una correlazione tra un aumento dell&rsquo;indice di massa corporea (IMC, che &egrave; una misura per l&rsquo;obesit&agrave;) e I livelli di Vitamina D. <\/p>\n<p>Lo studio della Clinica Mayo &egrave; significativo sia per i medici che per i pazienti affetti da dolore cronico. &Egrave; possibile che i pazienti ai quali &egrave; stata diagnosticata la fibromialgia, soffrano in realt&agrave; di una carenza o inadeguatezza di Vitamina D. Se quindi soffrite di dolore cronico o dolore diffuso, o assumete dei farmaci narcotici, parlate con il vostro medico per farvi prescrivere un controllo dei livelli di Vitamina D. si tratta di un esame semplice e non costoso che pu&ograve; essere effettuato tramite un esame del sangue. (25-hidrossivitamina D [25(OH)D]). Per leggere altri interessanti articoli sulla vostra salute generale visitate adesso la nostra farmacia on line Farmacia-Ita<\/p>\n","protected":false},"excerpt":{"rendered":"<p>La Vitamina D \u00e8 stata di recente tra le notizie. E a meno che non seguiate gli ultimi aggiornamenti sulla salute, non sapreste perch\u00e9 \u00e8 importante far controllare i propri livelli di Viatmina D.<\/p>\n","protected":false},"author":10,"featured_media":0,"comment_status":"open","ping_status":"open","sticky":false,"template":"","format":"standard","meta":{"cybocfi_hide_featured_image":"","footnotes":""},"categories":[265],"tags":[18113],"class_list":["post-8440","post","type-post","status-publish","format-standard","hentry","category-salute-e-benessere","tag-benessere-e-salute"],"yoast_head":"<!-- This site is optimized with the Yoast SEO plugin v27.0 - https:\/\/yoast.com\/product\/yoast-seo-wordpress\/ -->\n<title>La relazione tra la Vitamina D e il Dolore Cronico - Article Marketing<\/title>\n<meta name=\"robots\" content=\"index, follow, max-snippet:-1, max-image-preview:large, max-video-preview:-1\" \/>\n<link rel=\"canonical\" href=\"https:\/\/www.article-marketing.eu\/comunicati\/salute-e-benessere\/la-relazione-tra-la-vitamina-d-e-il-dolore-cronico\/\" \/>\n<meta property=\"og:locale\" content=\"it_IT\" \/>\n<meta property=\"og:type\" content=\"article\" \/>\n<meta property=\"og:title\" content=\"La relazione tra la Vitamina D e il Dolore Cronico - Article Marketing\" \/>\n<meta property=\"og:description\" content=\"La Vitamina D \u00e8 stata di recente tra le notizie. E a meno che non seguiate gli ultimi aggiornamenti sulla salute, non sapreste perch\u00e9 \u00e8 importante far controllare i propri livelli di Viatmina D.\" \/>\n<meta property=\"og:url\" content=\"https:\/\/www.article-marketing.eu\/comunicati\/salute-e-benessere\/la-relazione-tra-la-vitamina-d-e-il-dolore-cronico\/\" \/>\n<meta property=\"og:site_name\" content=\"Article Marketing\" \/>\n<meta property=\"article:published_time\" content=\"2010-10-14T11:59:25+00:00\" \/>\n<meta property=\"article:modified_time\" content=\"2018-07-10T01:45:27+00:00\" \/>\n<meta name=\"author\" content=\"Redazione Comunicati Stampa\" \/>\n<meta name=\"twitter:card\" content=\"summary_large_image\" \/>\n<meta name=\"twitter:label1\" content=\"Scritto da\" \/>\n\t<meta name=\"twitter:data1\" content=\"Redazione Comunicati Stampa\" \/>\n\t<meta name=\"twitter:label2\" content=\"Tempo di lettura stimato\" \/>\n\t<meta name=\"twitter:data2\" content=\"2 minuti\" \/>\n<script type=\"application\/ld+json\" class=\"yoast-schema-graph\">{\"@context\":\"https:\/\/schema.org\",\"@graph\":[{\"@type\":\"Article\",\"@id\":\"https:\/\/www.article-marketing.eu\/comunicati\/salute-e-benessere\/la-relazione-tra-la-vitamina-d-e-il-dolore-cronico\/#article\",\"isPartOf\":{\"@id\":\"https:\/\/www.article-marketing.eu\/comunicati\/salute-e-benessere\/la-relazione-tra-la-vitamina-d-e-il-dolore-cronico\/\"},\"author\":{\"name\":\"Redazione Comunicati Stampa\",\"@id\":\"https:\/\/www.article-marketing.eu\/comunicati\/#\/schema\/person\/44372e4d4d0fa797b18e03ed1ace9017\"},\"headline\":\"La relazione tra la Vitamina D e il Dolore Cronico\",\"datePublished\":\"2010-10-14T11:59:25+00:00\",\"dateModified\":\"2018-07-10T01:45:27+00:00\",\"mainEntityOfPage\":{\"@id\":\"https:\/\/www.article-marketing.eu\/comunicati\/salute-e-benessere\/la-relazione-tra-la-vitamina-d-e-il-dolore-cronico\/\"},\"wordCount\":454,\"commentCount\":0,\"keywords\":[\"benessere e salute\"],\"articleSection\":[\"Salute e benessere\"],\"inLanguage\":\"it-IT\",\"potentialAction\":[{\"@type\":\"CommentAction\",\"name\":\"Comment\",\"target\":[\"https:\/\/www.article-marketing.eu\/comunicati\/salute-e-benessere\/la-relazione-tra-la-vitamina-d-e-il-dolore-cronico\/#respond\"]}]},{\"@type\":\"WebPage\",\"@id\":\"https:\/\/www.article-marketing.eu\/comunicati\/salute-e-benessere\/la-relazione-tra-la-vitamina-d-e-il-dolore-cronico\/\",\"url\":\"https:\/\/www.article-marketing.eu\/comunicati\/salute-e-benessere\/la-relazione-tra-la-vitamina-d-e-il-dolore-cronico\/\",\"name\":\"La relazione tra la Vitamina D e il Dolore Cronico - Article Marketing\",\"isPartOf\":{\"@id\":\"https:\/\/www.article-marketing.eu\/comunicati\/#website\"},\"datePublished\":\"2010-10-14T11:59:25+00:00\",\"dateModified\":\"2018-07-10T01:45:27+00:00\",\"author\":{\"@id\":\"https:\/\/www.article-marketing.eu\/comunicati\/#\/schema\/person\/44372e4d4d0fa797b18e03ed1ace9017\"},\"breadcrumb\":{\"@id\":\"https:\/\/www.article-marketing.eu\/comunicati\/salute-e-benessere\/la-relazione-tra-la-vitamina-d-e-il-dolore-cronico\/#breadcrumb\"},\"inLanguage\":\"it-IT\",\"potentialAction\":[{\"@type\":\"ReadAction\",\"target\":[\"https:\/\/www.article-marketing.eu\/comunicati\/salute-e-benessere\/la-relazione-tra-la-vitamina-d-e-il-dolore-cronico\/\"]}]},{\"@type\":\"BreadcrumbList\",\"@id\":\"https:\/\/www.article-marketing.eu\/comunicati\/salute-e-benessere\/la-relazione-tra-la-vitamina-d-e-il-dolore-cronico\/#breadcrumb\",\"itemListElement\":[{\"@type\":\"ListItem\",\"position\":1,\"name\":\"Home\",\"item\":\"https:\/\/www.article-marketing.eu\/comunicati\/\"},{\"@type\":\"ListItem\",\"position\":2,\"name\":\"La relazione tra la Vitamina D e il Dolore Cronico\"}]},{\"@type\":\"WebSite\",\"@id\":\"https:\/\/www.article-marketing.eu\/comunicati\/#website\",\"url\":\"https:\/\/www.article-marketing.eu\/comunicati\/\",\"name\":\"Article Marketing\",\"description\":\"article marketing &amp; press release\",\"potentialAction\":[{\"@type\":\"SearchAction\",\"target\":{\"@type\":\"EntryPoint\",\"urlTemplate\":\"https:\/\/www.article-marketing.eu\/comunicati\/?s={search_term_string}\"},\"query-input\":{\"@type\":\"PropertyValueSpecification\",\"valueRequired\":true,\"valueName\":\"search_term_string\"}}],\"inLanguage\":\"it-IT\"},{\"@type\":\"Person\",\"@id\":\"https:\/\/www.article-marketing.eu\/comunicati\/#\/schema\/person\/44372e4d4d0fa797b18e03ed1ace9017\",\"name\":\"Redazione Comunicati Stampa\",\"image\":{\"@type\":\"ImageObject\",\"inLanguage\":\"it-IT\",\"@id\":\"https:\/\/www.article-marketing.eu\/comunicati\/#\/schema\/person\/image\/\",\"url\":\"https:\/\/secure.gravatar.com\/avatar\/50e5c6421d3072f42e7ace803501602c60d75233d34e29fd05feb91c8760b792?s=96&d=mm&r=g\",\"contentUrl\":\"https:\/\/secure.gravatar.com\/avatar\/50e5c6421d3072f42e7ace803501602c60d75233d34e29fd05feb91c8760b792?s=96&d=mm&r=g\",\"caption\":\"Redazione Comunicati Stampa\"},\"url\":\"https:\/\/www.article-marketing.eu\/comunicati\/author\/redazione-comunicati-stampa\/\"}]}<\/script>\n<!-- \/ Yoast SEO plugin. -->","yoast_head_json":{"title":"La relazione tra la Vitamina D e il Dolore Cronico - Article Marketing","robots":{"index":"index","follow":"follow","max-snippet":"max-snippet:-1","max-image-preview":"max-image-preview:large","max-video-preview":"max-video-preview:-1"},"canonical":"https:\/\/www.article-marketing.eu\/comunicati\/salute-e-benessere\/la-relazione-tra-la-vitamina-d-e-il-dolore-cronico\/","og_locale":"it_IT","og_type":"article","og_title":"La relazione tra la Vitamina D e il Dolore Cronico - Article Marketing","og_description":"La Vitamina D \u00e8 stata di recente tra le notizie. E a meno che non seguiate gli ultimi aggiornamenti sulla salute, non sapreste perch\u00e9 \u00e8 importante far controllare i propri livelli di Viatmina D.","og_url":"https:\/\/www.article-marketing.eu\/comunicati\/salute-e-benessere\/la-relazione-tra-la-vitamina-d-e-il-dolore-cronico\/","og_site_name":"Article Marketing","article_published_time":"2010-10-14T11:59:25+00:00","article_modified_time":"2018-07-10T01:45:27+00:00","author":"Redazione Comunicati Stampa","twitter_card":"summary_large_image","twitter_misc":{"Scritto da":"Redazione Comunicati Stampa","Tempo di lettura stimato":"2 minuti"},"schema":{"@context":"https:\/\/schema.org","@graph":[{"@type":"Article","@id":"https:\/\/www.article-marketing.eu\/comunicati\/salute-e-benessere\/la-relazione-tra-la-vitamina-d-e-il-dolore-cronico\/#article","isPartOf":{"@id":"https:\/\/www.article-marketing.eu\/comunicati\/salute-e-benessere\/la-relazione-tra-la-vitamina-d-e-il-dolore-cronico\/"},"author":{"name":"Redazione Comunicati Stampa","@id":"https:\/\/www.article-marketing.eu\/comunicati\/#\/schema\/person\/44372e4d4d0fa797b18e03ed1ace9017"},"headline":"La relazione tra la Vitamina D e il Dolore Cronico","datePublished":"2010-10-14T11:59:25+00:00","dateModified":"2018-07-10T01:45:27+00:00","mainEntityOfPage":{"@id":"https:\/\/www.article-marketing.eu\/comunicati\/salute-e-benessere\/la-relazione-tra-la-vitamina-d-e-il-dolore-cronico\/"},"wordCount":454,"commentCount":0,"keywords":["benessere e salute"],"articleSection":["Salute e benessere"],"inLanguage":"it-IT","potentialAction":[{"@type":"CommentAction","name":"Comment","target":["https:\/\/www.article-marketing.eu\/comunicati\/salute-e-benessere\/la-relazione-tra-la-vitamina-d-e-il-dolore-cronico\/#respond"]}]},{"@type":"WebPage","@id":"https:\/\/www.article-marketing.eu\/comunicati\/salute-e-benessere\/la-relazione-tra-la-vitamina-d-e-il-dolore-cronico\/","url":"https:\/\/www.article-marketing.eu\/comunicati\/salute-e-benessere\/la-relazione-tra-la-vitamina-d-e-il-dolore-cronico\/","name":"La relazione tra la Vitamina D e il Dolore Cronico - Article Marketing","isPartOf":{"@id":"https:\/\/www.article-marketing.eu\/comunicati\/#website"},"datePublished":"2010-10-14T11:59:25+00:00","dateModified":"2018-07-10T01:45:27+00:00","author":{"@id":"https:\/\/www.article-marketing.eu\/comunicati\/#\/schema\/person\/44372e4d4d0fa797b18e03ed1ace9017"},"breadcrumb":{"@id":"https:\/\/www.article-marketing.eu\/comunicati\/salute-e-benessere\/la-relazione-tra-la-vitamina-d-e-il-dolore-cronico\/#breadcrumb"},"inLanguage":"it-IT","potentialAction":[{"@type":"ReadAction","target":["https:\/\/www.article-marketing.eu\/comunicati\/salute-e-benessere\/la-relazione-tra-la-vitamina-d-e-il-dolore-cronico\/"]}]},{"@type":"BreadcrumbList","@id":"https:\/\/www.article-marketing.eu\/comunicati\/salute-e-benessere\/la-relazione-tra-la-vitamina-d-e-il-dolore-cronico\/#breadcrumb","itemListElement":[{"@type":"ListItem","position":1,"name":"Home","item":"https:\/\/www.article-marketing.eu\/comunicati\/"},{"@type":"ListItem","position":2,"name":"La relazione tra la Vitamina D e il Dolore Cronico"}]},{"@type":"WebSite","@id":"https:\/\/www.article-marketing.eu\/comunicati\/#website","url":"https:\/\/www.article-marketing.eu\/comunicati\/","name":"Article Marketing","description":"article marketing &amp; press release","potentialAction":[{"@type":"SearchAction","target":{"@type":"EntryPoint","urlTemplate":"https:\/\/www.article-marketing.eu\/comunicati\/?s={search_term_string}"},"query-input":{"@type":"PropertyValueSpecification","valueRequired":true,"valueName":"search_term_string"}}],"inLanguage":"it-IT"},{"@type":"Person","@id":"https:\/\/www.article-marketing.eu\/comunicati\/#\/schema\/person\/44372e4d4d0fa797b18e03ed1ace9017","name":"Redazione Comunicati Stampa","image":{"@type":"ImageObject","inLanguage":"it-IT","@id":"https:\/\/www.article-marketing.eu\/comunicati\/#\/schema\/person\/image\/","url":"https:\/\/secure.gravatar.com\/avatar\/50e5c6421d3072f42e7ace803501602c60d75233d34e29fd05feb91c8760b792?s=96&d=mm&r=g","contentUrl":"https:\/\/secure.gravatar.com\/avatar\/50e5c6421d3072f42e7ace803501602c60d75233d34e29fd05feb91c8760b792?s=96&d=mm&r=g","caption":"Redazione Comunicati Stampa"},"url":"https:\/\/www.article-marketing.eu\/comunicati\/author\/redazione-comunicati-stampa\/"}]}},"_links":{"self":[{"href":"https:\/\/www.article-marketing.eu\/comunicati\/wp-json\/wp\/v2\/posts\/8440","targetHints":{"allow":["GET"]}}],"collection":[{"href":"https:\/\/www.article-marketing.eu\/comunicati\/wp-json\/wp\/v2\/posts"}],"about":[{"href":"https:\/\/www.article-marketing.eu\/comunicati\/wp-json\/wp\/v2\/types\/post"}],"author":[{"embeddable":true,"href":"https:\/\/www.article-marketing.eu\/comunicati\/wp-json\/wp\/v2\/users\/10"}],"replies":[{"embeddable":true,"href":"https:\/\/www.article-marketing.eu\/comunicati\/wp-json\/wp\/v2\/comments?post=8440"}],"version-history":[{"count":1,"href":"https:\/\/www.article-marketing.eu\/comunicati\/wp-json\/wp\/v2\/posts\/8440\/revisions"}],"predecessor-version":[{"id":57048,"href":"https:\/\/www.article-marketing.eu\/comunicati\/wp-json\/wp\/v2\/posts\/8440\/revisions\/57048"}],"wp:attachment":[{"href":"https:\/\/www.article-marketing.eu\/comunicati\/wp-json\/wp\/v2\/media?parent=8440"}],"wp:term":[{"taxonomy":"category","embeddable":true,"href":"https:\/\/www.article-marketing.eu\/comunicati\/wp-json\/wp\/v2\/categories?post=8440"},{"taxonomy":"post_tag","embeddable":true,"href":"https:\/\/www.article-marketing.eu\/comunicati\/wp-json\/wp\/v2\/tags?post=8440"}],"curies":[{"name":"wp","href":"https:\/\/api.w.org\/{rel}","templated":true}]}}