{"id":845,"date":"2008-11-03T20:36:54","date_gmt":"2008-11-03T19:36:54","guid":{"rendered":"http:\/\/www.article-marketing.eu\/comunicati\/senza-categoria\/mostra-fotografica-sullindia-crossing-borders-di-raffaella-milandri\/"},"modified":"2008-11-03T20:36:54","modified_gmt":"2008-11-03T19:36:54","slug":"mostra-fotografica-sullindia-crossing-borders-di-raffaella-milandri","status":"publish","type":"post","link":"https:\/\/www.article-marketing.eu\/comunicati\/arte-e-cultura\/mostra-fotografica-sullindia-crossing-borders-di-raffaella-milandri\/","title":{"rendered":"Mostra fotografica  sull&#8217;India &#8220;Crossing borders&#8221; di Raffaella Milandri"},"content":{"rendered":"<p class=\"Aaoeeu\">La mostra di Raffaella Milandri, viaggiatrice in solitaria e fotografa, \u00e8 un&nbsp; emozionante cammino indagatore nella vita di strada, nei mercati e nei vicoli, che svela&nbsp; i mille volti dell\u2019identit\u00e0 culturale e sociale dell\u2019India&nbsp; del XXI secolo, in un rincorrersi&nbsp; di similitudini e&nbsp; dissonanze, contrasti e parallelismi con la&nbsp; ns. cultura . <\/p>\n<p class=\"Aaoeeu\"><strong><\/strong><\/p>\n<p class=\"Aaoeeu\"><strong>L\u2019ARTISTA<\/strong><\/p>\n<p class=\"Aaoeeu\">L\u2019autrice, ex dirigente d\u2019azienda, , di San Benedetto del Tronto, nei suoi viaggi ama mescolarsi fra la gente in un rapporto senza barriere, ama entrare nelle case, parlare con le famiglie. Le immagini dei reportage di Raffaella Milandri sono il frutto della sua curiosit\u00e0 e della sua voglia di indagare, confrontare e scoprire motivi di affinit\u00e0 ed integrazione tra diversi popoli, oltre a rappresentare la riproduzione visuale di intense emozioni che animano lo spirito di questa artista.<\/p>\n<p class=\"Aaoeeu\">Dice la viaggiatrice in solitaria:&nbsp; \u201cAvverto nel mio viaggiare una urgenza dettata dalla globalizzazione galoppante, una premura nel riuscire ad identificare le differenze culturali prima che si annacquino fino a scomparire. Il cosiddetto \u201cmondo occidentale\u201d si \u00e8 ormai eretto a modello di vita ideale anche in quei Paesi che hanno radici e tradizioni antichissime. Ho visto nel Kutch, regione dell\u2019India, famiglie delle trib\u00f9 Rabari e Jats, disfarsi di&nbsp; tradizionali e splendidi mobili in legno intarsiato,&nbsp; per far spazio a \u201cmoderni\u201d scaffali in plastica. Ho visto abitazioni stupende nella loro precisa identit\u00e0 culturale rimpiazzate da squallidi prefabbricati che incarnano il modello \u201coccidentale\u201d . Non ho parole per descrivere il senso di impotenza e dolore che provo di fronte a questa \u201cmodernizzazione\u201d e trovo nelle mie foto un modo per cristallizzare le differenze tra i vari popoli e le varie culture prima che esse vengano fagocitate dal \u201cprogresso\u201d. Progresso oggi dovrebbe significare soprattutto istruzione pubblica, assistenza sanitaria per tutti, garanzia dei diritti dell\u2019uomo, della donna &nbsp;e del bambino, ma viene spesso mistificato e confuso con il consumismo: possesso di&nbsp; televisore, cellulare, automobile e cos\u00ec via . <\/p>\n<p class=\"Aaoeeu\">&nbsp;<strong>L\u2019INDIA E LE IMMAGINI<\/strong><\/p>\n<p class=\"Aaoeeu\">L\u2019India&nbsp; \u00e8 il secondo paese pi\u00f9 popoloso del pianeta ( un miliardo e cento milioni di&nbsp;&nbsp; abitanti ) dopo la Cina, e il settimo per estensione. Il 71%&nbsp;&nbsp; degli abitanti vive&nbsp; in zone rurali e un terzo della popolazione vive al di sotto della soglia di povert\u00e0 stabilita dai parametri delle Nazioni Unite .<\/p>\n<p class=\"Aaoeeu\">La religione dominante, l\u2019induismo, \u00e8 pi\u00f9 un modo di vivere e di pensare che una religione organizzata e influisce tantissimo nella condotta serena e non-violenta di questo popolo, che tende ad accettare pacificamente la propria situazione economica e sociale, pur nella ferma determinazione a migliorare. <\/p>\n<p class=\"Aaoeeu\">Le immagini proposte vogliono indicare un percorso nella vita indiana suddiviso in sezioni. Le due sezioni principali sono:<\/p>\n<p class=\"Aaoeeu\">-CONDIZIONE FEMMINILE : donne in famiglia e al lavoro, nei cantieri o anche come spaccapietre. Le donne indiane vivono in una <strong>condizione di discriminazione<\/strong> : a parit\u00e0 di lavoro una donna percepisce un terzo del salario di un uomo. I lavori pi\u00f9 pesanti, la costruzione di strade o di edifici o il lavoro nei campi, sono svolti in gran parte da donne. &nbsp;Col <strong>matrimonio<\/strong> la donna diventa \u201cpropriet\u00e0 del marito\u201d : accudisce la casa , i figli e il marito, e lavora per sostenere la famiglia economicamente. Da un rapporto di Amnesty International, si stima che in India il 45 % delle donne sposate subisce violenze fisiche e morali dai loro mariti. Contrariamente a quanto avviene nel resto del mondo, le donne in India rappresentano la minoranza della popolazione (48%). Ci sono 929 donne ogni 1000 uomini: effetto di una selezione spietata, praticata talvolta ancora prima della nascita. L<strong>\u2019<\/strong><strong>infanticidio delle figlie femmine<\/strong> \u00e8 una pratica ancora tristemente diffusa in molte aree rurali dell\u2019India : nelle famiglie povere,&nbsp; la nascita di una femmina significa una bocca da sfamare e una dote da pagare alla famiglia del futuro marito. Secondo studi dell\u2019Unicef, ogni anno nascono 15 milioni di bambine: 5 milioni di queste non vivono oltre i 15 anni. Quaranta donne su 100 non raggiungono alcun grado di istruzione; la presenza femminile nell\u2019universit\u00e0 \u00e8 solo del 5%. Dice Raffaella Milandri: \u201c Capita sovente che, nel mio girovagare nelle citt\u00e0 indiane, alcune giovani donne mi stringano la mano, all\u2019occidentale: per loro questo \u00e8 un gesto e un simbolo di conquista e di emancipazione, Nei loro sguardi leggo la voglia di superare l\u2019abisso che tuttora le separa da noi donne occidentali. \u201c<\/p>\n<p>-CONDIZIONE MINORILE : uno spaccato&nbsp; sulle condizioni di lavoro minorile, triste consuetudine che stampa rassegnazione sui volti di questi bambini. &nbsp;L&#8217;India possiede il triste primato di essere la nazione col <strong>maggior numero di bambini lavoratori nel mondo<\/strong>. Secondo un rapporto Unicef del 1996, il numero di bambini lavoratori in India potrebbe attestarsi intorno ai 100 milioni , che si dedicano a ogni tipo di produzione : piantagioni, concerie, cave, miniere, laboratori tessili e di giocattoli, fornaci, edilizia, commercio, lavoro domestico e selezione dei rifiuti. Secondo le stime dell\u2019Organizzazione Internazionale del Lavoro (OIL), attualmente sarebbero almeno 352 milioni i minori economicamente attivi nel mondo, di cui 246 milioni sfruttati. Di questi, 186 milioni hanno tra i 5 ed i 14 anni. Si stima&nbsp; che in India 40 milioni di persone, di cui almeno 15 milioni di bambini, siano sfruttate economicamente in stato di schiavit\u00f9. Il termine &quot;Bonded labor&quot; si riferisce, appunto, all\u2019impiego di una persona in stato di schiavit\u00f9 per ripagare un debito. A causa degli alti interessi applicati e dei salari incredibilmente bassi, \u00e8 praticamente impossibile ripagare il debito. La schiavit\u00f9 per debiti si trasmette cos\u00ec ai figli, di generazione in generazione.<\/p>\n<p style=\"MARGIN: 0cm 0cm 10pt\">&nbsp;<\/p>\n","protected":false},"excerpt":{"rendered":"<p>MOSTRA FOTOGRAFICA<br \/>\n\u201cCROSSING BORDERS: un emozionante cammino nell\u2019India del XXI secolo\u201d<br \/>\ndi RAFFAELLA MILANDRI<br \/>\nSala Consiliare del Comune di San Benedetto del Tronto dall\u2019 8 novembre al 13 dicembre 2008<\/p>\n","protected":false},"author":10,"featured_media":0,"comment_status":"open","ping_status":"open","sticky":false,"template":"","format":"standard","meta":{"cybocfi_hide_featured_image":"","footnotes":""},"categories":[27],"tags":[513,2965,1000,2966,2963,4,2964],"class_list":["post-845","post","type-post","status-publish","format-standard","hentry","category-arte-e-cultura","tag-foto","tag-india","tag-mostra","tag-raffaella-milandri","tag-solitaria","tag-viaggi","tag-viaggiatrice"],"yoast_head":"<!-- This site is optimized with the Yoast SEO plugin v27.0 - https:\/\/yoast.com\/product\/yoast-seo-wordpress\/ -->\n<title>Mostra fotografica sull&#039;India &quot;Crossing borders&quot; di Raffaella Milandri - Article Marketing<\/title>\n<meta name=\"robots\" content=\"index, follow, max-snippet:-1, max-image-preview:large, max-video-preview:-1\" \/>\n<link rel=\"canonical\" href=\"https:\/\/www.article-marketing.eu\/comunicati\/arte-e-cultura\/mostra-fotografica-sullindia-crossing-borders-di-raffaella-milandri\/\" \/>\n<meta property=\"og:locale\" content=\"it_IT\" \/>\n<meta property=\"og:type\" content=\"article\" \/>\n<meta property=\"og:title\" content=\"Mostra fotografica sull&#039;India &quot;Crossing borders&quot; di Raffaella Milandri - Article Marketing\" \/>\n<meta property=\"og:description\" content=\"MOSTRA FOTOGRAFICA \u201cCROSSING BORDERS: un emozionante cammino nell\u2019India del XXI secolo\u201d di RAFFAELLA MILANDRI Sala Consiliare del Comune di San Benedetto del Tronto dall\u2019 8 novembre al 13 dicembre 2008\" \/>\n<meta property=\"og:url\" content=\"https:\/\/www.article-marketing.eu\/comunicati\/arte-e-cultura\/mostra-fotografica-sullindia-crossing-borders-di-raffaella-milandri\/\" \/>\n<meta property=\"og:site_name\" content=\"Article Marketing\" \/>\n<meta property=\"article:published_time\" content=\"2008-11-03T19:36:54+00:00\" \/>\n<meta name=\"author\" content=\"Redazione Comunicati Stampa\" \/>\n<meta name=\"twitter:card\" content=\"summary_large_image\" \/>\n<meta name=\"twitter:label1\" content=\"Scritto da\" \/>\n\t<meta name=\"twitter:data1\" content=\"Redazione Comunicati Stampa\" \/>\n\t<meta name=\"twitter:label2\" content=\"Tempo di lettura stimato\" \/>\n\t<meta name=\"twitter:data2\" content=\"5 minuti\" \/>\n<script type=\"application\/ld+json\" class=\"yoast-schema-graph\">{\"@context\":\"https:\/\/schema.org\",\"@graph\":[{\"@type\":\"Article\",\"@id\":\"https:\/\/www.article-marketing.eu\/comunicati\/arte-e-cultura\/mostra-fotografica-sullindia-crossing-borders-di-raffaella-milandri\/#article\",\"isPartOf\":{\"@id\":\"https:\/\/www.article-marketing.eu\/comunicati\/arte-e-cultura\/mostra-fotografica-sullindia-crossing-borders-di-raffaella-milandri\/\"},\"author\":{\"name\":\"Redazione Comunicati Stampa\",\"@id\":\"https:\/\/www.article-marketing.eu\/comunicati\/#\/schema\/person\/44372e4d4d0fa797b18e03ed1ace9017\"},\"headline\":\"Mostra fotografica sull&#8217;India &#8220;Crossing borders&#8221; di Raffaella Milandri\",\"datePublished\":\"2008-11-03T19:36:54+00:00\",\"mainEntityOfPage\":{\"@id\":\"https:\/\/www.article-marketing.eu\/comunicati\/arte-e-cultura\/mostra-fotografica-sullindia-crossing-borders-di-raffaella-milandri\/\"},\"wordCount\":912,\"commentCount\":0,\"keywords\":[\"foto\",\"india\",\"Mostra\",\"raffaella milandri\",\"solitaria\",\"viaggi\",\"viaggiatrice\"],\"articleSection\":[\"Arte e cultura\"],\"inLanguage\":\"it-IT\",\"potentialAction\":[{\"@type\":\"CommentAction\",\"name\":\"Comment\",\"target\":[\"https:\/\/www.article-marketing.eu\/comunicati\/arte-e-cultura\/mostra-fotografica-sullindia-crossing-borders-di-raffaella-milandri\/#respond\"]}]},{\"@type\":\"WebPage\",\"@id\":\"https:\/\/www.article-marketing.eu\/comunicati\/arte-e-cultura\/mostra-fotografica-sullindia-crossing-borders-di-raffaella-milandri\/\",\"url\":\"https:\/\/www.article-marketing.eu\/comunicati\/arte-e-cultura\/mostra-fotografica-sullindia-crossing-borders-di-raffaella-milandri\/\",\"name\":\"Mostra fotografica sull'India \\\"Crossing borders\\\" di Raffaella Milandri - Article Marketing\",\"isPartOf\":{\"@id\":\"https:\/\/www.article-marketing.eu\/comunicati\/#website\"},\"datePublished\":\"2008-11-03T19:36:54+00:00\",\"author\":{\"@id\":\"https:\/\/www.article-marketing.eu\/comunicati\/#\/schema\/person\/44372e4d4d0fa797b18e03ed1ace9017\"},\"breadcrumb\":{\"@id\":\"https:\/\/www.article-marketing.eu\/comunicati\/arte-e-cultura\/mostra-fotografica-sullindia-crossing-borders-di-raffaella-milandri\/#breadcrumb\"},\"inLanguage\":\"it-IT\",\"potentialAction\":[{\"@type\":\"ReadAction\",\"target\":[\"https:\/\/www.article-marketing.eu\/comunicati\/arte-e-cultura\/mostra-fotografica-sullindia-crossing-borders-di-raffaella-milandri\/\"]}]},{\"@type\":\"BreadcrumbList\",\"@id\":\"https:\/\/www.article-marketing.eu\/comunicati\/arte-e-cultura\/mostra-fotografica-sullindia-crossing-borders-di-raffaella-milandri\/#breadcrumb\",\"itemListElement\":[{\"@type\":\"ListItem\",\"position\":1,\"name\":\"Home\",\"item\":\"https:\/\/www.article-marketing.eu\/comunicati\/\"},{\"@type\":\"ListItem\",\"position\":2,\"name\":\"Mostra fotografica sull&#8217;India &#8220;Crossing borders&#8221; di Raffaella Milandri\"}]},{\"@type\":\"WebSite\",\"@id\":\"https:\/\/www.article-marketing.eu\/comunicati\/#website\",\"url\":\"https:\/\/www.article-marketing.eu\/comunicati\/\",\"name\":\"Article Marketing\",\"description\":\"article marketing &amp; press release\",\"potentialAction\":[{\"@type\":\"SearchAction\",\"target\":{\"@type\":\"EntryPoint\",\"urlTemplate\":\"https:\/\/www.article-marketing.eu\/comunicati\/?s={search_term_string}\"},\"query-input\":{\"@type\":\"PropertyValueSpecification\",\"valueRequired\":true,\"valueName\":\"search_term_string\"}}],\"inLanguage\":\"it-IT\"},{\"@type\":\"Person\",\"@id\":\"https:\/\/www.article-marketing.eu\/comunicati\/#\/schema\/person\/44372e4d4d0fa797b18e03ed1ace9017\",\"name\":\"Redazione Comunicati Stampa\",\"image\":{\"@type\":\"ImageObject\",\"inLanguage\":\"it-IT\",\"@id\":\"https:\/\/www.article-marketing.eu\/comunicati\/#\/schema\/person\/image\/\",\"url\":\"https:\/\/secure.gravatar.com\/avatar\/50e5c6421d3072f42e7ace803501602c60d75233d34e29fd05feb91c8760b792?s=96&d=mm&r=g\",\"contentUrl\":\"https:\/\/secure.gravatar.com\/avatar\/50e5c6421d3072f42e7ace803501602c60d75233d34e29fd05feb91c8760b792?s=96&d=mm&r=g\",\"caption\":\"Redazione Comunicati Stampa\"},\"url\":\"https:\/\/www.article-marketing.eu\/comunicati\/author\/redazione-comunicati-stampa\/\"}]}<\/script>\n<!-- \/ Yoast SEO plugin. -->","yoast_head_json":{"title":"Mostra fotografica sull'India \"Crossing borders\" di Raffaella Milandri - Article Marketing","robots":{"index":"index","follow":"follow","max-snippet":"max-snippet:-1","max-image-preview":"max-image-preview:large","max-video-preview":"max-video-preview:-1"},"canonical":"https:\/\/www.article-marketing.eu\/comunicati\/arte-e-cultura\/mostra-fotografica-sullindia-crossing-borders-di-raffaella-milandri\/","og_locale":"it_IT","og_type":"article","og_title":"Mostra fotografica sull'India \"Crossing borders\" di Raffaella Milandri - Article Marketing","og_description":"MOSTRA FOTOGRAFICA \u201cCROSSING BORDERS: un emozionante cammino nell\u2019India del XXI secolo\u201d di RAFFAELLA MILANDRI Sala Consiliare del Comune di San Benedetto del Tronto dall\u2019 8 novembre al 13 dicembre 2008","og_url":"https:\/\/www.article-marketing.eu\/comunicati\/arte-e-cultura\/mostra-fotografica-sullindia-crossing-borders-di-raffaella-milandri\/","og_site_name":"Article Marketing","article_published_time":"2008-11-03T19:36:54+00:00","author":"Redazione Comunicati Stampa","twitter_card":"summary_large_image","twitter_misc":{"Scritto da":"Redazione Comunicati Stampa","Tempo di lettura stimato":"5 minuti"},"schema":{"@context":"https:\/\/schema.org","@graph":[{"@type":"Article","@id":"https:\/\/www.article-marketing.eu\/comunicati\/arte-e-cultura\/mostra-fotografica-sullindia-crossing-borders-di-raffaella-milandri\/#article","isPartOf":{"@id":"https:\/\/www.article-marketing.eu\/comunicati\/arte-e-cultura\/mostra-fotografica-sullindia-crossing-borders-di-raffaella-milandri\/"},"author":{"name":"Redazione Comunicati Stampa","@id":"https:\/\/www.article-marketing.eu\/comunicati\/#\/schema\/person\/44372e4d4d0fa797b18e03ed1ace9017"},"headline":"Mostra fotografica sull&#8217;India &#8220;Crossing borders&#8221; di Raffaella Milandri","datePublished":"2008-11-03T19:36:54+00:00","mainEntityOfPage":{"@id":"https:\/\/www.article-marketing.eu\/comunicati\/arte-e-cultura\/mostra-fotografica-sullindia-crossing-borders-di-raffaella-milandri\/"},"wordCount":912,"commentCount":0,"keywords":["foto","india","Mostra","raffaella milandri","solitaria","viaggi","viaggiatrice"],"articleSection":["Arte e cultura"],"inLanguage":"it-IT","potentialAction":[{"@type":"CommentAction","name":"Comment","target":["https:\/\/www.article-marketing.eu\/comunicati\/arte-e-cultura\/mostra-fotografica-sullindia-crossing-borders-di-raffaella-milandri\/#respond"]}]},{"@type":"WebPage","@id":"https:\/\/www.article-marketing.eu\/comunicati\/arte-e-cultura\/mostra-fotografica-sullindia-crossing-borders-di-raffaella-milandri\/","url":"https:\/\/www.article-marketing.eu\/comunicati\/arte-e-cultura\/mostra-fotografica-sullindia-crossing-borders-di-raffaella-milandri\/","name":"Mostra fotografica sull'India \"Crossing borders\" di Raffaella Milandri - Article Marketing","isPartOf":{"@id":"https:\/\/www.article-marketing.eu\/comunicati\/#website"},"datePublished":"2008-11-03T19:36:54+00:00","author":{"@id":"https:\/\/www.article-marketing.eu\/comunicati\/#\/schema\/person\/44372e4d4d0fa797b18e03ed1ace9017"},"breadcrumb":{"@id":"https:\/\/www.article-marketing.eu\/comunicati\/arte-e-cultura\/mostra-fotografica-sullindia-crossing-borders-di-raffaella-milandri\/#breadcrumb"},"inLanguage":"it-IT","potentialAction":[{"@type":"ReadAction","target":["https:\/\/www.article-marketing.eu\/comunicati\/arte-e-cultura\/mostra-fotografica-sullindia-crossing-borders-di-raffaella-milandri\/"]}]},{"@type":"BreadcrumbList","@id":"https:\/\/www.article-marketing.eu\/comunicati\/arte-e-cultura\/mostra-fotografica-sullindia-crossing-borders-di-raffaella-milandri\/#breadcrumb","itemListElement":[{"@type":"ListItem","position":1,"name":"Home","item":"https:\/\/www.article-marketing.eu\/comunicati\/"},{"@type":"ListItem","position":2,"name":"Mostra fotografica sull&#8217;India &#8220;Crossing borders&#8221; di Raffaella Milandri"}]},{"@type":"WebSite","@id":"https:\/\/www.article-marketing.eu\/comunicati\/#website","url":"https:\/\/www.article-marketing.eu\/comunicati\/","name":"Article Marketing","description":"article marketing &amp; press release","potentialAction":[{"@type":"SearchAction","target":{"@type":"EntryPoint","urlTemplate":"https:\/\/www.article-marketing.eu\/comunicati\/?s={search_term_string}"},"query-input":{"@type":"PropertyValueSpecification","valueRequired":true,"valueName":"search_term_string"}}],"inLanguage":"it-IT"},{"@type":"Person","@id":"https:\/\/www.article-marketing.eu\/comunicati\/#\/schema\/person\/44372e4d4d0fa797b18e03ed1ace9017","name":"Redazione Comunicati Stampa","image":{"@type":"ImageObject","inLanguage":"it-IT","@id":"https:\/\/www.article-marketing.eu\/comunicati\/#\/schema\/person\/image\/","url":"https:\/\/secure.gravatar.com\/avatar\/50e5c6421d3072f42e7ace803501602c60d75233d34e29fd05feb91c8760b792?s=96&d=mm&r=g","contentUrl":"https:\/\/secure.gravatar.com\/avatar\/50e5c6421d3072f42e7ace803501602c60d75233d34e29fd05feb91c8760b792?s=96&d=mm&r=g","caption":"Redazione Comunicati Stampa"},"url":"https:\/\/www.article-marketing.eu\/comunicati\/author\/redazione-comunicati-stampa\/"}]}},"_links":{"self":[{"href":"https:\/\/www.article-marketing.eu\/comunicati\/wp-json\/wp\/v2\/posts\/845","targetHints":{"allow":["GET"]}}],"collection":[{"href":"https:\/\/www.article-marketing.eu\/comunicati\/wp-json\/wp\/v2\/posts"}],"about":[{"href":"https:\/\/www.article-marketing.eu\/comunicati\/wp-json\/wp\/v2\/types\/post"}],"author":[{"embeddable":true,"href":"https:\/\/www.article-marketing.eu\/comunicati\/wp-json\/wp\/v2\/users\/10"}],"replies":[{"embeddable":true,"href":"https:\/\/www.article-marketing.eu\/comunicati\/wp-json\/wp\/v2\/comments?post=845"}],"version-history":[{"count":0,"href":"https:\/\/www.article-marketing.eu\/comunicati\/wp-json\/wp\/v2\/posts\/845\/revisions"}],"wp:attachment":[{"href":"https:\/\/www.article-marketing.eu\/comunicati\/wp-json\/wp\/v2\/media?parent=845"}],"wp:term":[{"taxonomy":"category","embeddable":true,"href":"https:\/\/www.article-marketing.eu\/comunicati\/wp-json\/wp\/v2\/categories?post=845"},{"taxonomy":"post_tag","embeddable":true,"href":"https:\/\/www.article-marketing.eu\/comunicati\/wp-json\/wp\/v2\/tags?post=845"}],"curies":[{"name":"wp","href":"https:\/\/api.w.org\/{rel}","templated":true}]}}