{"id":8490,"date":"2010-10-15T13:24:22","date_gmt":"2010-10-15T11:24:22","guid":{"rendered":"http:\/\/www.article-marketing.eu\/comunicati\/senza-categoria\/anoressia-e-disturbi-del-comportamento-alimentare\/"},"modified":"2018-07-10T03:52:58","modified_gmt":"2018-07-10T01:52:58","slug":"anoressia-e-disturbi-del-comportamento-alimentare","status":"publish","type":"post","link":"https:\/\/www.article-marketing.eu\/comunicati\/salute-e-benessere\/anoressia-e-disturbi-del-comportamento-alimentare\/","title":{"rendered":"Anoressia e disturbi del comportamento alimentare"},"content":{"rendered":"<p><strong>Anoressia e disturbi del comportamento alimentare<\/strong> <strong>Rifiuto del cibo e paura di ingrassare possono perseguitarti.<\/strong> La paura di trovare un chilo in pi&ugrave; sulla bilancia. La paura di mettere un centimetro sul giro vita. La delusione di non vedersi mai come si vorrebbe. Una taglia che &egrave; sempre una di troppo. Magre, magre sempre pi&ugrave; magre. Tutto questo non &egrave; giusto. Non &egrave; giusto pensare sempre di non essere adatti alle situazioni, di non essere bellissime o di non essere speciali. Dentro di noi sta crescendo un male. Un male che piano piano ci logorer&agrave;. Manger&agrave; a poco a poco il nostro corpo e la nostra anima. Chiedere aiuto &egrave; la prima cosa da fare per la risoluzione del problema. Chiedere aiuto a chi pu&ograve; capirti, a chi pu&ograve; darti dei consigli senza giudicarti, a chi pu&ograve; arrivare al cuore del problema insieme a te. Sentire le tue emozioni, comprendere i tuoi stati d&rsquo;animo. Desiderare la salute fisica e la bellezza del proprio corpo non &egrave; uno sbaglio, ma bisogna farlo in maniera attenta e giusta. In maniera sana. &Egrave; difficile, ma risolvere il problema &egrave; possibile. <strong>Con una terapia di gruppo o individuale che sia mirata a individuare il problema originario del quale l&rsquo;anoressia non &egrave; altro che una manifestazione.<\/strong><br \/>\n<strong>Rifiuto del cibo e paura di ingrassare possono perseguitarti. La delusione di non vedersi mai come si vorrebbe. Una taglia che &egrave; sempre una di troppo. Magre, magre sempre pi&ugrave; magre. Tutto questo non &egrave; giusto.<\/strong><br \/>\nLo Studio Associato Logos &egrave; un centro di psicologia e psicoterapia che nasce con l&rsquo;obiettivo di promuovere la salute, il benessere nei rapporti interpersonali, nella famiglia , nella societ&agrave;. Nella filosofia dello Studio il cambiamento &egrave; il motore della crescita personale, che comprende la scoperta di nuovi aspetti di s&eacute;, l&rsquo;acquisizione di nuove competenze e la riattivazione delle risorse personali.<br \/>\n<strong style=\"outline-width: 0px; outline-style: initial; outline-color: initial; font-size: 12px; background-image: initial; background-attachment: initial; background-origin: initial; background-clip: initial; background-color: transparent; background-position: initial initial; background-repeat: initial initial; padding: 0px; margin: 0px; border: 0px initial initial;\">Lo Studio si occupa di: <\/strong><\/p>\n<ul style=\"margin-top: 10px; margin-right: 0px; margin-bottom: 10px; margin-left: 0px; outline-width: 0px; outline-style: initial; outline-color: initial; font-size: 12px; background-image: initial; background-attachment: initial; background-origin: initial; background-clip: initial; background-color: transparent; list-style-type: none; list-style-position: initial; list-style-image: initial; background-position: initial initial; background-repeat: initial initial; padding: 0px; border: 0px initial initial;\">\n<li style=\"outline-width: 0px; outline-style: initial; outline-color: initial; font-size: 12px; background-image: initial; background-attachment: initial; background-origin: initial; background-clip: initial; background-color: transparent; background-position: initial initial; background-repeat: initial initial; padding: 0px; margin: 0px; border: 0px initial initial;\">&bull; Consulenza psicologica<\/li>\n<li style=\"outline-width: 0px; outline-style: initial; outline-color: initial; font-size: 12px; background-image: initial; background-attachment: initial; background-origin: initial; background-clip: initial; background-color: transparent; background-position: initial initial; background-repeat: initial initial; padding: 0px; margin: 0px; border: 0px initial initial;\">&bull; Psicoterapia individuale<\/li>\n<li style=\"outline-width: 0px; outline-style: initial; outline-color: initial; font-size: 12px; background-image: initial; background-attachment: initial; background-origin: initial; background-clip: initial; background-color: transparent; background-position: initial initial; background-repeat: initial initial; padding: 0px; margin: 0px; border: 0px initial initial;\">&bull; Psicoterapia di coppia<\/li>\n<li style=\"outline-width: 0px; outline-style: initial; outline-color: initial; font-size: 12px; background-image: initial; background-attachment: initial; background-origin: initial; background-clip: initial; background-color: transparent; background-position: initial initial; background-repeat: initial initial; padding: 0px; margin: 0px; border: 0px initial initial;\">&bull; Psicoterapia di gruppo<\/li>\n<li style=\"outline-width: 0px; outline-style: initial; outline-color: initial; font-size: 12px; background-image: initial; background-attachment: initial; background-origin: initial; background-clip: initial; background-color: transparent; background-position: initial initial; background-repeat: initial initial; padding: 0px; margin: 0px; border: 0px initial initial;\">&bull; Psicoterapia dell&rsquo;et&agrave; evolutiva<\/li>\n<li style=\"outline-width: 0px; outline-style: initial; outline-color: initial; font-size: 12px; background-image: initial; background-attachment: initial; background-origin: initial; background-clip: initial; background-color: transparent; background-position: initial initial; background-repeat: initial initial; padding: 0px; margin: 0px; border: 0px initial initial;\">&bull; Ipnosi e tecniche di rilassamento<\/li>\n<\/ul>\n","protected":false},"excerpt":{"rendered":"<p>Rifiuto del cibo e paura di ingrassare possono perseguitarti. La delusione di non vedersi mai come si vorrebbe. Una taglia che \u00e8 sempre una di troppo. Magre, magre sempre pi\u00f9 magre. Tutto questo non \u00e8 giusto.<\/p>\n","protected":false},"author":10,"featured_media":0,"comment_status":"open","ping_status":"open","sticky":false,"template":"","format":"standard","meta":{"cybocfi_hide_featured_image":"","footnotes":""},"categories":[265],"tags":[13130,18534,18535],"class_list":["post-8490","post","type-post","status-publish","format-standard","hentry","category-salute-e-benessere","tag-anoressia","tag-disturbi-comportamento-alimentare","tag-psicoterapia-roma"],"yoast_head":"<!-- This site is optimized with the Yoast SEO plugin v27.0 - https:\/\/yoast.com\/product\/yoast-seo-wordpress\/ -->\n<title>Anoressia e disturbi del comportamento alimentare - Article Marketing<\/title>\n<meta name=\"robots\" content=\"index, follow, max-snippet:-1, max-image-preview:large, max-video-preview:-1\" \/>\n<link rel=\"canonical\" href=\"https:\/\/www.article-marketing.eu\/comunicati\/salute-e-benessere\/anoressia-e-disturbi-del-comportamento-alimentare\/\" \/>\n<meta property=\"og:locale\" content=\"it_IT\" \/>\n<meta property=\"og:type\" content=\"article\" \/>\n<meta property=\"og:title\" content=\"Anoressia e disturbi del comportamento alimentare - Article Marketing\" \/>\n<meta property=\"og:description\" content=\"Rifiuto del cibo e paura di ingrassare possono perseguitarti. La delusione di non vedersi mai come si vorrebbe. Una taglia che \u00e8 sempre una di troppo. Magre, magre sempre pi\u00f9 magre. Tutto questo non \u00e8 giusto.\" \/>\n<meta property=\"og:url\" content=\"https:\/\/www.article-marketing.eu\/comunicati\/salute-e-benessere\/anoressia-e-disturbi-del-comportamento-alimentare\/\" \/>\n<meta property=\"og:site_name\" content=\"Article Marketing\" \/>\n<meta property=\"article:published_time\" content=\"2010-10-15T11:24:22+00:00\" \/>\n<meta property=\"article:modified_time\" content=\"2018-07-10T01:52:58+00:00\" \/>\n<meta name=\"author\" content=\"Redazione Comunicati Stampa\" \/>\n<meta name=\"twitter:card\" content=\"summary_large_image\" \/>\n<meta name=\"twitter:label1\" content=\"Scritto da\" \/>\n\t<meta name=\"twitter:data1\" content=\"Redazione Comunicati Stampa\" \/>\n\t<meta name=\"twitter:label2\" content=\"Tempo di lettura stimato\" \/>\n\t<meta name=\"twitter:data2\" content=\"2 minuti\" \/>\n<script type=\"application\/ld+json\" class=\"yoast-schema-graph\">{\"@context\":\"https:\/\/schema.org\",\"@graph\":[{\"@type\":\"Article\",\"@id\":\"https:\/\/www.article-marketing.eu\/comunicati\/salute-e-benessere\/anoressia-e-disturbi-del-comportamento-alimentare\/#article\",\"isPartOf\":{\"@id\":\"https:\/\/www.article-marketing.eu\/comunicati\/salute-e-benessere\/anoressia-e-disturbi-del-comportamento-alimentare\/\"},\"author\":{\"name\":\"Redazione Comunicati Stampa\",\"@id\":\"https:\/\/www.article-marketing.eu\/comunicati\/#\/schema\/person\/44372e4d4d0fa797b18e03ed1ace9017\"},\"headline\":\"Anoressia e disturbi del comportamento alimentare\",\"datePublished\":\"2010-10-15T11:24:22+00:00\",\"dateModified\":\"2018-07-10T01:52:58+00:00\",\"mainEntityOfPage\":{\"@id\":\"https:\/\/www.article-marketing.eu\/comunicati\/salute-e-benessere\/anoressia-e-disturbi-del-comportamento-alimentare\/\"},\"wordCount\":362,\"commentCount\":0,\"keywords\":[\"anoressia\",\"disturbi comportamento alimentare\",\"psicoterapia roma\"],\"articleSection\":[\"Salute e benessere\"],\"inLanguage\":\"it-IT\",\"potentialAction\":[{\"@type\":\"CommentAction\",\"name\":\"Comment\",\"target\":[\"https:\/\/www.article-marketing.eu\/comunicati\/salute-e-benessere\/anoressia-e-disturbi-del-comportamento-alimentare\/#respond\"]}]},{\"@type\":\"WebPage\",\"@id\":\"https:\/\/www.article-marketing.eu\/comunicati\/salute-e-benessere\/anoressia-e-disturbi-del-comportamento-alimentare\/\",\"url\":\"https:\/\/www.article-marketing.eu\/comunicati\/salute-e-benessere\/anoressia-e-disturbi-del-comportamento-alimentare\/\",\"name\":\"Anoressia e disturbi del comportamento alimentare - Article Marketing\",\"isPartOf\":{\"@id\":\"https:\/\/www.article-marketing.eu\/comunicati\/#website\"},\"datePublished\":\"2010-10-15T11:24:22+00:00\",\"dateModified\":\"2018-07-10T01:52:58+00:00\",\"author\":{\"@id\":\"https:\/\/www.article-marketing.eu\/comunicati\/#\/schema\/person\/44372e4d4d0fa797b18e03ed1ace9017\"},\"breadcrumb\":{\"@id\":\"https:\/\/www.article-marketing.eu\/comunicati\/salute-e-benessere\/anoressia-e-disturbi-del-comportamento-alimentare\/#breadcrumb\"},\"inLanguage\":\"it-IT\",\"potentialAction\":[{\"@type\":\"ReadAction\",\"target\":[\"https:\/\/www.article-marketing.eu\/comunicati\/salute-e-benessere\/anoressia-e-disturbi-del-comportamento-alimentare\/\"]}]},{\"@type\":\"BreadcrumbList\",\"@id\":\"https:\/\/www.article-marketing.eu\/comunicati\/salute-e-benessere\/anoressia-e-disturbi-del-comportamento-alimentare\/#breadcrumb\",\"itemListElement\":[{\"@type\":\"ListItem\",\"position\":1,\"name\":\"Home\",\"item\":\"https:\/\/www.article-marketing.eu\/comunicati\/\"},{\"@type\":\"ListItem\",\"position\":2,\"name\":\"Anoressia e disturbi del comportamento alimentare\"}]},{\"@type\":\"WebSite\",\"@id\":\"https:\/\/www.article-marketing.eu\/comunicati\/#website\",\"url\":\"https:\/\/www.article-marketing.eu\/comunicati\/\",\"name\":\"Article Marketing\",\"description\":\"article marketing &amp; press release\",\"potentialAction\":[{\"@type\":\"SearchAction\",\"target\":{\"@type\":\"EntryPoint\",\"urlTemplate\":\"https:\/\/www.article-marketing.eu\/comunicati\/?s={search_term_string}\"},\"query-input\":{\"@type\":\"PropertyValueSpecification\",\"valueRequired\":true,\"valueName\":\"search_term_string\"}}],\"inLanguage\":\"it-IT\"},{\"@type\":\"Person\",\"@id\":\"https:\/\/www.article-marketing.eu\/comunicati\/#\/schema\/person\/44372e4d4d0fa797b18e03ed1ace9017\",\"name\":\"Redazione Comunicati Stampa\",\"image\":{\"@type\":\"ImageObject\",\"inLanguage\":\"it-IT\",\"@id\":\"https:\/\/www.article-marketing.eu\/comunicati\/#\/schema\/person\/image\/\",\"url\":\"https:\/\/secure.gravatar.com\/avatar\/50e5c6421d3072f42e7ace803501602c60d75233d34e29fd05feb91c8760b792?s=96&d=mm&r=g\",\"contentUrl\":\"https:\/\/secure.gravatar.com\/avatar\/50e5c6421d3072f42e7ace803501602c60d75233d34e29fd05feb91c8760b792?s=96&d=mm&r=g\",\"caption\":\"Redazione Comunicati Stampa\"},\"url\":\"https:\/\/www.article-marketing.eu\/comunicati\/author\/redazione-comunicati-stampa\/\"}]}<\/script>\n<!-- \/ Yoast SEO plugin. -->","yoast_head_json":{"title":"Anoressia e disturbi del comportamento alimentare - Article Marketing","robots":{"index":"index","follow":"follow","max-snippet":"max-snippet:-1","max-image-preview":"max-image-preview:large","max-video-preview":"max-video-preview:-1"},"canonical":"https:\/\/www.article-marketing.eu\/comunicati\/salute-e-benessere\/anoressia-e-disturbi-del-comportamento-alimentare\/","og_locale":"it_IT","og_type":"article","og_title":"Anoressia e disturbi del comportamento alimentare - Article Marketing","og_description":"Rifiuto del cibo e paura di ingrassare possono perseguitarti. La delusione di non vedersi mai come si vorrebbe. Una taglia che \u00e8 sempre una di troppo. Magre, magre sempre pi\u00f9 magre. Tutto questo non \u00e8 giusto.","og_url":"https:\/\/www.article-marketing.eu\/comunicati\/salute-e-benessere\/anoressia-e-disturbi-del-comportamento-alimentare\/","og_site_name":"Article Marketing","article_published_time":"2010-10-15T11:24:22+00:00","article_modified_time":"2018-07-10T01:52:58+00:00","author":"Redazione Comunicati Stampa","twitter_card":"summary_large_image","twitter_misc":{"Scritto da":"Redazione Comunicati Stampa","Tempo di lettura stimato":"2 minuti"},"schema":{"@context":"https:\/\/schema.org","@graph":[{"@type":"Article","@id":"https:\/\/www.article-marketing.eu\/comunicati\/salute-e-benessere\/anoressia-e-disturbi-del-comportamento-alimentare\/#article","isPartOf":{"@id":"https:\/\/www.article-marketing.eu\/comunicati\/salute-e-benessere\/anoressia-e-disturbi-del-comportamento-alimentare\/"},"author":{"name":"Redazione Comunicati Stampa","@id":"https:\/\/www.article-marketing.eu\/comunicati\/#\/schema\/person\/44372e4d4d0fa797b18e03ed1ace9017"},"headline":"Anoressia e disturbi del comportamento alimentare","datePublished":"2010-10-15T11:24:22+00:00","dateModified":"2018-07-10T01:52:58+00:00","mainEntityOfPage":{"@id":"https:\/\/www.article-marketing.eu\/comunicati\/salute-e-benessere\/anoressia-e-disturbi-del-comportamento-alimentare\/"},"wordCount":362,"commentCount":0,"keywords":["anoressia","disturbi comportamento alimentare","psicoterapia roma"],"articleSection":["Salute e benessere"],"inLanguage":"it-IT","potentialAction":[{"@type":"CommentAction","name":"Comment","target":["https:\/\/www.article-marketing.eu\/comunicati\/salute-e-benessere\/anoressia-e-disturbi-del-comportamento-alimentare\/#respond"]}]},{"@type":"WebPage","@id":"https:\/\/www.article-marketing.eu\/comunicati\/salute-e-benessere\/anoressia-e-disturbi-del-comportamento-alimentare\/","url":"https:\/\/www.article-marketing.eu\/comunicati\/salute-e-benessere\/anoressia-e-disturbi-del-comportamento-alimentare\/","name":"Anoressia e disturbi del comportamento alimentare - Article Marketing","isPartOf":{"@id":"https:\/\/www.article-marketing.eu\/comunicati\/#website"},"datePublished":"2010-10-15T11:24:22+00:00","dateModified":"2018-07-10T01:52:58+00:00","author":{"@id":"https:\/\/www.article-marketing.eu\/comunicati\/#\/schema\/person\/44372e4d4d0fa797b18e03ed1ace9017"},"breadcrumb":{"@id":"https:\/\/www.article-marketing.eu\/comunicati\/salute-e-benessere\/anoressia-e-disturbi-del-comportamento-alimentare\/#breadcrumb"},"inLanguage":"it-IT","potentialAction":[{"@type":"ReadAction","target":["https:\/\/www.article-marketing.eu\/comunicati\/salute-e-benessere\/anoressia-e-disturbi-del-comportamento-alimentare\/"]}]},{"@type":"BreadcrumbList","@id":"https:\/\/www.article-marketing.eu\/comunicati\/salute-e-benessere\/anoressia-e-disturbi-del-comportamento-alimentare\/#breadcrumb","itemListElement":[{"@type":"ListItem","position":1,"name":"Home","item":"https:\/\/www.article-marketing.eu\/comunicati\/"},{"@type":"ListItem","position":2,"name":"Anoressia e disturbi del comportamento alimentare"}]},{"@type":"WebSite","@id":"https:\/\/www.article-marketing.eu\/comunicati\/#website","url":"https:\/\/www.article-marketing.eu\/comunicati\/","name":"Article Marketing","description":"article marketing &amp; press release","potentialAction":[{"@type":"SearchAction","target":{"@type":"EntryPoint","urlTemplate":"https:\/\/www.article-marketing.eu\/comunicati\/?s={search_term_string}"},"query-input":{"@type":"PropertyValueSpecification","valueRequired":true,"valueName":"search_term_string"}}],"inLanguage":"it-IT"},{"@type":"Person","@id":"https:\/\/www.article-marketing.eu\/comunicati\/#\/schema\/person\/44372e4d4d0fa797b18e03ed1ace9017","name":"Redazione Comunicati Stampa","image":{"@type":"ImageObject","inLanguage":"it-IT","@id":"https:\/\/www.article-marketing.eu\/comunicati\/#\/schema\/person\/image\/","url":"https:\/\/secure.gravatar.com\/avatar\/50e5c6421d3072f42e7ace803501602c60d75233d34e29fd05feb91c8760b792?s=96&d=mm&r=g","contentUrl":"https:\/\/secure.gravatar.com\/avatar\/50e5c6421d3072f42e7ace803501602c60d75233d34e29fd05feb91c8760b792?s=96&d=mm&r=g","caption":"Redazione Comunicati Stampa"},"url":"https:\/\/www.article-marketing.eu\/comunicati\/author\/redazione-comunicati-stampa\/"}]}},"_links":{"self":[{"href":"https:\/\/www.article-marketing.eu\/comunicati\/wp-json\/wp\/v2\/posts\/8490","targetHints":{"allow":["GET"]}}],"collection":[{"href":"https:\/\/www.article-marketing.eu\/comunicati\/wp-json\/wp\/v2\/posts"}],"about":[{"href":"https:\/\/www.article-marketing.eu\/comunicati\/wp-json\/wp\/v2\/types\/post"}],"author":[{"embeddable":true,"href":"https:\/\/www.article-marketing.eu\/comunicati\/wp-json\/wp\/v2\/users\/10"}],"replies":[{"embeddable":true,"href":"https:\/\/www.article-marketing.eu\/comunicati\/wp-json\/wp\/v2\/comments?post=8490"}],"version-history":[{"count":3,"href":"https:\/\/www.article-marketing.eu\/comunicati\/wp-json\/wp\/v2\/posts\/8490\/revisions"}],"predecessor-version":[{"id":57440,"href":"https:\/\/www.article-marketing.eu\/comunicati\/wp-json\/wp\/v2\/posts\/8490\/revisions\/57440"}],"wp:attachment":[{"href":"https:\/\/www.article-marketing.eu\/comunicati\/wp-json\/wp\/v2\/media?parent=8490"}],"wp:term":[{"taxonomy":"category","embeddable":true,"href":"https:\/\/www.article-marketing.eu\/comunicati\/wp-json\/wp\/v2\/categories?post=8490"},{"taxonomy":"post_tag","embeddable":true,"href":"https:\/\/www.article-marketing.eu\/comunicati\/wp-json\/wp\/v2\/tags?post=8490"}],"curies":[{"name":"wp","href":"https:\/\/api.w.org\/{rel}","templated":true}]}}