{"id":855,"date":"2008-11-06T10:58:52","date_gmt":"2008-11-06T09:58:52","guid":{"rendered":"http:\/\/www.article-marketing.eu\/comunicati\/senza-categoria\/biennale-gastronomica-fiorentina-a-firenze\/"},"modified":"2008-11-06T10:58:52","modified_gmt":"2008-11-06T09:58:52","slug":"biennale-gastronomica-fiorentina-a-firenze","status":"publish","type":"post","link":"https:\/\/www.article-marketing.eu\/comunicati\/comunicati-stampa\/eventi\/biennale-gastronomica-fiorentina-a-firenze\/","title":{"rendered":"Biennale gastronomica fiorentina a Firenze"},"content":{"rendered":"<p>Ci sono alcune regioni italiane, poi, che per i propri prodotti tipici sono ancor pi\u00f9 conosciute e apprezzate delle altre, e tra queste sicuramente la Toscana occupa un posto di spicco, grazie ai suoi oli e vini pregiati famosi in tutto il mondo che i turisti di tutto il mondo possono gustare grazie ad appositi pacchetti per Firenze.<\/p>\n<p>Questo importante patrimonio viene ora celebrato nella capitale toscana con la prima edizione della Biennale Gastronomica Fiorentina intitolata a Leo Codacci, un importante enogastronomo fiorentino scomparso nel 2006 che ide\u00f2 per primo un evento simile, nell\u2019ormai lontano 1976, allo scopo di far conoscere le tradizioni culinarie della sua citt\u00e0. Questo intento \u00e8 stato ripreso dagli organizzatori di questo nuovo appuntamento, che desiderano appunto non far cadere nel dimenticatoio alcune antiche tradizioni.<br \/>\nIl programma della biennale, che si aprir\u00e0 il 10 novembre per concludersi il 24 dello stesso mese, \u00e8 molto ricco e diversificato, comprende assaggi, degustazioni, laboratori e concorsi, e vede la collaborazione di nomi di rilievo dell\u2019enogastronomia italiana e internazionale e di una settantina di ristoranti fiorentini, che per l\u2019occasione proporranno, nei propri men\u00f9, alcuni piatti tipici della tradizione culinaria della capitale toscana.<\/p>\n<p>Essendo una celebrazione della cucina di Firenze, l\u2019evento non pu\u00f2 non aprirsi con un appuntamento dedicato ad uno dei simboli della citt\u00e0, ossia la fiorentina, che si svolger\u00e0 il 10 novembre. Negli altri giorni, meglio prendersi una delle case in affitto Firenze,<br \/>\nci sar\u00e0 spazio anche per eventi dedicati ad altri prodotti tipici, che hanno reso la Toscana, e quindi l\u2019Italia, famosa nel mondo: se si parla di vino italiano, molti stranieri pensano subito al Chianti, cui viene dedicata una giornata durante la quale sar\u00e0 possibile degustare i vini della riserva Chianti Rufina, che presenter\u00e0 in anteprima l\u2019annata 2007 e la riserva 2008. Oltre al vino, l\u2019olio extravergine di oliva \u00e8 un altro di quei prodotti che risultano ormai indissolubilmente legati alla Toscana, e per questo durante la manifestazione verr\u00e0 dato ampio spazio a tale prodotto, con degustazioni, dibattiti e dimostrazioni (da non perdere quelle dei maestri cioccolatieri che prepareranno prelibatezze a base di cioccolata e olio d\u2019oliva).<br \/>\nNonostante la tradizione culinaria fiorentina sia vasta e molteplice, durante la manifestazione ci sar\u00e0 spazio anche per prodotti provenienti da altre regioni italiane e addirittura internazionali: ci sar\u00e0 infatti una rassegna dedicata al cibo da strada, dove accanto ai prodotti tipici fiorentini, come il lampredotto, sar\u00e0 possibile trovare anche arancini siciliani, focacce genovesi, piadine romagnole, ma anche Kebab e altre specialit\u00e0 internazionali.<\/p>\n<p>Altri eventi particolarmente degni di nota sono\u201cIl pranzo dei Santi\u201d, evento solidale durante il quale verr\u00e0 servito un pranzo prelibato ai pi\u00f9 poveri e bisognosi, e il concorso Gaia Gatteschi \u201cIl dolce della merenda\u201d (premio pensato per sottolineare l\u2019importanza di questo momento della giornata, che dovrebbe essere all\u2019insegna di cibi sani), in cui tutti avranno la possibilit\u00e0 di presentare un proprio dolce e di venire quindi premiati da una giuria composta da esperti, ma anche da bambini delle scuole medie.<br \/>\nL\u2019evento si concluder\u00e0 con il talk show \u201cFirenze a tavola ieri e oggi\u201d, in cui si affronter\u00e0, tra l\u2019altro, il tema del possibile incontro tra tradizione e creativit\u00e0 in cucina, a dimostrazione che anche con il passare del tempo e con l\u2019evolversi degli usi sia possibile, grazie a degli ingredienti di qualit\u00e0, portare avanti la ricca tradizione di una cucina come quella fiorentina.<\/p>\n<p>Firenze \u00e8 la capitale mondiale dell\u2019arte e della cultura, ma \u00e8 conosciuta in tutto il mondo anche per la sua cucina e i suoi vini. Approfitta della Biennale di Gastronomia per visitare questa splendida citt\u00e0 e allo stesso tempo tuffarti nelle prelibatezze di una tradizione culinaria senza pari. Prenota ora la tua <a href=\"http:\/\/it.flashbooking.com\/navigation\/europe_italia_firenze_pensione_all.html\">guest houses a Firenze<\/a>.<\/p>\n<p>Date: 10-24 Novembre 2008<br \/>\t<br \/>\nDove: Firenze, Italia<\/p>\n","protected":false},"excerpt":{"rendered":"<p>La tradizione eno-gastronomica italiana \u00e8 conosciuta in tutto il mondo, e insieme all\u2019arte e ai magnifici paesaggi rappresenta una delle maggiori attrattive del Belpaese.<\/p>\n","protected":false},"author":10,"featured_media":0,"comment_status":"open","ping_status":"open","sticky":false,"template":"","format":"standard","meta":{"cybocfi_hide_featured_image":"","footnotes":""},"categories":[388],"tags":[1423,1218,926,2706,2757,1166],"class_list":["post-855","post","type-post","status-publish","format-standard","hentry","category-eventi","tag-cucina","tag-enogastronomia","tag-evento","tag-firenze","tag-manifestazione","tag-ristoranti"],"yoast_head":"<!-- This site is optimized with the Yoast SEO plugin v27.0 - https:\/\/yoast.com\/product\/yoast-seo-wordpress\/ -->\n<title>Biennale gastronomica fiorentina a Firenze - Article Marketing<\/title>\n<meta name=\"robots\" content=\"index, follow, max-snippet:-1, max-image-preview:large, max-video-preview:-1\" \/>\n<link rel=\"canonical\" href=\"https:\/\/www.article-marketing.eu\/comunicati\/comunicati-stampa\/eventi\/biennale-gastronomica-fiorentina-a-firenze\/\" \/>\n<meta property=\"og:locale\" content=\"it_IT\" \/>\n<meta property=\"og:type\" content=\"article\" \/>\n<meta property=\"og:title\" content=\"Biennale gastronomica fiorentina a Firenze - Article Marketing\" \/>\n<meta property=\"og:description\" content=\"La tradizione eno-gastronomica italiana \u00e8 conosciuta in tutto il mondo, e insieme all\u2019arte e ai magnifici paesaggi rappresenta una delle maggiori attrattive del Belpaese.\" \/>\n<meta property=\"og:url\" content=\"https:\/\/www.article-marketing.eu\/comunicati\/comunicati-stampa\/eventi\/biennale-gastronomica-fiorentina-a-firenze\/\" \/>\n<meta property=\"og:site_name\" content=\"Article Marketing\" \/>\n<meta property=\"article:published_time\" content=\"2008-11-06T09:58:52+00:00\" \/>\n<meta name=\"author\" content=\"Redazione Comunicati Stampa\" \/>\n<meta name=\"twitter:card\" content=\"summary_large_image\" \/>\n<meta name=\"twitter:label1\" content=\"Scritto da\" \/>\n\t<meta name=\"twitter:data1\" content=\"Redazione Comunicati Stampa\" \/>\n\t<meta name=\"twitter:label2\" content=\"Tempo di lettura stimato\" \/>\n\t<meta name=\"twitter:data2\" content=\"3 minuti\" \/>\n<script type=\"application\/ld+json\" class=\"yoast-schema-graph\">{\"@context\":\"https:\/\/schema.org\",\"@graph\":[{\"@type\":\"Article\",\"@id\":\"https:\/\/www.article-marketing.eu\/comunicati\/comunicati-stampa\/eventi\/biennale-gastronomica-fiorentina-a-firenze\/#article\",\"isPartOf\":{\"@id\":\"https:\/\/www.article-marketing.eu\/comunicati\/comunicati-stampa\/eventi\/biennale-gastronomica-fiorentina-a-firenze\/\"},\"author\":{\"name\":\"Redazione Comunicati Stampa\",\"@id\":\"https:\/\/www.article-marketing.eu\/comunicati\/#\/schema\/person\/44372e4d4d0fa797b18e03ed1ace9017\"},\"headline\":\"Biennale gastronomica fiorentina a Firenze\",\"datePublished\":\"2008-11-06T09:58:52+00:00\",\"mainEntityOfPage\":{\"@id\":\"https:\/\/www.article-marketing.eu\/comunicati\/comunicati-stampa\/eventi\/biennale-gastronomica-fiorentina-a-firenze\/\"},\"wordCount\":625,\"commentCount\":0,\"keywords\":[\"cucina\",\"enogastronomia\",\"evento\",\"firenze\",\"manifestazione\",\"ristoranti\"],\"articleSection\":[\"Eventi\"],\"inLanguage\":\"it-IT\",\"potentialAction\":[{\"@type\":\"CommentAction\",\"name\":\"Comment\",\"target\":[\"https:\/\/www.article-marketing.eu\/comunicati\/comunicati-stampa\/eventi\/biennale-gastronomica-fiorentina-a-firenze\/#respond\"]}]},{\"@type\":\"WebPage\",\"@id\":\"https:\/\/www.article-marketing.eu\/comunicati\/comunicati-stampa\/eventi\/biennale-gastronomica-fiorentina-a-firenze\/\",\"url\":\"https:\/\/www.article-marketing.eu\/comunicati\/comunicati-stampa\/eventi\/biennale-gastronomica-fiorentina-a-firenze\/\",\"name\":\"Biennale gastronomica fiorentina a Firenze - Article Marketing\",\"isPartOf\":{\"@id\":\"https:\/\/www.article-marketing.eu\/comunicati\/#website\"},\"datePublished\":\"2008-11-06T09:58:52+00:00\",\"author\":{\"@id\":\"https:\/\/www.article-marketing.eu\/comunicati\/#\/schema\/person\/44372e4d4d0fa797b18e03ed1ace9017\"},\"breadcrumb\":{\"@id\":\"https:\/\/www.article-marketing.eu\/comunicati\/comunicati-stampa\/eventi\/biennale-gastronomica-fiorentina-a-firenze\/#breadcrumb\"},\"inLanguage\":\"it-IT\",\"potentialAction\":[{\"@type\":\"ReadAction\",\"target\":[\"https:\/\/www.article-marketing.eu\/comunicati\/comunicati-stampa\/eventi\/biennale-gastronomica-fiorentina-a-firenze\/\"]}]},{\"@type\":\"BreadcrumbList\",\"@id\":\"https:\/\/www.article-marketing.eu\/comunicati\/comunicati-stampa\/eventi\/biennale-gastronomica-fiorentina-a-firenze\/#breadcrumb\",\"itemListElement\":[{\"@type\":\"ListItem\",\"position\":1,\"name\":\"Home\",\"item\":\"https:\/\/www.article-marketing.eu\/comunicati\/\"},{\"@type\":\"ListItem\",\"position\":2,\"name\":\"Biennale gastronomica fiorentina a Firenze\"}]},{\"@type\":\"WebSite\",\"@id\":\"https:\/\/www.article-marketing.eu\/comunicati\/#website\",\"url\":\"https:\/\/www.article-marketing.eu\/comunicati\/\",\"name\":\"Article Marketing\",\"description\":\"article marketing &amp; press release\",\"potentialAction\":[{\"@type\":\"SearchAction\",\"target\":{\"@type\":\"EntryPoint\",\"urlTemplate\":\"https:\/\/www.article-marketing.eu\/comunicati\/?s={search_term_string}\"},\"query-input\":{\"@type\":\"PropertyValueSpecification\",\"valueRequired\":true,\"valueName\":\"search_term_string\"}}],\"inLanguage\":\"it-IT\"},{\"@type\":\"Person\",\"@id\":\"https:\/\/www.article-marketing.eu\/comunicati\/#\/schema\/person\/44372e4d4d0fa797b18e03ed1ace9017\",\"name\":\"Redazione Comunicati Stampa\",\"image\":{\"@type\":\"ImageObject\",\"inLanguage\":\"it-IT\",\"@id\":\"https:\/\/www.article-marketing.eu\/comunicati\/#\/schema\/person\/image\/\",\"url\":\"https:\/\/secure.gravatar.com\/avatar\/50e5c6421d3072f42e7ace803501602c60d75233d34e29fd05feb91c8760b792?s=96&d=mm&r=g\",\"contentUrl\":\"https:\/\/secure.gravatar.com\/avatar\/50e5c6421d3072f42e7ace803501602c60d75233d34e29fd05feb91c8760b792?s=96&d=mm&r=g\",\"caption\":\"Redazione Comunicati Stampa\"},\"url\":\"https:\/\/www.article-marketing.eu\/comunicati\/author\/redazione-comunicati-stampa\/\"}]}<\/script>\n<!-- \/ Yoast SEO plugin. -->","yoast_head_json":{"title":"Biennale gastronomica fiorentina a Firenze - Article Marketing","robots":{"index":"index","follow":"follow","max-snippet":"max-snippet:-1","max-image-preview":"max-image-preview:large","max-video-preview":"max-video-preview:-1"},"canonical":"https:\/\/www.article-marketing.eu\/comunicati\/comunicati-stampa\/eventi\/biennale-gastronomica-fiorentina-a-firenze\/","og_locale":"it_IT","og_type":"article","og_title":"Biennale gastronomica fiorentina a Firenze - Article Marketing","og_description":"La tradizione eno-gastronomica italiana \u00e8 conosciuta in tutto il mondo, e insieme all\u2019arte e ai magnifici paesaggi rappresenta una delle maggiori attrattive del Belpaese.","og_url":"https:\/\/www.article-marketing.eu\/comunicati\/comunicati-stampa\/eventi\/biennale-gastronomica-fiorentina-a-firenze\/","og_site_name":"Article Marketing","article_published_time":"2008-11-06T09:58:52+00:00","author":"Redazione Comunicati Stampa","twitter_card":"summary_large_image","twitter_misc":{"Scritto da":"Redazione Comunicati Stampa","Tempo di lettura stimato":"3 minuti"},"schema":{"@context":"https:\/\/schema.org","@graph":[{"@type":"Article","@id":"https:\/\/www.article-marketing.eu\/comunicati\/comunicati-stampa\/eventi\/biennale-gastronomica-fiorentina-a-firenze\/#article","isPartOf":{"@id":"https:\/\/www.article-marketing.eu\/comunicati\/comunicati-stampa\/eventi\/biennale-gastronomica-fiorentina-a-firenze\/"},"author":{"name":"Redazione Comunicati Stampa","@id":"https:\/\/www.article-marketing.eu\/comunicati\/#\/schema\/person\/44372e4d4d0fa797b18e03ed1ace9017"},"headline":"Biennale gastronomica fiorentina a Firenze","datePublished":"2008-11-06T09:58:52+00:00","mainEntityOfPage":{"@id":"https:\/\/www.article-marketing.eu\/comunicati\/comunicati-stampa\/eventi\/biennale-gastronomica-fiorentina-a-firenze\/"},"wordCount":625,"commentCount":0,"keywords":["cucina","enogastronomia","evento","firenze","manifestazione","ristoranti"],"articleSection":["Eventi"],"inLanguage":"it-IT","potentialAction":[{"@type":"CommentAction","name":"Comment","target":["https:\/\/www.article-marketing.eu\/comunicati\/comunicati-stampa\/eventi\/biennale-gastronomica-fiorentina-a-firenze\/#respond"]}]},{"@type":"WebPage","@id":"https:\/\/www.article-marketing.eu\/comunicati\/comunicati-stampa\/eventi\/biennale-gastronomica-fiorentina-a-firenze\/","url":"https:\/\/www.article-marketing.eu\/comunicati\/comunicati-stampa\/eventi\/biennale-gastronomica-fiorentina-a-firenze\/","name":"Biennale gastronomica fiorentina a Firenze - Article Marketing","isPartOf":{"@id":"https:\/\/www.article-marketing.eu\/comunicati\/#website"},"datePublished":"2008-11-06T09:58:52+00:00","author":{"@id":"https:\/\/www.article-marketing.eu\/comunicati\/#\/schema\/person\/44372e4d4d0fa797b18e03ed1ace9017"},"breadcrumb":{"@id":"https:\/\/www.article-marketing.eu\/comunicati\/comunicati-stampa\/eventi\/biennale-gastronomica-fiorentina-a-firenze\/#breadcrumb"},"inLanguage":"it-IT","potentialAction":[{"@type":"ReadAction","target":["https:\/\/www.article-marketing.eu\/comunicati\/comunicati-stampa\/eventi\/biennale-gastronomica-fiorentina-a-firenze\/"]}]},{"@type":"BreadcrumbList","@id":"https:\/\/www.article-marketing.eu\/comunicati\/comunicati-stampa\/eventi\/biennale-gastronomica-fiorentina-a-firenze\/#breadcrumb","itemListElement":[{"@type":"ListItem","position":1,"name":"Home","item":"https:\/\/www.article-marketing.eu\/comunicati\/"},{"@type":"ListItem","position":2,"name":"Biennale gastronomica fiorentina a Firenze"}]},{"@type":"WebSite","@id":"https:\/\/www.article-marketing.eu\/comunicati\/#website","url":"https:\/\/www.article-marketing.eu\/comunicati\/","name":"Article Marketing","description":"article marketing &amp; press release","potentialAction":[{"@type":"SearchAction","target":{"@type":"EntryPoint","urlTemplate":"https:\/\/www.article-marketing.eu\/comunicati\/?s={search_term_string}"},"query-input":{"@type":"PropertyValueSpecification","valueRequired":true,"valueName":"search_term_string"}}],"inLanguage":"it-IT"},{"@type":"Person","@id":"https:\/\/www.article-marketing.eu\/comunicati\/#\/schema\/person\/44372e4d4d0fa797b18e03ed1ace9017","name":"Redazione Comunicati Stampa","image":{"@type":"ImageObject","inLanguage":"it-IT","@id":"https:\/\/www.article-marketing.eu\/comunicati\/#\/schema\/person\/image\/","url":"https:\/\/secure.gravatar.com\/avatar\/50e5c6421d3072f42e7ace803501602c60d75233d34e29fd05feb91c8760b792?s=96&d=mm&r=g","contentUrl":"https:\/\/secure.gravatar.com\/avatar\/50e5c6421d3072f42e7ace803501602c60d75233d34e29fd05feb91c8760b792?s=96&d=mm&r=g","caption":"Redazione Comunicati Stampa"},"url":"https:\/\/www.article-marketing.eu\/comunicati\/author\/redazione-comunicati-stampa\/"}]}},"_links":{"self":[{"href":"https:\/\/www.article-marketing.eu\/comunicati\/wp-json\/wp\/v2\/posts\/855","targetHints":{"allow":["GET"]}}],"collection":[{"href":"https:\/\/www.article-marketing.eu\/comunicati\/wp-json\/wp\/v2\/posts"}],"about":[{"href":"https:\/\/www.article-marketing.eu\/comunicati\/wp-json\/wp\/v2\/types\/post"}],"author":[{"embeddable":true,"href":"https:\/\/www.article-marketing.eu\/comunicati\/wp-json\/wp\/v2\/users\/10"}],"replies":[{"embeddable":true,"href":"https:\/\/www.article-marketing.eu\/comunicati\/wp-json\/wp\/v2\/comments?post=855"}],"version-history":[{"count":0,"href":"https:\/\/www.article-marketing.eu\/comunicati\/wp-json\/wp\/v2\/posts\/855\/revisions"}],"wp:attachment":[{"href":"https:\/\/www.article-marketing.eu\/comunicati\/wp-json\/wp\/v2\/media?parent=855"}],"wp:term":[{"taxonomy":"category","embeddable":true,"href":"https:\/\/www.article-marketing.eu\/comunicati\/wp-json\/wp\/v2\/categories?post=855"},{"taxonomy":"post_tag","embeddable":true,"href":"https:\/\/www.article-marketing.eu\/comunicati\/wp-json\/wp\/v2\/tags?post=855"}],"curies":[{"name":"wp","href":"https:\/\/api.w.org\/{rel}","templated":true}]}}