{"id":857,"date":"2008-11-06T16:24:30","date_gmt":"2008-11-06T15:24:30","guid":{"rendered":"http:\/\/www.article-marketing.eu\/comunicati\/senza-categoria\/8-e-9-novembre-porte-aperte-carcomauto-per-lanteprima-della-nuova-volkswagen-golf-6\/"},"modified":"2018-06-04T20:10:07","modified_gmt":"2018-06-04T18:10:07","slug":"8-e-9-novembre-porte-aperte-carcomauto-per-lanteprima-della-nuova-volkswagen-golf-6","status":"publish","type":"post","link":"https:\/\/www.article-marketing.eu\/comunicati\/motori\/auto\/8-e-9-novembre-porte-aperte-carcomauto-per-lanteprima-della-nuova-volkswagen-golf-6\/","title":{"rendered":"8 e 9 Novembre: Porte aperte CARcomauto per l\u2019anteprima della nuova Volkswagen Golf 6"},"content":{"rendered":"<p style=\"LINE-HEIGHT: 15.6pt\">Le hostess e i venditori Carcomauto saranno a vostra disposizione per illustrarvi tutte le caratteristiche tecniche e commerciali della neonata gamma Golf 6, nonch\u00e9 dell&#8217;intera gamma Volkswagen. Trovare cos\u00ec risposte efficienti a tutte le esigenze pre e post vendita. Carcomauto, da sempre \u00e8 attento alle necessit\u00e0 dei propri clienti, non \u00e8 nuovo alla realizzazione di presentazioni ed eventi di sicuro interesse per chi ricerca standard sempre pi\u00f9 elevati.<\/p>\n<p style=\"LINE-HEIGHT: 15.6pt\">Per l\u2019occasione lo Show Room Carcomauto \u00e8 stato allestito con le pi\u00f9 moderne tecnologie per presentare la nuova Golf 6 che, perfezionata sotto tutti gli aspetti rispetto alle precedenti, rappresenta l&#8217;evoluzione<img loading=\"lazy\" decoding=\"async\" style=\"WIDTH: 257px; HEIGHT: 188px\" height=\"188\" alt=\"Volkswagen Golf 6\" hspace=\"10\" src=\"http:\/\/www.motorionline.com\/motori\/wp-content\/uploads\/2008\/08\/golf-6-1.jpg\" width=\"257\" align=\"right\" vspace=\"10\" border=\"0\" \/> nella continuit\u00e0 di un&#8217;icona.<br \/>Pannelli 3m x 1.5m posizionati vicino alle vetture, descriveranno tutte le caratteristiche nei minimi dettagli di questa nuova Golf 6; mentre sui 3 schermi led wall da 2m x 2m saranno proiettati sia il nuovo filmato pubblicitario sia una serie di filmati d\u2019approfondimento e foto dell\u2019ultima nata in casa Volkswagen.<\/p>\n<p style=\"LINE-HEIGHT: 15.6pt\">La Nuova Golf \u00e8 appena nata ma di strada ne ha gi\u00e0 fatta molta: con l\u2019equipaggiamento di serie di un pacchetto sicurezza completo \u00e8 sinonimo di sicurezza al top; in linea con la normativa Euro 5, \u00e8 il perfetto connubio tra piacere di guida e rispetto per l&#8217;ambiente.<\/p>\n<p style=\"LINE-HEIGHT: 15.6pt\">Con oltre 40 anni di esperienza nel settore della vendita di automobili, Car comauto garantisce tutta l&#8217;assistenza necessaria nell&#8217;acquisto di auto nuove, km 0, pronta consegna e usato garantito.<\/p>\n<p style=\"LINE-HEIGHT: 15.6pt\">Partecipare alle giornate Porte Aperte Carcomauto significa toccare con mano il valore e il comfort di una vera fuoriclasse.<\/p>\n<p style=\"LINE-HEIGHT: 15.6pt\">Sul sito www.carcomauto.it&nbsp;sono disponibili maggiori informazioni.<br \/>Il sito Carcomauto \u00e8 iPhone ready e presto sar\u00e0 implementato con una versione ad hoc.<\/p>\n<p style=\"LINE-HEIGHT: 15.6pt\"><em>Ufficio Stampa Art\u00e9mida<\/em><\/p>\n<p style=\"LINE-HEIGHT: 15.6pt\"><em>Per CARcomauto: Emanuela Lodolo &#8211; <\/em><em>e.lodolo@artemida.it<\/em><em> <\/em><\/p>\n<p style=\"LINE-HEIGHT: 15.6pt\"><em>Art\u00e9mida<\/em><em><br \/><em>Via Serbelloni, 9 \u2013 20122 Milano \u2013 Tel: 02. 36558911 \u2013 Fax: 02. 36558731 \u2013 <\/em><\/em><em>www.artemida.it<\/em><br \/>&nbsp;<\/p>\n","protected":false},"excerpt":{"rendered":"<p><i>Presentazione ufficiale della nuova Golf 6 presso lo Show Room della concessionaria CARcomauto in Viale Certosa, 9 Milano.<i><br \/>\nPartecipa anche tu alla giornata Porte Aperte Carcomauto, <i>Sabato 8 e Domenica 9 Novembre dalle 9.00 alle 12.30 e dalle 15.00 alle 19.00<i>; potrai conoscere la professionalit\u00e0 che da sempre contraddistingue il primo concessionario Volkswagen aperto in Italia nel 1959. www.carcomauto.it<\/p>\n","protected":false},"author":10,"featured_media":0,"comment_status":"open","ping_status":"open","sticky":false,"template":"","format":"standard","meta":{"cybocfi_hide_featured_image":"","footnotes":""},"categories":[352],"tags":[3013,3012,3010,3011,3015,3014,3009],"class_list":["post-857","post","type-post","status-publish","format-standard","hentry","category-auto","tag-car-comauto","tag-carcomauto","tag-concessionaria-milano","tag-concessionarie","tag-golf-6","tag-nuova-golf","tag-volkswagen"],"yoast_head":"<!-- This site is optimized with the Yoast SEO plugin v27.0 - https:\/\/yoast.com\/product\/yoast-seo-wordpress\/ -->\n<title>8 e 9 Novembre: Porte aperte CARcomauto per l\u2019anteprima della nuova Volkswagen Golf 6 - Article Marketing<\/title>\n<meta name=\"robots\" content=\"index, follow, max-snippet:-1, max-image-preview:large, max-video-preview:-1\" \/>\n<link rel=\"canonical\" href=\"https:\/\/www.article-marketing.eu\/comunicati\/motori\/auto\/8-e-9-novembre-porte-aperte-carcomauto-per-lanteprima-della-nuova-volkswagen-golf-6\/\" \/>\n<meta property=\"og:locale\" content=\"it_IT\" \/>\n<meta property=\"og:type\" content=\"article\" \/>\n<meta property=\"og:title\" content=\"8 e 9 Novembre: Porte aperte CARcomauto per l\u2019anteprima della nuova Volkswagen Golf 6 - Article Marketing\" \/>\n<meta property=\"og:description\" content=\"Presentazione ufficiale della nuova Golf 6 presso lo Show Room della concessionaria CARcomauto in Viale Certosa, 9 Milano. Partecipa anche tu alla giornata Porte Aperte Carcomauto, Sabato 8 e Domenica 9 Novembre dalle 9.00 alle 12.30 e dalle 15.00 alle 19.00; potrai conoscere la professionalit\u00e0 che da sempre contraddistingue il primo concessionario Volkswagen aperto in Italia nel 1959. www.carcomauto.it\" \/>\n<meta property=\"og:url\" content=\"https:\/\/www.article-marketing.eu\/comunicati\/motori\/auto\/8-e-9-novembre-porte-aperte-carcomauto-per-lanteprima-della-nuova-volkswagen-golf-6\/\" \/>\n<meta property=\"og:site_name\" content=\"Article Marketing\" \/>\n<meta property=\"article:published_time\" content=\"2008-11-06T15:24:30+00:00\" \/>\n<meta property=\"article:modified_time\" content=\"2018-06-04T18:10:07+00:00\" \/>\n<meta property=\"og:image\" content=\"http:\/\/www.motorionline.com\/motori\/wp-content\/uploads\/2008\/08\/golf-6-1.jpg\" \/>\n<meta name=\"author\" content=\"Redazione Comunicati Stampa\" \/>\n<meta name=\"twitter:card\" content=\"summary_large_image\" \/>\n<meta name=\"twitter:label1\" content=\"Scritto da\" \/>\n\t<meta name=\"twitter:data1\" content=\"Redazione Comunicati Stampa\" \/>\n\t<meta name=\"twitter:label2\" content=\"Tempo di lettura stimato\" \/>\n\t<meta name=\"twitter:data2\" content=\"1 minuto\" \/>\n<script type=\"application\/ld+json\" class=\"yoast-schema-graph\">{\"@context\":\"https:\/\/schema.org\",\"@graph\":[{\"@type\":\"Article\",\"@id\":\"https:\/\/www.article-marketing.eu\/comunicati\/motori\/auto\/8-e-9-novembre-porte-aperte-carcomauto-per-lanteprima-della-nuova-volkswagen-golf-6\/#article\",\"isPartOf\":{\"@id\":\"https:\/\/www.article-marketing.eu\/comunicati\/motori\/auto\/8-e-9-novembre-porte-aperte-carcomauto-per-lanteprima-della-nuova-volkswagen-golf-6\/\"},\"author\":{\"name\":\"Redazione Comunicati Stampa\",\"@id\":\"https:\/\/www.article-marketing.eu\/comunicati\/#\/schema\/person\/44372e4d4d0fa797b18e03ed1ace9017\"},\"headline\":\"8 e 9 Novembre: Porte aperte CARcomauto per l\u2019anteprima della nuova Volkswagen Golf 6\",\"datePublished\":\"2008-11-06T15:24:30+00:00\",\"dateModified\":\"2018-06-04T18:10:07+00:00\",\"mainEntityOfPage\":{\"@id\":\"https:\/\/www.article-marketing.eu\/comunicati\/motori\/auto\/8-e-9-novembre-porte-aperte-carcomauto-per-lanteprima-della-nuova-volkswagen-golf-6\/\"},\"wordCount\":300,\"commentCount\":0,\"image\":{\"@id\":\"https:\/\/www.article-marketing.eu\/comunicati\/motori\/auto\/8-e-9-novembre-porte-aperte-carcomauto-per-lanteprima-della-nuova-volkswagen-golf-6\/#primaryimage\"},\"thumbnailUrl\":\"http:\/\/www.motorionline.com\/motori\/wp-content\/uploads\/2008\/08\/golf-6-1.jpg\",\"keywords\":[\"CAR comauto\",\"carcomauto\",\"concessionaria milano\",\"concessionarie\",\"Golf 6\",\"nuova Golf\",\"volkswagen\"],\"articleSection\":[\"Auto\"],\"inLanguage\":\"it-IT\",\"potentialAction\":[{\"@type\":\"CommentAction\",\"name\":\"Comment\",\"target\":[\"https:\/\/www.article-marketing.eu\/comunicati\/motori\/auto\/8-e-9-novembre-porte-aperte-carcomauto-per-lanteprima-della-nuova-volkswagen-golf-6\/#respond\"]}]},{\"@type\":\"WebPage\",\"@id\":\"https:\/\/www.article-marketing.eu\/comunicati\/motori\/auto\/8-e-9-novembre-porte-aperte-carcomauto-per-lanteprima-della-nuova-volkswagen-golf-6\/\",\"url\":\"https:\/\/www.article-marketing.eu\/comunicati\/motori\/auto\/8-e-9-novembre-porte-aperte-carcomauto-per-lanteprima-della-nuova-volkswagen-golf-6\/\",\"name\":\"8 e 9 Novembre: Porte aperte CARcomauto per l\u2019anteprima della nuova Volkswagen Golf 6 - Article Marketing\",\"isPartOf\":{\"@id\":\"https:\/\/www.article-marketing.eu\/comunicati\/#website\"},\"primaryImageOfPage\":{\"@id\":\"https:\/\/www.article-marketing.eu\/comunicati\/motori\/auto\/8-e-9-novembre-porte-aperte-carcomauto-per-lanteprima-della-nuova-volkswagen-golf-6\/#primaryimage\"},\"image\":{\"@id\":\"https:\/\/www.article-marketing.eu\/comunicati\/motori\/auto\/8-e-9-novembre-porte-aperte-carcomauto-per-lanteprima-della-nuova-volkswagen-golf-6\/#primaryimage\"},\"thumbnailUrl\":\"http:\/\/www.motorionline.com\/motori\/wp-content\/uploads\/2008\/08\/golf-6-1.jpg\",\"datePublished\":\"2008-11-06T15:24:30+00:00\",\"dateModified\":\"2018-06-04T18:10:07+00:00\",\"author\":{\"@id\":\"https:\/\/www.article-marketing.eu\/comunicati\/#\/schema\/person\/44372e4d4d0fa797b18e03ed1ace9017\"},\"breadcrumb\":{\"@id\":\"https:\/\/www.article-marketing.eu\/comunicati\/motori\/auto\/8-e-9-novembre-porte-aperte-carcomauto-per-lanteprima-della-nuova-volkswagen-golf-6\/#breadcrumb\"},\"inLanguage\":\"it-IT\",\"potentialAction\":[{\"@type\":\"ReadAction\",\"target\":[\"https:\/\/www.article-marketing.eu\/comunicati\/motori\/auto\/8-e-9-novembre-porte-aperte-carcomauto-per-lanteprima-della-nuova-volkswagen-golf-6\/\"]}]},{\"@type\":\"ImageObject\",\"inLanguage\":\"it-IT\",\"@id\":\"https:\/\/www.article-marketing.eu\/comunicati\/motori\/auto\/8-e-9-novembre-porte-aperte-carcomauto-per-lanteprima-della-nuova-volkswagen-golf-6\/#primaryimage\",\"url\":\"http:\/\/www.motorionline.com\/motori\/wp-content\/uploads\/2008\/08\/golf-6-1.jpg\",\"contentUrl\":\"http:\/\/www.motorionline.com\/motori\/wp-content\/uploads\/2008\/08\/golf-6-1.jpg\"},{\"@type\":\"BreadcrumbList\",\"@id\":\"https:\/\/www.article-marketing.eu\/comunicati\/motori\/auto\/8-e-9-novembre-porte-aperte-carcomauto-per-lanteprima-della-nuova-volkswagen-golf-6\/#breadcrumb\",\"itemListElement\":[{\"@type\":\"ListItem\",\"position\":1,\"name\":\"Home\",\"item\":\"https:\/\/www.article-marketing.eu\/comunicati\/\"},{\"@type\":\"ListItem\",\"position\":2,\"name\":\"8 e 9 Novembre: Porte aperte CARcomauto per l\u2019anteprima della nuova Volkswagen Golf 6\"}]},{\"@type\":\"WebSite\",\"@id\":\"https:\/\/www.article-marketing.eu\/comunicati\/#website\",\"url\":\"https:\/\/www.article-marketing.eu\/comunicati\/\",\"name\":\"Article Marketing\",\"description\":\"article marketing &amp; press release\",\"potentialAction\":[{\"@type\":\"SearchAction\",\"target\":{\"@type\":\"EntryPoint\",\"urlTemplate\":\"https:\/\/www.article-marketing.eu\/comunicati\/?s={search_term_string}\"},\"query-input\":{\"@type\":\"PropertyValueSpecification\",\"valueRequired\":true,\"valueName\":\"search_term_string\"}}],\"inLanguage\":\"it-IT\"},{\"@type\":\"Person\",\"@id\":\"https:\/\/www.article-marketing.eu\/comunicati\/#\/schema\/person\/44372e4d4d0fa797b18e03ed1ace9017\",\"name\":\"Redazione Comunicati Stampa\",\"image\":{\"@type\":\"ImageObject\",\"inLanguage\":\"it-IT\",\"@id\":\"https:\/\/www.article-marketing.eu\/comunicati\/#\/schema\/person\/image\/\",\"url\":\"https:\/\/secure.gravatar.com\/avatar\/50e5c6421d3072f42e7ace803501602c60d75233d34e29fd05feb91c8760b792?s=96&d=mm&r=g\",\"contentUrl\":\"https:\/\/secure.gravatar.com\/avatar\/50e5c6421d3072f42e7ace803501602c60d75233d34e29fd05feb91c8760b792?s=96&d=mm&r=g\",\"caption\":\"Redazione Comunicati Stampa\"},\"url\":\"https:\/\/www.article-marketing.eu\/comunicati\/author\/redazione-comunicati-stampa\/\"}]}<\/script>\n<!-- \/ Yoast SEO plugin. -->","yoast_head_json":{"title":"8 e 9 Novembre: Porte aperte CARcomauto per l\u2019anteprima della nuova Volkswagen Golf 6 - Article Marketing","robots":{"index":"index","follow":"follow","max-snippet":"max-snippet:-1","max-image-preview":"max-image-preview:large","max-video-preview":"max-video-preview:-1"},"canonical":"https:\/\/www.article-marketing.eu\/comunicati\/motori\/auto\/8-e-9-novembre-porte-aperte-carcomauto-per-lanteprima-della-nuova-volkswagen-golf-6\/","og_locale":"it_IT","og_type":"article","og_title":"8 e 9 Novembre: Porte aperte CARcomauto per l\u2019anteprima della nuova Volkswagen Golf 6 - Article Marketing","og_description":"Presentazione ufficiale della nuova Golf 6 presso lo Show Room della concessionaria CARcomauto in Viale Certosa, 9 Milano. Partecipa anche tu alla giornata Porte Aperte Carcomauto, Sabato 8 e Domenica 9 Novembre dalle 9.00 alle 12.30 e dalle 15.00 alle 19.00; potrai conoscere la professionalit\u00e0 che da sempre contraddistingue il primo concessionario Volkswagen aperto in Italia nel 1959. www.carcomauto.it","og_url":"https:\/\/www.article-marketing.eu\/comunicati\/motori\/auto\/8-e-9-novembre-porte-aperte-carcomauto-per-lanteprima-della-nuova-volkswagen-golf-6\/","og_site_name":"Article Marketing","article_published_time":"2008-11-06T15:24:30+00:00","article_modified_time":"2018-06-04T18:10:07+00:00","og_image":[{"url":"http:\/\/www.motorionline.com\/motori\/wp-content\/uploads\/2008\/08\/golf-6-1.jpg","type":"","width":"","height":""}],"author":"Redazione Comunicati Stampa","twitter_card":"summary_large_image","twitter_misc":{"Scritto da":"Redazione Comunicati Stampa","Tempo di lettura stimato":"1 minuto"},"schema":{"@context":"https:\/\/schema.org","@graph":[{"@type":"Article","@id":"https:\/\/www.article-marketing.eu\/comunicati\/motori\/auto\/8-e-9-novembre-porte-aperte-carcomauto-per-lanteprima-della-nuova-volkswagen-golf-6\/#article","isPartOf":{"@id":"https:\/\/www.article-marketing.eu\/comunicati\/motori\/auto\/8-e-9-novembre-porte-aperte-carcomauto-per-lanteprima-della-nuova-volkswagen-golf-6\/"},"author":{"name":"Redazione Comunicati Stampa","@id":"https:\/\/www.article-marketing.eu\/comunicati\/#\/schema\/person\/44372e4d4d0fa797b18e03ed1ace9017"},"headline":"8 e 9 Novembre: Porte aperte CARcomauto per l\u2019anteprima della nuova Volkswagen Golf 6","datePublished":"2008-11-06T15:24:30+00:00","dateModified":"2018-06-04T18:10:07+00:00","mainEntityOfPage":{"@id":"https:\/\/www.article-marketing.eu\/comunicati\/motori\/auto\/8-e-9-novembre-porte-aperte-carcomauto-per-lanteprima-della-nuova-volkswagen-golf-6\/"},"wordCount":300,"commentCount":0,"image":{"@id":"https:\/\/www.article-marketing.eu\/comunicati\/motori\/auto\/8-e-9-novembre-porte-aperte-carcomauto-per-lanteprima-della-nuova-volkswagen-golf-6\/#primaryimage"},"thumbnailUrl":"http:\/\/www.motorionline.com\/motori\/wp-content\/uploads\/2008\/08\/golf-6-1.jpg","keywords":["CAR comauto","carcomauto","concessionaria milano","concessionarie","Golf 6","nuova Golf","volkswagen"],"articleSection":["Auto"],"inLanguage":"it-IT","potentialAction":[{"@type":"CommentAction","name":"Comment","target":["https:\/\/www.article-marketing.eu\/comunicati\/motori\/auto\/8-e-9-novembre-porte-aperte-carcomauto-per-lanteprima-della-nuova-volkswagen-golf-6\/#respond"]}]},{"@type":"WebPage","@id":"https:\/\/www.article-marketing.eu\/comunicati\/motori\/auto\/8-e-9-novembre-porte-aperte-carcomauto-per-lanteprima-della-nuova-volkswagen-golf-6\/","url":"https:\/\/www.article-marketing.eu\/comunicati\/motori\/auto\/8-e-9-novembre-porte-aperte-carcomauto-per-lanteprima-della-nuova-volkswagen-golf-6\/","name":"8 e 9 Novembre: Porte aperte CARcomauto per l\u2019anteprima della nuova Volkswagen Golf 6 - Article Marketing","isPartOf":{"@id":"https:\/\/www.article-marketing.eu\/comunicati\/#website"},"primaryImageOfPage":{"@id":"https:\/\/www.article-marketing.eu\/comunicati\/motori\/auto\/8-e-9-novembre-porte-aperte-carcomauto-per-lanteprima-della-nuova-volkswagen-golf-6\/#primaryimage"},"image":{"@id":"https:\/\/www.article-marketing.eu\/comunicati\/motori\/auto\/8-e-9-novembre-porte-aperte-carcomauto-per-lanteprima-della-nuova-volkswagen-golf-6\/#primaryimage"},"thumbnailUrl":"http:\/\/www.motorionline.com\/motori\/wp-content\/uploads\/2008\/08\/golf-6-1.jpg","datePublished":"2008-11-06T15:24:30+00:00","dateModified":"2018-06-04T18:10:07+00:00","author":{"@id":"https:\/\/www.article-marketing.eu\/comunicati\/#\/schema\/person\/44372e4d4d0fa797b18e03ed1ace9017"},"breadcrumb":{"@id":"https:\/\/www.article-marketing.eu\/comunicati\/motori\/auto\/8-e-9-novembre-porte-aperte-carcomauto-per-lanteprima-della-nuova-volkswagen-golf-6\/#breadcrumb"},"inLanguage":"it-IT","potentialAction":[{"@type":"ReadAction","target":["https:\/\/www.article-marketing.eu\/comunicati\/motori\/auto\/8-e-9-novembre-porte-aperte-carcomauto-per-lanteprima-della-nuova-volkswagen-golf-6\/"]}]},{"@type":"ImageObject","inLanguage":"it-IT","@id":"https:\/\/www.article-marketing.eu\/comunicati\/motori\/auto\/8-e-9-novembre-porte-aperte-carcomauto-per-lanteprima-della-nuova-volkswagen-golf-6\/#primaryimage","url":"http:\/\/www.motorionline.com\/motori\/wp-content\/uploads\/2008\/08\/golf-6-1.jpg","contentUrl":"http:\/\/www.motorionline.com\/motori\/wp-content\/uploads\/2008\/08\/golf-6-1.jpg"},{"@type":"BreadcrumbList","@id":"https:\/\/www.article-marketing.eu\/comunicati\/motori\/auto\/8-e-9-novembre-porte-aperte-carcomauto-per-lanteprima-della-nuova-volkswagen-golf-6\/#breadcrumb","itemListElement":[{"@type":"ListItem","position":1,"name":"Home","item":"https:\/\/www.article-marketing.eu\/comunicati\/"},{"@type":"ListItem","position":2,"name":"8 e 9 Novembre: Porte aperte CARcomauto per l\u2019anteprima della nuova Volkswagen Golf 6"}]},{"@type":"WebSite","@id":"https:\/\/www.article-marketing.eu\/comunicati\/#website","url":"https:\/\/www.article-marketing.eu\/comunicati\/","name":"Article Marketing","description":"article marketing &amp; press release","potentialAction":[{"@type":"SearchAction","target":{"@type":"EntryPoint","urlTemplate":"https:\/\/www.article-marketing.eu\/comunicati\/?s={search_term_string}"},"query-input":{"@type":"PropertyValueSpecification","valueRequired":true,"valueName":"search_term_string"}}],"inLanguage":"it-IT"},{"@type":"Person","@id":"https:\/\/www.article-marketing.eu\/comunicati\/#\/schema\/person\/44372e4d4d0fa797b18e03ed1ace9017","name":"Redazione Comunicati Stampa","image":{"@type":"ImageObject","inLanguage":"it-IT","@id":"https:\/\/www.article-marketing.eu\/comunicati\/#\/schema\/person\/image\/","url":"https:\/\/secure.gravatar.com\/avatar\/50e5c6421d3072f42e7ace803501602c60d75233d34e29fd05feb91c8760b792?s=96&d=mm&r=g","contentUrl":"https:\/\/secure.gravatar.com\/avatar\/50e5c6421d3072f42e7ace803501602c60d75233d34e29fd05feb91c8760b792?s=96&d=mm&r=g","caption":"Redazione Comunicati Stampa"},"url":"https:\/\/www.article-marketing.eu\/comunicati\/author\/redazione-comunicati-stampa\/"}]}},"_links":{"self":[{"href":"https:\/\/www.article-marketing.eu\/comunicati\/wp-json\/wp\/v2\/posts\/857","targetHints":{"allow":["GET"]}}],"collection":[{"href":"https:\/\/www.article-marketing.eu\/comunicati\/wp-json\/wp\/v2\/posts"}],"about":[{"href":"https:\/\/www.article-marketing.eu\/comunicati\/wp-json\/wp\/v2\/types\/post"}],"author":[{"embeddable":true,"href":"https:\/\/www.article-marketing.eu\/comunicati\/wp-json\/wp\/v2\/users\/10"}],"replies":[{"embeddable":true,"href":"https:\/\/www.article-marketing.eu\/comunicati\/wp-json\/wp\/v2\/comments?post=857"}],"version-history":[{"count":2,"href":"https:\/\/www.article-marketing.eu\/comunicati\/wp-json\/wp\/v2\/posts\/857\/revisions"}],"predecessor-version":[{"id":55196,"href":"https:\/\/www.article-marketing.eu\/comunicati\/wp-json\/wp\/v2\/posts\/857\/revisions\/55196"}],"wp:attachment":[{"href":"https:\/\/www.article-marketing.eu\/comunicati\/wp-json\/wp\/v2\/media?parent=857"}],"wp:term":[{"taxonomy":"category","embeddable":true,"href":"https:\/\/www.article-marketing.eu\/comunicati\/wp-json\/wp\/v2\/categories?post=857"},{"taxonomy":"post_tag","embeddable":true,"href":"https:\/\/www.article-marketing.eu\/comunicati\/wp-json\/wp\/v2\/tags?post=857"}],"curies":[{"name":"wp","href":"https:\/\/api.w.org\/{rel}","templated":true}]}}