{"id":858,"date":"2008-11-07T12:18:01","date_gmt":"2008-11-07T11:18:01","guid":{"rendered":"http:\/\/www.article-marketing.eu\/comunicati\/senza-categoria\/mostra-100-presepi-a-roma-natale-2008\/"},"modified":"2008-11-07T12:18:01","modified_gmt":"2008-11-07T11:18:01","slug":"mostra-100-presepi-a-roma-natale-2008","status":"publish","type":"post","link":"https:\/\/www.article-marketing.eu\/comunicati\/comunicati-stampa\/eventi\/mostra-100-presepi-a-roma-natale-2008\/","title":{"rendered":"Mostra 100 presepi a Roma Natale 2008"},"content":{"rendered":"<p>Ci sono stati dei periodi, tuttavia, durante i quali l\u2019usanza di costruire il presepe \u00e8 stata un po\u2019 trascurata e offuscata da altre tradizioni che non appartenevano propriamente alla cultura e alle usanze italiane. Durante gli anni Sessanta e Settanta, per esempio, l\u2019usanza, importata dai paesi nordici, di addobbare l\u2019albero di Natale riusc\u00ec quasi a soppiantare il presepe, e non \u00e8 un caso che proprio in quegli anni, in particolare nel 1976, a Roma si sia deciso di organizzare la prima edizione di una mostra che si svolge ancora oggi nella capitale nel periodo natalizio e che si poneva allora l\u2019obiettivo di non far dimenticare, e anzi di promuovere, l\u2019usanza del presepe.<\/p>\n<p>La mostra \u201c100 Presepi\u201d (il nome deriva dal numero di presepi esibiti durante la prima edizione della mostra), che si svolge ogni anno nelle Sale del Bramante presso la Basilica di Santa Maria del Popolo, si snoda su tre stanze, per un totale di 350 mq, e ospita in realt\u00e0 circa 200 scene della nativit\u00e0 provenienti da varie regioni italiane, ma anche dall\u2019estero che attirano turisti in campeggio a Roma di tutto il mondo. La mostra viene annoverata tra le pi\u00f9 importanti d\u2019Italia nel genere proprio perch\u00e8 non ha limiti geografici, a differenza di molte altre mostre che si focalizzano quasi sempre sulle produzioni di una limitata zona geografica, ma la sua attrattiva \u00e8 data anche dal fatto che i presepi esposti variano dai modelli realizzati secondo la pi\u00f9 classica tradizione a modelli pi\u00f9 innovativi, ricchi di elementi fantastici o caratterizzati da ambientazioni originali e realizzati con materiali atipici. Ogni anno infatti vengono presentati nuovi e diversi presepi, realizzati da artigiani e artisti, rappresentanti di associazioni culturali e enti nazionali ed esteri, ma anche da semplici appassionati e bambini e ragazzi delle scuole elementari e medie, che si sbizzarriscono a realizzare presepi di varie dimensioni (si va da quelli in miniatura riprodotti nel guscio di una nocciola a quelli a grandezza naturale), utilizzando i materiali pi\u00f9 diversi: ceramica, porcellana, cartapesta, legno, ma anche materiali di recupero e generi alimentari, come cioccolato, pane e mais. <\/p>\n<p>Anche le ambientazioni sono diverse: per chi preferisce andare sul classico, c\u2019\u00e8 poi chi invece preferisce usare come cornice per le statuine ambientazioni pi\u00f9 originali, come televisori o damigiane. Spazio verr\u00e0 anche dato ai presepi d\u2019epoca, con statuine e scene provenienti da collezioni private e musei, per dar modo a tutti di conoscere non solo gli ultimi sviluppi dell\u2019arte di costruire presepi, ma anche le realizzazioni pi\u00f9 antiche o amatoriali presso i vari residenti in monolocali a Roma.<\/p>\n<p>L\u2019importanza dell\u2019evento \u00e8 dimostrata anche dal forte interesse che riscuote in ambito internazionale (la mostra attrae ogni anno 65.000 visitatori, di cui molti sono stranieri), ed \u00e8 sottolineata dalla cerimonia d\u2019apertura che inaugura l\u2019evento e che vede sempre la partecipazione di autorit\u00e0 religiose, ma anche laiche e diplomatiche, che si riuniscono per testimoniare l\u2019attualit\u00e0 di un evento che si pone come obiettivo quello di far conoscere l\u2019usanza del presepe anche all\u2019estero e di riaffermarne il suo ruolo non solo come oggetto decorativo, ma soprattutto come simbolo di importanti valori quali la famiglia, la pace e la fratellanza. <\/p>\n<p>L\u2019arte gioca nella capitale romana un ruolo predominante, e la mostra di presepi pu\u00f2 essere considerata come una piccola parte di questo patrimonio artistico. Vieni a scoprire le meraviglie della citt\u00e0, ma prenota la tua <a href=\"http:\/\/it.flashbooking.com\/navigation\/europe_italia_roma_pensione_all.html\">guesthouse di Roma<\/a> in anticipo: durante il periodo natalizio la citt\u00e0 attira sempre moltissimi turisti.<\/p>\n<p>Date: 27 Novembre 2008 \u2013 6 Gennaio 2009.<br \/>\nDove: Sale del Bramante, Basilica di Santa Maria del Popolo, Roma, Italia<\/p>\n","protected":false},"excerpt":{"rendered":"<p>Il presepe \u00e8 un\u2019antichissima tradizione italiana, che ha origine nel XIII secolo e che ha subito mutazioni e sviluppi rimanendo per\u00f2 un punto fermo del Natale in Italia.<\/p>\n","protected":false},"author":10,"featured_media":0,"comment_status":"open","ping_status":"open","sticky":false,"template":"","format":"standard","meta":{"cybocfi_hide_featured_image":"","footnotes":""},"categories":[388],"tags":[472,3016,251,2915],"class_list":["post-858","post","type-post","status-publish","format-standard","hentry","category-eventi","tag-natale","tag-presepe","tag-roma","tag-tradizione"],"yoast_head":"<!-- This site is optimized with the Yoast SEO plugin v27.0 - https:\/\/yoast.com\/product\/yoast-seo-wordpress\/ -->\n<title>Mostra 100 presepi a Roma Natale 2008 - Article Marketing<\/title>\n<meta name=\"robots\" content=\"index, follow, max-snippet:-1, max-image-preview:large, max-video-preview:-1\" \/>\n<link rel=\"canonical\" href=\"https:\/\/www.article-marketing.eu\/comunicati\/comunicati-stampa\/eventi\/mostra-100-presepi-a-roma-natale-2008\/\" \/>\n<meta property=\"og:locale\" content=\"it_IT\" \/>\n<meta property=\"og:type\" content=\"article\" \/>\n<meta property=\"og:title\" content=\"Mostra 100 presepi a Roma Natale 2008 - Article Marketing\" \/>\n<meta property=\"og:description\" content=\"Il presepe \u00e8 un\u2019antichissima tradizione italiana, che ha origine nel XIII secolo e che ha subito mutazioni e sviluppi rimanendo per\u00f2 un punto fermo del Natale in Italia.\" \/>\n<meta property=\"og:url\" content=\"https:\/\/www.article-marketing.eu\/comunicati\/comunicati-stampa\/eventi\/mostra-100-presepi-a-roma-natale-2008\/\" \/>\n<meta property=\"og:site_name\" content=\"Article Marketing\" \/>\n<meta property=\"article:published_time\" content=\"2008-11-07T11:18:01+00:00\" \/>\n<meta name=\"author\" content=\"Redazione Comunicati Stampa\" \/>\n<meta name=\"twitter:card\" content=\"summary_large_image\" \/>\n<meta name=\"twitter:label1\" content=\"Scritto da\" \/>\n\t<meta name=\"twitter:data1\" content=\"Redazione Comunicati Stampa\" \/>\n\t<meta name=\"twitter:label2\" content=\"Tempo di lettura stimato\" \/>\n\t<meta name=\"twitter:data2\" content=\"3 minuti\" \/>\n<script type=\"application\/ld+json\" class=\"yoast-schema-graph\">{\"@context\":\"https:\/\/schema.org\",\"@graph\":[{\"@type\":\"Article\",\"@id\":\"https:\/\/www.article-marketing.eu\/comunicati\/comunicati-stampa\/eventi\/mostra-100-presepi-a-roma-natale-2008\/#article\",\"isPartOf\":{\"@id\":\"https:\/\/www.article-marketing.eu\/comunicati\/comunicati-stampa\/eventi\/mostra-100-presepi-a-roma-natale-2008\/\"},\"author\":{\"name\":\"Redazione Comunicati Stampa\",\"@id\":\"https:\/\/www.article-marketing.eu\/comunicati\/#\/schema\/person\/44372e4d4d0fa797b18e03ed1ace9017\"},\"headline\":\"Mostra 100 presepi a Roma Natale 2008\",\"datePublished\":\"2008-11-07T11:18:01+00:00\",\"mainEntityOfPage\":{\"@id\":\"https:\/\/www.article-marketing.eu\/comunicati\/comunicati-stampa\/eventi\/mostra-100-presepi-a-roma-natale-2008\/\"},\"wordCount\":598,\"commentCount\":0,\"keywords\":[\"natale\",\"presepe\",\"roma\",\"tradizione\"],\"articleSection\":[\"Eventi\"],\"inLanguage\":\"it-IT\",\"potentialAction\":[{\"@type\":\"CommentAction\",\"name\":\"Comment\",\"target\":[\"https:\/\/www.article-marketing.eu\/comunicati\/comunicati-stampa\/eventi\/mostra-100-presepi-a-roma-natale-2008\/#respond\"]}]},{\"@type\":\"WebPage\",\"@id\":\"https:\/\/www.article-marketing.eu\/comunicati\/comunicati-stampa\/eventi\/mostra-100-presepi-a-roma-natale-2008\/\",\"url\":\"https:\/\/www.article-marketing.eu\/comunicati\/comunicati-stampa\/eventi\/mostra-100-presepi-a-roma-natale-2008\/\",\"name\":\"Mostra 100 presepi a Roma Natale 2008 - Article Marketing\",\"isPartOf\":{\"@id\":\"https:\/\/www.article-marketing.eu\/comunicati\/#website\"},\"datePublished\":\"2008-11-07T11:18:01+00:00\",\"author\":{\"@id\":\"https:\/\/www.article-marketing.eu\/comunicati\/#\/schema\/person\/44372e4d4d0fa797b18e03ed1ace9017\"},\"breadcrumb\":{\"@id\":\"https:\/\/www.article-marketing.eu\/comunicati\/comunicati-stampa\/eventi\/mostra-100-presepi-a-roma-natale-2008\/#breadcrumb\"},\"inLanguage\":\"it-IT\",\"potentialAction\":[{\"@type\":\"ReadAction\",\"target\":[\"https:\/\/www.article-marketing.eu\/comunicati\/comunicati-stampa\/eventi\/mostra-100-presepi-a-roma-natale-2008\/\"]}]},{\"@type\":\"BreadcrumbList\",\"@id\":\"https:\/\/www.article-marketing.eu\/comunicati\/comunicati-stampa\/eventi\/mostra-100-presepi-a-roma-natale-2008\/#breadcrumb\",\"itemListElement\":[{\"@type\":\"ListItem\",\"position\":1,\"name\":\"Home\",\"item\":\"https:\/\/www.article-marketing.eu\/comunicati\/\"},{\"@type\":\"ListItem\",\"position\":2,\"name\":\"Mostra 100 presepi a Roma Natale 2008\"}]},{\"@type\":\"WebSite\",\"@id\":\"https:\/\/www.article-marketing.eu\/comunicati\/#website\",\"url\":\"https:\/\/www.article-marketing.eu\/comunicati\/\",\"name\":\"Article Marketing\",\"description\":\"article marketing &amp; press release\",\"potentialAction\":[{\"@type\":\"SearchAction\",\"target\":{\"@type\":\"EntryPoint\",\"urlTemplate\":\"https:\/\/www.article-marketing.eu\/comunicati\/?s={search_term_string}\"},\"query-input\":{\"@type\":\"PropertyValueSpecification\",\"valueRequired\":true,\"valueName\":\"search_term_string\"}}],\"inLanguage\":\"it-IT\"},{\"@type\":\"Person\",\"@id\":\"https:\/\/www.article-marketing.eu\/comunicati\/#\/schema\/person\/44372e4d4d0fa797b18e03ed1ace9017\",\"name\":\"Redazione Comunicati Stampa\",\"image\":{\"@type\":\"ImageObject\",\"inLanguage\":\"it-IT\",\"@id\":\"https:\/\/www.article-marketing.eu\/comunicati\/#\/schema\/person\/image\/\",\"url\":\"https:\/\/secure.gravatar.com\/avatar\/50e5c6421d3072f42e7ace803501602c60d75233d34e29fd05feb91c8760b792?s=96&d=mm&r=g\",\"contentUrl\":\"https:\/\/secure.gravatar.com\/avatar\/50e5c6421d3072f42e7ace803501602c60d75233d34e29fd05feb91c8760b792?s=96&d=mm&r=g\",\"caption\":\"Redazione Comunicati Stampa\"},\"url\":\"https:\/\/www.article-marketing.eu\/comunicati\/author\/redazione-comunicati-stampa\/\"}]}<\/script>\n<!-- \/ Yoast SEO plugin. -->","yoast_head_json":{"title":"Mostra 100 presepi a Roma Natale 2008 - Article Marketing","robots":{"index":"index","follow":"follow","max-snippet":"max-snippet:-1","max-image-preview":"max-image-preview:large","max-video-preview":"max-video-preview:-1"},"canonical":"https:\/\/www.article-marketing.eu\/comunicati\/comunicati-stampa\/eventi\/mostra-100-presepi-a-roma-natale-2008\/","og_locale":"it_IT","og_type":"article","og_title":"Mostra 100 presepi a Roma Natale 2008 - Article Marketing","og_description":"Il presepe \u00e8 un\u2019antichissima tradizione italiana, che ha origine nel XIII secolo e che ha subito mutazioni e sviluppi rimanendo per\u00f2 un punto fermo del Natale in Italia.","og_url":"https:\/\/www.article-marketing.eu\/comunicati\/comunicati-stampa\/eventi\/mostra-100-presepi-a-roma-natale-2008\/","og_site_name":"Article Marketing","article_published_time":"2008-11-07T11:18:01+00:00","author":"Redazione Comunicati Stampa","twitter_card":"summary_large_image","twitter_misc":{"Scritto da":"Redazione Comunicati Stampa","Tempo di lettura stimato":"3 minuti"},"schema":{"@context":"https:\/\/schema.org","@graph":[{"@type":"Article","@id":"https:\/\/www.article-marketing.eu\/comunicati\/comunicati-stampa\/eventi\/mostra-100-presepi-a-roma-natale-2008\/#article","isPartOf":{"@id":"https:\/\/www.article-marketing.eu\/comunicati\/comunicati-stampa\/eventi\/mostra-100-presepi-a-roma-natale-2008\/"},"author":{"name":"Redazione Comunicati Stampa","@id":"https:\/\/www.article-marketing.eu\/comunicati\/#\/schema\/person\/44372e4d4d0fa797b18e03ed1ace9017"},"headline":"Mostra 100 presepi a Roma Natale 2008","datePublished":"2008-11-07T11:18:01+00:00","mainEntityOfPage":{"@id":"https:\/\/www.article-marketing.eu\/comunicati\/comunicati-stampa\/eventi\/mostra-100-presepi-a-roma-natale-2008\/"},"wordCount":598,"commentCount":0,"keywords":["natale","presepe","roma","tradizione"],"articleSection":["Eventi"],"inLanguage":"it-IT","potentialAction":[{"@type":"CommentAction","name":"Comment","target":["https:\/\/www.article-marketing.eu\/comunicati\/comunicati-stampa\/eventi\/mostra-100-presepi-a-roma-natale-2008\/#respond"]}]},{"@type":"WebPage","@id":"https:\/\/www.article-marketing.eu\/comunicati\/comunicati-stampa\/eventi\/mostra-100-presepi-a-roma-natale-2008\/","url":"https:\/\/www.article-marketing.eu\/comunicati\/comunicati-stampa\/eventi\/mostra-100-presepi-a-roma-natale-2008\/","name":"Mostra 100 presepi a Roma Natale 2008 - Article Marketing","isPartOf":{"@id":"https:\/\/www.article-marketing.eu\/comunicati\/#website"},"datePublished":"2008-11-07T11:18:01+00:00","author":{"@id":"https:\/\/www.article-marketing.eu\/comunicati\/#\/schema\/person\/44372e4d4d0fa797b18e03ed1ace9017"},"breadcrumb":{"@id":"https:\/\/www.article-marketing.eu\/comunicati\/comunicati-stampa\/eventi\/mostra-100-presepi-a-roma-natale-2008\/#breadcrumb"},"inLanguage":"it-IT","potentialAction":[{"@type":"ReadAction","target":["https:\/\/www.article-marketing.eu\/comunicati\/comunicati-stampa\/eventi\/mostra-100-presepi-a-roma-natale-2008\/"]}]},{"@type":"BreadcrumbList","@id":"https:\/\/www.article-marketing.eu\/comunicati\/comunicati-stampa\/eventi\/mostra-100-presepi-a-roma-natale-2008\/#breadcrumb","itemListElement":[{"@type":"ListItem","position":1,"name":"Home","item":"https:\/\/www.article-marketing.eu\/comunicati\/"},{"@type":"ListItem","position":2,"name":"Mostra 100 presepi a Roma Natale 2008"}]},{"@type":"WebSite","@id":"https:\/\/www.article-marketing.eu\/comunicati\/#website","url":"https:\/\/www.article-marketing.eu\/comunicati\/","name":"Article Marketing","description":"article marketing &amp; press release","potentialAction":[{"@type":"SearchAction","target":{"@type":"EntryPoint","urlTemplate":"https:\/\/www.article-marketing.eu\/comunicati\/?s={search_term_string}"},"query-input":{"@type":"PropertyValueSpecification","valueRequired":true,"valueName":"search_term_string"}}],"inLanguage":"it-IT"},{"@type":"Person","@id":"https:\/\/www.article-marketing.eu\/comunicati\/#\/schema\/person\/44372e4d4d0fa797b18e03ed1ace9017","name":"Redazione Comunicati Stampa","image":{"@type":"ImageObject","inLanguage":"it-IT","@id":"https:\/\/www.article-marketing.eu\/comunicati\/#\/schema\/person\/image\/","url":"https:\/\/secure.gravatar.com\/avatar\/50e5c6421d3072f42e7ace803501602c60d75233d34e29fd05feb91c8760b792?s=96&d=mm&r=g","contentUrl":"https:\/\/secure.gravatar.com\/avatar\/50e5c6421d3072f42e7ace803501602c60d75233d34e29fd05feb91c8760b792?s=96&d=mm&r=g","caption":"Redazione Comunicati Stampa"},"url":"https:\/\/www.article-marketing.eu\/comunicati\/author\/redazione-comunicati-stampa\/"}]}},"_links":{"self":[{"href":"https:\/\/www.article-marketing.eu\/comunicati\/wp-json\/wp\/v2\/posts\/858","targetHints":{"allow":["GET"]}}],"collection":[{"href":"https:\/\/www.article-marketing.eu\/comunicati\/wp-json\/wp\/v2\/posts"}],"about":[{"href":"https:\/\/www.article-marketing.eu\/comunicati\/wp-json\/wp\/v2\/types\/post"}],"author":[{"embeddable":true,"href":"https:\/\/www.article-marketing.eu\/comunicati\/wp-json\/wp\/v2\/users\/10"}],"replies":[{"embeddable":true,"href":"https:\/\/www.article-marketing.eu\/comunicati\/wp-json\/wp\/v2\/comments?post=858"}],"version-history":[{"count":0,"href":"https:\/\/www.article-marketing.eu\/comunicati\/wp-json\/wp\/v2\/posts\/858\/revisions"}],"wp:attachment":[{"href":"https:\/\/www.article-marketing.eu\/comunicati\/wp-json\/wp\/v2\/media?parent=858"}],"wp:term":[{"taxonomy":"category","embeddable":true,"href":"https:\/\/www.article-marketing.eu\/comunicati\/wp-json\/wp\/v2\/categories?post=858"},{"taxonomy":"post_tag","embeddable":true,"href":"https:\/\/www.article-marketing.eu\/comunicati\/wp-json\/wp\/v2\/tags?post=858"}],"curies":[{"name":"wp","href":"https:\/\/api.w.org\/{rel}","templated":true}]}}