{"id":869,"date":"2008-11-10T15:06:40","date_gmt":"2008-11-10T14:06:40","guid":{"rendered":"http:\/\/www.article-marketing.eu\/comunicati\/senza-categoria\/come-nascono-le-malattie-linizio-di-una-patologia\/"},"modified":"2008-11-10T15:06:40","modified_gmt":"2008-11-10T14:06:40","slug":"come-nascono-le-malattie-linizio-di-una-patologia","status":"publish","type":"post","link":"https:\/\/www.article-marketing.eu\/comunicati\/salute-e-benessere\/medicina\/come-nascono-le-malattie-linizio-di-una-patologia\/","title":{"rendered":"Come nascono le malattie, l&#8217;inizio di una patologia"},"content":{"rendered":"<p>Perch\u00e9 una malattia al fegato e non alla milza? Perch\u00e9 un tumore al seno sinistro e non al destro? Perch\u00e9 oggi e non un anno fa? Perch\u00e9 io che non ho mai fumato, vivo in campagna all\u2019aria pura, ho entrambi i polmoni con un enfisema diffuso? Perch\u00e9 un infarto proprio ora che ho appena terminato controlli accurati e mi avevano detto che il mio cuore era in perfetto stato?<\/p>\n<p>Belle domande, non vi pare? Alcune pubblicazioni di ricercatori specializzati e la nostra diretta esperienza maturata negli ultimi anni, dimostrano in modo inequivocabile che, con eccezione di incidenti con danni di tipo traumatico, avvelenamenti e contaminazioni di vario tipo, nella massima parte dei casi l\u2019origine della singola patologia \u00e8 ascrivibile a due componenti integrate fra loro:<\/p>\n<p>    * lo stato del \u201cterreno\u201d biologico dell\u2019organo interessato dalla patologia<br \/>\n    * la somatizzazione di un trauma di origine psichica nell\u2019area cerebrale che gestisce la specifica area periferica del corpo che rappresenta simbolicamente il tipo di emozione vissuto.<\/p>\n<p>Inizio della malattia<\/p>\n<p>La soglia di attivazione della patologia (malattia) sar\u00e0 pertanto proporzionale allo stato dell\u2019organo od organi interessati: tanto migliore la loro condizione generale, per una vita vissuta in serenit\u00e0, buona alimentazione ed adeguato movimento fisico, tanto pi\u00f9 importante e pesante dovr\u00e0 essere l\u2019emozione vissuta e rimossa nel profondo, perch\u00e9 il processo patologico si attivi.<\/p>\n<p>Individuare l&#8217;emozione che dal trauma causa la malattia<\/p>\n<p>Appare dunque evidente la necessit\u00e0 di individuare celermente gli eventi la cui emozione \u00e8 rimasta chiusa in noi, (quindi non esternata con pianti, grida, reazioni fisiche o altro), con conseguente attivazione di gruppi di neuroni cerebrali (sia Sistema Nervoso Centrale che Cervello Addominale), che dal momento del trauma, emettono con continuit\u00e0 neurotrasmettitori e neuropeptidi che attivano i rispettivi recettori sulle membrane cellulari dei vari organi, con conseguenze correlate alla loro specificit\u00e0.<\/p>\n<p>In particolare, neurotrasmettitori e neuropeptidi inibitori o depressori, ridurranno l\u2019efficienza del sistema immunitario nell\u2019area del corpo colpita, area che rappresenta simbolicamente l\u2019evento che abbiamo vissuto.<\/p>\n<p>Facciamo degli esempi elaborati da casi reali:<br \/>\nCaso n\u00b01: Parkinson<\/p>\n<p>Mentre svolgo un lavoro delicato in una condizione di scarsa solidit\u00e0 della mia posizione lavorativa all\u2019interno della piccola azienda della quale sono dipendente, mi sfugge di mano un oggetto che se cade provoca un grave danno e rischio di essere licenziato, proprio ora che \u00e8 nato da poco il mio primo figlio! Mi getto con rapidit\u00e0 sull\u2019oggetto perch\u00e9 non arrivi a terra e lo afferro con tutte le mie forze, \u00e8 molto pesante, appena in tempo! Dopo un anno inizia un tremore nelle mie mani che cresce progressivamente negli anni. E\u2019 iniziata una delle possibili varianti della patologia comunemente chiamata \u201cParkinson\u201d. L\u2019emozione \u00e8 rimasta in me perch\u00e9 mi vergognavo di raccontare il fatto a mia moglie o agli amici e l\u2019ho somatizzata nell\u2019area cerebrale che rappresenta lo spavento, la paura (quando si ha paura ci tremano le mani, le gambe). Quella del Parkinson, appunto.<\/p>\n<p>Caso n\u00b0 2 Alzheimer<\/p>\n<p>Un dirigente di una grossa Istituzione con alta responsabilit\u00e0 e competenza di tipo letterario, riceve un brutto giorno una lettera in cui gli si annuncia che dal mese successivo sar\u00e0 trasferito ad altro ufficio con una mansione che in lui suona, a dir poco, offensiva. Come far\u00e0 a spiegare alla moglie questo fatto? Cosa dir\u00e0 agli amici e colleghi? Tutto dimostra che lui \u00e8 un incapace! L\u2019emozione vissuta resta ben chiusa in lui, perch\u00e9 si vergogna di esternarla, quindi innesca un processo di svalutazione che colpisce l\u2019organo che gestisce la sua capacit\u00e0 di pensare (\u00e8 un letterato): l\u2019area corticale temporale e diventa un \u201cAlzheimer\u201d.<\/p>\n<p>Caso n\u00b0 3 Sclerosi laterale amiotrofica o Malattia del motoneurone (SLA)<\/p>\n<p>Una signora cammina per la strada e vede all\u2019improvviso il marito che sta baciando l\u2019amante nel marciapiede di fronte. Grande, violenta emozione! La signora \u00e8 povera e non pu\u00f2 lasciarlo: non ha modo per mantenersi, dunque decide di non dire nulla ne a lui, ne ad altri perch\u00e9, ovviamente, si vergogna. Meno di un anno dopo iniziano i sintomi della SLA (sclerosi laterale amiotrofica) difficolt\u00e0 di deglutizione e deambulazione. La signora ha colpito il tronco encefalico (simbolo: non posso parlare, non posso mandar gi\u00f9 il boccone) ed il corticale motorio (simbolo: non posso fuggire da questa situazione).<\/p>\n<p>Caso n\u00b0 4 Tumore ai polmoni<\/p>\n<p>Un signore anziano vede morire intorno a lui le persone pi\u00f9 care e teme sempre di pi\u00f9 che la sua ora si stia avvicinando. Da sempre ha avuto grande paura della morte. Un giorno muore colpito da infarto uno sconosciuto vicino a lui, mentre sta entrando in un Ministero. Grande trambusto, soccorsi, ma nulla da fare, il signore che gli \u00e8 caduto davanti \u00e8 morto! La sua emozione \u00e8 violentissima, ma non parla, non piange, non urla! Tutta quella gente radunata, che figura farebbe? Anche lui, come gli altri si vergogna ed anche lui scopre dopo un certo tempo, un bel tumore in un polmone (simbolo: paura della morte &#8211; non poter pi\u00f9 respirare).<\/p>\n<p>Se in tutti questi casi, entro breve tempo dal fatto che ha creato l\u2019emozione, quest\u2019ultima fosse stata esternata, i neuroni correlati si sarebbero spenti e non si sarebbero innescati i processi biochimici che hanno generato le rispettive malattie. Gli introversi e taciturni sono avvisati! <\/p>\n<p><a href=\"http:\/\/www.biophysics-research.com\/Ricerca\/Come_Nascono_le_malattie.aspx\">come nascono le malattie<\/a><\/p>\n","protected":false},"excerpt":{"rendered":"<p>Perch\u00e9 una malattia al fegato e non alla milza? Perch\u00e9 un tumore al seno sinistro e non al destro? Perch\u00e9 oggi e non un anno fa? Perch\u00e9 io che non ho mai fumato, vivo in campagna all\u2019aria pura, ho entrambi i polmoni con un enfisema diffuso? Perch\u00e9 un infarto proprio ora che ho appena terminato controlli accurati e mi avevano detto che il mio cuore era in perfetto stato?<\/p>\n","protected":false},"author":10,"featured_media":0,"comment_status":"open","ping_status":"open","sticky":false,"template":"","format":"standard","meta":{"cybocfi_hide_featured_image":"","footnotes":""},"categories":[70],"tags":[3048,3049,161,3046,3047],"class_list":["post-869","post","type-post","status-publish","format-standard","hentry","category-medicina","tag-causa","tag-emozione","tag-malattie","tag-patologie","tag-trauma"],"yoast_head":"<!-- This site is optimized with the Yoast SEO plugin v27.0 - https:\/\/yoast.com\/product\/yoast-seo-wordpress\/ -->\n<title>Come nascono le malattie, l&#039;inizio di una patologia - Article Marketing<\/title>\n<meta name=\"robots\" content=\"index, follow, max-snippet:-1, max-image-preview:large, max-video-preview:-1\" \/>\n<link rel=\"canonical\" href=\"https:\/\/www.article-marketing.eu\/comunicati\/salute-e-benessere\/medicina\/come-nascono-le-malattie-linizio-di-una-patologia\/\" \/>\n<meta property=\"og:locale\" content=\"it_IT\" \/>\n<meta property=\"og:type\" content=\"article\" \/>\n<meta property=\"og:title\" content=\"Come nascono le malattie, l&#039;inizio di una patologia - Article Marketing\" \/>\n<meta property=\"og:description\" content=\"Perch\u00e9 una malattia al fegato e non alla milza? Perch\u00e9 un tumore al seno sinistro e non al destro? Perch\u00e9 oggi e non un anno fa? Perch\u00e9 io che non ho mai fumato, vivo in campagna all\u2019aria pura, ho entrambi i polmoni con un enfisema diffuso? Perch\u00e9 un infarto proprio ora che ho appena terminato controlli accurati e mi avevano detto che il mio cuore era in perfetto stato?\" \/>\n<meta property=\"og:url\" content=\"https:\/\/www.article-marketing.eu\/comunicati\/salute-e-benessere\/medicina\/come-nascono-le-malattie-linizio-di-una-patologia\/\" \/>\n<meta property=\"og:site_name\" content=\"Article Marketing\" \/>\n<meta property=\"article:published_time\" content=\"2008-11-10T14:06:40+00:00\" \/>\n<meta name=\"author\" content=\"Redazione Comunicati Stampa\" \/>\n<meta name=\"twitter:card\" content=\"summary_large_image\" \/>\n<meta name=\"twitter:label1\" content=\"Scritto da\" \/>\n\t<meta name=\"twitter:data1\" content=\"Redazione Comunicati Stampa\" \/>\n\t<meta name=\"twitter:label2\" content=\"Tempo di lettura stimato\" \/>\n\t<meta name=\"twitter:data2\" content=\"4 minuti\" \/>\n<script type=\"application\/ld+json\" class=\"yoast-schema-graph\">{\"@context\":\"https:\/\/schema.org\",\"@graph\":[{\"@type\":\"Article\",\"@id\":\"https:\/\/www.article-marketing.eu\/comunicati\/salute-e-benessere\/medicina\/come-nascono-le-malattie-linizio-di-una-patologia\/#article\",\"isPartOf\":{\"@id\":\"https:\/\/www.article-marketing.eu\/comunicati\/salute-e-benessere\/medicina\/come-nascono-le-malattie-linizio-di-una-patologia\/\"},\"author\":{\"name\":\"Redazione Comunicati Stampa\",\"@id\":\"https:\/\/www.article-marketing.eu\/comunicati\/#\/schema\/person\/44372e4d4d0fa797b18e03ed1ace9017\"},\"headline\":\"Come nascono le malattie, l&#8217;inizio di una patologia\",\"datePublished\":\"2008-11-10T14:06:40+00:00\",\"mainEntityOfPage\":{\"@id\":\"https:\/\/www.article-marketing.eu\/comunicati\/salute-e-benessere\/medicina\/come-nascono-le-malattie-linizio-di-una-patologia\/\"},\"wordCount\":873,\"commentCount\":0,\"keywords\":[\"causa\",\"emozione\",\"malattie\",\"patologie\",\"trauma\"],\"articleSection\":[\"Medicina\"],\"inLanguage\":\"it-IT\",\"potentialAction\":[{\"@type\":\"CommentAction\",\"name\":\"Comment\",\"target\":[\"https:\/\/www.article-marketing.eu\/comunicati\/salute-e-benessere\/medicina\/come-nascono-le-malattie-linizio-di-una-patologia\/#respond\"]}]},{\"@type\":\"WebPage\",\"@id\":\"https:\/\/www.article-marketing.eu\/comunicati\/salute-e-benessere\/medicina\/come-nascono-le-malattie-linizio-di-una-patologia\/\",\"url\":\"https:\/\/www.article-marketing.eu\/comunicati\/salute-e-benessere\/medicina\/come-nascono-le-malattie-linizio-di-una-patologia\/\",\"name\":\"Come nascono le malattie, l'inizio di una patologia - Article Marketing\",\"isPartOf\":{\"@id\":\"https:\/\/www.article-marketing.eu\/comunicati\/#website\"},\"datePublished\":\"2008-11-10T14:06:40+00:00\",\"author\":{\"@id\":\"https:\/\/www.article-marketing.eu\/comunicati\/#\/schema\/person\/44372e4d4d0fa797b18e03ed1ace9017\"},\"breadcrumb\":{\"@id\":\"https:\/\/www.article-marketing.eu\/comunicati\/salute-e-benessere\/medicina\/come-nascono-le-malattie-linizio-di-una-patologia\/#breadcrumb\"},\"inLanguage\":\"it-IT\",\"potentialAction\":[{\"@type\":\"ReadAction\",\"target\":[\"https:\/\/www.article-marketing.eu\/comunicati\/salute-e-benessere\/medicina\/come-nascono-le-malattie-linizio-di-una-patologia\/\"]}]},{\"@type\":\"BreadcrumbList\",\"@id\":\"https:\/\/www.article-marketing.eu\/comunicati\/salute-e-benessere\/medicina\/come-nascono-le-malattie-linizio-di-una-patologia\/#breadcrumb\",\"itemListElement\":[{\"@type\":\"ListItem\",\"position\":1,\"name\":\"Home\",\"item\":\"https:\/\/www.article-marketing.eu\/comunicati\/\"},{\"@type\":\"ListItem\",\"position\":2,\"name\":\"Come nascono le malattie, l&#8217;inizio di una patologia\"}]},{\"@type\":\"WebSite\",\"@id\":\"https:\/\/www.article-marketing.eu\/comunicati\/#website\",\"url\":\"https:\/\/www.article-marketing.eu\/comunicati\/\",\"name\":\"Article Marketing\",\"description\":\"article marketing &amp; press release\",\"potentialAction\":[{\"@type\":\"SearchAction\",\"target\":{\"@type\":\"EntryPoint\",\"urlTemplate\":\"https:\/\/www.article-marketing.eu\/comunicati\/?s={search_term_string}\"},\"query-input\":{\"@type\":\"PropertyValueSpecification\",\"valueRequired\":true,\"valueName\":\"search_term_string\"}}],\"inLanguage\":\"it-IT\"},{\"@type\":\"Person\",\"@id\":\"https:\/\/www.article-marketing.eu\/comunicati\/#\/schema\/person\/44372e4d4d0fa797b18e03ed1ace9017\",\"name\":\"Redazione Comunicati Stampa\",\"image\":{\"@type\":\"ImageObject\",\"inLanguage\":\"it-IT\",\"@id\":\"https:\/\/www.article-marketing.eu\/comunicati\/#\/schema\/person\/image\/\",\"url\":\"https:\/\/secure.gravatar.com\/avatar\/50e5c6421d3072f42e7ace803501602c60d75233d34e29fd05feb91c8760b792?s=96&d=mm&r=g\",\"contentUrl\":\"https:\/\/secure.gravatar.com\/avatar\/50e5c6421d3072f42e7ace803501602c60d75233d34e29fd05feb91c8760b792?s=96&d=mm&r=g\",\"caption\":\"Redazione Comunicati Stampa\"},\"url\":\"https:\/\/www.article-marketing.eu\/comunicati\/author\/redazione-comunicati-stampa\/\"}]}<\/script>\n<!-- \/ Yoast SEO plugin. -->","yoast_head_json":{"title":"Come nascono le malattie, l'inizio di una patologia - Article Marketing","robots":{"index":"index","follow":"follow","max-snippet":"max-snippet:-1","max-image-preview":"max-image-preview:large","max-video-preview":"max-video-preview:-1"},"canonical":"https:\/\/www.article-marketing.eu\/comunicati\/salute-e-benessere\/medicina\/come-nascono-le-malattie-linizio-di-una-patologia\/","og_locale":"it_IT","og_type":"article","og_title":"Come nascono le malattie, l'inizio di una patologia - Article Marketing","og_description":"Perch\u00e9 una malattia al fegato e non alla milza? Perch\u00e9 un tumore al seno sinistro e non al destro? Perch\u00e9 oggi e non un anno fa? Perch\u00e9 io che non ho mai fumato, vivo in campagna all\u2019aria pura, ho entrambi i polmoni con un enfisema diffuso? Perch\u00e9 un infarto proprio ora che ho appena terminato controlli accurati e mi avevano detto che il mio cuore era in perfetto stato?","og_url":"https:\/\/www.article-marketing.eu\/comunicati\/salute-e-benessere\/medicina\/come-nascono-le-malattie-linizio-di-una-patologia\/","og_site_name":"Article Marketing","article_published_time":"2008-11-10T14:06:40+00:00","author":"Redazione Comunicati Stampa","twitter_card":"summary_large_image","twitter_misc":{"Scritto da":"Redazione Comunicati Stampa","Tempo di lettura stimato":"4 minuti"},"schema":{"@context":"https:\/\/schema.org","@graph":[{"@type":"Article","@id":"https:\/\/www.article-marketing.eu\/comunicati\/salute-e-benessere\/medicina\/come-nascono-le-malattie-linizio-di-una-patologia\/#article","isPartOf":{"@id":"https:\/\/www.article-marketing.eu\/comunicati\/salute-e-benessere\/medicina\/come-nascono-le-malattie-linizio-di-una-patologia\/"},"author":{"name":"Redazione Comunicati Stampa","@id":"https:\/\/www.article-marketing.eu\/comunicati\/#\/schema\/person\/44372e4d4d0fa797b18e03ed1ace9017"},"headline":"Come nascono le malattie, l&#8217;inizio di una patologia","datePublished":"2008-11-10T14:06:40+00:00","mainEntityOfPage":{"@id":"https:\/\/www.article-marketing.eu\/comunicati\/salute-e-benessere\/medicina\/come-nascono-le-malattie-linizio-di-una-patologia\/"},"wordCount":873,"commentCount":0,"keywords":["causa","emozione","malattie","patologie","trauma"],"articleSection":["Medicina"],"inLanguage":"it-IT","potentialAction":[{"@type":"CommentAction","name":"Comment","target":["https:\/\/www.article-marketing.eu\/comunicati\/salute-e-benessere\/medicina\/come-nascono-le-malattie-linizio-di-una-patologia\/#respond"]}]},{"@type":"WebPage","@id":"https:\/\/www.article-marketing.eu\/comunicati\/salute-e-benessere\/medicina\/come-nascono-le-malattie-linizio-di-una-patologia\/","url":"https:\/\/www.article-marketing.eu\/comunicati\/salute-e-benessere\/medicina\/come-nascono-le-malattie-linizio-di-una-patologia\/","name":"Come nascono le malattie, l'inizio di una patologia - Article Marketing","isPartOf":{"@id":"https:\/\/www.article-marketing.eu\/comunicati\/#website"},"datePublished":"2008-11-10T14:06:40+00:00","author":{"@id":"https:\/\/www.article-marketing.eu\/comunicati\/#\/schema\/person\/44372e4d4d0fa797b18e03ed1ace9017"},"breadcrumb":{"@id":"https:\/\/www.article-marketing.eu\/comunicati\/salute-e-benessere\/medicina\/come-nascono-le-malattie-linizio-di-una-patologia\/#breadcrumb"},"inLanguage":"it-IT","potentialAction":[{"@type":"ReadAction","target":["https:\/\/www.article-marketing.eu\/comunicati\/salute-e-benessere\/medicina\/come-nascono-le-malattie-linizio-di-una-patologia\/"]}]},{"@type":"BreadcrumbList","@id":"https:\/\/www.article-marketing.eu\/comunicati\/salute-e-benessere\/medicina\/come-nascono-le-malattie-linizio-di-una-patologia\/#breadcrumb","itemListElement":[{"@type":"ListItem","position":1,"name":"Home","item":"https:\/\/www.article-marketing.eu\/comunicati\/"},{"@type":"ListItem","position":2,"name":"Come nascono le malattie, l&#8217;inizio di una patologia"}]},{"@type":"WebSite","@id":"https:\/\/www.article-marketing.eu\/comunicati\/#website","url":"https:\/\/www.article-marketing.eu\/comunicati\/","name":"Article Marketing","description":"article marketing &amp; press release","potentialAction":[{"@type":"SearchAction","target":{"@type":"EntryPoint","urlTemplate":"https:\/\/www.article-marketing.eu\/comunicati\/?s={search_term_string}"},"query-input":{"@type":"PropertyValueSpecification","valueRequired":true,"valueName":"search_term_string"}}],"inLanguage":"it-IT"},{"@type":"Person","@id":"https:\/\/www.article-marketing.eu\/comunicati\/#\/schema\/person\/44372e4d4d0fa797b18e03ed1ace9017","name":"Redazione Comunicati Stampa","image":{"@type":"ImageObject","inLanguage":"it-IT","@id":"https:\/\/www.article-marketing.eu\/comunicati\/#\/schema\/person\/image\/","url":"https:\/\/secure.gravatar.com\/avatar\/50e5c6421d3072f42e7ace803501602c60d75233d34e29fd05feb91c8760b792?s=96&d=mm&r=g","contentUrl":"https:\/\/secure.gravatar.com\/avatar\/50e5c6421d3072f42e7ace803501602c60d75233d34e29fd05feb91c8760b792?s=96&d=mm&r=g","caption":"Redazione Comunicati Stampa"},"url":"https:\/\/www.article-marketing.eu\/comunicati\/author\/redazione-comunicati-stampa\/"}]}},"_links":{"self":[{"href":"https:\/\/www.article-marketing.eu\/comunicati\/wp-json\/wp\/v2\/posts\/869","targetHints":{"allow":["GET"]}}],"collection":[{"href":"https:\/\/www.article-marketing.eu\/comunicati\/wp-json\/wp\/v2\/posts"}],"about":[{"href":"https:\/\/www.article-marketing.eu\/comunicati\/wp-json\/wp\/v2\/types\/post"}],"author":[{"embeddable":true,"href":"https:\/\/www.article-marketing.eu\/comunicati\/wp-json\/wp\/v2\/users\/10"}],"replies":[{"embeddable":true,"href":"https:\/\/www.article-marketing.eu\/comunicati\/wp-json\/wp\/v2\/comments?post=869"}],"version-history":[{"count":0,"href":"https:\/\/www.article-marketing.eu\/comunicati\/wp-json\/wp\/v2\/posts\/869\/revisions"}],"wp:attachment":[{"href":"https:\/\/www.article-marketing.eu\/comunicati\/wp-json\/wp\/v2\/media?parent=869"}],"wp:term":[{"taxonomy":"category","embeddable":true,"href":"https:\/\/www.article-marketing.eu\/comunicati\/wp-json\/wp\/v2\/categories?post=869"},{"taxonomy":"post_tag","embeddable":true,"href":"https:\/\/www.article-marketing.eu\/comunicati\/wp-json\/wp\/v2\/tags?post=869"}],"curies":[{"name":"wp","href":"https:\/\/api.w.org\/{rel}","templated":true}]}}