{"id":8881,"date":"2010-10-26T17:04:11","date_gmt":"2010-10-26T15:04:11","guid":{"rendered":"http:\/\/www.article-marketing.eu\/comunicati\/senza-categoria\/la-realt%c3%a0-aumentata-nella-provincia-di-ferrara\/"},"modified":"2018-07-10T03:54:22","modified_gmt":"2018-07-10T01:54:22","slug":"la-realt%c3%a0-aumentata-nella-provincia-di-ferrara","status":"publish","type":"post","link":"https:\/\/www.article-marketing.eu\/comunicati\/viaggi-e-vacanze\/viaggi-e-turismo\/la-realt%c3%a0-aumentata-nella-provincia-di-ferrara\/","title":{"rendered":"La Realt\u00e0 Aumentata nella provincia di Ferrara"},"content":{"rendered":"<p>Nella provincia di Ferrara il futuro &egrave; a portata di mano! La Campagna pubblicitaria &ldquo;Provincia di Ferrara &#8211; Emozioni Tipiche Garantite&rdquo; sviluppata nel 2010 dalla Provincia di Ferrara e dalla Camera di Commercio di Ferrara per promuovere a livello nazionale il turismo nel territorio, aggiunge ai propri strumenti una grande innovazione: la Realt&agrave; Aumentata, ovvero la sovrapposizione in tempo reale di livelli informativi (elementi virtuali e multimediali, dati geolocalizzati etc) alla realt&agrave; ripresa della fotocamera del proprio cellulare, grazie all&#8217;intervento del sistema GPS e del magnetometro (bussola) di quest&#8217;ultimo e ad una applicazione dedicata. Nell&#8217;ambito del Festival di Internazionale e nel contesto dell&#8217;incontro &ldquo;<em>Realt&agrave; aumentata e Promozione turistica: nuovi scenari tecnologici nella provincia di Ferrara<\/em>&rdquo; promosso in collaborazione con il Comune di Ferrara e con G-Maps, &egrave; stata presentata la nuova applicazione per telefoni cellulari a tecnologia &ldquo;aumentata&rdquo; dedicata appunto a questo progetto di comunicazione che dopo le sue declinazioni per la stampa e per il web, si dota di un nuovo strumento all&#8217;avanguardia, gratuitamente a disposizione di tutti i turisti. In collaborazione con l&#8217;Universit&agrave; di Ferrara e con numerosi partners istituzionali e privati, &egrave; stato infatti creato un livello (layer) per il browser gratuito per la visualizzazione di informazioni in modalit&agrave; &ldquo;aumentata&rdquo; LAYAR, un marchio proveniente dall&#8217;Olanda che milioni di persone gi&agrave; oggi utilizzano per la propria navigazione nella Realt&agrave; e che si pu&ograve; scaricare facilmente dal sito di ETG o tramite i Qr Code presenti in tutte le uscite della campagna pubblicitaria, sia per iPhone che per Android. Un&#8217;innovazione importante che permetter&agrave; a tutti gli utenti di accedere gratuitamente alla lista della Vetrina delle Emozioni Tipiche Garantite, ovvero all&#8217;elenco di soggetti convenzionati nelle cui strutture i turisti potranno trovare sconti e agevolazioni contenuti nella Carta delle Emozioni, che si pu&ograve; ritirare gratuitamente presso gli Uffici Informazioni Turistiche del territorio e che ha un valore di 30 euro. Il funzionamento, per quanto stupefacente, &egrave; semplicissimo: &egrave; sufficiente essere dotati di uno smartphone di ultima generazione (come iPhone 3Gs\/4 o Android), scaricare Layar e, una volta giunti in prossimit&agrave; del territorio della provincia di Ferrara vi apparir&agrave; tra i vari livelli dell&#8217;applicazione anche quello dedicato a ETG. A questo punto si attiver&agrave; la fotocamera del telefono e l&#8217;utente, puntando l&#8217;obiettivo di fronte a s&eacute;, vedr&agrave; apparire direttamente sul display i punti d&rsquo;interesse (in questo caso le strutture aderenti ad ETG) esattamente nella direzione che occupano geograficamente e potranno ricevere in sovrimpressione tutte le informazioni relative alle attivit&agrave; commerciali esistenti in quella posizione fino a poter interagire con le stesse: toccando le icone che si scorrono sulla visione della realt&agrave;, si potr&agrave; quindi accedere al menu &ldquo;Azioni&rdquo; attraverso il quale sar&agrave; possibile interagire con l&rsquo;attivit&agrave; selezionata (inviare e-mail, telefonare, visitare il sito). Per ogni punto &egrave; possibile inoltre optare per l&rsquo;azione &ldquo;Mostra percorso&rdquo;, che visualizzer&agrave; la posizione del punto d&rsquo;interesse tramite Google Maps e guider&agrave; l&rsquo;utente fino all&rsquo;indirizzo selezionato. Oltre alla &ldquo;Realt&agrave;&rdquo;, le altre due modalit&agrave; dell&rsquo;applicazione Layar sono &ldquo;Lista&rdquo; e &ldquo;Mappa&rdquo;. La prima mostra sotto forma di elenco tutti gli esercizi e le attivit&agrave; commerciali aderenti ad ETG ed &egrave; molto comoda qualora si stia cercando un&#8217;attivit&agrave; in particolare. La seconda li mostra sovrapposti alla mappa del territorio, bidimensionalmente: &egrave; Google Maps che fornisce le informazioni gli elementi topografici e considerata la diffusione di questo motore di ricerca, diventa senza dubbio un&#8217;ulteriore occasione di visibilit&agrave; per ETG. Sono in lavorazione altri livelli dedicati a diversi contesti, ma sempre riferiti al mondo del turismo nella provincia di Ferrara e saranno pubblicati entro l&#8217;anno.<br \/>\nPer saperne di pi&ugrave; visita il sito www.ferrarainfo.com\/etg <\/p>\n<p>Assessorato al Turismo &#8211; Provincia di Ferrara<\/p>\n","protected":false},"excerpt":{"rendered":"<p>La nuova frontiera della Realt\u00e0 Aumentata \u00e8 sbarcata a Ferrara. Attraverso la sovrapposizione di livelli informativi al flusso video della videocamera del proprio smartphone, ogni utente potr\u00e0 accedere con pochi semplici gesti alla Vetrina delle Emozioni Tipiche Garantite, in cui poter trovare sconti e agevolazioni<\/p>\n","protected":false},"author":10,"featured_media":0,"comment_status":"open","ping_status":"open","sticky":false,"template":"","format":"standard","meta":{"cybocfi_hide_featured_image":"","footnotes":""},"categories":[2],"tags":[],"class_list":["post-8881","post","type-post","status-publish","format-standard","hentry","category-viaggi-e-turismo"],"yoast_head":"<!-- This site is optimized with the Yoast SEO plugin v27.0 - https:\/\/yoast.com\/product\/yoast-seo-wordpress\/ -->\n<title>La Realt\u00e0 Aumentata nella provincia di Ferrara - Article Marketing<\/title>\n<meta name=\"robots\" content=\"index, follow, max-snippet:-1, max-image-preview:large, max-video-preview:-1\" \/>\n<link rel=\"canonical\" href=\"https:\/\/www.article-marketing.eu\/comunicati\/viaggi-e-vacanze\/viaggi-e-turismo\/la-realt\u00e0-aumentata-nella-provincia-di-ferrara\/\" \/>\n<meta property=\"og:locale\" content=\"it_IT\" \/>\n<meta property=\"og:type\" content=\"article\" \/>\n<meta property=\"og:title\" content=\"La Realt\u00e0 Aumentata nella provincia di Ferrara - Article Marketing\" \/>\n<meta property=\"og:description\" content=\"La nuova frontiera della Realt\u00e0 Aumentata \u00e8 sbarcata a Ferrara. Attraverso la sovrapposizione di livelli informativi al flusso video della videocamera del proprio smartphone, ogni utente potr\u00e0 accedere con pochi semplici gesti alla Vetrina delle Emozioni Tipiche Garantite, in cui poter trovare sconti e agevolazioni\" \/>\n<meta property=\"og:url\" content=\"https:\/\/www.article-marketing.eu\/comunicati\/viaggi-e-vacanze\/viaggi-e-turismo\/la-realt\u00e0-aumentata-nella-provincia-di-ferrara\/\" \/>\n<meta property=\"og:site_name\" content=\"Article Marketing\" \/>\n<meta property=\"article:published_time\" content=\"2010-10-26T15:04:11+00:00\" \/>\n<meta property=\"article:modified_time\" content=\"2018-07-10T01:54:22+00:00\" \/>\n<meta name=\"author\" content=\"Redazione Comunicati Stampa\" \/>\n<meta name=\"twitter:card\" content=\"summary_large_image\" \/>\n<meta name=\"twitter:label1\" content=\"Scritto da\" \/>\n\t<meta name=\"twitter:data1\" content=\"Redazione Comunicati Stampa\" \/>\n\t<meta name=\"twitter:label2\" content=\"Tempo di lettura stimato\" \/>\n\t<meta name=\"twitter:data2\" content=\"3 minuti\" \/>\n<script type=\"application\/ld+json\" class=\"yoast-schema-graph\">{\"@context\":\"https:\/\/schema.org\",\"@graph\":[{\"@type\":\"Article\",\"@id\":\"https:\/\/www.article-marketing.eu\/comunicati\/viaggi-e-vacanze\/viaggi-e-turismo\/la-realt%c3%a0-aumentata-nella-provincia-di-ferrara\/#article\",\"isPartOf\":{\"@id\":\"https:\/\/www.article-marketing.eu\/comunicati\/viaggi-e-vacanze\/viaggi-e-turismo\/la-realt%c3%a0-aumentata-nella-provincia-di-ferrara\/\"},\"author\":{\"name\":\"Redazione Comunicati Stampa\",\"@id\":\"https:\/\/www.article-marketing.eu\/comunicati\/#\/schema\/person\/44372e4d4d0fa797b18e03ed1ace9017\"},\"headline\":\"La Realt\u00e0 Aumentata nella provincia di Ferrara\",\"datePublished\":\"2010-10-26T15:04:11+00:00\",\"dateModified\":\"2018-07-10T01:54:22+00:00\",\"mainEntityOfPage\":{\"@id\":\"https:\/\/www.article-marketing.eu\/comunicati\/viaggi-e-vacanze\/viaggi-e-turismo\/la-realt%c3%a0-aumentata-nella-provincia-di-ferrara\/\"},\"wordCount\":665,\"commentCount\":0,\"articleSection\":[\"Viaggi e Turismo\"],\"inLanguage\":\"it-IT\",\"potentialAction\":[{\"@type\":\"CommentAction\",\"name\":\"Comment\",\"target\":[\"https:\/\/www.article-marketing.eu\/comunicati\/viaggi-e-vacanze\/viaggi-e-turismo\/la-realt%c3%a0-aumentata-nella-provincia-di-ferrara\/#respond\"]}]},{\"@type\":\"WebPage\",\"@id\":\"https:\/\/www.article-marketing.eu\/comunicati\/viaggi-e-vacanze\/viaggi-e-turismo\/la-realt%c3%a0-aumentata-nella-provincia-di-ferrara\/\",\"url\":\"https:\/\/www.article-marketing.eu\/comunicati\/viaggi-e-vacanze\/viaggi-e-turismo\/la-realt%c3%a0-aumentata-nella-provincia-di-ferrara\/\",\"name\":\"La Realt\u00e0 Aumentata nella provincia di Ferrara - Article Marketing\",\"isPartOf\":{\"@id\":\"https:\/\/www.article-marketing.eu\/comunicati\/#website\"},\"datePublished\":\"2010-10-26T15:04:11+00:00\",\"dateModified\":\"2018-07-10T01:54:22+00:00\",\"author\":{\"@id\":\"https:\/\/www.article-marketing.eu\/comunicati\/#\/schema\/person\/44372e4d4d0fa797b18e03ed1ace9017\"},\"breadcrumb\":{\"@id\":\"https:\/\/www.article-marketing.eu\/comunicati\/viaggi-e-vacanze\/viaggi-e-turismo\/la-realt%c3%a0-aumentata-nella-provincia-di-ferrara\/#breadcrumb\"},\"inLanguage\":\"it-IT\",\"potentialAction\":[{\"@type\":\"ReadAction\",\"target\":[\"https:\/\/www.article-marketing.eu\/comunicati\/viaggi-e-vacanze\/viaggi-e-turismo\/la-realt%c3%a0-aumentata-nella-provincia-di-ferrara\/\"]}]},{\"@type\":\"BreadcrumbList\",\"@id\":\"https:\/\/www.article-marketing.eu\/comunicati\/viaggi-e-vacanze\/viaggi-e-turismo\/la-realt%c3%a0-aumentata-nella-provincia-di-ferrara\/#breadcrumb\",\"itemListElement\":[{\"@type\":\"ListItem\",\"position\":1,\"name\":\"Home\",\"item\":\"https:\/\/www.article-marketing.eu\/comunicati\/\"},{\"@type\":\"ListItem\",\"position\":2,\"name\":\"La Realt\u00e0 Aumentata nella provincia di Ferrara\"}]},{\"@type\":\"WebSite\",\"@id\":\"https:\/\/www.article-marketing.eu\/comunicati\/#website\",\"url\":\"https:\/\/www.article-marketing.eu\/comunicati\/\",\"name\":\"Article Marketing\",\"description\":\"article marketing &amp; press release\",\"potentialAction\":[{\"@type\":\"SearchAction\",\"target\":{\"@type\":\"EntryPoint\",\"urlTemplate\":\"https:\/\/www.article-marketing.eu\/comunicati\/?s={search_term_string}\"},\"query-input\":{\"@type\":\"PropertyValueSpecification\",\"valueRequired\":true,\"valueName\":\"search_term_string\"}}],\"inLanguage\":\"it-IT\"},{\"@type\":\"Person\",\"@id\":\"https:\/\/www.article-marketing.eu\/comunicati\/#\/schema\/person\/44372e4d4d0fa797b18e03ed1ace9017\",\"name\":\"Redazione Comunicati Stampa\",\"image\":{\"@type\":\"ImageObject\",\"inLanguage\":\"it-IT\",\"@id\":\"https:\/\/www.article-marketing.eu\/comunicati\/#\/schema\/person\/image\/\",\"url\":\"https:\/\/secure.gravatar.com\/avatar\/50e5c6421d3072f42e7ace803501602c60d75233d34e29fd05feb91c8760b792?s=96&d=mm&r=g\",\"contentUrl\":\"https:\/\/secure.gravatar.com\/avatar\/50e5c6421d3072f42e7ace803501602c60d75233d34e29fd05feb91c8760b792?s=96&d=mm&r=g\",\"caption\":\"Redazione Comunicati Stampa\"},\"url\":\"https:\/\/www.article-marketing.eu\/comunicati\/author\/redazione-comunicati-stampa\/\"}]}<\/script>\n<!-- \/ Yoast SEO plugin. -->","yoast_head_json":{"title":"La Realt\u00e0 Aumentata nella provincia di Ferrara - Article Marketing","robots":{"index":"index","follow":"follow","max-snippet":"max-snippet:-1","max-image-preview":"max-image-preview:large","max-video-preview":"max-video-preview:-1"},"canonical":"https:\/\/www.article-marketing.eu\/comunicati\/viaggi-e-vacanze\/viaggi-e-turismo\/la-realt\u00e0-aumentata-nella-provincia-di-ferrara\/","og_locale":"it_IT","og_type":"article","og_title":"La Realt\u00e0 Aumentata nella provincia di Ferrara - Article Marketing","og_description":"La nuova frontiera della Realt\u00e0 Aumentata \u00e8 sbarcata a Ferrara. Attraverso la sovrapposizione di livelli informativi al flusso video della videocamera del proprio smartphone, ogni utente potr\u00e0 accedere con pochi semplici gesti alla Vetrina delle Emozioni Tipiche Garantite, in cui poter trovare sconti e agevolazioni","og_url":"https:\/\/www.article-marketing.eu\/comunicati\/viaggi-e-vacanze\/viaggi-e-turismo\/la-realt\u00e0-aumentata-nella-provincia-di-ferrara\/","og_site_name":"Article Marketing","article_published_time":"2010-10-26T15:04:11+00:00","article_modified_time":"2018-07-10T01:54:22+00:00","author":"Redazione Comunicati Stampa","twitter_card":"summary_large_image","twitter_misc":{"Scritto da":"Redazione Comunicati Stampa","Tempo di lettura stimato":"3 minuti"},"schema":{"@context":"https:\/\/schema.org","@graph":[{"@type":"Article","@id":"https:\/\/www.article-marketing.eu\/comunicati\/viaggi-e-vacanze\/viaggi-e-turismo\/la-realt%c3%a0-aumentata-nella-provincia-di-ferrara\/#article","isPartOf":{"@id":"https:\/\/www.article-marketing.eu\/comunicati\/viaggi-e-vacanze\/viaggi-e-turismo\/la-realt%c3%a0-aumentata-nella-provincia-di-ferrara\/"},"author":{"name":"Redazione Comunicati Stampa","@id":"https:\/\/www.article-marketing.eu\/comunicati\/#\/schema\/person\/44372e4d4d0fa797b18e03ed1ace9017"},"headline":"La Realt\u00e0 Aumentata nella provincia di Ferrara","datePublished":"2010-10-26T15:04:11+00:00","dateModified":"2018-07-10T01:54:22+00:00","mainEntityOfPage":{"@id":"https:\/\/www.article-marketing.eu\/comunicati\/viaggi-e-vacanze\/viaggi-e-turismo\/la-realt%c3%a0-aumentata-nella-provincia-di-ferrara\/"},"wordCount":665,"commentCount":0,"articleSection":["Viaggi e Turismo"],"inLanguage":"it-IT","potentialAction":[{"@type":"CommentAction","name":"Comment","target":["https:\/\/www.article-marketing.eu\/comunicati\/viaggi-e-vacanze\/viaggi-e-turismo\/la-realt%c3%a0-aumentata-nella-provincia-di-ferrara\/#respond"]}]},{"@type":"WebPage","@id":"https:\/\/www.article-marketing.eu\/comunicati\/viaggi-e-vacanze\/viaggi-e-turismo\/la-realt%c3%a0-aumentata-nella-provincia-di-ferrara\/","url":"https:\/\/www.article-marketing.eu\/comunicati\/viaggi-e-vacanze\/viaggi-e-turismo\/la-realt%c3%a0-aumentata-nella-provincia-di-ferrara\/","name":"La Realt\u00e0 Aumentata nella provincia di Ferrara - Article Marketing","isPartOf":{"@id":"https:\/\/www.article-marketing.eu\/comunicati\/#website"},"datePublished":"2010-10-26T15:04:11+00:00","dateModified":"2018-07-10T01:54:22+00:00","author":{"@id":"https:\/\/www.article-marketing.eu\/comunicati\/#\/schema\/person\/44372e4d4d0fa797b18e03ed1ace9017"},"breadcrumb":{"@id":"https:\/\/www.article-marketing.eu\/comunicati\/viaggi-e-vacanze\/viaggi-e-turismo\/la-realt%c3%a0-aumentata-nella-provincia-di-ferrara\/#breadcrumb"},"inLanguage":"it-IT","potentialAction":[{"@type":"ReadAction","target":["https:\/\/www.article-marketing.eu\/comunicati\/viaggi-e-vacanze\/viaggi-e-turismo\/la-realt%c3%a0-aumentata-nella-provincia-di-ferrara\/"]}]},{"@type":"BreadcrumbList","@id":"https:\/\/www.article-marketing.eu\/comunicati\/viaggi-e-vacanze\/viaggi-e-turismo\/la-realt%c3%a0-aumentata-nella-provincia-di-ferrara\/#breadcrumb","itemListElement":[{"@type":"ListItem","position":1,"name":"Home","item":"https:\/\/www.article-marketing.eu\/comunicati\/"},{"@type":"ListItem","position":2,"name":"La Realt\u00e0 Aumentata nella provincia di Ferrara"}]},{"@type":"WebSite","@id":"https:\/\/www.article-marketing.eu\/comunicati\/#website","url":"https:\/\/www.article-marketing.eu\/comunicati\/","name":"Article Marketing","description":"article marketing &amp; press release","potentialAction":[{"@type":"SearchAction","target":{"@type":"EntryPoint","urlTemplate":"https:\/\/www.article-marketing.eu\/comunicati\/?s={search_term_string}"},"query-input":{"@type":"PropertyValueSpecification","valueRequired":true,"valueName":"search_term_string"}}],"inLanguage":"it-IT"},{"@type":"Person","@id":"https:\/\/www.article-marketing.eu\/comunicati\/#\/schema\/person\/44372e4d4d0fa797b18e03ed1ace9017","name":"Redazione Comunicati Stampa","image":{"@type":"ImageObject","inLanguage":"it-IT","@id":"https:\/\/www.article-marketing.eu\/comunicati\/#\/schema\/person\/image\/","url":"https:\/\/secure.gravatar.com\/avatar\/50e5c6421d3072f42e7ace803501602c60d75233d34e29fd05feb91c8760b792?s=96&d=mm&r=g","contentUrl":"https:\/\/secure.gravatar.com\/avatar\/50e5c6421d3072f42e7ace803501602c60d75233d34e29fd05feb91c8760b792?s=96&d=mm&r=g","caption":"Redazione Comunicati Stampa"},"url":"https:\/\/www.article-marketing.eu\/comunicati\/author\/redazione-comunicati-stampa\/"}]}},"_links":{"self":[{"href":"https:\/\/www.article-marketing.eu\/comunicati\/wp-json\/wp\/v2\/posts\/8881","targetHints":{"allow":["GET"]}}],"collection":[{"href":"https:\/\/www.article-marketing.eu\/comunicati\/wp-json\/wp\/v2\/posts"}],"about":[{"href":"https:\/\/www.article-marketing.eu\/comunicati\/wp-json\/wp\/v2\/types\/post"}],"author":[{"embeddable":true,"href":"https:\/\/www.article-marketing.eu\/comunicati\/wp-json\/wp\/v2\/users\/10"}],"replies":[{"embeddable":true,"href":"https:\/\/www.article-marketing.eu\/comunicati\/wp-json\/wp\/v2\/comments?post=8881"}],"version-history":[{"count":1,"href":"https:\/\/www.article-marketing.eu\/comunicati\/wp-json\/wp\/v2\/posts\/8881\/revisions"}],"predecessor-version":[{"id":57502,"href":"https:\/\/www.article-marketing.eu\/comunicati\/wp-json\/wp\/v2\/posts\/8881\/revisions\/57502"}],"wp:attachment":[{"href":"https:\/\/www.article-marketing.eu\/comunicati\/wp-json\/wp\/v2\/media?parent=8881"}],"wp:term":[{"taxonomy":"category","embeddable":true,"href":"https:\/\/www.article-marketing.eu\/comunicati\/wp-json\/wp\/v2\/categories?post=8881"},{"taxonomy":"post_tag","embeddable":true,"href":"https:\/\/www.article-marketing.eu\/comunicati\/wp-json\/wp\/v2\/tags?post=8881"}],"curies":[{"name":"wp","href":"https:\/\/api.w.org\/{rel}","templated":true}]}}