{"id":8896,"date":"2010-10-27T10:38:26","date_gmt":"2010-10-27T08:38:26","guid":{"rendered":"http:\/\/www.article-marketing.eu\/comunicati\/senza-categoria\/2010-la%80%99anno-della%80%99ipad\/"},"modified":"2010-10-27T10:38:26","modified_gmt":"2010-10-27T08:38:26","slug":"2010-la%80%99anno-della%80%99ipad","status":"publish","type":"post","link":"https:\/\/www.article-marketing.eu\/comunicati\/computer\/2010-la%80%99anno-della%80%99ipad\/","title":{"rendered":"2010: l\u2019anno dell\u2019iPad della Apple"},"content":{"rendered":"<p>All&rsquo;inizio dell&rsquo;anno tutti i siti e i blog specializzati in informazioni computer hanno riportato la notizia della presentazione dell&rsquo;iPad, uno strumento nuovo e innovativo. La presentazione ufficiale del tablet computer prodotto dalla Apple ha avuto luogo, pi&ugrave; precisamente, il 27 gennaio del 2010 sul palco dello Yerba Buena di San Francisco per mano di Steve Jobs, il presidente della Apple, che durante una conferenza della compagnia ha mostrato il nuovo prodotto ad un gruppo selezionato di 600 tra analisti e giornalisti provenienti da tutto il mondo. La presentazione dell&rsquo;iPad ha avuto luogo dopo un&rsquo;intensa campagna mediatica, che aveva stimolato la curiosit&agrave; degli appassionati di tecnologia ed elettronica facendo trapelare solo qualche indiscrezione, ma nessuna notizia certa. Con la presentazione ufficiale del prodotto &egrave; stato svelato l&rsquo;arcano, e tutto il mondo ha potuto prendere visione del nuovo prodotto della Apple, del suo schermo da 9,7 pollici multi-touch, del suo display a cristalli liquidi e delle sue varie funzioni. Tra queste, la navigazione web, l&rsquo;invio di e-mail, la lettura di e-book, di quotidiani e riviste online, la visione di filmati, video e foto, l&rsquo;ascolto di musica e cos&igrave; via.<\/p>\n<p>Questo piccolo gioiello della tecnologia, pensato per una diffusione a largo raggio, &egrave; stato venduto, nei primi tre mesi di commercializzazione, in circa 3 milioni di esemplari. Il successo ottenuto dall&rsquo;iPad ha fatto sorgere in molti il dubbio che questo nuovo prodotto potesse soppiantare in toto i pc, invadendone il mercato, ma dalle prime notizie hi tech relative alla vendita di iPad e PC sembra che la tendenza dominante non sia tanto quella della sostituzione del vecchio PC col suo derivato pi&ugrave; moderno, quanto quella di un affiancamento dei due strumenti. Il 90% degli iPad venduti, infatti, andrebbe ad aggiungersi, senza sostituire, gli strumenti elettronici pi&ugrave; &ldquo;antichi&rdquo; gi&agrave; presenti nelle case dei consumatori. Questo, almeno, &egrave; quanto emerge dall&rsquo;&rdquo;iPad Owner Survey&rdquo;, uno studio condotto dalla societ&agrave; Npd allo scopo di analizzare l&rsquo;impatto che l&rsquo;innovativa tavoletta ha avuto sul mercato dei computer. I dati raccolti evidenziano come solo nel 13% dei casi l&rsquo;iPad abbia sostituito il pc, mentre gli e-book reader sono stati rimpiazzati completamente dal nuovo derivato tecnologico nel 24% dei casi. Un altro dato interessante riguarda la relazione tra possessori di iPad e possessori di altri prodotti della Apple: il 48% di coloro che hanno acquistato la tavoletta erano gi&agrave; aficionados del Mac, mentre il 38% possiede anche un iPhone.<\/p>\n<p>Tornando alla sfida tra iPad ed altri strumenti tecnologici, probabilmente la competizione avr&agrave; luogo tra iPad ed altri dispositivi simili, quali i <a href=\"http:\/\/www.tecnovideoblog.it\/computer-portatili\/msi-wind-u250-nuovo-netbook-elegante-e-leggero-da-trasportare-caratteristiche-tecniche-e-dotazioni.html\">netbook<\/a>, i notebook e gli e-reader, e in un prossimo futuro tra iPad e altri tipi di tablet. L&rsquo;iPad pu&ograve; essere infatti considerato come un prodotto pioniere di un nuovo mercato che in futuro non far&agrave; che espandersi, per opera di altre aziende concorrenti.<\/p>\n<p>Il primo decennio del nuovo millennio sta per finire, prepariamoci dunque ad un nuovo decennio che, con tutta probabilit&agrave;, e in misura ancora maggiore rispetto a quello passato, porter&agrave; novit&agrave; sul fronte tecnologico.<\/p>\n","protected":false},"excerpt":{"rendered":"<p>L\u2019anno che sta ormai per concludersi ha portato con s\u00e9 una delle pi\u00f9 interessanti novit\u00e0 nel campo dell\u2019elettronica e della tecnologia: l\u2019ipad.<\/p>\n","protected":false},"author":10,"featured_media":0,"comment_status":"open","ping_status":"open","sticky":false,"template":"","format":"standard","meta":{"cybocfi_hide_featured_image":"","footnotes":""},"categories":[172],"tags":[3311,13146,18828,18827,16647],"class_list":["post-8896","post","type-post","status-publish","format-standard","hentry","category-computer","tag-apple","tag-ipad","tag-novita-computer","tag-novita-tecnologia","tag-prodotti-elettronica"],"yoast_head":"<!-- This site is optimized with the Yoast SEO plugin v27.0 - https:\/\/yoast.com\/product\/yoast-seo-wordpress\/ -->\n<title>2010: l\u2019anno dell\u2019iPad della Apple - Article Marketing<\/title>\n<meta name=\"robots\" content=\"index, follow, max-snippet:-1, max-image-preview:large, max-video-preview:-1\" \/>\n<link rel=\"canonical\" href=\"https:\/\/www.article-marketing.eu\/comunicati\/computer\/2010-la??anno-della??ipad\/\" \/>\n<meta property=\"og:locale\" content=\"it_IT\" \/>\n<meta property=\"og:type\" content=\"article\" \/>\n<meta property=\"og:title\" content=\"2010: l\u2019anno dell\u2019iPad della Apple - Article Marketing\" \/>\n<meta property=\"og:description\" content=\"L\u2019anno che sta ormai per concludersi ha portato con s\u00e9 una delle pi\u00f9 interessanti novit\u00e0 nel campo dell\u2019elettronica e della tecnologia: l\u2019ipad.\" \/>\n<meta property=\"og:url\" content=\"\" \/>\n<meta property=\"og:site_name\" content=\"Article Marketing\" \/>\n<meta property=\"article:published_time\" content=\"2010-10-27T08:38:26+00:00\" \/>\n<meta name=\"author\" content=\"Redazione Comunicati Stampa\" \/>\n<meta name=\"twitter:card\" content=\"summary_large_image\" \/>\n<meta name=\"twitter:label1\" content=\"Scritto da\" \/>\n\t<meta name=\"twitter:data1\" content=\"Redazione Comunicati Stampa\" \/>\n\t<meta name=\"twitter:label2\" content=\"Tempo di lettura stimato\" \/>\n\t<meta name=\"twitter:data2\" content=\"3 minuti\" \/>\n<script type=\"application\/ld+json\" class=\"yoast-schema-graph\">{\"@context\":\"https:\/\/schema.org\",\"@graph\":[{\"@type\":\"Article\",\"@id\":\"https:\/\/www.article-marketing.eu\/comunicati\/computer\/2010-la%80%99anno-della%80%99ipad\/#article\",\"isPartOf\":{\"@id\":\"https:\/\/www.article-marketing.eu\/comunicati\/computer\/2010-la%80%99anno-della%80%99ipad\/\"},\"author\":{\"name\":\"Redazione Comunicati Stampa\",\"@id\":\"https:\/\/www.article-marketing.eu\/comunicati\/#\/schema\/person\/44372e4d4d0fa797b18e03ed1ace9017\"},\"headline\":\"2010: l\u2019anno dell\u2019iPad della Apple\",\"datePublished\":\"2010-10-27T08:38:26+00:00\",\"mainEntityOfPage\":{\"@id\":\"https:\/\/www.article-marketing.eu\/comunicati\/computer\/2010-la%80%99anno-della%80%99ipad\/\"},\"wordCount\":539,\"commentCount\":0,\"keywords\":[\"apple\",\"ipad\",\"novit\u00e0 computer\",\"novit\u00e0 tecnologia\",\"prodotti elettronica\"],\"articleSection\":[\"Computer\"],\"inLanguage\":\"it-IT\",\"potentialAction\":[{\"@type\":\"CommentAction\",\"name\":\"Comment\",\"target\":[\"https:\/\/www.article-marketing.eu\/comunicati\/computer\/2010-la%80%99anno-della%80%99ipad\/#respond\"]}]},{\"@type\":\"WebPage\",\"@id\":\"https:\/\/www.article-marketing.eu\/comunicati\/computer\/2010-la%80%99anno-della%80%99ipad\/\",\"url\":\"https:\/\/www.article-marketing.eu\/comunicati\/computer\/2010-la%80%99anno-della%80%99ipad\/\",\"name\":\"2010: l\u2019anno dell\u2019iPad della Apple - Article Marketing\",\"isPartOf\":{\"@id\":\"https:\/\/www.article-marketing.eu\/comunicati\/#website\"},\"datePublished\":\"2010-10-27T08:38:26+00:00\",\"author\":{\"@id\":\"https:\/\/www.article-marketing.eu\/comunicati\/#\/schema\/person\/44372e4d4d0fa797b18e03ed1ace9017\"},\"breadcrumb\":{\"@id\":\"https:\/\/www.article-marketing.eu\/comunicati\/computer\/2010-la%80%99anno-della%80%99ipad\/#breadcrumb\"},\"inLanguage\":\"it-IT\",\"potentialAction\":[{\"@type\":\"ReadAction\",\"target\":[\"https:\/\/www.article-marketing.eu\/comunicati\/computer\/2010-la%80%99anno-della%80%99ipad\/\"]}]},{\"@type\":\"BreadcrumbList\",\"@id\":\"https:\/\/www.article-marketing.eu\/comunicati\/computer\/2010-la%80%99anno-della%80%99ipad\/#breadcrumb\",\"itemListElement\":[{\"@type\":\"ListItem\",\"position\":1,\"name\":\"Home\",\"item\":\"https:\/\/www.article-marketing.eu\/comunicati\/\"},{\"@type\":\"ListItem\",\"position\":2,\"name\":\"2010: l\u2019anno dell\u2019iPad della Apple\"}]},{\"@type\":\"WebSite\",\"@id\":\"https:\/\/www.article-marketing.eu\/comunicati\/#website\",\"url\":\"https:\/\/www.article-marketing.eu\/comunicati\/\",\"name\":\"Article Marketing\",\"description\":\"article marketing &amp; press release\",\"potentialAction\":[{\"@type\":\"SearchAction\",\"target\":{\"@type\":\"EntryPoint\",\"urlTemplate\":\"https:\/\/www.article-marketing.eu\/comunicati\/?s={search_term_string}\"},\"query-input\":{\"@type\":\"PropertyValueSpecification\",\"valueRequired\":true,\"valueName\":\"search_term_string\"}}],\"inLanguage\":\"it-IT\"},{\"@type\":\"Person\",\"@id\":\"https:\/\/www.article-marketing.eu\/comunicati\/#\/schema\/person\/44372e4d4d0fa797b18e03ed1ace9017\",\"name\":\"Redazione Comunicati Stampa\",\"image\":{\"@type\":\"ImageObject\",\"inLanguage\":\"it-IT\",\"@id\":\"https:\/\/www.article-marketing.eu\/comunicati\/#\/schema\/person\/image\/\",\"url\":\"https:\/\/secure.gravatar.com\/avatar\/50e5c6421d3072f42e7ace803501602c60d75233d34e29fd05feb91c8760b792?s=96&d=mm&r=g\",\"contentUrl\":\"https:\/\/secure.gravatar.com\/avatar\/50e5c6421d3072f42e7ace803501602c60d75233d34e29fd05feb91c8760b792?s=96&d=mm&r=g\",\"caption\":\"Redazione Comunicati Stampa\"},\"url\":\"https:\/\/www.article-marketing.eu\/comunicati\/author\/redazione-comunicati-stampa\/\"}]}<\/script>\n<!-- \/ Yoast SEO plugin. -->","yoast_head_json":{"title":"2010: l\u2019anno dell\u2019iPad della Apple - Article Marketing","robots":{"index":"index","follow":"follow","max-snippet":"max-snippet:-1","max-image-preview":"max-image-preview:large","max-video-preview":"max-video-preview:-1"},"canonical":"https:\/\/www.article-marketing.eu\/comunicati\/computer\/2010-la??anno-della??ipad\/","og_locale":"it_IT","og_type":"article","og_title":"2010: l\u2019anno dell\u2019iPad della Apple - Article Marketing","og_description":"L\u2019anno che sta ormai per concludersi ha portato con s\u00e9 una delle pi\u00f9 interessanti novit\u00e0 nel campo dell\u2019elettronica e della tecnologia: l\u2019ipad.","og_url":"https:\/\/www.article-marketing.eu\/comunicati\/computer\/2010-la??anno-della??ipad\/","og_site_name":"Article Marketing","article_published_time":"2010-10-27T08:38:26+00:00","author":"Redazione Comunicati Stampa","twitter_card":"summary_large_image","twitter_misc":{"Scritto da":"Redazione Comunicati Stampa","Tempo di lettura stimato":"3 minuti"},"schema":{"@context":"https:\/\/schema.org","@graph":[{"@type":"Article","@id":"https:\/\/www.article-marketing.eu\/comunicati\/computer\/2010-la%80%99anno-della%80%99ipad\/#article","isPartOf":{"@id":"https:\/\/www.article-marketing.eu\/comunicati\/computer\/2010-la%80%99anno-della%80%99ipad\/"},"author":{"name":"Redazione Comunicati Stampa","@id":"https:\/\/www.article-marketing.eu\/comunicati\/#\/schema\/person\/44372e4d4d0fa797b18e03ed1ace9017"},"headline":"2010: l\u2019anno dell\u2019iPad della Apple","datePublished":"2010-10-27T08:38:26+00:00","mainEntityOfPage":{"@id":"https:\/\/www.article-marketing.eu\/comunicati\/computer\/2010-la%80%99anno-della%80%99ipad\/"},"wordCount":539,"commentCount":0,"keywords":["apple","ipad","novit\u00e0 computer","novit\u00e0 tecnologia","prodotti elettronica"],"articleSection":["Computer"],"inLanguage":"it-IT","potentialAction":[{"@type":"CommentAction","name":"Comment","target":["https:\/\/www.article-marketing.eu\/comunicati\/computer\/2010-la%80%99anno-della%80%99ipad\/#respond"]}]},{"@type":"WebPage","@id":"https:\/\/www.article-marketing.eu\/comunicati\/computer\/2010-la%80%99anno-della%80%99ipad\/","url":"https:\/\/www.article-marketing.eu\/comunicati\/computer\/2010-la%80%99anno-della%80%99ipad\/","name":"2010: l\u2019anno dell\u2019iPad della Apple - Article Marketing","isPartOf":{"@id":"https:\/\/www.article-marketing.eu\/comunicati\/#website"},"datePublished":"2010-10-27T08:38:26+00:00","author":{"@id":"https:\/\/www.article-marketing.eu\/comunicati\/#\/schema\/person\/44372e4d4d0fa797b18e03ed1ace9017"},"breadcrumb":{"@id":"https:\/\/www.article-marketing.eu\/comunicati\/computer\/2010-la%80%99anno-della%80%99ipad\/#breadcrumb"},"inLanguage":"it-IT","potentialAction":[{"@type":"ReadAction","target":["https:\/\/www.article-marketing.eu\/comunicati\/computer\/2010-la%80%99anno-della%80%99ipad\/"]}]},{"@type":"BreadcrumbList","@id":"https:\/\/www.article-marketing.eu\/comunicati\/computer\/2010-la%80%99anno-della%80%99ipad\/#breadcrumb","itemListElement":[{"@type":"ListItem","position":1,"name":"Home","item":"https:\/\/www.article-marketing.eu\/comunicati\/"},{"@type":"ListItem","position":2,"name":"2010: l\u2019anno dell\u2019iPad della Apple"}]},{"@type":"WebSite","@id":"https:\/\/www.article-marketing.eu\/comunicati\/#website","url":"https:\/\/www.article-marketing.eu\/comunicati\/","name":"Article Marketing","description":"article marketing &amp; press release","potentialAction":[{"@type":"SearchAction","target":{"@type":"EntryPoint","urlTemplate":"https:\/\/www.article-marketing.eu\/comunicati\/?s={search_term_string}"},"query-input":{"@type":"PropertyValueSpecification","valueRequired":true,"valueName":"search_term_string"}}],"inLanguage":"it-IT"},{"@type":"Person","@id":"https:\/\/www.article-marketing.eu\/comunicati\/#\/schema\/person\/44372e4d4d0fa797b18e03ed1ace9017","name":"Redazione Comunicati Stampa","image":{"@type":"ImageObject","inLanguage":"it-IT","@id":"https:\/\/www.article-marketing.eu\/comunicati\/#\/schema\/person\/image\/","url":"https:\/\/secure.gravatar.com\/avatar\/50e5c6421d3072f42e7ace803501602c60d75233d34e29fd05feb91c8760b792?s=96&d=mm&r=g","contentUrl":"https:\/\/secure.gravatar.com\/avatar\/50e5c6421d3072f42e7ace803501602c60d75233d34e29fd05feb91c8760b792?s=96&d=mm&r=g","caption":"Redazione Comunicati Stampa"},"url":"https:\/\/www.article-marketing.eu\/comunicati\/author\/redazione-comunicati-stampa\/"}]}},"_links":{"self":[{"href":"https:\/\/www.article-marketing.eu\/comunicati\/wp-json\/wp\/v2\/posts\/8896","targetHints":{"allow":["GET"]}}],"collection":[{"href":"https:\/\/www.article-marketing.eu\/comunicati\/wp-json\/wp\/v2\/posts"}],"about":[{"href":"https:\/\/www.article-marketing.eu\/comunicati\/wp-json\/wp\/v2\/types\/post"}],"author":[{"embeddable":true,"href":"https:\/\/www.article-marketing.eu\/comunicati\/wp-json\/wp\/v2\/users\/10"}],"replies":[{"embeddable":true,"href":"https:\/\/www.article-marketing.eu\/comunicati\/wp-json\/wp\/v2\/comments?post=8896"}],"version-history":[{"count":0,"href":"https:\/\/www.article-marketing.eu\/comunicati\/wp-json\/wp\/v2\/posts\/8896\/revisions"}],"wp:attachment":[{"href":"https:\/\/www.article-marketing.eu\/comunicati\/wp-json\/wp\/v2\/media?parent=8896"}],"wp:term":[{"taxonomy":"category","embeddable":true,"href":"https:\/\/www.article-marketing.eu\/comunicati\/wp-json\/wp\/v2\/categories?post=8896"},{"taxonomy":"post_tag","embeddable":true,"href":"https:\/\/www.article-marketing.eu\/comunicati\/wp-json\/wp\/v2\/tags?post=8896"}],"curies":[{"name":"wp","href":"https:\/\/api.w.org\/{rel}","templated":true}]}}