{"id":909,"date":"2008-11-17T12:58:42","date_gmt":"2008-11-17T11:58:42","guid":{"rendered":"http:\/\/www.article-marketing.eu\/comunicati\/senza-categoria\/peter-steinhauer-photography-ad-hanoi-dicembre-2008-gennaio-2009\/"},"modified":"2008-11-17T12:58:42","modified_gmt":"2008-11-17T11:58:42","slug":"peter-steinhauer-photography-ad-hanoi-dicembre-2008-gennaio-2009","status":"publish","type":"post","link":"https:\/\/www.article-marketing.eu\/comunicati\/comunicati-stampa\/eventi\/peter-steinhauer-photography-ad-hanoi-dicembre-2008-gennaio-2009\/","title":{"rendered":"Peter Steinhauer photography ad Hanoi dicembre 2008\/gennaio 2009"},"content":{"rendered":"<p>Steinhauer, nato nel 1966 in Colorado, ha ben presto dimostrato il suo talento artistico, diplomandosi nel 1991 al Rocky Mountain College of Art and Design di Denver e nel 1993 al Colorado Institute of Art di Denver, istituzione che gli ha anche assegnato un importante riconoscimento nel 1994, l\u2019\u201cAlumni of  Excellence\u201d. Questo \u00e8 solo il primo di una lunga serie di premi vinti da Steinhauer nella sua carriera, e tra i quali ricordiamo l\u2019\u201cAward of Excellence in Photography\u201d nel 1996, il &#8220;Mamiya Photo Education Awards of Excellence&#8221; nel 2000, l\u2019 \u201cAlumni Hall of Fame Award\u201d, assegnatogli nel 2003 dall\u2019 \u201cArt Institute of Colorado\u201d, e il \u201cFord Foundation Grant for Work in Vietnam\u201d, nel 2004.<\/p>\n<p>Il legame con il Vietnam, le case e gli <a href=\"http:\/\/it.flashbooking.com\/navigation\/asia_vietnam_hanoi_hotel---_all.html\">appartamenti di Hanoi<\/a>, nasce subito dopo il diploma: nel 1993 infatti l\u2019artista si trasferisce ad Hanoi, dove comincia a lavorare al suo libro di fotografie in bianco e nero sul Vietnam e dove rimane fino al 1997, per poi trasferirsi in un\u2019altra citt\u00e0 vietnamita, Saigon. Successivamente Steinhauer ha vissuto anche a Singapore, Washington e Hong Kong, dove risiede tuttora, ma il legame con il Vietnam \u00e8 rimasto sempre molto forte, ed \u00e8 testimoniato dalle sue opere fotografiche, pubblicazioni e dalle mostre a lui dedicate: tra le sue pubblicazioni ricordiamo infatti titoli quali &#8220;Vietnam: Portraits and Landscapes\u201de \u201cEnduring Spirit of Vietnam\u201d, quest\u2019ultimo pubblicato nel 2006 e premiato come il miglior libro fotografico dell\u2019anno da Photo District News. \u201cEnduring Spirit of Vietnam\u201d \u00e8 anche il titolo di una mostra personale di Steinhauer, tenutasi all\u2019Art Vietnam Gallery di Hanoi sempre nel 2006. Oltre alle personali, Steinhauer \u00e8 stato anche protagonista di varie mostre collettive, tenutesi in tutto il mondo: da ricordare, per esempio, \u201cThe Ten Courts of the Kings of Hell \u2013 Vietnam Past and Present\u201d (Londra, 2005), \u201cVietnamese Lacquer Painters, A New Age\u201d, una mostra itinerante che si \u00e8 svolta tra il 2000 e il 2001 in diversi paesi del mondo, \u201cA Winding River.<\/p>\n<p>The Journey of Contemporary Art in Vietnam, un\u2019altra mostra durata due anni e svoltasi negli Stati Uniti, \u201cPassage to Vietnam\u201d, del 1994, e \u201cVietnam: a decade in Images\u201d, che comprendeva opere dell\u2019artista americano e del vietnamita Nguyen Hoai Linh e che venne organizzata nel 2005 per commemorare il decimo anniversario dalla normalizzazione dei rapporti diplomatici tra Stati Uniti e Vietnam. Gli amanti delle bellissime fotografie di Steinhauerm che potranno soggiornare in alloggi ad Hanoi troveranno le opere dell\u2019artista anche in diversi musei, gallerie e collezioni private in tutto il mondo, e in tutte le sue opere potranno distinguere i tratti dominanti del suo stile che lo hanno reso famoso e apprezzato in America come in Asia: con la sua sensibilit\u00e0 e  precisione, \u00e8 riuscito a raccontare tramite delle foto in bianco e nero la vita e i paesaggi del Vietnam, documentandone i cambiamenti nel corso del tempo.<\/p>\n<p>Se siete degli amanti della fotografia e allo stesso tempo volete godervi i bellissimi paesaggi vietnamiti dovete assolutamente recarvi ad Hanoi per la mostra fotografica dedicata a Peter Steinhauer: prenotate subito il vostro hotel centro Hanoi meglio ancora se \u00e8 economico!<\/p>\n<p>Date: 12 Dicembre 2008 \u2013 2 Gennaio 2009<br \/>\nDove: Art Vietnam Gallery, Hanoi, Vietnam<\/p>\n","protected":false},"excerpt":{"rendered":"<p>Dal 12 dicembre al 2 gennaio l\u2019Art Vietnam Gallery di Hanoi ospiter\u00e0 una mostra dedicata ad uno dei fotografi che, negli ultimi anni, pi\u00f9 si \u00e8 dedicato a ritrarre paesaggi e persone vietnamiti, un artista che tramite le sue foto ha saputo raccontare egregiamente il Vietnam. L\u2019artista in questione \u00e8 Peter Steinhauer, americano di origine ma vietnamita di adozione.<\/p>\n","protected":false},"author":10,"featured_media":0,"comment_status":"open","ping_status":"open","sticky":false,"template":"","format":"standard","meta":{"cybocfi_hide_featured_image":"","footnotes":""},"categories":[388],"tags":[171,596,926,318,2845,1000,3154],"class_list":["post-909","post","type-post","status-publish","format-standard","hentry","category-eventi","tag-arte","tag-cultura","tag-evento","tag-fotografia","tag-hanoi","tag-mostra","tag-vietnam"],"yoast_head":"<!-- This site is optimized with the Yoast SEO plugin v27.0 - https:\/\/yoast.com\/product\/yoast-seo-wordpress\/ -->\n<title>Peter Steinhauer photography ad Hanoi dicembre 2008\/gennaio 2009 - Article Marketing<\/title>\n<meta name=\"robots\" content=\"index, follow, max-snippet:-1, max-image-preview:large, max-video-preview:-1\" \/>\n<link rel=\"canonical\" href=\"https:\/\/www.article-marketing.eu\/comunicati\/comunicati-stampa\/eventi\/peter-steinhauer-photography-ad-hanoi-dicembre-2008-gennaio-2009\/\" \/>\n<meta property=\"og:locale\" content=\"it_IT\" \/>\n<meta property=\"og:type\" content=\"article\" \/>\n<meta property=\"og:title\" content=\"Peter Steinhauer photography ad Hanoi dicembre 2008\/gennaio 2009 - Article Marketing\" \/>\n<meta property=\"og:description\" content=\"Dal 12 dicembre al 2 gennaio l\u2019Art Vietnam Gallery di Hanoi ospiter\u00e0 una mostra dedicata ad uno dei fotografi che, negli ultimi anni, pi\u00f9 si \u00e8 dedicato a ritrarre paesaggi e persone vietnamiti, un artista che tramite le sue foto ha saputo raccontare egregiamente il Vietnam. L\u2019artista in questione \u00e8 Peter Steinhauer, americano di origine ma vietnamita di adozione.\" \/>\n<meta property=\"og:url\" content=\"https:\/\/www.article-marketing.eu\/comunicati\/comunicati-stampa\/eventi\/peter-steinhauer-photography-ad-hanoi-dicembre-2008-gennaio-2009\/\" \/>\n<meta property=\"og:site_name\" content=\"Article Marketing\" \/>\n<meta property=\"article:published_time\" content=\"2008-11-17T11:58:42+00:00\" \/>\n<meta name=\"author\" content=\"Redazione Comunicati Stampa\" \/>\n<meta name=\"twitter:card\" content=\"summary_large_image\" \/>\n<meta name=\"twitter:label1\" content=\"Scritto da\" \/>\n\t<meta name=\"twitter:data1\" content=\"Redazione Comunicati Stampa\" \/>\n\t<meta name=\"twitter:label2\" content=\"Tempo di lettura stimato\" \/>\n\t<meta name=\"twitter:data2\" content=\"3 minuti\" \/>\n<script type=\"application\/ld+json\" class=\"yoast-schema-graph\">{\"@context\":\"https:\/\/schema.org\",\"@graph\":[{\"@type\":\"Article\",\"@id\":\"https:\/\/www.article-marketing.eu\/comunicati\/comunicati-stampa\/eventi\/peter-steinhauer-photography-ad-hanoi-dicembre-2008-gennaio-2009\/#article\",\"isPartOf\":{\"@id\":\"https:\/\/www.article-marketing.eu\/comunicati\/comunicati-stampa\/eventi\/peter-steinhauer-photography-ad-hanoi-dicembre-2008-gennaio-2009\/\"},\"author\":{\"name\":\"Redazione Comunicati Stampa\",\"@id\":\"https:\/\/www.article-marketing.eu\/comunicati\/#\/schema\/person\/44372e4d4d0fa797b18e03ed1ace9017\"},\"headline\":\"Peter Steinhauer photography ad Hanoi dicembre 2008\/gennaio 2009\",\"datePublished\":\"2008-11-17T11:58:42+00:00\",\"mainEntityOfPage\":{\"@id\":\"https:\/\/www.article-marketing.eu\/comunicati\/comunicati-stampa\/eventi\/peter-steinhauer-photography-ad-hanoi-dicembre-2008-gennaio-2009\/\"},\"wordCount\":514,\"commentCount\":0,\"keywords\":[\"arte\",\"cultura\",\"evento\",\"fotografia\",\"hanoi\",\"Mostra\",\"vietnam\"],\"articleSection\":[\"Eventi\"],\"inLanguage\":\"it-IT\",\"potentialAction\":[{\"@type\":\"CommentAction\",\"name\":\"Comment\",\"target\":[\"https:\/\/www.article-marketing.eu\/comunicati\/comunicati-stampa\/eventi\/peter-steinhauer-photography-ad-hanoi-dicembre-2008-gennaio-2009\/#respond\"]}]},{\"@type\":\"WebPage\",\"@id\":\"https:\/\/www.article-marketing.eu\/comunicati\/comunicati-stampa\/eventi\/peter-steinhauer-photography-ad-hanoi-dicembre-2008-gennaio-2009\/\",\"url\":\"https:\/\/www.article-marketing.eu\/comunicati\/comunicati-stampa\/eventi\/peter-steinhauer-photography-ad-hanoi-dicembre-2008-gennaio-2009\/\",\"name\":\"Peter Steinhauer photography ad Hanoi dicembre 2008\/gennaio 2009 - Article Marketing\",\"isPartOf\":{\"@id\":\"https:\/\/www.article-marketing.eu\/comunicati\/#website\"},\"datePublished\":\"2008-11-17T11:58:42+00:00\",\"author\":{\"@id\":\"https:\/\/www.article-marketing.eu\/comunicati\/#\/schema\/person\/44372e4d4d0fa797b18e03ed1ace9017\"},\"breadcrumb\":{\"@id\":\"https:\/\/www.article-marketing.eu\/comunicati\/comunicati-stampa\/eventi\/peter-steinhauer-photography-ad-hanoi-dicembre-2008-gennaio-2009\/#breadcrumb\"},\"inLanguage\":\"it-IT\",\"potentialAction\":[{\"@type\":\"ReadAction\",\"target\":[\"https:\/\/www.article-marketing.eu\/comunicati\/comunicati-stampa\/eventi\/peter-steinhauer-photography-ad-hanoi-dicembre-2008-gennaio-2009\/\"]}]},{\"@type\":\"BreadcrumbList\",\"@id\":\"https:\/\/www.article-marketing.eu\/comunicati\/comunicati-stampa\/eventi\/peter-steinhauer-photography-ad-hanoi-dicembre-2008-gennaio-2009\/#breadcrumb\",\"itemListElement\":[{\"@type\":\"ListItem\",\"position\":1,\"name\":\"Home\",\"item\":\"https:\/\/www.article-marketing.eu\/comunicati\/\"},{\"@type\":\"ListItem\",\"position\":2,\"name\":\"Peter Steinhauer photography ad Hanoi dicembre 2008\/gennaio 2009\"}]},{\"@type\":\"WebSite\",\"@id\":\"https:\/\/www.article-marketing.eu\/comunicati\/#website\",\"url\":\"https:\/\/www.article-marketing.eu\/comunicati\/\",\"name\":\"Article Marketing\",\"description\":\"article marketing &amp; press release\",\"potentialAction\":[{\"@type\":\"SearchAction\",\"target\":{\"@type\":\"EntryPoint\",\"urlTemplate\":\"https:\/\/www.article-marketing.eu\/comunicati\/?s={search_term_string}\"},\"query-input\":{\"@type\":\"PropertyValueSpecification\",\"valueRequired\":true,\"valueName\":\"search_term_string\"}}],\"inLanguage\":\"it-IT\"},{\"@type\":\"Person\",\"@id\":\"https:\/\/www.article-marketing.eu\/comunicati\/#\/schema\/person\/44372e4d4d0fa797b18e03ed1ace9017\",\"name\":\"Redazione Comunicati Stampa\",\"image\":{\"@type\":\"ImageObject\",\"inLanguage\":\"it-IT\",\"@id\":\"https:\/\/www.article-marketing.eu\/comunicati\/#\/schema\/person\/image\/\",\"url\":\"https:\/\/secure.gravatar.com\/avatar\/50e5c6421d3072f42e7ace803501602c60d75233d34e29fd05feb91c8760b792?s=96&d=mm&r=g\",\"contentUrl\":\"https:\/\/secure.gravatar.com\/avatar\/50e5c6421d3072f42e7ace803501602c60d75233d34e29fd05feb91c8760b792?s=96&d=mm&r=g\",\"caption\":\"Redazione Comunicati Stampa\"},\"url\":\"https:\/\/www.article-marketing.eu\/comunicati\/author\/redazione-comunicati-stampa\/\"}]}<\/script>\n<!-- \/ Yoast SEO plugin. -->","yoast_head_json":{"title":"Peter Steinhauer photography ad Hanoi dicembre 2008\/gennaio 2009 - Article Marketing","robots":{"index":"index","follow":"follow","max-snippet":"max-snippet:-1","max-image-preview":"max-image-preview:large","max-video-preview":"max-video-preview:-1"},"canonical":"https:\/\/www.article-marketing.eu\/comunicati\/comunicati-stampa\/eventi\/peter-steinhauer-photography-ad-hanoi-dicembre-2008-gennaio-2009\/","og_locale":"it_IT","og_type":"article","og_title":"Peter Steinhauer photography ad Hanoi dicembre 2008\/gennaio 2009 - Article Marketing","og_description":"Dal 12 dicembre al 2 gennaio l\u2019Art Vietnam Gallery di Hanoi ospiter\u00e0 una mostra dedicata ad uno dei fotografi che, negli ultimi anni, pi\u00f9 si \u00e8 dedicato a ritrarre paesaggi e persone vietnamiti, un artista che tramite le sue foto ha saputo raccontare egregiamente il Vietnam. L\u2019artista in questione \u00e8 Peter Steinhauer, americano di origine ma vietnamita di adozione.","og_url":"https:\/\/www.article-marketing.eu\/comunicati\/comunicati-stampa\/eventi\/peter-steinhauer-photography-ad-hanoi-dicembre-2008-gennaio-2009\/","og_site_name":"Article Marketing","article_published_time":"2008-11-17T11:58:42+00:00","author":"Redazione Comunicati Stampa","twitter_card":"summary_large_image","twitter_misc":{"Scritto da":"Redazione Comunicati Stampa","Tempo di lettura stimato":"3 minuti"},"schema":{"@context":"https:\/\/schema.org","@graph":[{"@type":"Article","@id":"https:\/\/www.article-marketing.eu\/comunicati\/comunicati-stampa\/eventi\/peter-steinhauer-photography-ad-hanoi-dicembre-2008-gennaio-2009\/#article","isPartOf":{"@id":"https:\/\/www.article-marketing.eu\/comunicati\/comunicati-stampa\/eventi\/peter-steinhauer-photography-ad-hanoi-dicembre-2008-gennaio-2009\/"},"author":{"name":"Redazione Comunicati Stampa","@id":"https:\/\/www.article-marketing.eu\/comunicati\/#\/schema\/person\/44372e4d4d0fa797b18e03ed1ace9017"},"headline":"Peter Steinhauer photography ad Hanoi dicembre 2008\/gennaio 2009","datePublished":"2008-11-17T11:58:42+00:00","mainEntityOfPage":{"@id":"https:\/\/www.article-marketing.eu\/comunicati\/comunicati-stampa\/eventi\/peter-steinhauer-photography-ad-hanoi-dicembre-2008-gennaio-2009\/"},"wordCount":514,"commentCount":0,"keywords":["arte","cultura","evento","fotografia","hanoi","Mostra","vietnam"],"articleSection":["Eventi"],"inLanguage":"it-IT","potentialAction":[{"@type":"CommentAction","name":"Comment","target":["https:\/\/www.article-marketing.eu\/comunicati\/comunicati-stampa\/eventi\/peter-steinhauer-photography-ad-hanoi-dicembre-2008-gennaio-2009\/#respond"]}]},{"@type":"WebPage","@id":"https:\/\/www.article-marketing.eu\/comunicati\/comunicati-stampa\/eventi\/peter-steinhauer-photography-ad-hanoi-dicembre-2008-gennaio-2009\/","url":"https:\/\/www.article-marketing.eu\/comunicati\/comunicati-stampa\/eventi\/peter-steinhauer-photography-ad-hanoi-dicembre-2008-gennaio-2009\/","name":"Peter Steinhauer photography ad Hanoi dicembre 2008\/gennaio 2009 - Article Marketing","isPartOf":{"@id":"https:\/\/www.article-marketing.eu\/comunicati\/#website"},"datePublished":"2008-11-17T11:58:42+00:00","author":{"@id":"https:\/\/www.article-marketing.eu\/comunicati\/#\/schema\/person\/44372e4d4d0fa797b18e03ed1ace9017"},"breadcrumb":{"@id":"https:\/\/www.article-marketing.eu\/comunicati\/comunicati-stampa\/eventi\/peter-steinhauer-photography-ad-hanoi-dicembre-2008-gennaio-2009\/#breadcrumb"},"inLanguage":"it-IT","potentialAction":[{"@type":"ReadAction","target":["https:\/\/www.article-marketing.eu\/comunicati\/comunicati-stampa\/eventi\/peter-steinhauer-photography-ad-hanoi-dicembre-2008-gennaio-2009\/"]}]},{"@type":"BreadcrumbList","@id":"https:\/\/www.article-marketing.eu\/comunicati\/comunicati-stampa\/eventi\/peter-steinhauer-photography-ad-hanoi-dicembre-2008-gennaio-2009\/#breadcrumb","itemListElement":[{"@type":"ListItem","position":1,"name":"Home","item":"https:\/\/www.article-marketing.eu\/comunicati\/"},{"@type":"ListItem","position":2,"name":"Peter Steinhauer photography ad Hanoi dicembre 2008\/gennaio 2009"}]},{"@type":"WebSite","@id":"https:\/\/www.article-marketing.eu\/comunicati\/#website","url":"https:\/\/www.article-marketing.eu\/comunicati\/","name":"Article Marketing","description":"article marketing &amp; press release","potentialAction":[{"@type":"SearchAction","target":{"@type":"EntryPoint","urlTemplate":"https:\/\/www.article-marketing.eu\/comunicati\/?s={search_term_string}"},"query-input":{"@type":"PropertyValueSpecification","valueRequired":true,"valueName":"search_term_string"}}],"inLanguage":"it-IT"},{"@type":"Person","@id":"https:\/\/www.article-marketing.eu\/comunicati\/#\/schema\/person\/44372e4d4d0fa797b18e03ed1ace9017","name":"Redazione Comunicati Stampa","image":{"@type":"ImageObject","inLanguage":"it-IT","@id":"https:\/\/www.article-marketing.eu\/comunicati\/#\/schema\/person\/image\/","url":"https:\/\/secure.gravatar.com\/avatar\/50e5c6421d3072f42e7ace803501602c60d75233d34e29fd05feb91c8760b792?s=96&d=mm&r=g","contentUrl":"https:\/\/secure.gravatar.com\/avatar\/50e5c6421d3072f42e7ace803501602c60d75233d34e29fd05feb91c8760b792?s=96&d=mm&r=g","caption":"Redazione Comunicati Stampa"},"url":"https:\/\/www.article-marketing.eu\/comunicati\/author\/redazione-comunicati-stampa\/"}]}},"_links":{"self":[{"href":"https:\/\/www.article-marketing.eu\/comunicati\/wp-json\/wp\/v2\/posts\/909","targetHints":{"allow":["GET"]}}],"collection":[{"href":"https:\/\/www.article-marketing.eu\/comunicati\/wp-json\/wp\/v2\/posts"}],"about":[{"href":"https:\/\/www.article-marketing.eu\/comunicati\/wp-json\/wp\/v2\/types\/post"}],"author":[{"embeddable":true,"href":"https:\/\/www.article-marketing.eu\/comunicati\/wp-json\/wp\/v2\/users\/10"}],"replies":[{"embeddable":true,"href":"https:\/\/www.article-marketing.eu\/comunicati\/wp-json\/wp\/v2\/comments?post=909"}],"version-history":[{"count":0,"href":"https:\/\/www.article-marketing.eu\/comunicati\/wp-json\/wp\/v2\/posts\/909\/revisions"}],"wp:attachment":[{"href":"https:\/\/www.article-marketing.eu\/comunicati\/wp-json\/wp\/v2\/media?parent=909"}],"wp:term":[{"taxonomy":"category","embeddable":true,"href":"https:\/\/www.article-marketing.eu\/comunicati\/wp-json\/wp\/v2\/categories?post=909"},{"taxonomy":"post_tag","embeddable":true,"href":"https:\/\/www.article-marketing.eu\/comunicati\/wp-json\/wp\/v2\/tags?post=909"}],"curies":[{"name":"wp","href":"https:\/\/api.w.org\/{rel}","templated":true}]}}