{"id":91,"date":"2007-12-04T17:00:18","date_gmt":"2007-12-04T16:00:18","guid":{"rendered":"http:\/\/www.article-marketing.eu\/comunicati\/senza-categoria\/automobilismo-perche-non-emergono-piu-i-piloti-italiani\/"},"modified":"2007-12-04T17:00:18","modified_gmt":"2007-12-04T16:00:18","slug":"automobilismo-perche-non-emergono-piu-i-piloti-italiani","status":"publish","type":"post","link":"https:\/\/www.article-marketing.eu\/comunicati\/motori\/auto\/automobilismo-perche-non-emergono-piu-i-piloti-italiani\/","title":{"rendered":"Automobilismo &#8211; Perch\u00e8 non emergono pi\u00f9 i piloti italiani?"},"content":{"rendered":"<p><strong>Perch\u00e8 non emergono pi\u00f9 i piloti italiani?&nbsp;&nbsp;&nbsp;&nbsp;&nbsp;&nbsp;&nbsp;&nbsp;&nbsp; <\/strong><\/p>\n<p><u>Da tanto tempo non c&#8217;\u00e8 pi\u00f9 un nostro pilota in lizza per il titolo Mondiale: potr\u00e0 nascere anche da noi un fenomeno alla Hamilton?<\/u><\/p>\n<p>&nbsp;<\/p>\n<p>L&#8217;Italia, con tre piloti (Trulli, Fisichella e Liuzzi) \u00e8, dopo la Gran Bretagna e al pari della Germania, la nazione pi\u00f9 rappresentata in F.1. Niente male ma Toyota, Renault e Toro Rosso non valgono Ferrari, McLaren e <a href=\"https:\/\/www.article-marketing.eu\/motori\/auto\/\">Bmw<\/a>. Siamo convinti che in Italia ci siano talenti. Le corse non mancano, in particolare non mancano Team e costruttori di Kart (l&#8217;Italia \u00e8 il centro pi\u00f9 vivace della categoria: da Alonso a Rosberg, da Kubica ad Hamilton tutti sono passati da qui). Ma questo \u00e8 solo il primo passaggio. <\/p>\n<p>&nbsp;<\/p>\n<p>Poi ci vuole una buona dose di fortuna e qualcuno che creda a questi giovani, che li supporti pure in uno sport estremamente costoso. Trulli Fisichella e lo stesso Alonso (sostenutissimo dalla spagnola Telefonca) hanno potuto esordire in F.1. e mettersi in mostra grazie alla Minardi. Certo sarebbe meglio, come accaduto ad Hamilton, <strong>debuttare sulla ben pi\u00f9 competitiva McLaren<\/strong> che ha avuto coraggio ad investire sul giovane Lewis, ma che attua anche altre iniziative in favore dei giovani piloti. Da noi potrebbe farlo la Ferrari che, per\u00f2, pare spaventata dalle possibili pressioni e distrazioni che graverebbero su un italiano &quot;in rosso&quot;. <\/p>\n<p>&nbsp;<\/p>\n<p>Pensate, per\u00f2, quanto potrebbe giovare da un punto di vista promozionale a un nostro pilota un test con il Cavallino, o il ruolo di giovane tester come &quot;anticamera&quot; della F.1. D&#8217;altra parte un pilota si pu\u00f2 anche costruire, cio\u00e8 si possono affinarne le qualit\u00e0 fornendo opportunit\u00e0 di crescita e di esperienza come ha fatto McLaren con Hamilton. Ma anche come ha fatto, con successo, la Ferrari con Felipe Massa. Che per\u00f2 di italiano ha solamente il nome e qualche lontana ascendenza.<\/p>\n<p>&nbsp;<\/p>\n<p><strong>I 10 Azzurri pi\u00f9 presenti<\/strong><\/p>\n<p>Nella graduatoria non appaiono Alberto Ascari (32 GP corsi, 13 vinti) e Nino Farina (33 e 5), i soli italiani iridati, rispettivamente 2 volte (&#8217;52 e &#8217;53) e una (&#8217;50).<\/p>\n<p>&nbsp;<\/p>\n<table cellapdding=3 cellspacing=3>\n<tbody>\n<tr \/>\n<tr>\n<th>Pilota<\/th>\n<th>GP disputati<\/th>\n<th>Anno<\/th>\n<th>Vittori<\/th>\n<\/tr>\n<tr>\n<td>Riccardo Patrese<\/td>\n<td align=\"center\">256<\/td>\n<td align=\"center\">1977\/93<\/td>\n<td align=\"center\">6<\/td>\n<\/tr>\n<tr>\n<td>Andrea De Cesaris<\/td>\n<td align=\"center\">208<\/td>\n<td align=\"center\">1980\/94<\/td>\n<td align=\"center\">&#8211;<\/td>\n<\/tr>\n<tr>\n<td>Michele Alboreto<\/td>\n<td align=\"center\">194<\/td>\n<td align=\"center\">1981\/94<\/td>\n<td align=\"center\">5<\/td>\n<\/tr>\n<tr>\n<td>Giancarlo Fisichella<\/td>\n<td align=\"center\">181<\/td>\n<td align=\"center\">1996<\/td>\n<td align=\"center\">3<\/td>\n<\/tr>\n<tr>\n<td>Jarno Trulli<\/td>\n<td align=\"center\">168<\/td>\n<td align=\"center\">1997<\/td>\n<td align=\"center\">1<\/td>\n<\/tr>\n<tr>\n<td>Pierluigi Martini<\/td>\n<td align=\"center\">119<\/td>\n<td align=\"center\">1985\/95<\/td>\n<td align=\"center\">&#8211;<\/td>\n<\/tr>\n<tr>\n<td>Elio De Angelis<\/td>\n<td align=\"center\">108<\/td>\n<td align=\"center\">1979\/86<\/td>\n<td align=\"center\">&#8211;<\/td>\n<\/tr>\n<tr>\n<td>Ivan Capelli<\/td>\n<td align=\"center\">93<\/td>\n<td align=\"center\">1985\/93<\/td>\n<td align=\"center\">&#8211;<\/td>\n<\/tr>\n<tr>\n<td>Alessandro Nannini <\/td>\n<td align=\"center\">77<\/td>\n<td align=\"center\">1996\/90<\/td>\n<td align=\"center\">1<\/td>\n<\/tr>\n<tr>\n<td>Piercarlo Ghinzani<\/td>\n<td align=\"center\">76<\/td>\n<td align=\"center\">1981\/89<\/td>\n<td align=\"center\">&#8211;<\/td>\n<\/tr>\n<\/tbody>\n<\/table>\n","protected":false},"excerpt":{"rendered":"<p>Perch\u00e8 non emergono pi\u00f9 i piloti italiani?<br \/>\nDa tanto tempo non c&#8217;\u00e8 pi\u00f9 un nostro pilota in lizza per il titolo Mondiale: potr\u00e0 nascere anche da noi un fenomeno alla Hamilton?<\/p>\n<p>L&#8217;Italia, con tre piloti (Trulii, Fisichella e Liuzzi) \u00e8, dopo la Gran Bretagna e al pari della Germania, la nazione pi\u00f9 rappresentata in F.1. Niente male ma Toyota, Renault e Toro Rosso non valgono Ferrari, McLaren e Bmw. Siamo convinti che in Italia ci siano talenti. Le corse non mancano, in particolare non mancano Team e costruttori di Kart (l&#8217;Italia \u00e8 il centro pi\u00f9 vivace della categoria: da Alonso a Rosberg, da Kubica ad Hamilton tutti sono passati da qui). Ma questo \u00e8 solo il primo<\/p>\n","protected":false},"author":10,"featured_media":0,"comment_status":"open","ping_status":"open","sticky":false,"template":"","format":"standard","meta":{"cybocfi_hide_featured_image":"","footnotes":""},"categories":[352],"tags":[353,354,355],"class_list":["post-91","post","type-post","status-publish","format-standard","hentry","category-auto","tag-auto","tag-formula","tag-piloti"],"yoast_head":"<!-- This site is optimized with the Yoast SEO plugin v27.0 - https:\/\/yoast.com\/product\/yoast-seo-wordpress\/ -->\n<title>Automobilismo - Perch\u00e8 non emergono pi\u00f9 i piloti italiani? - Article Marketing<\/title>\n<meta name=\"robots\" content=\"index, follow, max-snippet:-1, max-image-preview:large, max-video-preview:-1\" \/>\n<link rel=\"canonical\" href=\"https:\/\/www.article-marketing.eu\/comunicati\/motori\/auto\/automobilismo-perche-non-emergono-piu-i-piloti-italiani\/\" \/>\n<meta property=\"og:locale\" content=\"it_IT\" \/>\n<meta property=\"og:type\" content=\"article\" \/>\n<meta property=\"og:title\" content=\"Automobilismo - Perch\u00e8 non emergono pi\u00f9 i piloti italiani? - Article Marketing\" \/>\n<meta property=\"og:description\" content=\"Perch\u00e8 non emergono pi\u00f9 i piloti italiani? Da tanto tempo non c&#039;\u00e8 pi\u00f9 un nostro pilota in lizza per il titolo Mondiale: potr\u00e0 nascere anche da noi un fenomeno alla Hamilton? L&#039;Italia, con tre piloti (Trulii, Fisichella e Liuzzi) \u00e8, dopo la Gran Bretagna e al pari della Germania, la nazione pi\u00f9 rappresentata in F.1. Niente male ma Toyota, Renault e Toro Rosso non valgono Ferrari, McLaren e Bmw. Siamo convinti che in Italia ci siano talenti. Le corse non mancano, in particolare non mancano Team e costruttori di Kart (l&#039;Italia \u00e8 il centro pi\u00f9 vivace della categoria: da Alonso a Rosberg, da Kubica ad Hamilton tutti sono passati da qui). Ma questo \u00e8 solo il primo\" \/>\n<meta property=\"og:url\" content=\"https:\/\/www.article-marketing.eu\/comunicati\/motori\/auto\/automobilismo-perche-non-emergono-piu-i-piloti-italiani\/\" \/>\n<meta property=\"og:site_name\" content=\"Article Marketing\" \/>\n<meta property=\"article:published_time\" content=\"2007-12-04T16:00:18+00:00\" \/>\n<meta name=\"author\" content=\"Redazione Comunicati Stampa\" \/>\n<meta name=\"twitter:card\" content=\"summary_large_image\" \/>\n<meta name=\"twitter:label1\" content=\"Scritto da\" \/>\n\t<meta name=\"twitter:data1\" content=\"Redazione Comunicati Stampa\" \/>\n\t<meta name=\"twitter:label2\" content=\"Tempo di lettura stimato\" \/>\n\t<meta name=\"twitter:data2\" content=\"2 minuti\" \/>\n<script type=\"application\/ld+json\" class=\"yoast-schema-graph\">{\"@context\":\"https:\/\/schema.org\",\"@graph\":[{\"@type\":\"Article\",\"@id\":\"https:\/\/www.article-marketing.eu\/comunicati\/motori\/auto\/automobilismo-perche-non-emergono-piu-i-piloti-italiani\/#article\",\"isPartOf\":{\"@id\":\"https:\/\/www.article-marketing.eu\/comunicati\/motori\/auto\/automobilismo-perche-non-emergono-piu-i-piloti-italiani\/\"},\"author\":{\"name\":\"Redazione Comunicati Stampa\",\"@id\":\"https:\/\/www.article-marketing.eu\/comunicati\/#\/schema\/person\/44372e4d4d0fa797b18e03ed1ace9017\"},\"headline\":\"Automobilismo &#8211; Perch\u00e8 non emergono pi\u00f9 i piloti italiani?\",\"datePublished\":\"2007-12-04T16:00:18+00:00\",\"mainEntityOfPage\":{\"@id\":\"https:\/\/www.article-marketing.eu\/comunicati\/motori\/auto\/automobilismo-perche-non-emergono-piu-i-piloti-italiani\/\"},\"wordCount\":384,\"commentCount\":0,\"keywords\":[\"auto\",\"formula\",\"piloti\"],\"articleSection\":[\"Auto\"],\"inLanguage\":\"it-IT\",\"potentialAction\":[{\"@type\":\"CommentAction\",\"name\":\"Comment\",\"target\":[\"https:\/\/www.article-marketing.eu\/comunicati\/motori\/auto\/automobilismo-perche-non-emergono-piu-i-piloti-italiani\/#respond\"]}]},{\"@type\":\"WebPage\",\"@id\":\"https:\/\/www.article-marketing.eu\/comunicati\/motori\/auto\/automobilismo-perche-non-emergono-piu-i-piloti-italiani\/\",\"url\":\"https:\/\/www.article-marketing.eu\/comunicati\/motori\/auto\/automobilismo-perche-non-emergono-piu-i-piloti-italiani\/\",\"name\":\"Automobilismo - Perch\u00e8 non emergono pi\u00f9 i piloti italiani? - Article Marketing\",\"isPartOf\":{\"@id\":\"https:\/\/www.article-marketing.eu\/comunicati\/#website\"},\"datePublished\":\"2007-12-04T16:00:18+00:00\",\"author\":{\"@id\":\"https:\/\/www.article-marketing.eu\/comunicati\/#\/schema\/person\/44372e4d4d0fa797b18e03ed1ace9017\"},\"breadcrumb\":{\"@id\":\"https:\/\/www.article-marketing.eu\/comunicati\/motori\/auto\/automobilismo-perche-non-emergono-piu-i-piloti-italiani\/#breadcrumb\"},\"inLanguage\":\"it-IT\",\"potentialAction\":[{\"@type\":\"ReadAction\",\"target\":[\"https:\/\/www.article-marketing.eu\/comunicati\/motori\/auto\/automobilismo-perche-non-emergono-piu-i-piloti-italiani\/\"]}]},{\"@type\":\"BreadcrumbList\",\"@id\":\"https:\/\/www.article-marketing.eu\/comunicati\/motori\/auto\/automobilismo-perche-non-emergono-piu-i-piloti-italiani\/#breadcrumb\",\"itemListElement\":[{\"@type\":\"ListItem\",\"position\":1,\"name\":\"Home\",\"item\":\"https:\/\/www.article-marketing.eu\/comunicati\/\"},{\"@type\":\"ListItem\",\"position\":2,\"name\":\"Automobilismo &#8211; Perch\u00e8 non emergono pi\u00f9 i piloti italiani?\"}]},{\"@type\":\"WebSite\",\"@id\":\"https:\/\/www.article-marketing.eu\/comunicati\/#website\",\"url\":\"https:\/\/www.article-marketing.eu\/comunicati\/\",\"name\":\"Article Marketing\",\"description\":\"article marketing &amp; press release\",\"potentialAction\":[{\"@type\":\"SearchAction\",\"target\":{\"@type\":\"EntryPoint\",\"urlTemplate\":\"https:\/\/www.article-marketing.eu\/comunicati\/?s={search_term_string}\"},\"query-input\":{\"@type\":\"PropertyValueSpecification\",\"valueRequired\":true,\"valueName\":\"search_term_string\"}}],\"inLanguage\":\"it-IT\"},{\"@type\":\"Person\",\"@id\":\"https:\/\/www.article-marketing.eu\/comunicati\/#\/schema\/person\/44372e4d4d0fa797b18e03ed1ace9017\",\"name\":\"Redazione Comunicati Stampa\",\"image\":{\"@type\":\"ImageObject\",\"inLanguage\":\"it-IT\",\"@id\":\"https:\/\/www.article-marketing.eu\/comunicati\/#\/schema\/person\/image\/\",\"url\":\"https:\/\/secure.gravatar.com\/avatar\/50e5c6421d3072f42e7ace803501602c60d75233d34e29fd05feb91c8760b792?s=96&d=mm&r=g\",\"contentUrl\":\"https:\/\/secure.gravatar.com\/avatar\/50e5c6421d3072f42e7ace803501602c60d75233d34e29fd05feb91c8760b792?s=96&d=mm&r=g\",\"caption\":\"Redazione Comunicati Stampa\"},\"url\":\"https:\/\/www.article-marketing.eu\/comunicati\/author\/redazione-comunicati-stampa\/\"}]}<\/script>\n<!-- \/ Yoast SEO plugin. -->","yoast_head_json":{"title":"Automobilismo - Perch\u00e8 non emergono pi\u00f9 i piloti italiani? - Article Marketing","robots":{"index":"index","follow":"follow","max-snippet":"max-snippet:-1","max-image-preview":"max-image-preview:large","max-video-preview":"max-video-preview:-1"},"canonical":"https:\/\/www.article-marketing.eu\/comunicati\/motori\/auto\/automobilismo-perche-non-emergono-piu-i-piloti-italiani\/","og_locale":"it_IT","og_type":"article","og_title":"Automobilismo - Perch\u00e8 non emergono pi\u00f9 i piloti italiani? - Article Marketing","og_description":"Perch\u00e8 non emergono pi\u00f9 i piloti italiani? Da tanto tempo non c'\u00e8 pi\u00f9 un nostro pilota in lizza per il titolo Mondiale: potr\u00e0 nascere anche da noi un fenomeno alla Hamilton? L'Italia, con tre piloti (Trulii, Fisichella e Liuzzi) \u00e8, dopo la Gran Bretagna e al pari della Germania, la nazione pi\u00f9 rappresentata in F.1. Niente male ma Toyota, Renault e Toro Rosso non valgono Ferrari, McLaren e Bmw. Siamo convinti che in Italia ci siano talenti. Le corse non mancano, in particolare non mancano Team e costruttori di Kart (l'Italia \u00e8 il centro pi\u00f9 vivace della categoria: da Alonso a Rosberg, da Kubica ad Hamilton tutti sono passati da qui). Ma questo \u00e8 solo il primo","og_url":"https:\/\/www.article-marketing.eu\/comunicati\/motori\/auto\/automobilismo-perche-non-emergono-piu-i-piloti-italiani\/","og_site_name":"Article Marketing","article_published_time":"2007-12-04T16:00:18+00:00","author":"Redazione Comunicati Stampa","twitter_card":"summary_large_image","twitter_misc":{"Scritto da":"Redazione Comunicati Stampa","Tempo di lettura stimato":"2 minuti"},"schema":{"@context":"https:\/\/schema.org","@graph":[{"@type":"Article","@id":"https:\/\/www.article-marketing.eu\/comunicati\/motori\/auto\/automobilismo-perche-non-emergono-piu-i-piloti-italiani\/#article","isPartOf":{"@id":"https:\/\/www.article-marketing.eu\/comunicati\/motori\/auto\/automobilismo-perche-non-emergono-piu-i-piloti-italiani\/"},"author":{"name":"Redazione Comunicati Stampa","@id":"https:\/\/www.article-marketing.eu\/comunicati\/#\/schema\/person\/44372e4d4d0fa797b18e03ed1ace9017"},"headline":"Automobilismo &#8211; Perch\u00e8 non emergono pi\u00f9 i piloti italiani?","datePublished":"2007-12-04T16:00:18+00:00","mainEntityOfPage":{"@id":"https:\/\/www.article-marketing.eu\/comunicati\/motori\/auto\/automobilismo-perche-non-emergono-piu-i-piloti-italiani\/"},"wordCount":384,"commentCount":0,"keywords":["auto","formula","piloti"],"articleSection":["Auto"],"inLanguage":"it-IT","potentialAction":[{"@type":"CommentAction","name":"Comment","target":["https:\/\/www.article-marketing.eu\/comunicati\/motori\/auto\/automobilismo-perche-non-emergono-piu-i-piloti-italiani\/#respond"]}]},{"@type":"WebPage","@id":"https:\/\/www.article-marketing.eu\/comunicati\/motori\/auto\/automobilismo-perche-non-emergono-piu-i-piloti-italiani\/","url":"https:\/\/www.article-marketing.eu\/comunicati\/motori\/auto\/automobilismo-perche-non-emergono-piu-i-piloti-italiani\/","name":"Automobilismo - Perch\u00e8 non emergono pi\u00f9 i piloti italiani? - Article Marketing","isPartOf":{"@id":"https:\/\/www.article-marketing.eu\/comunicati\/#website"},"datePublished":"2007-12-04T16:00:18+00:00","author":{"@id":"https:\/\/www.article-marketing.eu\/comunicati\/#\/schema\/person\/44372e4d4d0fa797b18e03ed1ace9017"},"breadcrumb":{"@id":"https:\/\/www.article-marketing.eu\/comunicati\/motori\/auto\/automobilismo-perche-non-emergono-piu-i-piloti-italiani\/#breadcrumb"},"inLanguage":"it-IT","potentialAction":[{"@type":"ReadAction","target":["https:\/\/www.article-marketing.eu\/comunicati\/motori\/auto\/automobilismo-perche-non-emergono-piu-i-piloti-italiani\/"]}]},{"@type":"BreadcrumbList","@id":"https:\/\/www.article-marketing.eu\/comunicati\/motori\/auto\/automobilismo-perche-non-emergono-piu-i-piloti-italiani\/#breadcrumb","itemListElement":[{"@type":"ListItem","position":1,"name":"Home","item":"https:\/\/www.article-marketing.eu\/comunicati\/"},{"@type":"ListItem","position":2,"name":"Automobilismo &#8211; Perch\u00e8 non emergono pi\u00f9 i piloti italiani?"}]},{"@type":"WebSite","@id":"https:\/\/www.article-marketing.eu\/comunicati\/#website","url":"https:\/\/www.article-marketing.eu\/comunicati\/","name":"Article Marketing","description":"article marketing &amp; press release","potentialAction":[{"@type":"SearchAction","target":{"@type":"EntryPoint","urlTemplate":"https:\/\/www.article-marketing.eu\/comunicati\/?s={search_term_string}"},"query-input":{"@type":"PropertyValueSpecification","valueRequired":true,"valueName":"search_term_string"}}],"inLanguage":"it-IT"},{"@type":"Person","@id":"https:\/\/www.article-marketing.eu\/comunicati\/#\/schema\/person\/44372e4d4d0fa797b18e03ed1ace9017","name":"Redazione Comunicati Stampa","image":{"@type":"ImageObject","inLanguage":"it-IT","@id":"https:\/\/www.article-marketing.eu\/comunicati\/#\/schema\/person\/image\/","url":"https:\/\/secure.gravatar.com\/avatar\/50e5c6421d3072f42e7ace803501602c60d75233d34e29fd05feb91c8760b792?s=96&d=mm&r=g","contentUrl":"https:\/\/secure.gravatar.com\/avatar\/50e5c6421d3072f42e7ace803501602c60d75233d34e29fd05feb91c8760b792?s=96&d=mm&r=g","caption":"Redazione Comunicati Stampa"},"url":"https:\/\/www.article-marketing.eu\/comunicati\/author\/redazione-comunicati-stampa\/"}]}},"_links":{"self":[{"href":"https:\/\/www.article-marketing.eu\/comunicati\/wp-json\/wp\/v2\/posts\/91","targetHints":{"allow":["GET"]}}],"collection":[{"href":"https:\/\/www.article-marketing.eu\/comunicati\/wp-json\/wp\/v2\/posts"}],"about":[{"href":"https:\/\/www.article-marketing.eu\/comunicati\/wp-json\/wp\/v2\/types\/post"}],"author":[{"embeddable":true,"href":"https:\/\/www.article-marketing.eu\/comunicati\/wp-json\/wp\/v2\/users\/10"}],"replies":[{"embeddable":true,"href":"https:\/\/www.article-marketing.eu\/comunicati\/wp-json\/wp\/v2\/comments?post=91"}],"version-history":[{"count":0,"href":"https:\/\/www.article-marketing.eu\/comunicati\/wp-json\/wp\/v2\/posts\/91\/revisions"}],"wp:attachment":[{"href":"https:\/\/www.article-marketing.eu\/comunicati\/wp-json\/wp\/v2\/media?parent=91"}],"wp:term":[{"taxonomy":"category","embeddable":true,"href":"https:\/\/www.article-marketing.eu\/comunicati\/wp-json\/wp\/v2\/categories?post=91"},{"taxonomy":"post_tag","embeddable":true,"href":"https:\/\/www.article-marketing.eu\/comunicati\/wp-json\/wp\/v2\/tags?post=91"}],"curies":[{"name":"wp","href":"https:\/\/api.w.org\/{rel}","templated":true}]}}