{"id":913,"date":"2008-11-18T12:30:38","date_gmt":"2008-11-18T11:30:38","guid":{"rendered":"http:\/\/www.article-marketing.eu\/comunicati\/senza-categoria\/la-nuova-audi-q5-sta-per-arrivare-in-anteprima-da-carcomauto\/"},"modified":"2008-11-18T12:30:38","modified_gmt":"2008-11-18T11:30:38","slug":"la-nuova-audi-q5-sta-per-arrivare-in-anteprima-da-carcomauto","status":"publish","type":"post","link":"https:\/\/www.article-marketing.eu\/comunicati\/motori\/auto\/la-nuova-audi-q5-sta-per-arrivare-in-anteprima-da-carcomauto\/","title":{"rendered":"La nuova Audi Q5 sta per arrivare: in anteprima da CARcomauto"},"content":{"rendered":"<p>Continuano gli eventi CARcomauto!<\/p>\n<p>Sabato 22 e Domenica 23 Novembre dalle 9:00 alle 13:00 e dalle 15:00 alle 19:00 Porte Apetre CAR Comauto per la presentazione in anteprima della nuova Audi Q5 presso la Concessionaria Audi Carcomauto (sede esclusiva) Via Gadames \/ Via Bressanone (pl. Kennedy).&nbsp; <a href=\"http:\/\/www.carcomauto.it\/\">www.carcomauto.it<\/a><\/p>\n<p>Nuova Audi Q5: il SUV della nuova generazione: massima efficienza senza rinunciare al piacere della guida, sportivit\u00e0 senza pregiudicare la maneggevolezza.<\/p>\n<p>Un nuovo modo di pensare nasce solo attraverso un cambiamento: Audi, da sempre, segue questo principio per costruire automobili che impongano nuovi&nbsp; standard.<br \/>A bordo si \u00e8 circondati da una qualit\u00e0 di livello superiore, con un\u2019estrema attenzione ai particolari e numerose funzioni intelligenti; per rendere intensamente piacevole ogni viaggio su Audi Q5. <\/p>\n<p>L&#8217;anima di questo muovo SUV firmato Audi \u00e8 estremamente sportiva. Le sue forme sono inconfondibili. in particolare il design progressivo \u00e8 caratterizzato dalla linea del tetto in puro stile coup\u00e9, pronta a trasmettere in modo immediato il dinamismo di questa vettura. Questa caratteristica espressia rende disponibile ad Audi Q5 di fregiarsi delmiglior coefficiente di resistenzaareodinamica della sua categoria.<\/p>\n<p>L&#8217;Audi Q5 acquista molta flessibilit\u00e0 grazieal suo multifunzionale concetto di sedili e vano di carico, che si possono utilizzare nelle pi\u00f9 sveriate situazioni: \u00e8 infatti possibile trasformarein modo variabile una parte delvano passeggeriin un ulteriore&nbsp;piano di carico. I bagagli e altri oggetti possono essere fissaticon sicurezza al proprio posto.<\/p>\n<p>Sono numerose le innovazioni tecniche in dotazione alla nuova Audi Q5, ad esempio l&#8217;assistente di cambio di corsia (a partire da una velocit\u00e0 di 30 km\/h): il sistema controlla la zona laterale posteriore al veicolo in movimento e informa il conducente tramite un segnale nellospecchiettoe sterno, qualora rilevi un altroveicolo nella corsia a fianco.<\/p>\n<p>Con oltre 40 anni di esperienza nel settore della vendita di automobili, Car comauto garantisce tutta l&#8217;assistenza necessaria nell&#8217;acquisto del nuovo, km 0, pronta consegna e usato garantito. <\/p>\n<p>Partecipare alle giornate Porte Aperte Carcomauto significa toccare con mano il valore e il comfort di una vera fuoriclasse. <\/p>\n<p>Sul sito www.carcomauto.it sono disponibili maggiori informazioni sulla nuova Q5<br \/>Il sito Carcomauto \u00e8 iPhone ready e presto sar\u00e0 implementato con una versione ad hoc.<\/p>\n<p>Vi aspettiamo!<\/p>\n<p>Carcomauto \u2013 Concessionaria Audi Milano (sede esclusiva)<br \/>Via Gadames \/ Via Bressanone (pl. Kennedy) <br \/>Orari: Lun\/Ven 9:00 &#8211; 19:00 orario continuato \/ Sab 9-13\/15-19<br \/>www.carcomauto.it<\/p>\n<p>&nbsp;<\/p>\n<p>Ufficio Stampa Art\u00e9mida<\/p>\n<p>Per CARcomauto: Emanuela Lodolo &#8211; e.lodolo@artemida.it <\/p>\n<p>Art\u00e9mida<br \/>Via Serbelloni, 9 \u2013 20122 Milano \u2013 Tel: 02. 36558911 \u2013 Fax: 02. 36558731 \u2013 www.artemida.it<\/p>\n<p>&nbsp;<\/p>\n","protected":false},"excerpt":{"rendered":"<p>Sabato 22 e Domenica 23 Novembre dalle 9:00 alle 13:00 e dalle 15:00 alle 19:00 Porte Apetre CAR Comauto per la presentazione in anteprima della nuova Audi Q5 presso la Concessionaria Audi Carcomauto (sede esclusiva) Via Gadames \/ Via Bressanone (pl. Kennedy).  www.carcomauto.it<\/p>\n","protected":false},"author":10,"featured_media":0,"comment_status":"open","ping_status":"open","sticky":false,"template":"","format":"standard","meta":{"cybocfi_hide_featured_image":"","footnotes":""},"categories":[352],"tags":[3158,3159,3160,3161,3163,3162],"class_list":["post-913","post","type-post","status-publish","format-standard","hentry","category-auto","tag-concessioanio","tag-concessioanria-audi-milano","tag-concessioanria-volkswagen-milano","tag-nuova-audi","tag-q5","tag-suv"],"yoast_head":"<!-- This site is optimized with the Yoast SEO plugin v27.0 - https:\/\/yoast.com\/product\/yoast-seo-wordpress\/ -->\n<title>La nuova Audi Q5 sta per arrivare: in anteprima da CARcomauto - Article Marketing<\/title>\n<meta name=\"robots\" content=\"index, follow, max-snippet:-1, max-image-preview:large, max-video-preview:-1\" \/>\n<link rel=\"canonical\" href=\"https:\/\/www.article-marketing.eu\/comunicati\/motori\/auto\/la-nuova-audi-q5-sta-per-arrivare-in-anteprima-da-carcomauto\/\" \/>\n<meta property=\"og:locale\" content=\"it_IT\" \/>\n<meta property=\"og:type\" content=\"article\" \/>\n<meta property=\"og:title\" content=\"La nuova Audi Q5 sta per arrivare: in anteprima da CARcomauto - Article Marketing\" \/>\n<meta property=\"og:description\" content=\"Sabato 22 e Domenica 23 Novembre dalle 9:00 alle 13:00 e dalle 15:00 alle 19:00 Porte Apetre CAR Comauto per la presentazione in anteprima della nuova Audi Q5 presso la Concessionaria Audi Carcomauto (sede esclusiva) Via Gadames \/ Via Bressanone (pl. Kennedy). www.carcomauto.it\" \/>\n<meta property=\"og:url\" content=\"https:\/\/www.article-marketing.eu\/comunicati\/motori\/auto\/la-nuova-audi-q5-sta-per-arrivare-in-anteprima-da-carcomauto\/\" \/>\n<meta property=\"og:site_name\" content=\"Article Marketing\" \/>\n<meta property=\"article:published_time\" content=\"2008-11-18T11:30:38+00:00\" \/>\n<meta name=\"author\" content=\"Redazione Comunicati Stampa\" \/>\n<meta name=\"twitter:card\" content=\"summary_large_image\" \/>\n<meta name=\"twitter:label1\" content=\"Scritto da\" \/>\n\t<meta name=\"twitter:data1\" content=\"Redazione Comunicati Stampa\" \/>\n\t<meta name=\"twitter:label2\" content=\"Tempo di lettura stimato\" \/>\n\t<meta name=\"twitter:data2\" content=\"2 minuti\" \/>\n<script type=\"application\/ld+json\" class=\"yoast-schema-graph\">{\"@context\":\"https:\/\/schema.org\",\"@graph\":[{\"@type\":\"Article\",\"@id\":\"https:\/\/www.article-marketing.eu\/comunicati\/motori\/auto\/la-nuova-audi-q5-sta-per-arrivare-in-anteprima-da-carcomauto\/#article\",\"isPartOf\":{\"@id\":\"https:\/\/www.article-marketing.eu\/comunicati\/motori\/auto\/la-nuova-audi-q5-sta-per-arrivare-in-anteprima-da-carcomauto\/\"},\"author\":{\"name\":\"Redazione Comunicati Stampa\",\"@id\":\"https:\/\/www.article-marketing.eu\/comunicati\/#\/schema\/person\/44372e4d4d0fa797b18e03ed1ace9017\"},\"headline\":\"La nuova Audi Q5 sta per arrivare: in anteprima da CARcomauto\",\"datePublished\":\"2008-11-18T11:30:38+00:00\",\"mainEntityOfPage\":{\"@id\":\"https:\/\/www.article-marketing.eu\/comunicati\/motori\/auto\/la-nuova-audi-q5-sta-per-arrivare-in-anteprima-da-carcomauto\/\"},\"wordCount\":409,\"commentCount\":0,\"keywords\":[\"concessioanio\",\"concessioanria audi milano\",\"concessioanria Volkswagen milano\",\"nuova audi\",\"Q5\",\"suv\"],\"articleSection\":[\"Auto\"],\"inLanguage\":\"it-IT\",\"potentialAction\":[{\"@type\":\"CommentAction\",\"name\":\"Comment\",\"target\":[\"https:\/\/www.article-marketing.eu\/comunicati\/motori\/auto\/la-nuova-audi-q5-sta-per-arrivare-in-anteprima-da-carcomauto\/#respond\"]}]},{\"@type\":\"WebPage\",\"@id\":\"https:\/\/www.article-marketing.eu\/comunicati\/motori\/auto\/la-nuova-audi-q5-sta-per-arrivare-in-anteprima-da-carcomauto\/\",\"url\":\"https:\/\/www.article-marketing.eu\/comunicati\/motori\/auto\/la-nuova-audi-q5-sta-per-arrivare-in-anteprima-da-carcomauto\/\",\"name\":\"La nuova Audi Q5 sta per arrivare: in anteprima da CARcomauto - Article Marketing\",\"isPartOf\":{\"@id\":\"https:\/\/www.article-marketing.eu\/comunicati\/#website\"},\"datePublished\":\"2008-11-18T11:30:38+00:00\",\"author\":{\"@id\":\"https:\/\/www.article-marketing.eu\/comunicati\/#\/schema\/person\/44372e4d4d0fa797b18e03ed1ace9017\"},\"breadcrumb\":{\"@id\":\"https:\/\/www.article-marketing.eu\/comunicati\/motori\/auto\/la-nuova-audi-q5-sta-per-arrivare-in-anteprima-da-carcomauto\/#breadcrumb\"},\"inLanguage\":\"it-IT\",\"potentialAction\":[{\"@type\":\"ReadAction\",\"target\":[\"https:\/\/www.article-marketing.eu\/comunicati\/motori\/auto\/la-nuova-audi-q5-sta-per-arrivare-in-anteprima-da-carcomauto\/\"]}]},{\"@type\":\"BreadcrumbList\",\"@id\":\"https:\/\/www.article-marketing.eu\/comunicati\/motori\/auto\/la-nuova-audi-q5-sta-per-arrivare-in-anteprima-da-carcomauto\/#breadcrumb\",\"itemListElement\":[{\"@type\":\"ListItem\",\"position\":1,\"name\":\"Home\",\"item\":\"https:\/\/www.article-marketing.eu\/comunicati\/\"},{\"@type\":\"ListItem\",\"position\":2,\"name\":\"La nuova Audi Q5 sta per arrivare: in anteprima da CARcomauto\"}]},{\"@type\":\"WebSite\",\"@id\":\"https:\/\/www.article-marketing.eu\/comunicati\/#website\",\"url\":\"https:\/\/www.article-marketing.eu\/comunicati\/\",\"name\":\"Article Marketing\",\"description\":\"article marketing &amp; press release\",\"potentialAction\":[{\"@type\":\"SearchAction\",\"target\":{\"@type\":\"EntryPoint\",\"urlTemplate\":\"https:\/\/www.article-marketing.eu\/comunicati\/?s={search_term_string}\"},\"query-input\":{\"@type\":\"PropertyValueSpecification\",\"valueRequired\":true,\"valueName\":\"search_term_string\"}}],\"inLanguage\":\"it-IT\"},{\"@type\":\"Person\",\"@id\":\"https:\/\/www.article-marketing.eu\/comunicati\/#\/schema\/person\/44372e4d4d0fa797b18e03ed1ace9017\",\"name\":\"Redazione Comunicati Stampa\",\"image\":{\"@type\":\"ImageObject\",\"inLanguage\":\"it-IT\",\"@id\":\"https:\/\/www.article-marketing.eu\/comunicati\/#\/schema\/person\/image\/\",\"url\":\"https:\/\/secure.gravatar.com\/avatar\/50e5c6421d3072f42e7ace803501602c60d75233d34e29fd05feb91c8760b792?s=96&d=mm&r=g\",\"contentUrl\":\"https:\/\/secure.gravatar.com\/avatar\/50e5c6421d3072f42e7ace803501602c60d75233d34e29fd05feb91c8760b792?s=96&d=mm&r=g\",\"caption\":\"Redazione Comunicati Stampa\"},\"url\":\"https:\/\/www.article-marketing.eu\/comunicati\/author\/redazione-comunicati-stampa\/\"}]}<\/script>\n<!-- \/ Yoast SEO plugin. -->","yoast_head_json":{"title":"La nuova Audi Q5 sta per arrivare: in anteprima da CARcomauto - Article Marketing","robots":{"index":"index","follow":"follow","max-snippet":"max-snippet:-1","max-image-preview":"max-image-preview:large","max-video-preview":"max-video-preview:-1"},"canonical":"https:\/\/www.article-marketing.eu\/comunicati\/motori\/auto\/la-nuova-audi-q5-sta-per-arrivare-in-anteprima-da-carcomauto\/","og_locale":"it_IT","og_type":"article","og_title":"La nuova Audi Q5 sta per arrivare: in anteprima da CARcomauto - Article Marketing","og_description":"Sabato 22 e Domenica 23 Novembre dalle 9:00 alle 13:00 e dalle 15:00 alle 19:00 Porte Apetre CAR Comauto per la presentazione in anteprima della nuova Audi Q5 presso la Concessionaria Audi Carcomauto (sede esclusiva) Via Gadames \/ Via Bressanone (pl. Kennedy). www.carcomauto.it","og_url":"https:\/\/www.article-marketing.eu\/comunicati\/motori\/auto\/la-nuova-audi-q5-sta-per-arrivare-in-anteprima-da-carcomauto\/","og_site_name":"Article Marketing","article_published_time":"2008-11-18T11:30:38+00:00","author":"Redazione Comunicati Stampa","twitter_card":"summary_large_image","twitter_misc":{"Scritto da":"Redazione Comunicati Stampa","Tempo di lettura stimato":"2 minuti"},"schema":{"@context":"https:\/\/schema.org","@graph":[{"@type":"Article","@id":"https:\/\/www.article-marketing.eu\/comunicati\/motori\/auto\/la-nuova-audi-q5-sta-per-arrivare-in-anteprima-da-carcomauto\/#article","isPartOf":{"@id":"https:\/\/www.article-marketing.eu\/comunicati\/motori\/auto\/la-nuova-audi-q5-sta-per-arrivare-in-anteprima-da-carcomauto\/"},"author":{"name":"Redazione Comunicati Stampa","@id":"https:\/\/www.article-marketing.eu\/comunicati\/#\/schema\/person\/44372e4d4d0fa797b18e03ed1ace9017"},"headline":"La nuova Audi Q5 sta per arrivare: in anteprima da CARcomauto","datePublished":"2008-11-18T11:30:38+00:00","mainEntityOfPage":{"@id":"https:\/\/www.article-marketing.eu\/comunicati\/motori\/auto\/la-nuova-audi-q5-sta-per-arrivare-in-anteprima-da-carcomauto\/"},"wordCount":409,"commentCount":0,"keywords":["concessioanio","concessioanria audi milano","concessioanria Volkswagen milano","nuova audi","Q5","suv"],"articleSection":["Auto"],"inLanguage":"it-IT","potentialAction":[{"@type":"CommentAction","name":"Comment","target":["https:\/\/www.article-marketing.eu\/comunicati\/motori\/auto\/la-nuova-audi-q5-sta-per-arrivare-in-anteprima-da-carcomauto\/#respond"]}]},{"@type":"WebPage","@id":"https:\/\/www.article-marketing.eu\/comunicati\/motori\/auto\/la-nuova-audi-q5-sta-per-arrivare-in-anteprima-da-carcomauto\/","url":"https:\/\/www.article-marketing.eu\/comunicati\/motori\/auto\/la-nuova-audi-q5-sta-per-arrivare-in-anteprima-da-carcomauto\/","name":"La nuova Audi Q5 sta per arrivare: in anteprima da CARcomauto - Article Marketing","isPartOf":{"@id":"https:\/\/www.article-marketing.eu\/comunicati\/#website"},"datePublished":"2008-11-18T11:30:38+00:00","author":{"@id":"https:\/\/www.article-marketing.eu\/comunicati\/#\/schema\/person\/44372e4d4d0fa797b18e03ed1ace9017"},"breadcrumb":{"@id":"https:\/\/www.article-marketing.eu\/comunicati\/motori\/auto\/la-nuova-audi-q5-sta-per-arrivare-in-anteprima-da-carcomauto\/#breadcrumb"},"inLanguage":"it-IT","potentialAction":[{"@type":"ReadAction","target":["https:\/\/www.article-marketing.eu\/comunicati\/motori\/auto\/la-nuova-audi-q5-sta-per-arrivare-in-anteprima-da-carcomauto\/"]}]},{"@type":"BreadcrumbList","@id":"https:\/\/www.article-marketing.eu\/comunicati\/motori\/auto\/la-nuova-audi-q5-sta-per-arrivare-in-anteprima-da-carcomauto\/#breadcrumb","itemListElement":[{"@type":"ListItem","position":1,"name":"Home","item":"https:\/\/www.article-marketing.eu\/comunicati\/"},{"@type":"ListItem","position":2,"name":"La nuova Audi Q5 sta per arrivare: in anteprima da CARcomauto"}]},{"@type":"WebSite","@id":"https:\/\/www.article-marketing.eu\/comunicati\/#website","url":"https:\/\/www.article-marketing.eu\/comunicati\/","name":"Article Marketing","description":"article marketing &amp; press release","potentialAction":[{"@type":"SearchAction","target":{"@type":"EntryPoint","urlTemplate":"https:\/\/www.article-marketing.eu\/comunicati\/?s={search_term_string}"},"query-input":{"@type":"PropertyValueSpecification","valueRequired":true,"valueName":"search_term_string"}}],"inLanguage":"it-IT"},{"@type":"Person","@id":"https:\/\/www.article-marketing.eu\/comunicati\/#\/schema\/person\/44372e4d4d0fa797b18e03ed1ace9017","name":"Redazione Comunicati Stampa","image":{"@type":"ImageObject","inLanguage":"it-IT","@id":"https:\/\/www.article-marketing.eu\/comunicati\/#\/schema\/person\/image\/","url":"https:\/\/secure.gravatar.com\/avatar\/50e5c6421d3072f42e7ace803501602c60d75233d34e29fd05feb91c8760b792?s=96&d=mm&r=g","contentUrl":"https:\/\/secure.gravatar.com\/avatar\/50e5c6421d3072f42e7ace803501602c60d75233d34e29fd05feb91c8760b792?s=96&d=mm&r=g","caption":"Redazione Comunicati Stampa"},"url":"https:\/\/www.article-marketing.eu\/comunicati\/author\/redazione-comunicati-stampa\/"}]}},"_links":{"self":[{"href":"https:\/\/www.article-marketing.eu\/comunicati\/wp-json\/wp\/v2\/posts\/913","targetHints":{"allow":["GET"]}}],"collection":[{"href":"https:\/\/www.article-marketing.eu\/comunicati\/wp-json\/wp\/v2\/posts"}],"about":[{"href":"https:\/\/www.article-marketing.eu\/comunicati\/wp-json\/wp\/v2\/types\/post"}],"author":[{"embeddable":true,"href":"https:\/\/www.article-marketing.eu\/comunicati\/wp-json\/wp\/v2\/users\/10"}],"replies":[{"embeddable":true,"href":"https:\/\/www.article-marketing.eu\/comunicati\/wp-json\/wp\/v2\/comments?post=913"}],"version-history":[{"count":0,"href":"https:\/\/www.article-marketing.eu\/comunicati\/wp-json\/wp\/v2\/posts\/913\/revisions"}],"wp:attachment":[{"href":"https:\/\/www.article-marketing.eu\/comunicati\/wp-json\/wp\/v2\/media?parent=913"}],"wp:term":[{"taxonomy":"category","embeddable":true,"href":"https:\/\/www.article-marketing.eu\/comunicati\/wp-json\/wp\/v2\/categories?post=913"},{"taxonomy":"post_tag","embeddable":true,"href":"https:\/\/www.article-marketing.eu\/comunicati\/wp-json\/wp\/v2\/tags?post=913"}],"curies":[{"name":"wp","href":"https:\/\/api.w.org\/{rel}","templated":true}]}}