{"id":916,"date":"2008-11-19T15:57:18","date_gmt":"2008-11-19T14:57:18","guid":{"rendered":"http:\/\/www.article-marketing.eu\/comunicati\/senza-categoria\/arti-e-mestieri-expo-a-roma-dicembre-2008\/"},"modified":"2008-11-19T15:57:18","modified_gmt":"2008-11-19T14:57:18","slug":"arti-e-mestieri-expo-a-roma-dicembre-2008","status":"publish","type":"post","link":"https:\/\/www.article-marketing.eu\/comunicati\/comunicati-stampa\/eventi\/arti-e-mestieri-expo-a-roma-dicembre-2008\/","title":{"rendered":"Arti e mestieri Expo a Roma dicembre 2008"},"content":{"rendered":"<p>Questa fama \u00e8 dovuta alla lunga tradizione artigianale che caratterizza il Belpaese, dove ancora oggi, nell\u2019epoca della produzione industriale in serie, i piccoli imprenditori e gli artigiani continuano a giocare un ruolo importante nell\u2019affermare, in Italia come all\u2019estero, la qualit\u00e0 dei prodotti realizzati artigianalmente, nonch\u00e9 la cultura e la tradizione che stanno sotto a tale tipo di lavorazione. <\/p>\n<p>Per celebrare i prodotti italiani come ogni anno viene organizzata nella capitale romana una fiera dedicata all\u2019artigianato e all\u2019enogastronomia: la \u201cArti e Mestieri Expo\u201d, che si terr\u00e0 dall\u201911 al 14 dicembre negli spazi espositivi della nuova fiera di Roma, che attira molti turisti per la felicit\u00e0 dei vari <a href=\"http:\/\/it.flashbooking.com\/navigation\/europe_italia_roma_hotel-_all.html\">hotel economici di Roma<\/a>. La fiera, che si svilupper\u00e0 su 20.000 mq ospitando centinaia di espositori provenienti da tutta Italia, sar\u00e0 l\u2019occasione ideale per tutti coloro che vorranno ritrovare sapori autentici e prodotti realizzati con massima cura e maestria. Ci sar\u00e0 spazio per vari settori merceologici: abbigliamento, arredamento, oggettistica e articoli da regalo, oreficeria e gioielleria, prodotti biologici e naturali, servizi per la persona, la casa e le imprese, stampa di settore, e naturalmente, il settore eno-gastronomico. Questa variet\u00e0 di settori avr\u00e0 per\u00f2, come comune denominatore, la lavorazione rigorosamente artigianale dei prodotti, che assume una particolare importanza perch\u00e9 \u00e8 proprio l\u2019artigianato che ci permette di non dimenticare le tradizioni del passato e ci aiuta invece ad unire i mestieri e le arti tipiche della nostra storia e cultura con nuovi metodi di lavorazione e nuovi materiali, dando cos\u00ec vita a prodotti unici, originali e di valore.<\/p>\n<p>I visitatori della fiera (la scorsa edizione della fiera ne ha attirati circa 50.000), che possono anche permettersi di alloggiare presso un hotel 5 stelle Roma, avranno dunque la possibilit\u00e0 di conoscere i prodotti regionali italiani (lo spazio espositivo sar\u00e0 infatti suddiviso in aree tematiche e geografiche, in modo da rappresentare al meglio le diverse tradizioni regionali italiane) e, dato che la fiera si svolge a pochi giorni dalle festivit\u00e0 natalizie, di acquistare dei regali originali che di sicuro verranno apprezzati. I pi\u00f9 golosi, o semplicemente gli amanti del cibo buono e genuino, si soffermeranno sicuramente sui numerosi stand eno-gastronomici, che anche in questo caso proporranno un\u2019ampia panoramica sulle numerose variet\u00e0 regionali che contraddistinguono il Belpaese. In particolare nell\u2019edizione di quest\u2019anno verr\u00e0 dato particolare rilievo alla produzione della birra artigianale di qualit\u00e0, e la fiera ospiter\u00e0 i migliori birrifici a livello internazionale.<\/p>\n<p>Durante la fiera ci sar\u00e0 spazio anche per laboratori e momenti di intrattenimento, come per esempio degli spettacoli durante i quali dei maestri d\u2019arte illustreranno dal vivo particolari tecniche di lavorazione, ma le passate edizioni hanno ospitato anche sfilate di moda, attivit\u00e0 per bambini e aree dedicate alla predisposizione di pacchi natalizi.<\/p>\n<p>Chi non conosce la tradizione artigianale ed enogastronomia dell\u2019Italia? Se volete immergervi completamente in queste gustose materie, prenotate subito uno dei tanti alberghi di Roma e visitate, oltre che le meraviglie della citt\u00e0, anche la fiera delle arti e dei mestieri!<\/p>\n<p>Biglietti: evento gratuito<br \/>\nDate: 11-14 Dicembre 2008<br \/>\nDove: Nuova Fiera di Roma, Roma, Italia<\/p>\n","protected":false},"excerpt":{"rendered":"<p>L\u2019Italia \u00e8 famosa in tutto il mondo, oltre che per il suo immenso patrimonio artistico e per la sua storia, anche per i suoi prodotti, sia che si tratti di prodotti eno-gastronomici  (il mondo intero invidia la nostra cucina e la nostra grande variet\u00e0 di vini), sia che si tratti di prodotti artigianali di vario tipo: dall\u2019abbigliamento all\u2019oreficeria, il marchio \u201cmade in Italy\u201d \u00e8 sinonimo di qualit\u00e0, gusto estetico e lavorazione artigianale.<\/p>\n","protected":false},"author":10,"featured_media":0,"comment_status":"open","ping_status":"open","sticky":false,"template":"","format":"standard","meta":{"cybocfi_hide_featured_image":"","footnotes":""},"categories":[388],"tags":[3167,2437,251],"class_list":["post-916","post","type-post","status-publish","format-standard","hentry","category-eventi","tag-artigianato","tag-fiera","tag-roma"],"yoast_head":"<!-- This site is optimized with the Yoast SEO plugin v27.0 - https:\/\/yoast.com\/product\/yoast-seo-wordpress\/ -->\n<title>Arti e mestieri Expo a Roma dicembre 2008 - Article Marketing<\/title>\n<meta name=\"robots\" content=\"index, follow, max-snippet:-1, max-image-preview:large, max-video-preview:-1\" \/>\n<link rel=\"canonical\" href=\"https:\/\/www.article-marketing.eu\/comunicati\/comunicati-stampa\/eventi\/arti-e-mestieri-expo-a-roma-dicembre-2008\/\" \/>\n<meta property=\"og:locale\" content=\"it_IT\" \/>\n<meta property=\"og:type\" content=\"article\" \/>\n<meta property=\"og:title\" content=\"Arti e mestieri Expo a Roma dicembre 2008 - Article Marketing\" \/>\n<meta property=\"og:description\" content=\"L\u2019Italia \u00e8 famosa in tutto il mondo, oltre che per il suo immenso patrimonio artistico e per la sua storia, anche per i suoi prodotti, sia che si tratti di prodotti eno-gastronomici (il mondo intero invidia la nostra cucina e la nostra grande variet\u00e0 di vini), sia che si tratti di prodotti artigianali di vario tipo: dall\u2019abbigliamento all\u2019oreficeria, il marchio \u201cmade in Italy\u201d \u00e8 sinonimo di qualit\u00e0, gusto estetico e lavorazione artigianale.\" \/>\n<meta property=\"og:url\" content=\"https:\/\/www.article-marketing.eu\/comunicati\/comunicati-stampa\/eventi\/arti-e-mestieri-expo-a-roma-dicembre-2008\/\" \/>\n<meta property=\"og:site_name\" content=\"Article Marketing\" \/>\n<meta property=\"article:published_time\" content=\"2008-11-19T14:57:18+00:00\" \/>\n<meta name=\"author\" content=\"Redazione Comunicati Stampa\" \/>\n<meta name=\"twitter:card\" content=\"summary_large_image\" \/>\n<meta name=\"twitter:label1\" content=\"Scritto da\" \/>\n\t<meta name=\"twitter:data1\" content=\"Redazione Comunicati Stampa\" \/>\n\t<meta name=\"twitter:label2\" content=\"Tempo di lettura stimato\" \/>\n\t<meta name=\"twitter:data2\" content=\"3 minuti\" \/>\n<script type=\"application\/ld+json\" class=\"yoast-schema-graph\">{\"@context\":\"https:\/\/schema.org\",\"@graph\":[{\"@type\":\"Article\",\"@id\":\"https:\/\/www.article-marketing.eu\/comunicati\/comunicati-stampa\/eventi\/arti-e-mestieri-expo-a-roma-dicembre-2008\/#article\",\"isPartOf\":{\"@id\":\"https:\/\/www.article-marketing.eu\/comunicati\/comunicati-stampa\/eventi\/arti-e-mestieri-expo-a-roma-dicembre-2008\/\"},\"author\":{\"name\":\"Redazione Comunicati Stampa\",\"@id\":\"https:\/\/www.article-marketing.eu\/comunicati\/#\/schema\/person\/44372e4d4d0fa797b18e03ed1ace9017\"},\"headline\":\"Arti e mestieri Expo a Roma dicembre 2008\",\"datePublished\":\"2008-11-19T14:57:18+00:00\",\"mainEntityOfPage\":{\"@id\":\"https:\/\/www.article-marketing.eu\/comunicati\/comunicati-stampa\/eventi\/arti-e-mestieri-expo-a-roma-dicembre-2008\/\"},\"wordCount\":513,\"commentCount\":0,\"keywords\":[\"artigianato\",\"fiera\",\"roma\"],\"articleSection\":[\"Eventi\"],\"inLanguage\":\"it-IT\",\"potentialAction\":[{\"@type\":\"CommentAction\",\"name\":\"Comment\",\"target\":[\"https:\/\/www.article-marketing.eu\/comunicati\/comunicati-stampa\/eventi\/arti-e-mestieri-expo-a-roma-dicembre-2008\/#respond\"]}]},{\"@type\":\"WebPage\",\"@id\":\"https:\/\/www.article-marketing.eu\/comunicati\/comunicati-stampa\/eventi\/arti-e-mestieri-expo-a-roma-dicembre-2008\/\",\"url\":\"https:\/\/www.article-marketing.eu\/comunicati\/comunicati-stampa\/eventi\/arti-e-mestieri-expo-a-roma-dicembre-2008\/\",\"name\":\"Arti e mestieri Expo a Roma dicembre 2008 - Article Marketing\",\"isPartOf\":{\"@id\":\"https:\/\/www.article-marketing.eu\/comunicati\/#website\"},\"datePublished\":\"2008-11-19T14:57:18+00:00\",\"author\":{\"@id\":\"https:\/\/www.article-marketing.eu\/comunicati\/#\/schema\/person\/44372e4d4d0fa797b18e03ed1ace9017\"},\"breadcrumb\":{\"@id\":\"https:\/\/www.article-marketing.eu\/comunicati\/comunicati-stampa\/eventi\/arti-e-mestieri-expo-a-roma-dicembre-2008\/#breadcrumb\"},\"inLanguage\":\"it-IT\",\"potentialAction\":[{\"@type\":\"ReadAction\",\"target\":[\"https:\/\/www.article-marketing.eu\/comunicati\/comunicati-stampa\/eventi\/arti-e-mestieri-expo-a-roma-dicembre-2008\/\"]}]},{\"@type\":\"BreadcrumbList\",\"@id\":\"https:\/\/www.article-marketing.eu\/comunicati\/comunicati-stampa\/eventi\/arti-e-mestieri-expo-a-roma-dicembre-2008\/#breadcrumb\",\"itemListElement\":[{\"@type\":\"ListItem\",\"position\":1,\"name\":\"Home\",\"item\":\"https:\/\/www.article-marketing.eu\/comunicati\/\"},{\"@type\":\"ListItem\",\"position\":2,\"name\":\"Arti e mestieri Expo a Roma dicembre 2008\"}]},{\"@type\":\"WebSite\",\"@id\":\"https:\/\/www.article-marketing.eu\/comunicati\/#website\",\"url\":\"https:\/\/www.article-marketing.eu\/comunicati\/\",\"name\":\"Article Marketing\",\"description\":\"article marketing &amp; press release\",\"potentialAction\":[{\"@type\":\"SearchAction\",\"target\":{\"@type\":\"EntryPoint\",\"urlTemplate\":\"https:\/\/www.article-marketing.eu\/comunicati\/?s={search_term_string}\"},\"query-input\":{\"@type\":\"PropertyValueSpecification\",\"valueRequired\":true,\"valueName\":\"search_term_string\"}}],\"inLanguage\":\"it-IT\"},{\"@type\":\"Person\",\"@id\":\"https:\/\/www.article-marketing.eu\/comunicati\/#\/schema\/person\/44372e4d4d0fa797b18e03ed1ace9017\",\"name\":\"Redazione Comunicati Stampa\",\"image\":{\"@type\":\"ImageObject\",\"inLanguage\":\"it-IT\",\"@id\":\"https:\/\/www.article-marketing.eu\/comunicati\/#\/schema\/person\/image\/\",\"url\":\"https:\/\/secure.gravatar.com\/avatar\/50e5c6421d3072f42e7ace803501602c60d75233d34e29fd05feb91c8760b792?s=96&d=mm&r=g\",\"contentUrl\":\"https:\/\/secure.gravatar.com\/avatar\/50e5c6421d3072f42e7ace803501602c60d75233d34e29fd05feb91c8760b792?s=96&d=mm&r=g\",\"caption\":\"Redazione Comunicati Stampa\"},\"url\":\"https:\/\/www.article-marketing.eu\/comunicati\/author\/redazione-comunicati-stampa\/\"}]}<\/script>\n<!-- \/ Yoast SEO plugin. -->","yoast_head_json":{"title":"Arti e mestieri Expo a Roma dicembre 2008 - Article Marketing","robots":{"index":"index","follow":"follow","max-snippet":"max-snippet:-1","max-image-preview":"max-image-preview:large","max-video-preview":"max-video-preview:-1"},"canonical":"https:\/\/www.article-marketing.eu\/comunicati\/comunicati-stampa\/eventi\/arti-e-mestieri-expo-a-roma-dicembre-2008\/","og_locale":"it_IT","og_type":"article","og_title":"Arti e mestieri Expo a Roma dicembre 2008 - Article Marketing","og_description":"L\u2019Italia \u00e8 famosa in tutto il mondo, oltre che per il suo immenso patrimonio artistico e per la sua storia, anche per i suoi prodotti, sia che si tratti di prodotti eno-gastronomici (il mondo intero invidia la nostra cucina e la nostra grande variet\u00e0 di vini), sia che si tratti di prodotti artigianali di vario tipo: dall\u2019abbigliamento all\u2019oreficeria, il marchio \u201cmade in Italy\u201d \u00e8 sinonimo di qualit\u00e0, gusto estetico e lavorazione artigianale.","og_url":"https:\/\/www.article-marketing.eu\/comunicati\/comunicati-stampa\/eventi\/arti-e-mestieri-expo-a-roma-dicembre-2008\/","og_site_name":"Article Marketing","article_published_time":"2008-11-19T14:57:18+00:00","author":"Redazione Comunicati Stampa","twitter_card":"summary_large_image","twitter_misc":{"Scritto da":"Redazione Comunicati Stampa","Tempo di lettura stimato":"3 minuti"},"schema":{"@context":"https:\/\/schema.org","@graph":[{"@type":"Article","@id":"https:\/\/www.article-marketing.eu\/comunicati\/comunicati-stampa\/eventi\/arti-e-mestieri-expo-a-roma-dicembre-2008\/#article","isPartOf":{"@id":"https:\/\/www.article-marketing.eu\/comunicati\/comunicati-stampa\/eventi\/arti-e-mestieri-expo-a-roma-dicembre-2008\/"},"author":{"name":"Redazione Comunicati Stampa","@id":"https:\/\/www.article-marketing.eu\/comunicati\/#\/schema\/person\/44372e4d4d0fa797b18e03ed1ace9017"},"headline":"Arti e mestieri Expo a Roma dicembre 2008","datePublished":"2008-11-19T14:57:18+00:00","mainEntityOfPage":{"@id":"https:\/\/www.article-marketing.eu\/comunicati\/comunicati-stampa\/eventi\/arti-e-mestieri-expo-a-roma-dicembre-2008\/"},"wordCount":513,"commentCount":0,"keywords":["artigianato","fiera","roma"],"articleSection":["Eventi"],"inLanguage":"it-IT","potentialAction":[{"@type":"CommentAction","name":"Comment","target":["https:\/\/www.article-marketing.eu\/comunicati\/comunicati-stampa\/eventi\/arti-e-mestieri-expo-a-roma-dicembre-2008\/#respond"]}]},{"@type":"WebPage","@id":"https:\/\/www.article-marketing.eu\/comunicati\/comunicati-stampa\/eventi\/arti-e-mestieri-expo-a-roma-dicembre-2008\/","url":"https:\/\/www.article-marketing.eu\/comunicati\/comunicati-stampa\/eventi\/arti-e-mestieri-expo-a-roma-dicembre-2008\/","name":"Arti e mestieri Expo a Roma dicembre 2008 - Article Marketing","isPartOf":{"@id":"https:\/\/www.article-marketing.eu\/comunicati\/#website"},"datePublished":"2008-11-19T14:57:18+00:00","author":{"@id":"https:\/\/www.article-marketing.eu\/comunicati\/#\/schema\/person\/44372e4d4d0fa797b18e03ed1ace9017"},"breadcrumb":{"@id":"https:\/\/www.article-marketing.eu\/comunicati\/comunicati-stampa\/eventi\/arti-e-mestieri-expo-a-roma-dicembre-2008\/#breadcrumb"},"inLanguage":"it-IT","potentialAction":[{"@type":"ReadAction","target":["https:\/\/www.article-marketing.eu\/comunicati\/comunicati-stampa\/eventi\/arti-e-mestieri-expo-a-roma-dicembre-2008\/"]}]},{"@type":"BreadcrumbList","@id":"https:\/\/www.article-marketing.eu\/comunicati\/comunicati-stampa\/eventi\/arti-e-mestieri-expo-a-roma-dicembre-2008\/#breadcrumb","itemListElement":[{"@type":"ListItem","position":1,"name":"Home","item":"https:\/\/www.article-marketing.eu\/comunicati\/"},{"@type":"ListItem","position":2,"name":"Arti e mestieri Expo a Roma dicembre 2008"}]},{"@type":"WebSite","@id":"https:\/\/www.article-marketing.eu\/comunicati\/#website","url":"https:\/\/www.article-marketing.eu\/comunicati\/","name":"Article Marketing","description":"article marketing &amp; press release","potentialAction":[{"@type":"SearchAction","target":{"@type":"EntryPoint","urlTemplate":"https:\/\/www.article-marketing.eu\/comunicati\/?s={search_term_string}"},"query-input":{"@type":"PropertyValueSpecification","valueRequired":true,"valueName":"search_term_string"}}],"inLanguage":"it-IT"},{"@type":"Person","@id":"https:\/\/www.article-marketing.eu\/comunicati\/#\/schema\/person\/44372e4d4d0fa797b18e03ed1ace9017","name":"Redazione Comunicati Stampa","image":{"@type":"ImageObject","inLanguage":"it-IT","@id":"https:\/\/www.article-marketing.eu\/comunicati\/#\/schema\/person\/image\/","url":"https:\/\/secure.gravatar.com\/avatar\/50e5c6421d3072f42e7ace803501602c60d75233d34e29fd05feb91c8760b792?s=96&d=mm&r=g","contentUrl":"https:\/\/secure.gravatar.com\/avatar\/50e5c6421d3072f42e7ace803501602c60d75233d34e29fd05feb91c8760b792?s=96&d=mm&r=g","caption":"Redazione Comunicati Stampa"},"url":"https:\/\/www.article-marketing.eu\/comunicati\/author\/redazione-comunicati-stampa\/"}]}},"_links":{"self":[{"href":"https:\/\/www.article-marketing.eu\/comunicati\/wp-json\/wp\/v2\/posts\/916","targetHints":{"allow":["GET"]}}],"collection":[{"href":"https:\/\/www.article-marketing.eu\/comunicati\/wp-json\/wp\/v2\/posts"}],"about":[{"href":"https:\/\/www.article-marketing.eu\/comunicati\/wp-json\/wp\/v2\/types\/post"}],"author":[{"embeddable":true,"href":"https:\/\/www.article-marketing.eu\/comunicati\/wp-json\/wp\/v2\/users\/10"}],"replies":[{"embeddable":true,"href":"https:\/\/www.article-marketing.eu\/comunicati\/wp-json\/wp\/v2\/comments?post=916"}],"version-history":[{"count":0,"href":"https:\/\/www.article-marketing.eu\/comunicati\/wp-json\/wp\/v2\/posts\/916\/revisions"}],"wp:attachment":[{"href":"https:\/\/www.article-marketing.eu\/comunicati\/wp-json\/wp\/v2\/media?parent=916"}],"wp:term":[{"taxonomy":"category","embeddable":true,"href":"https:\/\/www.article-marketing.eu\/comunicati\/wp-json\/wp\/v2\/categories?post=916"},{"taxonomy":"post_tag","embeddable":true,"href":"https:\/\/www.article-marketing.eu\/comunicati\/wp-json\/wp\/v2\/tags?post=916"}],"curies":[{"name":"wp","href":"https:\/\/api.w.org\/{rel}","templated":true}]}}