{"id":930,"date":"2008-11-21T15:33:51","date_gmt":"2008-11-21T14:33:51","guid":{"rendered":"http:\/\/www.article-marketing.eu\/comunicati\/senza-categoria\/la-fotoinsight-inizia-la-stagione-2009-con-nuovi-calendari-fotografici-piu-grandi\/"},"modified":"2008-11-21T15:33:51","modified_gmt":"2008-11-21T14:33:51","slug":"la-fotoinsight-inizia-la-stagione-2009-con-nuovi-calendari-fotografici-piu-grandi","status":"publish","type":"post","link":"https:\/\/www.article-marketing.eu\/comunicati\/comunicati-stampa\/servizi\/la-fotoinsight-inizia-la-stagione-2009-con-nuovi-calendari-fotografici-piu-grandi\/","title":{"rendered":"La FotoInsight inizia la stagione 2009 con nuovi Calendari Fotografici pi\u00f9 grandi"},"content":{"rendered":"<p>Cambridge, 21 Novembre 2008. &#8211; La FotoInsight sta crescendo e cos\u00ec il formato dei prodotti di stampa fotografica che offre. Oltre alla stampa via Internet di poster, foto su tela e del fotolibro XL, adesso offre anche calendari in nuovi formati pi\u00f9 grandi. Il formato maggiore \u00e8 esclusivo del software di design \u201cFotoInsight Designer\u201d e permette di incrementare le opzioni di editing, nonch\u00e9 di caricare in modo sicuro una maggiore quantit\u00e0 di fotografie con una risoluzione migliore. La FotoInsight offre inoltre la possibilit\u00e0 di chiedere alcuni tipi di calendario direttamente via web, mediante il browser. L\u2019applicazione di design per fotolibri e calendari \u201cFotoInsight Designer\u201d include molte utilities gratuite di editing, alle quali un browser non potrebbe accedere. L\u2019uso di un\u2019applicazione di editing permette, per esempio, di posizionare liberamente qualsiasi quantit\u00e0 di foto su una pagina. Questo \u00e8 molto utile per dare risalto ad un evento speciale con ricordi delle vacanze, biglietti d\u2019entrata, cartine, cartoline scannerizzate o per aggiungere la foto del festeggiato alla data di compleanno &#8211; tutto trova ora posto su un calendario stampato professionalmente. I miglioramenti nella flessibilit\u00e0 del design e l\u2019introduzione di formati pi\u00f9 grandi soddisfano le richieste dei clienti che comprano i loro foto calendari personali per amici e familiari, anno dopo anno.<\/p>\n<p>La risoluzione delle immagini digitali \u00e8 aumentata in modo costante e oggigiorno i laboratori professionali ottengono stampe in grandi formati sempre pi\u00f9 nitide; per questo, adesso la FotoInsight aumenta la sua risoluzione di stampa dagli usuali 200 dpi a 360 dpi. \u201cCon i miglioramenti nelle fotocamere digitali ha iniziato ad aver senso offrire dei foto calendari pi\u00f9 grandi con maggiore risoluzione di stampa\u201d, afferma il Direttore Generale della FotoInsight, il Dott. Klaas Brumann ed aggiunge: \u201cNon limitiamo l\u2019area di stampa delle foto sui calendari. Le foto possono coprire tutta la pagina e il calendario del mese si pu\u00f2 inserire sulla foto\u201d.<\/p>\n<p>Il numero di foto scattate \u00e8 notevolmente aumentato, mentre la quantit\u00e0 di quelle che si decide di stampare diminuisce in maniera costante. Con i progressi negli schermi e la facilit\u00e0 con cui si possono condividere foto online, gli amanti della fotografia tendono a stampare le foto solo per occasioni speciali e le aspettative di qualit\u00e0 di stampa dei fotoregali sono in continuo aumento. Creare i propri calendari personalizzati \u2018va di moda\u2019. I calendari fotografici creati attraverso il servizio online FotoInsight si stampano con l\u2019ultima generazione di stampanti Indigo. Questo processo utilizza il cos\u00ec detto ElectroInk, con minuscole particelle di inchiostro tra 1 e 2 \u00b5m. Le particelle pi\u00f9 piccole aiutano ad ottenere una risoluzione percepita dell\u2019immagine stampata pi\u00f9 alta, con linee pi\u00f9 chiare e pulite ed una maggiore aderenza dello strato d\u2019inchiostro rispetto a quanto si conosce dei metodi tradizionali di stampa.<\/p>\n<p>Attaccare le foto \u00e8 fuori moda &#8211; ora i calendari si stampano professionalmente<\/p>\n<p>La FotoInsight sta aggiornando la sua gamma di calendari fotografici in tempo per la stagione natalizia, con fotoregali creati con le fotografie digitali degli utenti, che il laboratorio fotografico consegna stampati professionalmente su carta da 250 g\/m\u00b2. Invece di attaccare le immagini, i file digitali permettono un design assolutamente individuale ed una stampa professionale su una grande variet\u00e0 di regali personalizzati, come tazze, magliette o fotolibri. Il Direttore Generale della FotoInsight commenta: \u201cLa FotoInsight si specializza in articoli da regalo fotografici. La nuova generazione di fotocalendari risolver\u00e0 per molta gente il problema di trovare un regalo personale unico\u201d.<\/p>\n<p>Gamma di fotocalendari che si possono stampare dalla web http:\/\/calendario.fotoinsight.it\/:<\/p>\n<p>&#8211; Calendario annuale &#8211; una pagina formato poster &#8211; NUOVO<br \/>\n&#8211; Calendario da parete A3, 29.7 x 42 cm &#8211; NUOVO<br \/>\n&#8211; Calendario da cucina per compleanni &#8211; 13 x 29.7 cm &#8211; NUOVO<br \/>\n&#8211; Calendario da tavolo &#8211; 29.7 x 10 cm &#8211; NUOVO<br \/>\n&#8211; Calendario decorativo da tavolo (carta fotografica), 12.5 x 14.5 cm<br \/>\n&#8211; Calendario da tavolo per appuntamenti &#8211; 29.7 x 13 cm<br \/>\n&#8211; Calendario decorativo da parete &#8211; 21.0 x 25.5 cm<br \/>\n&#8211; Calendario da parete per appuntamenti &#8211; 29.7 x 42 cm (spirale al centro)<\/p>\n<p>Ogni giorno aumenta il numero di fotografie salvate su supporti di memoria sempre pi\u00f9 piccoli. I servizi di fotografia digitale offrono idee innovatrici per portare alla luce quei \u2018tesori nascosti\u2019. In questa linea, il servizio fotografico FotoInsight lancia nuovi formati di fotocalendario con ulteriori modelli ed un\u2019applicazione gratuita per il design. <\/p>\n<p>Informazioni sulla FotoInsight<\/p>\n<p>La FotoInsight.it \u00e8 stata fondata nel Settembre del 2003 come una collaborazione anglo-tedesca a Cambridge, nel Regno Unito. Il servizio specializzato di stampa fotografica online si \u00e8 diffuso in vari paesi europei, con l\u2019obiettivo di offrire un servizio di massima qualit\u00e0 in tutta la Comunit\u00e0 Europea. Gli utenti possono usufruire di processi di stampa brevettati e dell\u2019esperienza del pi\u00f9 grande laboratorio di fotografia digitale indipendente d\u2019Europa, capace di sviluppare 18 milioni di foto al giorno. Le fotografie affidate alla FotoInsight vengono stampate in uno dei 16 modernissimi laboratori fotografici, ubicati strategicamente, in cui lavorano 3000 dipendenti e la cui produzione supera i 3 miliardi di stampe all\u2019anno.<\/p>\n","protected":false},"excerpt":{"rendered":"<p>Un calendario con le proprie foto digitali, stampato professionalmente, sar\u00e0 uno dei regali pi\u00f9 adatti per amici e familiari. Il servizio online FotoInsight sviluppa quest\u2019idea distribuendo un software di design gratuito ed ampliando la sua gamma di calendari personalizzati con le proprie foto.<\/p>\n","protected":false},"author":10,"featured_media":0,"comment_status":"open","ping_status":"open","sticky":false,"template":"","format":"standard","meta":{"cybocfi_hide_featured_image":"","footnotes":""},"categories":[321],"tags":[3205,3201,3200,3202,3203,2653,3204,3206,1638,3207],"class_list":["post-930","post","type-post","status-publish","format-standard","hentry","category-servizi","tag-calendari-decorativi-2009","tag-calendari-personalizzati","tag-creare","tag-editing","tag-fotocalendario","tag-fotografia-digitale","tag-nuovi-prodotti","tag-regali-personalizzati","tag-software","tag-sviluppo-e-stampa"],"yoast_head":"<!-- This site is optimized with the Yoast SEO plugin v27.0 - https:\/\/yoast.com\/product\/yoast-seo-wordpress\/ -->\n<title>La FotoInsight inizia la stagione 2009 con nuovi Calendari Fotografici pi\u00f9 grandi - Article Marketing<\/title>\n<meta name=\"robots\" content=\"index, follow, max-snippet:-1, max-image-preview:large, max-video-preview:-1\" \/>\n<link rel=\"canonical\" href=\"https:\/\/www.article-marketing.eu\/comunicati\/comunicati-stampa\/servizi\/la-fotoinsight-inizia-la-stagione-2009-con-nuovi-calendari-fotografici-piu-grandi\/\" \/>\n<meta property=\"og:locale\" content=\"it_IT\" \/>\n<meta property=\"og:type\" content=\"article\" \/>\n<meta property=\"og:title\" content=\"La FotoInsight inizia la stagione 2009 con nuovi Calendari Fotografici pi\u00f9 grandi - Article Marketing\" \/>\n<meta property=\"og:description\" content=\"Un calendario con le proprie foto digitali, stampato professionalmente, sar\u00e0 uno dei regali pi\u00f9 adatti per amici e familiari. Il servizio online FotoInsight sviluppa quest\u2019idea distribuendo un software di design gratuito ed ampliando la sua gamma di calendari personalizzati con le proprie foto.\" \/>\n<meta property=\"og:url\" content=\"https:\/\/www.article-marketing.eu\/comunicati\/comunicati-stampa\/servizi\/la-fotoinsight-inizia-la-stagione-2009-con-nuovi-calendari-fotografici-piu-grandi\/\" \/>\n<meta property=\"og:site_name\" content=\"Article Marketing\" \/>\n<meta property=\"article:published_time\" content=\"2008-11-21T14:33:51+00:00\" \/>\n<meta name=\"author\" content=\"Redazione Comunicati Stampa\" \/>\n<meta name=\"twitter:card\" content=\"summary_large_image\" \/>\n<meta name=\"twitter:label1\" content=\"Scritto da\" \/>\n\t<meta name=\"twitter:data1\" content=\"Redazione Comunicati Stampa\" \/>\n\t<meta name=\"twitter:label2\" content=\"Tempo di lettura stimato\" \/>\n\t<meta name=\"twitter:data2\" content=\"4 minuti\" \/>\n<script type=\"application\/ld+json\" class=\"yoast-schema-graph\">{\"@context\":\"https:\/\/schema.org\",\"@graph\":[{\"@type\":\"Article\",\"@id\":\"https:\/\/www.article-marketing.eu\/comunicati\/comunicati-stampa\/servizi\/la-fotoinsight-inizia-la-stagione-2009-con-nuovi-calendari-fotografici-piu-grandi\/#article\",\"isPartOf\":{\"@id\":\"https:\/\/www.article-marketing.eu\/comunicati\/comunicati-stampa\/servizi\/la-fotoinsight-inizia-la-stagione-2009-con-nuovi-calendari-fotografici-piu-grandi\/\"},\"author\":{\"name\":\"Redazione Comunicati Stampa\",\"@id\":\"https:\/\/www.article-marketing.eu\/comunicati\/#\/schema\/person\/44372e4d4d0fa797b18e03ed1ace9017\"},\"headline\":\"La FotoInsight inizia la stagione 2009 con nuovi Calendari Fotografici pi\u00f9 grandi\",\"datePublished\":\"2008-11-21T14:33:51+00:00\",\"mainEntityOfPage\":{\"@id\":\"https:\/\/www.article-marketing.eu\/comunicati\/comunicati-stampa\/servizi\/la-fotoinsight-inizia-la-stagione-2009-con-nuovi-calendari-fotografici-piu-grandi\/\"},\"wordCount\":820,\"commentCount\":0,\"keywords\":[\"calendari decorativi 2009\",\"calendari personalizzati\",\"creare\",\"editing\",\"fotocalendario\",\"fotografia digitale\",\"nuovi prodotti\",\"regali personalizzati\",\"software\",\"sviluppo e stampa\"],\"articleSection\":[\"Servizi\"],\"inLanguage\":\"it-IT\",\"potentialAction\":[{\"@type\":\"CommentAction\",\"name\":\"Comment\",\"target\":[\"https:\/\/www.article-marketing.eu\/comunicati\/comunicati-stampa\/servizi\/la-fotoinsight-inizia-la-stagione-2009-con-nuovi-calendari-fotografici-piu-grandi\/#respond\"]}]},{\"@type\":\"WebPage\",\"@id\":\"https:\/\/www.article-marketing.eu\/comunicati\/comunicati-stampa\/servizi\/la-fotoinsight-inizia-la-stagione-2009-con-nuovi-calendari-fotografici-piu-grandi\/\",\"url\":\"https:\/\/www.article-marketing.eu\/comunicati\/comunicati-stampa\/servizi\/la-fotoinsight-inizia-la-stagione-2009-con-nuovi-calendari-fotografici-piu-grandi\/\",\"name\":\"La FotoInsight inizia la stagione 2009 con nuovi Calendari Fotografici pi\u00f9 grandi - Article Marketing\",\"isPartOf\":{\"@id\":\"https:\/\/www.article-marketing.eu\/comunicati\/#website\"},\"datePublished\":\"2008-11-21T14:33:51+00:00\",\"author\":{\"@id\":\"https:\/\/www.article-marketing.eu\/comunicati\/#\/schema\/person\/44372e4d4d0fa797b18e03ed1ace9017\"},\"breadcrumb\":{\"@id\":\"https:\/\/www.article-marketing.eu\/comunicati\/comunicati-stampa\/servizi\/la-fotoinsight-inizia-la-stagione-2009-con-nuovi-calendari-fotografici-piu-grandi\/#breadcrumb\"},\"inLanguage\":\"it-IT\",\"potentialAction\":[{\"@type\":\"ReadAction\",\"target\":[\"https:\/\/www.article-marketing.eu\/comunicati\/comunicati-stampa\/servizi\/la-fotoinsight-inizia-la-stagione-2009-con-nuovi-calendari-fotografici-piu-grandi\/\"]}]},{\"@type\":\"BreadcrumbList\",\"@id\":\"https:\/\/www.article-marketing.eu\/comunicati\/comunicati-stampa\/servizi\/la-fotoinsight-inizia-la-stagione-2009-con-nuovi-calendari-fotografici-piu-grandi\/#breadcrumb\",\"itemListElement\":[{\"@type\":\"ListItem\",\"position\":1,\"name\":\"Home\",\"item\":\"https:\/\/www.article-marketing.eu\/comunicati\/\"},{\"@type\":\"ListItem\",\"position\":2,\"name\":\"La FotoInsight inizia la stagione 2009 con nuovi Calendari Fotografici pi\u00f9 grandi\"}]},{\"@type\":\"WebSite\",\"@id\":\"https:\/\/www.article-marketing.eu\/comunicati\/#website\",\"url\":\"https:\/\/www.article-marketing.eu\/comunicati\/\",\"name\":\"Article Marketing\",\"description\":\"article marketing &amp; press release\",\"potentialAction\":[{\"@type\":\"SearchAction\",\"target\":{\"@type\":\"EntryPoint\",\"urlTemplate\":\"https:\/\/www.article-marketing.eu\/comunicati\/?s={search_term_string}\"},\"query-input\":{\"@type\":\"PropertyValueSpecification\",\"valueRequired\":true,\"valueName\":\"search_term_string\"}}],\"inLanguage\":\"it-IT\"},{\"@type\":\"Person\",\"@id\":\"https:\/\/www.article-marketing.eu\/comunicati\/#\/schema\/person\/44372e4d4d0fa797b18e03ed1ace9017\",\"name\":\"Redazione Comunicati Stampa\",\"image\":{\"@type\":\"ImageObject\",\"inLanguage\":\"it-IT\",\"@id\":\"https:\/\/www.article-marketing.eu\/comunicati\/#\/schema\/person\/image\/\",\"url\":\"https:\/\/secure.gravatar.com\/avatar\/50e5c6421d3072f42e7ace803501602c60d75233d34e29fd05feb91c8760b792?s=96&d=mm&r=g\",\"contentUrl\":\"https:\/\/secure.gravatar.com\/avatar\/50e5c6421d3072f42e7ace803501602c60d75233d34e29fd05feb91c8760b792?s=96&d=mm&r=g\",\"caption\":\"Redazione Comunicati Stampa\"},\"url\":\"https:\/\/www.article-marketing.eu\/comunicati\/author\/redazione-comunicati-stampa\/\"}]}<\/script>\n<!-- \/ Yoast SEO plugin. -->","yoast_head_json":{"title":"La FotoInsight inizia la stagione 2009 con nuovi Calendari Fotografici pi\u00f9 grandi - Article Marketing","robots":{"index":"index","follow":"follow","max-snippet":"max-snippet:-1","max-image-preview":"max-image-preview:large","max-video-preview":"max-video-preview:-1"},"canonical":"https:\/\/www.article-marketing.eu\/comunicati\/comunicati-stampa\/servizi\/la-fotoinsight-inizia-la-stagione-2009-con-nuovi-calendari-fotografici-piu-grandi\/","og_locale":"it_IT","og_type":"article","og_title":"La FotoInsight inizia la stagione 2009 con nuovi Calendari Fotografici pi\u00f9 grandi - Article Marketing","og_description":"Un calendario con le proprie foto digitali, stampato professionalmente, sar\u00e0 uno dei regali pi\u00f9 adatti per amici e familiari. Il servizio online FotoInsight sviluppa quest\u2019idea distribuendo un software di design gratuito ed ampliando la sua gamma di calendari personalizzati con le proprie foto.","og_url":"https:\/\/www.article-marketing.eu\/comunicati\/comunicati-stampa\/servizi\/la-fotoinsight-inizia-la-stagione-2009-con-nuovi-calendari-fotografici-piu-grandi\/","og_site_name":"Article Marketing","article_published_time":"2008-11-21T14:33:51+00:00","author":"Redazione Comunicati Stampa","twitter_card":"summary_large_image","twitter_misc":{"Scritto da":"Redazione Comunicati Stampa","Tempo di lettura stimato":"4 minuti"},"schema":{"@context":"https:\/\/schema.org","@graph":[{"@type":"Article","@id":"https:\/\/www.article-marketing.eu\/comunicati\/comunicati-stampa\/servizi\/la-fotoinsight-inizia-la-stagione-2009-con-nuovi-calendari-fotografici-piu-grandi\/#article","isPartOf":{"@id":"https:\/\/www.article-marketing.eu\/comunicati\/comunicati-stampa\/servizi\/la-fotoinsight-inizia-la-stagione-2009-con-nuovi-calendari-fotografici-piu-grandi\/"},"author":{"name":"Redazione Comunicati Stampa","@id":"https:\/\/www.article-marketing.eu\/comunicati\/#\/schema\/person\/44372e4d4d0fa797b18e03ed1ace9017"},"headline":"La FotoInsight inizia la stagione 2009 con nuovi Calendari Fotografici pi\u00f9 grandi","datePublished":"2008-11-21T14:33:51+00:00","mainEntityOfPage":{"@id":"https:\/\/www.article-marketing.eu\/comunicati\/comunicati-stampa\/servizi\/la-fotoinsight-inizia-la-stagione-2009-con-nuovi-calendari-fotografici-piu-grandi\/"},"wordCount":820,"commentCount":0,"keywords":["calendari decorativi 2009","calendari personalizzati","creare","editing","fotocalendario","fotografia digitale","nuovi prodotti","regali personalizzati","software","sviluppo e stampa"],"articleSection":["Servizi"],"inLanguage":"it-IT","potentialAction":[{"@type":"CommentAction","name":"Comment","target":["https:\/\/www.article-marketing.eu\/comunicati\/comunicati-stampa\/servizi\/la-fotoinsight-inizia-la-stagione-2009-con-nuovi-calendari-fotografici-piu-grandi\/#respond"]}]},{"@type":"WebPage","@id":"https:\/\/www.article-marketing.eu\/comunicati\/comunicati-stampa\/servizi\/la-fotoinsight-inizia-la-stagione-2009-con-nuovi-calendari-fotografici-piu-grandi\/","url":"https:\/\/www.article-marketing.eu\/comunicati\/comunicati-stampa\/servizi\/la-fotoinsight-inizia-la-stagione-2009-con-nuovi-calendari-fotografici-piu-grandi\/","name":"La FotoInsight inizia la stagione 2009 con nuovi Calendari Fotografici pi\u00f9 grandi - Article Marketing","isPartOf":{"@id":"https:\/\/www.article-marketing.eu\/comunicati\/#website"},"datePublished":"2008-11-21T14:33:51+00:00","author":{"@id":"https:\/\/www.article-marketing.eu\/comunicati\/#\/schema\/person\/44372e4d4d0fa797b18e03ed1ace9017"},"breadcrumb":{"@id":"https:\/\/www.article-marketing.eu\/comunicati\/comunicati-stampa\/servizi\/la-fotoinsight-inizia-la-stagione-2009-con-nuovi-calendari-fotografici-piu-grandi\/#breadcrumb"},"inLanguage":"it-IT","potentialAction":[{"@type":"ReadAction","target":["https:\/\/www.article-marketing.eu\/comunicati\/comunicati-stampa\/servizi\/la-fotoinsight-inizia-la-stagione-2009-con-nuovi-calendari-fotografici-piu-grandi\/"]}]},{"@type":"BreadcrumbList","@id":"https:\/\/www.article-marketing.eu\/comunicati\/comunicati-stampa\/servizi\/la-fotoinsight-inizia-la-stagione-2009-con-nuovi-calendari-fotografici-piu-grandi\/#breadcrumb","itemListElement":[{"@type":"ListItem","position":1,"name":"Home","item":"https:\/\/www.article-marketing.eu\/comunicati\/"},{"@type":"ListItem","position":2,"name":"La FotoInsight inizia la stagione 2009 con nuovi Calendari Fotografici pi\u00f9 grandi"}]},{"@type":"WebSite","@id":"https:\/\/www.article-marketing.eu\/comunicati\/#website","url":"https:\/\/www.article-marketing.eu\/comunicati\/","name":"Article Marketing","description":"article marketing &amp; press release","potentialAction":[{"@type":"SearchAction","target":{"@type":"EntryPoint","urlTemplate":"https:\/\/www.article-marketing.eu\/comunicati\/?s={search_term_string}"},"query-input":{"@type":"PropertyValueSpecification","valueRequired":true,"valueName":"search_term_string"}}],"inLanguage":"it-IT"},{"@type":"Person","@id":"https:\/\/www.article-marketing.eu\/comunicati\/#\/schema\/person\/44372e4d4d0fa797b18e03ed1ace9017","name":"Redazione Comunicati Stampa","image":{"@type":"ImageObject","inLanguage":"it-IT","@id":"https:\/\/www.article-marketing.eu\/comunicati\/#\/schema\/person\/image\/","url":"https:\/\/secure.gravatar.com\/avatar\/50e5c6421d3072f42e7ace803501602c60d75233d34e29fd05feb91c8760b792?s=96&d=mm&r=g","contentUrl":"https:\/\/secure.gravatar.com\/avatar\/50e5c6421d3072f42e7ace803501602c60d75233d34e29fd05feb91c8760b792?s=96&d=mm&r=g","caption":"Redazione Comunicati Stampa"},"url":"https:\/\/www.article-marketing.eu\/comunicati\/author\/redazione-comunicati-stampa\/"}]}},"_links":{"self":[{"href":"https:\/\/www.article-marketing.eu\/comunicati\/wp-json\/wp\/v2\/posts\/930","targetHints":{"allow":["GET"]}}],"collection":[{"href":"https:\/\/www.article-marketing.eu\/comunicati\/wp-json\/wp\/v2\/posts"}],"about":[{"href":"https:\/\/www.article-marketing.eu\/comunicati\/wp-json\/wp\/v2\/types\/post"}],"author":[{"embeddable":true,"href":"https:\/\/www.article-marketing.eu\/comunicati\/wp-json\/wp\/v2\/users\/10"}],"replies":[{"embeddable":true,"href":"https:\/\/www.article-marketing.eu\/comunicati\/wp-json\/wp\/v2\/comments?post=930"}],"version-history":[{"count":0,"href":"https:\/\/www.article-marketing.eu\/comunicati\/wp-json\/wp\/v2\/posts\/930\/revisions"}],"wp:attachment":[{"href":"https:\/\/www.article-marketing.eu\/comunicati\/wp-json\/wp\/v2\/media?parent=930"}],"wp:term":[{"taxonomy":"category","embeddable":true,"href":"https:\/\/www.article-marketing.eu\/comunicati\/wp-json\/wp\/v2\/categories?post=930"},{"taxonomy":"post_tag","embeddable":true,"href":"https:\/\/www.article-marketing.eu\/comunicati\/wp-json\/wp\/v2\/tags?post=930"}],"curies":[{"name":"wp","href":"https:\/\/api.w.org\/{rel}","templated":true}]}}