{"id":931,"date":"2008-11-21T19:28:51","date_gmt":"2008-11-21T18:28:51","guid":{"rendered":"http:\/\/www.article-marketing.eu\/comunicati\/senza-categoria\/il-lago-di-bolsena-storia-millenaria\/"},"modified":"2008-11-21T19:28:51","modified_gmt":"2008-11-21T18:28:51","slug":"il-lago-di-bolsena-storia-millenaria","status":"publish","type":"post","link":"https:\/\/www.article-marketing.eu\/comunicati\/viaggi-e-vacanze\/viaggi-e-turismo\/il-lago-di-bolsena-storia-millenaria\/","title":{"rendered":"Il lago di Bolsena&#8230;? storia millenaria!"},"content":{"rendered":"<p>Situato nella provincia laziale di Viterbo, il <strong><a href=\"http:\/\/www.lago-di-bolsena.biz\/\">Lago di Bolsena<\/a> \u00e8 il pi\u00f9 esteso bacino craterico d&#8217;Italia<\/strong> con i suoi 115 km\u00b2 di lunghezza. Circondato in buona parte dalla catena dei monti Vulsini, il lago, di forma ellittica ha una superficie di 114 kmq, un perimetro di 43 km e una profondit\u00e0 di 151 metri. Le due isole Martana e Bisentina, di origine vulcanica, sorgono in prossimit\u00e0 della costa. Generalmente le coste sono basse e sabbiose e in brevi tratti anche paludose.<br \/>L&#8217;apparato vulcanico del Vulsinio era in origine caratterizzato da sette crateri. Dopo una violenta esplosione croll\u00f2 su stesso creando una caldera che si and\u00f2 a poco a poco ricoprendo di acqua formando l&#8217;attuale lago Bolsena. Nella conca di Latera e lungo le coste dell&#8217;isola Bisentina si riscontrano ancora tracce degli antichi crateri. Verso la fine del <strong>Neolitico<\/strong> il lago inizi\u00f2 ad essere popolato da numerose palafitte. Successivamente nell&#8217;<strong>et\u00e0<\/strong> <strong>del ferro<\/strong> e in quella del bronzo gli insediamenti furono condizionati dal livello delle acque. <\/p>\n<p>Situato nella provincia laziale di Viterbo, il <strong>Lago di Bolsena \u00e8 il pi\u00f9 esteso bacino craterico d&#8217;Italia<\/strong> con i suoi 115 km\u00b2 di lunghezza. Circondato in buona parte dalla catena dei monti Vulsini, il lago, di forma ellittica ha una superficie di 114 kmq, un perimetro di 43 km e una profondit\u00e0 di 151 metri. Le due isole Martana e Bisentina, di origine vulcanica, sorgono in prossimit\u00e0 della costa. Generalmente le coste sono basse e sabbiose e in brevi tratti anche paludose.<br \/>L&#8217;apparato vulcanico del Vulsinio era in origine caratterizzato da sette crateri. Dopo una violenta esplosione croll\u00f2 su stesso creando una caldera che si and\u00f2 a poco a poco ricoprendo di acqua formando l&#8217;attuale lago Bolsena. Nella conca di Latera e lungo le coste dell&#8217;isola Bisentina si riscontrano ancora tracce degli antichi crateri. Verso la fine del <strong>Neolitico<\/strong> il lago inizi\u00f2 ad essere popolato da numerose palafitte. Successivamente nell&#8217;<strong>et\u00e0<\/strong> <strong>del ferro<\/strong> e in quella del bronzo gli insediamenti furono condizionati dal livello delle acque. <\/p>\n<p>La caratteristica principale della sabbia \u00e8 il suo colore scuro proprio perch\u00e9 la zona \u00e8 di origine vulcanica. Tra i promontori pi\u00f9 caratteristici abbiamo Capo San Bernardino, la penisola di Capodimonte, la punta di Sant&#8217;Antonio, i monti Volsini ed infine il Monte Bisanzio. Il fiume Marta, che nasce dal porto dell&#8217;omonimo centro abitato, rappresenta il suo unico emissario. Grazie al salutare stato delle acque e al suo stato di limpidezza i pescatori del luogo usano cucinare un piatto tipico detto &quot;<em>sbroscia<\/em>&quot;, un&#8217;ottima zuppa di pesce molto apprezzata anche dai turisti. Il cambio delle acque, per\u00f2, avviene in un lasso di tempo molto lungo stimato in 120 anni. Dai prelievi della falda e del lago \u00e8 emerso che il ricambio \u00e8 raddoppiato a causa della diminuzione della portata di acqua da parte del suo emissario. Numerose sono invece le attrattive turistiche di genere archeologico e culturale. Qui infatti si sono succedute la civilt\u00e0 Villanoviana, Etrusca e Romana, mentre nel borgo sono evidenti i segni del periodo <strong>medioevale<\/strong>. <\/p>\n<p>Grande interesse assumono le <strong>sagre<\/strong>, la <strong>cucina<\/strong> e le <strong>feste folkloristiche<\/strong> del posto. Il lago, oltre a rappresentare uno dei pochi <\/a \/>laghi italiani balneabile, \u00e8 utilizzato da molti per praticare la vela, il windsurf oltre che la pesca. Una caratteristica del lago \u00e8 la presenza delle cosiddette &quot;<em>sesse<\/em>&quot;. Si tratta di variazioni che riguardano il livello delle acque. Il lago vanta, inoltre, un variegato ambiente naturale, connotato principalmente da querce e castagni. <\/p>\n<p>Tipico \u00e8 anche un fenomeno che si manifesta anche quando le acque del lago sono calme: <strong>l&#8217;onda anomala<\/strong>. Solo in apparenza tale fenomeno appare inspiegabile. In realt\u00e0 l&#8217;onda avanza verso la costa, crescendo sempre di pi\u00f9 e acquistando forza fino a schiantarsi lungo il costone. <\/p>\n<p>Numerose sono le specie di piante subacquee e le alghe tutt&#8217;oggi ancora esistenti nel bacino. La natura incontaminata del posto costituisce un ambiente favorevole per una grande variet\u00e0 di pesci e uccelli. Tuffetti, morette, fistioni, folanghe, svassi maggiori e minori, aironi cenerini sono le specie avvistate tipiche dell&#8217;Europa del nord. Il tritone, il rospo, la rana, il pesce gatto, il persico sole e la nutria rappresentano solo alcune delle principali specie lacustre del territorio. Anche le anguille, una specie gi\u00e0 nota ai tempi dei Romani e citate nell&#8217;Inferno dantesco della Divina Commedia popolano il lago insieme al coregone, al persico reale, al luccio, al persico trota, alla tinca, alla carpa, alla scardola e al piccolo latterino, preda di pesci predatori e di uccelli. Il vilucchio bianco e l&#8217;erba morella si alternano ai lunghi canneti, un rifugio ideale per numerosi uccelli. L&#8217;anfiboe, la zannichella e il ranuncolo crescono invece a poca distanza dalla riva. <\/p>\n<p>L&#8217;equilibrio ambientale \u00e8 per\u00f2 fortemente minacciato dalla <strong>pesca selvaggia<\/strong>. Un equilibrio estremamente fragile, se si pensa che il lago impiega ben 120 anni per il ricambio totale delle acque. Per questo motivo sono stati costruiti sistemi di fognature in grado di raccogliere le acque delle zone intorno al lago per poi riversarle in un collettore sul fiume Marta. Il letto lacustre presenta irregolarit\u00e0 mentre Bisentina e Martana, presentano entrambe una folta macchia di vegetazione. Grazie a recenti studi archeologici si \u00e8 scoperto che il livello del lago ha sub\u00ecto innumerevoli variazioni. Ci\u00f2 \u00e8 dimostrato anche da resti sommersi che testimoniano insediamenti nell&#8217;et\u00e0 del bronzo. Durante l&#8217;<strong>et\u00e0 del ferro<\/strong>, invece, per motivi ancora oscuri, si \u00e8 verificata una rapida evoluzione. Successivamente gli <strong>Etruschi<\/strong> hanno ridotto il punto naturale di tracimazione da 306 a 303 metri per recuperare le zone agricole invase dall&#8217;acqua. Ci\u00f2 \u00e8 stato possibile recidendo uno sperone di una roccia che impediva il flusso del percorso del fiume nell&#8217;area che tutt&#8217;oggi viene chiamata &quot;<em>sasso tagliato<\/em>&quot;. Attualmente il livello dell&#8217;acqua \u00e8 determinato dalle paratoie che lo regolano poste a circa 303 metri nel porto di Marta. Oggi lungo le rive numerose sono le trattorie dove \u00e8 possibile degustare le specialit\u00e0 locali a base di pesce.<\/p>\n","protected":false},"excerpt":{"rendered":"<p>Situato nella provincia laziale di Viterbo, il Lago di Bolsena \u00e8 il pi\u00f9 esteso bacino craterico d&#8217;Italia con i suoi 115 km\u00b2 di lunghezza. Circondato in buona parte dalla catena dei monti Vulsini, il lago, di forma ellittica ha una superficie di 114 kmq, un perimetro di 43 km e una profondit\u00e0 di 151 metri. Le due isole Martana e Bisentina, di origine vulcanica, sorgono in prossimit\u00e0 della costa. Generalmente le coste sono basse e sabbiose e in brevi tratti anche paludose.<br \/>\nL&#8217;apparato vulcanico del Vulsinio era in origine caratterizzato da sette crateri. Dopo una violenta esplosione croll\u00f2 su stesso creando una caldera che si and\u00f2 a poco a poco ricoprendo di acqua formando l&#8217;attuale lago Bolsena. Nella conca di Latera e lungo le coste dell&#8217;isola Bisentina si riscontrano ancora tracce degli antichi crateri. Verso la fine del Neolitico il lago inizi\u00f2 ad essere popolato da numerose palafitte. Successivamente nell&#8217;et\u00e0 del ferro e in quella del bronzo gli insediamenti furono condizionati dal livello delle acque.<\/p>\n","protected":false},"author":10,"featured_media":0,"comment_status":"open","ping_status":"open","sticky":false,"template":"","format":"standard","meta":{"cybocfi_hide_featured_image":"","footnotes":""},"categories":[2],"tags":[3215,3209,3211,3208,3210,3212,3214,3213,253],"class_list":["post-931","post","type-post","status-publish","format-standard","hentry","category-viaggi-e-turismo","tag-bisentina","tag-bolsena","tag-craterico","tag-lago","tag-lago-di-bolsena","tag-marta","tag-martana","tag-sesse","tag-turismo"],"yoast_head":"<!-- This site is optimized with the Yoast SEO plugin v27.0 - https:\/\/yoast.com\/product\/yoast-seo-wordpress\/ -->\n<title>Il lago di Bolsena...? storia millenaria! - Article Marketing<\/title>\n<meta name=\"robots\" content=\"index, follow, max-snippet:-1, max-image-preview:large, max-video-preview:-1\" \/>\n<link rel=\"canonical\" href=\"https:\/\/www.article-marketing.eu\/comunicati\/viaggi-e-vacanze\/viaggi-e-turismo\/il-lago-di-bolsena-storia-millenaria\/\" \/>\n<meta property=\"og:locale\" content=\"it_IT\" \/>\n<meta property=\"og:type\" content=\"article\" \/>\n<meta property=\"og:title\" content=\"Il lago di Bolsena...? storia millenaria! - Article Marketing\" \/>\n<meta property=\"og:description\" content=\"Situato nella provincia laziale di Viterbo, il Lago di Bolsena \u00e8 il pi\u00f9 esteso bacino craterico d&#039;Italia con i suoi 115 km\u00b2 di lunghezza. Circondato in buona parte dalla catena dei monti Vulsini, il lago, di forma ellittica ha una superficie di 114 kmq, un perimetro di 43 km e una profondit\u00e0 di 151 metri. Le due isole Martana e Bisentina, di origine vulcanica, sorgono in prossimit\u00e0 della costa. Generalmente le coste sono basse e sabbiose e in brevi tratti anche paludose. L&#039;apparato vulcanico del Vulsinio era in origine caratterizzato da sette crateri. Dopo una violenta esplosione croll\u00f2 su stesso creando una caldera che si and\u00f2 a poco a poco ricoprendo di acqua formando l&#039;attuale lago Bolsena. Nella conca di Latera e lungo le coste dell&#039;isola Bisentina si riscontrano ancora tracce degli antichi crateri. Verso la fine del Neolitico il lago inizi\u00f2 ad essere popolato da numerose palafitte. Successivamente nell&#039;et\u00e0 del ferro e in quella del bronzo gli insediamenti furono condizionati dal livello delle acque.\" \/>\n<meta property=\"og:url\" content=\"https:\/\/www.article-marketing.eu\/comunicati\/viaggi-e-vacanze\/viaggi-e-turismo\/il-lago-di-bolsena-storia-millenaria\/\" \/>\n<meta property=\"og:site_name\" content=\"Article Marketing\" \/>\n<meta property=\"article:published_time\" content=\"2008-11-21T18:28:51+00:00\" \/>\n<meta name=\"author\" content=\"Redazione Comunicati Stampa\" \/>\n<meta name=\"twitter:card\" content=\"summary_large_image\" \/>\n<meta name=\"twitter:label1\" content=\"Scritto da\" \/>\n\t<meta name=\"twitter:data1\" content=\"Redazione Comunicati Stampa\" \/>\n\t<meta name=\"twitter:label2\" content=\"Tempo di lettura stimato\" \/>\n\t<meta name=\"twitter:data2\" content=\"5 minuti\" \/>\n<script type=\"application\/ld+json\" class=\"yoast-schema-graph\">{\"@context\":\"https:\/\/schema.org\",\"@graph\":[{\"@type\":\"Article\",\"@id\":\"https:\/\/www.article-marketing.eu\/comunicati\/viaggi-e-vacanze\/viaggi-e-turismo\/il-lago-di-bolsena-storia-millenaria\/#article\",\"isPartOf\":{\"@id\":\"https:\/\/www.article-marketing.eu\/comunicati\/viaggi-e-vacanze\/viaggi-e-turismo\/il-lago-di-bolsena-storia-millenaria\/\"},\"author\":{\"name\":\"Redazione Comunicati Stampa\",\"@id\":\"https:\/\/www.article-marketing.eu\/comunicati\/#\/schema\/person\/44372e4d4d0fa797b18e03ed1ace9017\"},\"headline\":\"Il lago di Bolsena&#8230;? storia millenaria!\",\"datePublished\":\"2008-11-21T18:28:51+00:00\",\"mainEntityOfPage\":{\"@id\":\"https:\/\/www.article-marketing.eu\/comunicati\/viaggi-e-vacanze\/viaggi-e-turismo\/il-lago-di-bolsena-storia-millenaria\/\"},\"wordCount\":955,\"commentCount\":0,\"keywords\":[\"bisentina\",\"bolsena\",\"craterico\",\"lago\",\"lago di bolsena\",\"marta\",\"martana\",\"sesse\",\"turismo\"],\"articleSection\":[\"Viaggi e Turismo\"],\"inLanguage\":\"it-IT\",\"potentialAction\":[{\"@type\":\"CommentAction\",\"name\":\"Comment\",\"target\":[\"https:\/\/www.article-marketing.eu\/comunicati\/viaggi-e-vacanze\/viaggi-e-turismo\/il-lago-di-bolsena-storia-millenaria\/#respond\"]}]},{\"@type\":\"WebPage\",\"@id\":\"https:\/\/www.article-marketing.eu\/comunicati\/viaggi-e-vacanze\/viaggi-e-turismo\/il-lago-di-bolsena-storia-millenaria\/\",\"url\":\"https:\/\/www.article-marketing.eu\/comunicati\/viaggi-e-vacanze\/viaggi-e-turismo\/il-lago-di-bolsena-storia-millenaria\/\",\"name\":\"Il lago di Bolsena...? storia millenaria! - Article Marketing\",\"isPartOf\":{\"@id\":\"https:\/\/www.article-marketing.eu\/comunicati\/#website\"},\"datePublished\":\"2008-11-21T18:28:51+00:00\",\"author\":{\"@id\":\"https:\/\/www.article-marketing.eu\/comunicati\/#\/schema\/person\/44372e4d4d0fa797b18e03ed1ace9017\"},\"breadcrumb\":{\"@id\":\"https:\/\/www.article-marketing.eu\/comunicati\/viaggi-e-vacanze\/viaggi-e-turismo\/il-lago-di-bolsena-storia-millenaria\/#breadcrumb\"},\"inLanguage\":\"it-IT\",\"potentialAction\":[{\"@type\":\"ReadAction\",\"target\":[\"https:\/\/www.article-marketing.eu\/comunicati\/viaggi-e-vacanze\/viaggi-e-turismo\/il-lago-di-bolsena-storia-millenaria\/\"]}]},{\"@type\":\"BreadcrumbList\",\"@id\":\"https:\/\/www.article-marketing.eu\/comunicati\/viaggi-e-vacanze\/viaggi-e-turismo\/il-lago-di-bolsena-storia-millenaria\/#breadcrumb\",\"itemListElement\":[{\"@type\":\"ListItem\",\"position\":1,\"name\":\"Home\",\"item\":\"https:\/\/www.article-marketing.eu\/comunicati\/\"},{\"@type\":\"ListItem\",\"position\":2,\"name\":\"Il lago di Bolsena&#8230;? storia millenaria!\"}]},{\"@type\":\"WebSite\",\"@id\":\"https:\/\/www.article-marketing.eu\/comunicati\/#website\",\"url\":\"https:\/\/www.article-marketing.eu\/comunicati\/\",\"name\":\"Article Marketing\",\"description\":\"article marketing &amp; press release\",\"potentialAction\":[{\"@type\":\"SearchAction\",\"target\":{\"@type\":\"EntryPoint\",\"urlTemplate\":\"https:\/\/www.article-marketing.eu\/comunicati\/?s={search_term_string}\"},\"query-input\":{\"@type\":\"PropertyValueSpecification\",\"valueRequired\":true,\"valueName\":\"search_term_string\"}}],\"inLanguage\":\"it-IT\"},{\"@type\":\"Person\",\"@id\":\"https:\/\/www.article-marketing.eu\/comunicati\/#\/schema\/person\/44372e4d4d0fa797b18e03ed1ace9017\",\"name\":\"Redazione Comunicati Stampa\",\"image\":{\"@type\":\"ImageObject\",\"inLanguage\":\"it-IT\",\"@id\":\"https:\/\/www.article-marketing.eu\/comunicati\/#\/schema\/person\/image\/\",\"url\":\"https:\/\/secure.gravatar.com\/avatar\/50e5c6421d3072f42e7ace803501602c60d75233d34e29fd05feb91c8760b792?s=96&d=mm&r=g\",\"contentUrl\":\"https:\/\/secure.gravatar.com\/avatar\/50e5c6421d3072f42e7ace803501602c60d75233d34e29fd05feb91c8760b792?s=96&d=mm&r=g\",\"caption\":\"Redazione Comunicati Stampa\"},\"url\":\"https:\/\/www.article-marketing.eu\/comunicati\/author\/redazione-comunicati-stampa\/\"}]}<\/script>\n<!-- \/ Yoast SEO plugin. -->","yoast_head_json":{"title":"Il lago di Bolsena...? storia millenaria! - Article Marketing","robots":{"index":"index","follow":"follow","max-snippet":"max-snippet:-1","max-image-preview":"max-image-preview:large","max-video-preview":"max-video-preview:-1"},"canonical":"https:\/\/www.article-marketing.eu\/comunicati\/viaggi-e-vacanze\/viaggi-e-turismo\/il-lago-di-bolsena-storia-millenaria\/","og_locale":"it_IT","og_type":"article","og_title":"Il lago di Bolsena...? storia millenaria! - Article Marketing","og_description":"Situato nella provincia laziale di Viterbo, il Lago di Bolsena \u00e8 il pi\u00f9 esteso bacino craterico d'Italia con i suoi 115 km\u00b2 di lunghezza. Circondato in buona parte dalla catena dei monti Vulsini, il lago, di forma ellittica ha una superficie di 114 kmq, un perimetro di 43 km e una profondit\u00e0 di 151 metri. Le due isole Martana e Bisentina, di origine vulcanica, sorgono in prossimit\u00e0 della costa. Generalmente le coste sono basse e sabbiose e in brevi tratti anche paludose. L'apparato vulcanico del Vulsinio era in origine caratterizzato da sette crateri. Dopo una violenta esplosione croll\u00f2 su stesso creando una caldera che si and\u00f2 a poco a poco ricoprendo di acqua formando l'attuale lago Bolsena. Nella conca di Latera e lungo le coste dell'isola Bisentina si riscontrano ancora tracce degli antichi crateri. Verso la fine del Neolitico il lago inizi\u00f2 ad essere popolato da numerose palafitte. Successivamente nell'et\u00e0 del ferro e in quella del bronzo gli insediamenti furono condizionati dal livello delle acque.","og_url":"https:\/\/www.article-marketing.eu\/comunicati\/viaggi-e-vacanze\/viaggi-e-turismo\/il-lago-di-bolsena-storia-millenaria\/","og_site_name":"Article Marketing","article_published_time":"2008-11-21T18:28:51+00:00","author":"Redazione Comunicati Stampa","twitter_card":"summary_large_image","twitter_misc":{"Scritto da":"Redazione Comunicati Stampa","Tempo di lettura stimato":"5 minuti"},"schema":{"@context":"https:\/\/schema.org","@graph":[{"@type":"Article","@id":"https:\/\/www.article-marketing.eu\/comunicati\/viaggi-e-vacanze\/viaggi-e-turismo\/il-lago-di-bolsena-storia-millenaria\/#article","isPartOf":{"@id":"https:\/\/www.article-marketing.eu\/comunicati\/viaggi-e-vacanze\/viaggi-e-turismo\/il-lago-di-bolsena-storia-millenaria\/"},"author":{"name":"Redazione Comunicati Stampa","@id":"https:\/\/www.article-marketing.eu\/comunicati\/#\/schema\/person\/44372e4d4d0fa797b18e03ed1ace9017"},"headline":"Il lago di Bolsena&#8230;? storia millenaria!","datePublished":"2008-11-21T18:28:51+00:00","mainEntityOfPage":{"@id":"https:\/\/www.article-marketing.eu\/comunicati\/viaggi-e-vacanze\/viaggi-e-turismo\/il-lago-di-bolsena-storia-millenaria\/"},"wordCount":955,"commentCount":0,"keywords":["bisentina","bolsena","craterico","lago","lago di bolsena","marta","martana","sesse","turismo"],"articleSection":["Viaggi e Turismo"],"inLanguage":"it-IT","potentialAction":[{"@type":"CommentAction","name":"Comment","target":["https:\/\/www.article-marketing.eu\/comunicati\/viaggi-e-vacanze\/viaggi-e-turismo\/il-lago-di-bolsena-storia-millenaria\/#respond"]}]},{"@type":"WebPage","@id":"https:\/\/www.article-marketing.eu\/comunicati\/viaggi-e-vacanze\/viaggi-e-turismo\/il-lago-di-bolsena-storia-millenaria\/","url":"https:\/\/www.article-marketing.eu\/comunicati\/viaggi-e-vacanze\/viaggi-e-turismo\/il-lago-di-bolsena-storia-millenaria\/","name":"Il lago di Bolsena...? storia millenaria! - Article Marketing","isPartOf":{"@id":"https:\/\/www.article-marketing.eu\/comunicati\/#website"},"datePublished":"2008-11-21T18:28:51+00:00","author":{"@id":"https:\/\/www.article-marketing.eu\/comunicati\/#\/schema\/person\/44372e4d4d0fa797b18e03ed1ace9017"},"breadcrumb":{"@id":"https:\/\/www.article-marketing.eu\/comunicati\/viaggi-e-vacanze\/viaggi-e-turismo\/il-lago-di-bolsena-storia-millenaria\/#breadcrumb"},"inLanguage":"it-IT","potentialAction":[{"@type":"ReadAction","target":["https:\/\/www.article-marketing.eu\/comunicati\/viaggi-e-vacanze\/viaggi-e-turismo\/il-lago-di-bolsena-storia-millenaria\/"]}]},{"@type":"BreadcrumbList","@id":"https:\/\/www.article-marketing.eu\/comunicati\/viaggi-e-vacanze\/viaggi-e-turismo\/il-lago-di-bolsena-storia-millenaria\/#breadcrumb","itemListElement":[{"@type":"ListItem","position":1,"name":"Home","item":"https:\/\/www.article-marketing.eu\/comunicati\/"},{"@type":"ListItem","position":2,"name":"Il lago di Bolsena&#8230;? storia millenaria!"}]},{"@type":"WebSite","@id":"https:\/\/www.article-marketing.eu\/comunicati\/#website","url":"https:\/\/www.article-marketing.eu\/comunicati\/","name":"Article Marketing","description":"article marketing &amp; press release","potentialAction":[{"@type":"SearchAction","target":{"@type":"EntryPoint","urlTemplate":"https:\/\/www.article-marketing.eu\/comunicati\/?s={search_term_string}"},"query-input":{"@type":"PropertyValueSpecification","valueRequired":true,"valueName":"search_term_string"}}],"inLanguage":"it-IT"},{"@type":"Person","@id":"https:\/\/www.article-marketing.eu\/comunicati\/#\/schema\/person\/44372e4d4d0fa797b18e03ed1ace9017","name":"Redazione Comunicati Stampa","image":{"@type":"ImageObject","inLanguage":"it-IT","@id":"https:\/\/www.article-marketing.eu\/comunicati\/#\/schema\/person\/image\/","url":"https:\/\/secure.gravatar.com\/avatar\/50e5c6421d3072f42e7ace803501602c60d75233d34e29fd05feb91c8760b792?s=96&d=mm&r=g","contentUrl":"https:\/\/secure.gravatar.com\/avatar\/50e5c6421d3072f42e7ace803501602c60d75233d34e29fd05feb91c8760b792?s=96&d=mm&r=g","caption":"Redazione Comunicati Stampa"},"url":"https:\/\/www.article-marketing.eu\/comunicati\/author\/redazione-comunicati-stampa\/"}]}},"_links":{"self":[{"href":"https:\/\/www.article-marketing.eu\/comunicati\/wp-json\/wp\/v2\/posts\/931","targetHints":{"allow":["GET"]}}],"collection":[{"href":"https:\/\/www.article-marketing.eu\/comunicati\/wp-json\/wp\/v2\/posts"}],"about":[{"href":"https:\/\/www.article-marketing.eu\/comunicati\/wp-json\/wp\/v2\/types\/post"}],"author":[{"embeddable":true,"href":"https:\/\/www.article-marketing.eu\/comunicati\/wp-json\/wp\/v2\/users\/10"}],"replies":[{"embeddable":true,"href":"https:\/\/www.article-marketing.eu\/comunicati\/wp-json\/wp\/v2\/comments?post=931"}],"version-history":[{"count":0,"href":"https:\/\/www.article-marketing.eu\/comunicati\/wp-json\/wp\/v2\/posts\/931\/revisions"}],"wp:attachment":[{"href":"https:\/\/www.article-marketing.eu\/comunicati\/wp-json\/wp\/v2\/media?parent=931"}],"wp:term":[{"taxonomy":"category","embeddable":true,"href":"https:\/\/www.article-marketing.eu\/comunicati\/wp-json\/wp\/v2\/categories?post=931"},{"taxonomy":"post_tag","embeddable":true,"href":"https:\/\/www.article-marketing.eu\/comunicati\/wp-json\/wp\/v2\/tags?post=931"}],"curies":[{"name":"wp","href":"https:\/\/api.w.org\/{rel}","templated":true}]}}