{"id":938,"date":"2008-11-24T14:28:21","date_gmt":"2008-11-24T13:28:21","guid":{"rendered":"http:\/\/www.article-marketing.eu\/comunicati\/senza-categoria\/la-multinazionale-tedesca-becker-entra-in-italia-nel-settore-dei-rottami-ferrosi\/"},"modified":"2008-11-24T14:28:21","modified_gmt":"2008-11-24T13:28:21","slug":"la-multinazionale-tedesca-becker-entra-in-italia-nel-settore-dei-rottami-ferrosi","status":"publish","type":"post","link":"https:\/\/www.article-marketing.eu\/comunicati\/economia-e-lavoro\/aziende\/la-multinazionale-tedesca-becker-entra-in-italia-nel-settore-dei-rottami-ferrosi\/","title":{"rendered":"La multinazionale tedesca Becker entra in Italia nel settore dei rottami ferrosi"},"content":{"rendered":"<p>Novembre 2008 \u2013 La multinazionale tedesca <a title=\"Jakob Becker\" href=\"http:\/\/www.jakob-becker.de\/\">Jakob Becker<\/a>, una delle principali aziende operative in tutto il centro Europa nel settore della raccolta e smaltimento dei rifiuti, anche pericolosi, e nelle demolizioni di grandi impianti, ha scelto il Friuli Venezia Giulia per entrare nel mercato italiano.<br \/>Lo ha fatto con l\u2019acquisizione della totalit\u00e0 delle quote societarie della Siderurgica Srl di San Giorgio di Nogaro proprietaria dell\u2019impianto di recupero di materiali ferrosi sito in via Fermi, nella zona industriale dell\u2019Aussa Corno.<br \/>La nuova societ\u00e0 si chiamer\u00e0 <strong>Becker Italia Srl<\/strong> e sar\u00e0 guidata da Mag. Robert Riepl, gi\u00e0 responsabile della Jakob Becker GmbH Alpe \u2013Adria, il quale ha anche acquisito il 24,9% delle quote societarie. Il restante 75,1% della neo nata Becker Italia far\u00e0 capo alla holding della famiglia Becker, presieduta da Annemarie Becker. <br \/>La presentazione si \u00e8 tenuta alla fine di ottobre a Udine nella sede della Confindustria provinciale, alla presenza del Presidente dell\u2019ente industriale <strong>Adriano Luci<\/strong> che ha dichiarato:\u201cE\u2019 sempre una buona notizia sapere che un\u2019azienda come la Siderurgica Srl di San Giorgio di Nogaro, torner\u00e0 a&nbsp; rivedere il futuro. Siamo contenti di attirare aziende anche da fuori; per noi pu\u00f2 rappresentare un\u2019opportunit\u00e0 di arricchire conoscenze e competenze\u201d. <strong>Pietro Del Frate<\/strong>, sindaco di San Giorgio di Nogaro, ha detto: \u201cRingrazio la multinazionale Becker per aver scelto San Giorgio di Nogaro come sede italiana della societ\u00e0. Sono lusingato per il fatto che Becker, multinazionale molto affermata, abbia ritenuto strategico il sito di San Giorgio di Nogaro e la zona industriale dell\u2019Aussa Corno. L\u2019amministrazione comunale \u00e8 certa che avr\u00e0 in Becker un interlocutore serio ed adeguato per far crescere il fattore economico e la qualit\u00e0 della vita dei nostri cittadini. Il nostro sito industriale \u00e8 molto delicato, perch\u00e9 a valle vi \u00e8 la Laguna, un patrimonio che va tutelato: sono certo che le industrie possono operare in compatibilit\u00e0 con l\u2019ambiente. Il nostro territorio, che comprende San Giorgio, ma anche Cervignano, Torviscosa, Carlino e Terzo d\u2019Aquileia in questo modo ha grandi opportunit\u00e0 e grandi prospettive.\u201d<br \/><strong>Annemarie Becker<\/strong>, presidente di Jakob Becker GmbH ha affermato: \u201cVogliamo instaurare una gestione corretta e sostenibile dell\u2019impianto di San Giorgio di Nogaro e produrre qui nuovi posti di lavoro. Becker ha festeggiato da poco 110 anni di attivit\u00e0 nel settore dei rifiuti. La nostra \u00e8 un\u2019impresa familiare condotta da me e dai miei due figli. Abbiamo deciso fin dall\u2019inizio di essere presenti all\u2019estero e finalmente lo siamo anche in Italia. Auspico che daremo buone prospettive economiche al territorio e che troveremo grande margine di collaborazione con gli operatori locali\u201d.<br \/><strong>Robert Riepl<\/strong>, presidente Jakob Becker GmbH Alpe Adria e responsabile della societ\u00e0 di San Giorgio di Nogaro che si chiamer\u00e0 Becker Italia ha concluso: \u201cLa scelta di San Giorgio di Nogaro \u00e8 per noi strategica perch\u00e9 apre prospettive per attivit\u00e0 economiche future. Questo impianto \u00e8 fondamentale nell\u2019ottica di un\u2019economia&nbsp; sostenibile\u201d.<\/p>\n<p>L\u2019ingresso in Friuli Venezia Giulia \u00e8 considerato strategico per la multinazionale tedesca in quanto consente l\u2019acquisizione del pi\u00f9 grande impianto in Italia \u2013 ed uno dei pi\u00f9 grandi d\u2019Europa \u2013per la macinazione di materiali ferrosi destinati alla fusione in acciaieria. L\u2019impianto di San Giorgio di Nogaro, infatti, \u00e8 in grado di trattarne 400.000 tonnellate all\u2019anno: <strong>275.000 tonnellate di ferro e 125.000 di autopacchi<\/strong> (veicoli compressi). Detti materiali ferrosi proverranno anche dall\u2019Est Europa e dai Balcani dove la Jakob Becker possiede propri impianti di recupero.<br \/>L\u2019impianto di San Giorgio di Nogaro consentir\u00e0 anche il recupero del fluff, ovvero il residuo non ferroso derivante dalla demolizione degli autoveicoli. Il fluff ha un elevato potere calorifico e pu\u00f2 essere smaltito come combustibile nei termovalorizzatori. La Jakob Becker gestisce gi\u00e0 alcuni impianti di termovalorizzazione tra cui l\u2019inceneritore privato di Arnoldstein in Austria verso il quale saranno principalmente destinati i materiali recuperati nell\u2019impianto friulano. In questo modo la Becker sar\u00e0 in grado di chiudere all\u2019interno del <strong>proprio network industriale<\/strong> tutta la filiera di raccolta, recupero e smaltimento dei rottami ferrosi.<br \/>Il primo passo per rendere operativo l\u2019impianto di San Giorgio di Nogaro \u00e8 l\u2019ottenimento del dissequestro dello stesso da parte della Procura della Repubblica di Napoli per una vicenda giudiziaria che vede coinvolta la precedente propriet\u00e0. <br \/>Partono da qui le attivit\u00e0 con cui Becker Italia dar\u00e0 nuovo corso all\u2019impianto friulano. Con la riorganizzazione di tutta la gestione operativa dello stabilimento e l\u2019inserimento della societ\u00e0 nella sfera di controllo, anche finanziaria, della famiglia Becker cadono i presupposti del sequestro preventivo che la Procura aveva ordinato per rischio di reiterazione del reato.<br \/>Nei prossimi mesi <strong>l\u2019impianto di San Giorgio di Nogaro<\/strong> entrer\u00e0 di nuovo&nbsp; in funzione regolarmente e questo consentir\u00e0 di dare anche nuova linfa occupazionale al territorio sia in termini di occupazione diretta (con l\u2019assunzione di una decina di persone) sia in termini di indotto.<br \/>A San Giorgio di Nogaro, inoltre, la Becker istituir\u00e0 la propria sede italiana principale da cui intende avviare nuove attivit\u00e0 in considerazione anche della posizione strategica del Friuli Venezia Giulia rispetto al mercato europeo e soprattutto est-europeo.<br \/>Il sito friulano \u00e8 considerato dall\u2019azienda tedesca ottimale dal punto di vista della logistica, sia per la<strong> vicinanza con le sedi operative austriache<\/strong>, sia per la presenza di servizi di trasporto quali linee ferroviarie e snodi portuali.<\/p>\n<p><\/p>\n<p>&nbsp;<\/p>\n<p>&nbsp;<\/p>\n","protected":false},"excerpt":{"rendered":"<p><i>Presentata in Confidustria Udine l\u2019acquisizione della Siderurgica di San Giorgio di Nogaro<br \/>\nNuova propriet\u00e0 e nuova gestione per l\u2019impianto dell\u2019Aussa Corno che recupera materiali ferrosi. L\u2019acquisizione consente alla societ\u00e0 tedesca di chiudere il ciclo del fluff tra Italia e Austria<\/i><\/p>\n","protected":false},"author":10,"featured_media":0,"comment_status":"open","ping_status":"open","sticky":false,"template":"","format":"standard","meta":{"cybocfi_hide_featured_image":"","footnotes":""},"categories":[129],"tags":[3233,3235,3236,3234,3232,3231],"class_list":["post-938","post","type-post","status-publish","format-standard","hentry","category-aziende","tag-becker","tag-ferro","tag-rifiuti-ferrosi","tag-rottami-ferrosi","tag-san-giorgio-di-nogaro","tag-siderurgica-srl"],"yoast_head":"<!-- This site is optimized with the Yoast SEO plugin v27.0 - https:\/\/yoast.com\/product\/yoast-seo-wordpress\/ -->\n<title>La multinazionale tedesca Becker entra in Italia nel settore dei rottami ferrosi - Article Marketing<\/title>\n<meta name=\"robots\" content=\"index, follow, max-snippet:-1, max-image-preview:large, max-video-preview:-1\" \/>\n<link rel=\"canonical\" href=\"https:\/\/www.article-marketing.eu\/comunicati\/economia-e-lavoro\/aziende\/la-multinazionale-tedesca-becker-entra-in-italia-nel-settore-dei-rottami-ferrosi\/\" \/>\n<meta property=\"og:locale\" content=\"it_IT\" \/>\n<meta property=\"og:type\" content=\"article\" \/>\n<meta property=\"og:title\" content=\"La multinazionale tedesca Becker entra in Italia nel settore dei rottami ferrosi - Article Marketing\" \/>\n<meta property=\"og:description\" content=\"Presentata in Confidustria Udine l\u2019acquisizione della Siderurgica di San Giorgio di Nogaro Nuova propriet\u00e0 e nuova gestione per l\u2019impianto dell\u2019Aussa Corno che recupera materiali ferrosi. L\u2019acquisizione consente alla societ\u00e0 tedesca di chiudere il ciclo del fluff tra Italia e Austria\" \/>\n<meta property=\"og:url\" content=\"https:\/\/www.article-marketing.eu\/comunicati\/economia-e-lavoro\/aziende\/la-multinazionale-tedesca-becker-entra-in-italia-nel-settore-dei-rottami-ferrosi\/\" \/>\n<meta property=\"og:site_name\" content=\"Article Marketing\" \/>\n<meta property=\"article:published_time\" content=\"2008-11-24T13:28:21+00:00\" \/>\n<meta name=\"author\" content=\"Redazione Comunicati Stampa\" \/>\n<meta name=\"twitter:card\" content=\"summary_large_image\" \/>\n<meta name=\"twitter:label1\" content=\"Scritto da\" \/>\n\t<meta name=\"twitter:data1\" content=\"Redazione Comunicati Stampa\" \/>\n\t<meta name=\"twitter:label2\" content=\"Tempo di lettura stimato\" \/>\n\t<meta name=\"twitter:data2\" content=\"4 minuti\" \/>\n<script type=\"application\/ld+json\" class=\"yoast-schema-graph\">{\"@context\":\"https:\/\/schema.org\",\"@graph\":[{\"@type\":\"Article\",\"@id\":\"https:\/\/www.article-marketing.eu\/comunicati\/economia-e-lavoro\/aziende\/la-multinazionale-tedesca-becker-entra-in-italia-nel-settore-dei-rottami-ferrosi\/#article\",\"isPartOf\":{\"@id\":\"https:\/\/www.article-marketing.eu\/comunicati\/economia-e-lavoro\/aziende\/la-multinazionale-tedesca-becker-entra-in-italia-nel-settore-dei-rottami-ferrosi\/\"},\"author\":{\"name\":\"Redazione Comunicati Stampa\",\"@id\":\"https:\/\/www.article-marketing.eu\/comunicati\/#\/schema\/person\/44372e4d4d0fa797b18e03ed1ace9017\"},\"headline\":\"La multinazionale tedesca Becker entra in Italia nel settore dei rottami ferrosi\",\"datePublished\":\"2008-11-24T13:28:21+00:00\",\"mainEntityOfPage\":{\"@id\":\"https:\/\/www.article-marketing.eu\/comunicati\/economia-e-lavoro\/aziende\/la-multinazionale-tedesca-becker-entra-in-italia-nel-settore-dei-rottami-ferrosi\/\"},\"wordCount\":884,\"commentCount\":0,\"keywords\":[\"Becker\",\"ferro\",\"rifiuti ferrosi\",\"rottami ferrosi\",\"San Giorgio di Nogaro\",\"Siderurgica Srl\"],\"articleSection\":[\"Aziende\"],\"inLanguage\":\"it-IT\",\"potentialAction\":[{\"@type\":\"CommentAction\",\"name\":\"Comment\",\"target\":[\"https:\/\/www.article-marketing.eu\/comunicati\/economia-e-lavoro\/aziende\/la-multinazionale-tedesca-becker-entra-in-italia-nel-settore-dei-rottami-ferrosi\/#respond\"]}]},{\"@type\":\"WebPage\",\"@id\":\"https:\/\/www.article-marketing.eu\/comunicati\/economia-e-lavoro\/aziende\/la-multinazionale-tedesca-becker-entra-in-italia-nel-settore-dei-rottami-ferrosi\/\",\"url\":\"https:\/\/www.article-marketing.eu\/comunicati\/economia-e-lavoro\/aziende\/la-multinazionale-tedesca-becker-entra-in-italia-nel-settore-dei-rottami-ferrosi\/\",\"name\":\"La multinazionale tedesca Becker entra in Italia nel settore dei rottami ferrosi - Article Marketing\",\"isPartOf\":{\"@id\":\"https:\/\/www.article-marketing.eu\/comunicati\/#website\"},\"datePublished\":\"2008-11-24T13:28:21+00:00\",\"author\":{\"@id\":\"https:\/\/www.article-marketing.eu\/comunicati\/#\/schema\/person\/44372e4d4d0fa797b18e03ed1ace9017\"},\"breadcrumb\":{\"@id\":\"https:\/\/www.article-marketing.eu\/comunicati\/economia-e-lavoro\/aziende\/la-multinazionale-tedesca-becker-entra-in-italia-nel-settore-dei-rottami-ferrosi\/#breadcrumb\"},\"inLanguage\":\"it-IT\",\"potentialAction\":[{\"@type\":\"ReadAction\",\"target\":[\"https:\/\/www.article-marketing.eu\/comunicati\/economia-e-lavoro\/aziende\/la-multinazionale-tedesca-becker-entra-in-italia-nel-settore-dei-rottami-ferrosi\/\"]}]},{\"@type\":\"BreadcrumbList\",\"@id\":\"https:\/\/www.article-marketing.eu\/comunicati\/economia-e-lavoro\/aziende\/la-multinazionale-tedesca-becker-entra-in-italia-nel-settore-dei-rottami-ferrosi\/#breadcrumb\",\"itemListElement\":[{\"@type\":\"ListItem\",\"position\":1,\"name\":\"Home\",\"item\":\"https:\/\/www.article-marketing.eu\/comunicati\/\"},{\"@type\":\"ListItem\",\"position\":2,\"name\":\"La multinazionale tedesca Becker entra in Italia nel settore dei rottami ferrosi\"}]},{\"@type\":\"WebSite\",\"@id\":\"https:\/\/www.article-marketing.eu\/comunicati\/#website\",\"url\":\"https:\/\/www.article-marketing.eu\/comunicati\/\",\"name\":\"Article Marketing\",\"description\":\"article marketing &amp; press release\",\"potentialAction\":[{\"@type\":\"SearchAction\",\"target\":{\"@type\":\"EntryPoint\",\"urlTemplate\":\"https:\/\/www.article-marketing.eu\/comunicati\/?s={search_term_string}\"},\"query-input\":{\"@type\":\"PropertyValueSpecification\",\"valueRequired\":true,\"valueName\":\"search_term_string\"}}],\"inLanguage\":\"it-IT\"},{\"@type\":\"Person\",\"@id\":\"https:\/\/www.article-marketing.eu\/comunicati\/#\/schema\/person\/44372e4d4d0fa797b18e03ed1ace9017\",\"name\":\"Redazione Comunicati Stampa\",\"image\":{\"@type\":\"ImageObject\",\"inLanguage\":\"it-IT\",\"@id\":\"https:\/\/www.article-marketing.eu\/comunicati\/#\/schema\/person\/image\/\",\"url\":\"https:\/\/secure.gravatar.com\/avatar\/50e5c6421d3072f42e7ace803501602c60d75233d34e29fd05feb91c8760b792?s=96&d=mm&r=g\",\"contentUrl\":\"https:\/\/secure.gravatar.com\/avatar\/50e5c6421d3072f42e7ace803501602c60d75233d34e29fd05feb91c8760b792?s=96&d=mm&r=g\",\"caption\":\"Redazione Comunicati Stampa\"},\"url\":\"https:\/\/www.article-marketing.eu\/comunicati\/author\/redazione-comunicati-stampa\/\"}]}<\/script>\n<!-- \/ Yoast SEO plugin. -->","yoast_head_json":{"title":"La multinazionale tedesca Becker entra in Italia nel settore dei rottami ferrosi - Article Marketing","robots":{"index":"index","follow":"follow","max-snippet":"max-snippet:-1","max-image-preview":"max-image-preview:large","max-video-preview":"max-video-preview:-1"},"canonical":"https:\/\/www.article-marketing.eu\/comunicati\/economia-e-lavoro\/aziende\/la-multinazionale-tedesca-becker-entra-in-italia-nel-settore-dei-rottami-ferrosi\/","og_locale":"it_IT","og_type":"article","og_title":"La multinazionale tedesca Becker entra in Italia nel settore dei rottami ferrosi - Article Marketing","og_description":"Presentata in Confidustria Udine l\u2019acquisizione della Siderurgica di San Giorgio di Nogaro Nuova propriet\u00e0 e nuova gestione per l\u2019impianto dell\u2019Aussa Corno che recupera materiali ferrosi. L\u2019acquisizione consente alla societ\u00e0 tedesca di chiudere il ciclo del fluff tra Italia e Austria","og_url":"https:\/\/www.article-marketing.eu\/comunicati\/economia-e-lavoro\/aziende\/la-multinazionale-tedesca-becker-entra-in-italia-nel-settore-dei-rottami-ferrosi\/","og_site_name":"Article Marketing","article_published_time":"2008-11-24T13:28:21+00:00","author":"Redazione Comunicati Stampa","twitter_card":"summary_large_image","twitter_misc":{"Scritto da":"Redazione Comunicati Stampa","Tempo di lettura stimato":"4 minuti"},"schema":{"@context":"https:\/\/schema.org","@graph":[{"@type":"Article","@id":"https:\/\/www.article-marketing.eu\/comunicati\/economia-e-lavoro\/aziende\/la-multinazionale-tedesca-becker-entra-in-italia-nel-settore-dei-rottami-ferrosi\/#article","isPartOf":{"@id":"https:\/\/www.article-marketing.eu\/comunicati\/economia-e-lavoro\/aziende\/la-multinazionale-tedesca-becker-entra-in-italia-nel-settore-dei-rottami-ferrosi\/"},"author":{"name":"Redazione Comunicati Stampa","@id":"https:\/\/www.article-marketing.eu\/comunicati\/#\/schema\/person\/44372e4d4d0fa797b18e03ed1ace9017"},"headline":"La multinazionale tedesca Becker entra in Italia nel settore dei rottami ferrosi","datePublished":"2008-11-24T13:28:21+00:00","mainEntityOfPage":{"@id":"https:\/\/www.article-marketing.eu\/comunicati\/economia-e-lavoro\/aziende\/la-multinazionale-tedesca-becker-entra-in-italia-nel-settore-dei-rottami-ferrosi\/"},"wordCount":884,"commentCount":0,"keywords":["Becker","ferro","rifiuti ferrosi","rottami ferrosi","San Giorgio di Nogaro","Siderurgica Srl"],"articleSection":["Aziende"],"inLanguage":"it-IT","potentialAction":[{"@type":"CommentAction","name":"Comment","target":["https:\/\/www.article-marketing.eu\/comunicati\/economia-e-lavoro\/aziende\/la-multinazionale-tedesca-becker-entra-in-italia-nel-settore-dei-rottami-ferrosi\/#respond"]}]},{"@type":"WebPage","@id":"https:\/\/www.article-marketing.eu\/comunicati\/economia-e-lavoro\/aziende\/la-multinazionale-tedesca-becker-entra-in-italia-nel-settore-dei-rottami-ferrosi\/","url":"https:\/\/www.article-marketing.eu\/comunicati\/economia-e-lavoro\/aziende\/la-multinazionale-tedesca-becker-entra-in-italia-nel-settore-dei-rottami-ferrosi\/","name":"La multinazionale tedesca Becker entra in Italia nel settore dei rottami ferrosi - Article Marketing","isPartOf":{"@id":"https:\/\/www.article-marketing.eu\/comunicati\/#website"},"datePublished":"2008-11-24T13:28:21+00:00","author":{"@id":"https:\/\/www.article-marketing.eu\/comunicati\/#\/schema\/person\/44372e4d4d0fa797b18e03ed1ace9017"},"breadcrumb":{"@id":"https:\/\/www.article-marketing.eu\/comunicati\/economia-e-lavoro\/aziende\/la-multinazionale-tedesca-becker-entra-in-italia-nel-settore-dei-rottami-ferrosi\/#breadcrumb"},"inLanguage":"it-IT","potentialAction":[{"@type":"ReadAction","target":["https:\/\/www.article-marketing.eu\/comunicati\/economia-e-lavoro\/aziende\/la-multinazionale-tedesca-becker-entra-in-italia-nel-settore-dei-rottami-ferrosi\/"]}]},{"@type":"BreadcrumbList","@id":"https:\/\/www.article-marketing.eu\/comunicati\/economia-e-lavoro\/aziende\/la-multinazionale-tedesca-becker-entra-in-italia-nel-settore-dei-rottami-ferrosi\/#breadcrumb","itemListElement":[{"@type":"ListItem","position":1,"name":"Home","item":"https:\/\/www.article-marketing.eu\/comunicati\/"},{"@type":"ListItem","position":2,"name":"La multinazionale tedesca Becker entra in Italia nel settore dei rottami ferrosi"}]},{"@type":"WebSite","@id":"https:\/\/www.article-marketing.eu\/comunicati\/#website","url":"https:\/\/www.article-marketing.eu\/comunicati\/","name":"Article Marketing","description":"article marketing &amp; press release","potentialAction":[{"@type":"SearchAction","target":{"@type":"EntryPoint","urlTemplate":"https:\/\/www.article-marketing.eu\/comunicati\/?s={search_term_string}"},"query-input":{"@type":"PropertyValueSpecification","valueRequired":true,"valueName":"search_term_string"}}],"inLanguage":"it-IT"},{"@type":"Person","@id":"https:\/\/www.article-marketing.eu\/comunicati\/#\/schema\/person\/44372e4d4d0fa797b18e03ed1ace9017","name":"Redazione Comunicati Stampa","image":{"@type":"ImageObject","inLanguage":"it-IT","@id":"https:\/\/www.article-marketing.eu\/comunicati\/#\/schema\/person\/image\/","url":"https:\/\/secure.gravatar.com\/avatar\/50e5c6421d3072f42e7ace803501602c60d75233d34e29fd05feb91c8760b792?s=96&d=mm&r=g","contentUrl":"https:\/\/secure.gravatar.com\/avatar\/50e5c6421d3072f42e7ace803501602c60d75233d34e29fd05feb91c8760b792?s=96&d=mm&r=g","caption":"Redazione Comunicati Stampa"},"url":"https:\/\/www.article-marketing.eu\/comunicati\/author\/redazione-comunicati-stampa\/"}]}},"_links":{"self":[{"href":"https:\/\/www.article-marketing.eu\/comunicati\/wp-json\/wp\/v2\/posts\/938","targetHints":{"allow":["GET"]}}],"collection":[{"href":"https:\/\/www.article-marketing.eu\/comunicati\/wp-json\/wp\/v2\/posts"}],"about":[{"href":"https:\/\/www.article-marketing.eu\/comunicati\/wp-json\/wp\/v2\/types\/post"}],"author":[{"embeddable":true,"href":"https:\/\/www.article-marketing.eu\/comunicati\/wp-json\/wp\/v2\/users\/10"}],"replies":[{"embeddable":true,"href":"https:\/\/www.article-marketing.eu\/comunicati\/wp-json\/wp\/v2\/comments?post=938"}],"version-history":[{"count":0,"href":"https:\/\/www.article-marketing.eu\/comunicati\/wp-json\/wp\/v2\/posts\/938\/revisions"}],"wp:attachment":[{"href":"https:\/\/www.article-marketing.eu\/comunicati\/wp-json\/wp\/v2\/media?parent=938"}],"wp:term":[{"taxonomy":"category","embeddable":true,"href":"https:\/\/www.article-marketing.eu\/comunicati\/wp-json\/wp\/v2\/categories?post=938"},{"taxonomy":"post_tag","embeddable":true,"href":"https:\/\/www.article-marketing.eu\/comunicati\/wp-json\/wp\/v2\/tags?post=938"}],"curies":[{"name":"wp","href":"https:\/\/api.w.org\/{rel}","templated":true}]}}