{"id":939,"date":"2008-11-24T14:31:45","date_gmt":"2008-11-24T13:31:45","guid":{"rendered":"http:\/\/www.article-marketing.eu\/comunicati\/senza-categoria\/stratex-living-la-casa-in-legno-di-design\/"},"modified":"2018-06-04T20:10:18","modified_gmt":"2018-06-04T18:10:18","slug":"stratex-living-la-casa-in-legno-di-design","status":"publish","type":"post","link":"https:\/\/www.article-marketing.eu\/comunicati\/casa\/esterni\/stratex-living-la-casa-in-legno-di-design\/","title":{"rendered":"Stratex Living, la casa in legno di design"},"content":{"rendered":"<p>Novembre 2008 &#8211; Stratex ha colto l\u2019esigenza di una rivoluzione nell\u2019edilizia prefabbricata. <\/p>\n<p>Da un concept dell\u2019architetto Carlo Colombo, Stratex propone STRATEX LIVING, case in legno di design minimalista realizzate con pannellature e strutture in legno ecosostenibili. <br \/>La bioarchitettura sposa il piacere di un ambiente estetico improntato al made in Italy.Nel 2009 pronte le prime ville ecologiche di design.<\/p>\n<p>A partire dal bisogno contemporaneo di un ritorno al vivere sano e naturale, che non perde di vista le conquiste della tecnologia, l\u2019azienda di Sutrio (Ud) ha concepito una nuova linea di case in legno di design per uso residenziale e collettivo.<\/p>\n<p>Il concept \u00e8 dell\u2019architetto <strong>Carlo Colombo<\/strong> che ha immaginato ville ecologiche dagli ambienti minimalisti, sobri, pratici e flessibili in grado di garantire la miglior vivibilit\u00e0 in termini di spazio, luminosit\u00e0 ed eleganza.&nbsp; <\/p>\n<p>Stratex ha messo a disposizione il proprio know how e la propria sensibilit\u00e0 verso valori quali eco sostenibilit\u00e0 e qualit\u00e0 della vita, per realizzare strutture in legno lamellare e pannellature, frutto di tecnologie di produzione all\u2019avanguardia che si avvalgono di macchinari in grado di garantire massima flessibilit\u00e0 di progettazione, nonch\u00e9 di sofisticati strumenti di calcolo strutturale. <br \/>I moduli abitativi realizzati in questo modo si adattano ad ospitare ambienti domestici o ambienti d\u2019uso civile collettivo ad altissimo impatto di design.<\/p>\n<p>Le caratteristiche del legno lamellare e le modalit\u00e0 di produzione Stratex nel segno della bioarchitettura, che vanta numerose certificazioni ambientali e di qualit\u00e0, conferiscono a questi prefabbricati in legno robustezza, facilit\u00e0 e velocit\u00e0 di assemblaggio e posa in opera, alta resistenza sismica, un\u2019elevata efficienza energetica.<\/p>\n<p>Tutta l\u2019impiantistica \u00e8 inglobata nei pannelli e i sistemi di isolamento garantiscono ottime prestazioni termiche, in sintonia con la filosofia ecosostenibile che sottende tutti i progetti STRATEX LIVING.<\/p>\n<p>L\u2019anima in legno di queste costruzioni pu\u00f2 essere rivestita con materiali diversi, prediligendo le superfici lisce e lucide che esaltano il continuo gioco di volumi pieni e vuoti, nei quali si inserisce la luce come protagonista dello spazio. Ne deriva un continuo dialogo tra l\u2019architettura della casa in legno e gli spazi esterni teso a raggiungere la necessaria armonia tra uomo e ambiente.<\/p>\n<p>Stratex sta gi\u00e0 lavorando ad alcuen ville in legno di design e le prime realizzazioni saranno inaugurate nel 2009. Oltre alle abitazioni private Stratex Living \u00e8 proposto per la realizzazione di edifici ecosostenibili pubblici ad uso collettivo, quali scuole, asili, biblioteche. La tecnologia Stratex Living \u00e8 applicabile ad ogni tipologia di progetto, anche di casa in legno pi\u00f9 tradizionale,&nbsp; che pu\u00f2 essere personalizzato a richiesta del Cliente. <\/p>\n<p>&nbsp;<\/p>\n<p>&nbsp;<\/p>\n<p>&nbsp;<\/p>\n<p><\/p>\n","protected":false},"excerpt":{"rendered":"<p>Da un concept dell\u2019architetto Carlo Colombo, Stratex propone STRATEX LIVING, case in legno di design minimalista realizzate con pannellature e strutture in legno ecosostenibili.<br \/>\nLa bioarchitettura sposa il piacere di un ambiente estetico improntato al made in Italy.Nel 2009 pronte le prime ville ecologiche di design.<\/p>\n","protected":false},"author":10,"featured_media":0,"comment_status":"open","ping_status":"open","sticky":false,"template":"","format":"standard","meta":{"cybocfi_hide_featured_image":"","footnotes":""},"categories":[612],"tags":[3241,3242,3237,3240,3239,3238],"class_list":["post-939","post","type-post","status-publish","format-standard","hentry","category-esterni","tag-bioarchitettura","tag-case-ecologiche","tag-case-in-legno","tag-strutture-in-legno","tag-ville-di-design","tag-ville-ecologiche"],"yoast_head":"<!-- This site is optimized with the Yoast SEO plugin v27.0 - https:\/\/yoast.com\/product\/yoast-seo-wordpress\/ -->\n<title>Stratex Living, la casa in legno di design - Article Marketing<\/title>\n<meta name=\"robots\" content=\"index, follow, max-snippet:-1, max-image-preview:large, max-video-preview:-1\" \/>\n<link rel=\"canonical\" href=\"https:\/\/www.article-marketing.eu\/comunicati\/casa\/esterni\/stratex-living-la-casa-in-legno-di-design\/\" \/>\n<meta property=\"og:locale\" content=\"it_IT\" \/>\n<meta property=\"og:type\" content=\"article\" \/>\n<meta property=\"og:title\" content=\"Stratex Living, la casa in legno di design - Article Marketing\" \/>\n<meta property=\"og:description\" content=\"Da un concept dell\u2019architetto Carlo Colombo, Stratex propone STRATEX LIVING, case in legno di design minimalista realizzate con pannellature e strutture in legno ecosostenibili. La bioarchitettura sposa il piacere di un ambiente estetico improntato al made in Italy.Nel 2009 pronte le prime ville ecologiche di design.\" \/>\n<meta property=\"og:url\" content=\"https:\/\/www.article-marketing.eu\/comunicati\/casa\/esterni\/stratex-living-la-casa-in-legno-di-design\/\" \/>\n<meta property=\"og:site_name\" content=\"Article Marketing\" \/>\n<meta property=\"article:published_time\" content=\"2008-11-24T13:31:45+00:00\" \/>\n<meta property=\"article:modified_time\" content=\"2018-06-04T18:10:18+00:00\" \/>\n<meta name=\"author\" content=\"Redazione Comunicati Stampa\" \/>\n<meta name=\"twitter:card\" content=\"summary_large_image\" \/>\n<meta name=\"twitter:label1\" content=\"Scritto da\" \/>\n\t<meta name=\"twitter:data1\" content=\"Redazione Comunicati Stampa\" \/>\n\t<meta name=\"twitter:label2\" content=\"Tempo di lettura stimato\" \/>\n\t<meta name=\"twitter:data2\" content=\"2 minuti\" \/>\n<script type=\"application\/ld+json\" class=\"yoast-schema-graph\">{\"@context\":\"https:\/\/schema.org\",\"@graph\":[{\"@type\":\"Article\",\"@id\":\"https:\/\/www.article-marketing.eu\/comunicati\/casa\/esterni\/stratex-living-la-casa-in-legno-di-design\/#article\",\"isPartOf\":{\"@id\":\"https:\/\/www.article-marketing.eu\/comunicati\/casa\/esterni\/stratex-living-la-casa-in-legno-di-design\/\"},\"author\":{\"name\":\"Redazione Comunicati Stampa\",\"@id\":\"https:\/\/www.article-marketing.eu\/comunicati\/#\/schema\/person\/44372e4d4d0fa797b18e03ed1ace9017\"},\"headline\":\"Stratex Living, la casa in legno di design\",\"datePublished\":\"2008-11-24T13:31:45+00:00\",\"dateModified\":\"2018-06-04T18:10:18+00:00\",\"mainEntityOfPage\":{\"@id\":\"https:\/\/www.article-marketing.eu\/comunicati\/casa\/esterni\/stratex-living-la-casa-in-legno-di-design\/\"},\"wordCount\":432,\"commentCount\":0,\"keywords\":[\"bioarchitettura\",\"case ecologiche\",\"case in legno\",\"strutture in legno\",\"ville di design\",\"ville ecologiche\"],\"articleSection\":[\"Esterni\"],\"inLanguage\":\"it-IT\",\"potentialAction\":[{\"@type\":\"CommentAction\",\"name\":\"Comment\",\"target\":[\"https:\/\/www.article-marketing.eu\/comunicati\/casa\/esterni\/stratex-living-la-casa-in-legno-di-design\/#respond\"]}]},{\"@type\":\"WebPage\",\"@id\":\"https:\/\/www.article-marketing.eu\/comunicati\/casa\/esterni\/stratex-living-la-casa-in-legno-di-design\/\",\"url\":\"https:\/\/www.article-marketing.eu\/comunicati\/casa\/esterni\/stratex-living-la-casa-in-legno-di-design\/\",\"name\":\"Stratex Living, la casa in legno di design - Article Marketing\",\"isPartOf\":{\"@id\":\"https:\/\/www.article-marketing.eu\/comunicati\/#website\"},\"datePublished\":\"2008-11-24T13:31:45+00:00\",\"dateModified\":\"2018-06-04T18:10:18+00:00\",\"author\":{\"@id\":\"https:\/\/www.article-marketing.eu\/comunicati\/#\/schema\/person\/44372e4d4d0fa797b18e03ed1ace9017\"},\"breadcrumb\":{\"@id\":\"https:\/\/www.article-marketing.eu\/comunicati\/casa\/esterni\/stratex-living-la-casa-in-legno-di-design\/#breadcrumb\"},\"inLanguage\":\"it-IT\",\"potentialAction\":[{\"@type\":\"ReadAction\",\"target\":[\"https:\/\/www.article-marketing.eu\/comunicati\/casa\/esterni\/stratex-living-la-casa-in-legno-di-design\/\"]}]},{\"@type\":\"BreadcrumbList\",\"@id\":\"https:\/\/www.article-marketing.eu\/comunicati\/casa\/esterni\/stratex-living-la-casa-in-legno-di-design\/#breadcrumb\",\"itemListElement\":[{\"@type\":\"ListItem\",\"position\":1,\"name\":\"Home\",\"item\":\"https:\/\/www.article-marketing.eu\/comunicati\/\"},{\"@type\":\"ListItem\",\"position\":2,\"name\":\"Stratex Living, la casa in legno di design\"}]},{\"@type\":\"WebSite\",\"@id\":\"https:\/\/www.article-marketing.eu\/comunicati\/#website\",\"url\":\"https:\/\/www.article-marketing.eu\/comunicati\/\",\"name\":\"Article Marketing\",\"description\":\"article marketing &amp; press release\",\"potentialAction\":[{\"@type\":\"SearchAction\",\"target\":{\"@type\":\"EntryPoint\",\"urlTemplate\":\"https:\/\/www.article-marketing.eu\/comunicati\/?s={search_term_string}\"},\"query-input\":{\"@type\":\"PropertyValueSpecification\",\"valueRequired\":true,\"valueName\":\"search_term_string\"}}],\"inLanguage\":\"it-IT\"},{\"@type\":\"Person\",\"@id\":\"https:\/\/www.article-marketing.eu\/comunicati\/#\/schema\/person\/44372e4d4d0fa797b18e03ed1ace9017\",\"name\":\"Redazione Comunicati Stampa\",\"image\":{\"@type\":\"ImageObject\",\"inLanguage\":\"it-IT\",\"@id\":\"https:\/\/www.article-marketing.eu\/comunicati\/#\/schema\/person\/image\/\",\"url\":\"https:\/\/secure.gravatar.com\/avatar\/50e5c6421d3072f42e7ace803501602c60d75233d34e29fd05feb91c8760b792?s=96&d=mm&r=g\",\"contentUrl\":\"https:\/\/secure.gravatar.com\/avatar\/50e5c6421d3072f42e7ace803501602c60d75233d34e29fd05feb91c8760b792?s=96&d=mm&r=g\",\"caption\":\"Redazione Comunicati Stampa\"},\"url\":\"https:\/\/www.article-marketing.eu\/comunicati\/author\/redazione-comunicati-stampa\/\"}]}<\/script>\n<!-- \/ Yoast SEO plugin. -->","yoast_head_json":{"title":"Stratex Living, la casa in legno di design - Article Marketing","robots":{"index":"index","follow":"follow","max-snippet":"max-snippet:-1","max-image-preview":"max-image-preview:large","max-video-preview":"max-video-preview:-1"},"canonical":"https:\/\/www.article-marketing.eu\/comunicati\/casa\/esterni\/stratex-living-la-casa-in-legno-di-design\/","og_locale":"it_IT","og_type":"article","og_title":"Stratex Living, la casa in legno di design - Article Marketing","og_description":"Da un concept dell\u2019architetto Carlo Colombo, Stratex propone STRATEX LIVING, case in legno di design minimalista realizzate con pannellature e strutture in legno ecosostenibili. La bioarchitettura sposa il piacere di un ambiente estetico improntato al made in Italy.Nel 2009 pronte le prime ville ecologiche di design.","og_url":"https:\/\/www.article-marketing.eu\/comunicati\/casa\/esterni\/stratex-living-la-casa-in-legno-di-design\/","og_site_name":"Article Marketing","article_published_time":"2008-11-24T13:31:45+00:00","article_modified_time":"2018-06-04T18:10:18+00:00","author":"Redazione Comunicati Stampa","twitter_card":"summary_large_image","twitter_misc":{"Scritto da":"Redazione Comunicati Stampa","Tempo di lettura stimato":"2 minuti"},"schema":{"@context":"https:\/\/schema.org","@graph":[{"@type":"Article","@id":"https:\/\/www.article-marketing.eu\/comunicati\/casa\/esterni\/stratex-living-la-casa-in-legno-di-design\/#article","isPartOf":{"@id":"https:\/\/www.article-marketing.eu\/comunicati\/casa\/esterni\/stratex-living-la-casa-in-legno-di-design\/"},"author":{"name":"Redazione Comunicati Stampa","@id":"https:\/\/www.article-marketing.eu\/comunicati\/#\/schema\/person\/44372e4d4d0fa797b18e03ed1ace9017"},"headline":"Stratex Living, la casa in legno di design","datePublished":"2008-11-24T13:31:45+00:00","dateModified":"2018-06-04T18:10:18+00:00","mainEntityOfPage":{"@id":"https:\/\/www.article-marketing.eu\/comunicati\/casa\/esterni\/stratex-living-la-casa-in-legno-di-design\/"},"wordCount":432,"commentCount":0,"keywords":["bioarchitettura","case ecologiche","case in legno","strutture in legno","ville di design","ville ecologiche"],"articleSection":["Esterni"],"inLanguage":"it-IT","potentialAction":[{"@type":"CommentAction","name":"Comment","target":["https:\/\/www.article-marketing.eu\/comunicati\/casa\/esterni\/stratex-living-la-casa-in-legno-di-design\/#respond"]}]},{"@type":"WebPage","@id":"https:\/\/www.article-marketing.eu\/comunicati\/casa\/esterni\/stratex-living-la-casa-in-legno-di-design\/","url":"https:\/\/www.article-marketing.eu\/comunicati\/casa\/esterni\/stratex-living-la-casa-in-legno-di-design\/","name":"Stratex Living, la casa in legno di design - Article Marketing","isPartOf":{"@id":"https:\/\/www.article-marketing.eu\/comunicati\/#website"},"datePublished":"2008-11-24T13:31:45+00:00","dateModified":"2018-06-04T18:10:18+00:00","author":{"@id":"https:\/\/www.article-marketing.eu\/comunicati\/#\/schema\/person\/44372e4d4d0fa797b18e03ed1ace9017"},"breadcrumb":{"@id":"https:\/\/www.article-marketing.eu\/comunicati\/casa\/esterni\/stratex-living-la-casa-in-legno-di-design\/#breadcrumb"},"inLanguage":"it-IT","potentialAction":[{"@type":"ReadAction","target":["https:\/\/www.article-marketing.eu\/comunicati\/casa\/esterni\/stratex-living-la-casa-in-legno-di-design\/"]}]},{"@type":"BreadcrumbList","@id":"https:\/\/www.article-marketing.eu\/comunicati\/casa\/esterni\/stratex-living-la-casa-in-legno-di-design\/#breadcrumb","itemListElement":[{"@type":"ListItem","position":1,"name":"Home","item":"https:\/\/www.article-marketing.eu\/comunicati\/"},{"@type":"ListItem","position":2,"name":"Stratex Living, la casa in legno di design"}]},{"@type":"WebSite","@id":"https:\/\/www.article-marketing.eu\/comunicati\/#website","url":"https:\/\/www.article-marketing.eu\/comunicati\/","name":"Article Marketing","description":"article marketing &amp; press release","potentialAction":[{"@type":"SearchAction","target":{"@type":"EntryPoint","urlTemplate":"https:\/\/www.article-marketing.eu\/comunicati\/?s={search_term_string}"},"query-input":{"@type":"PropertyValueSpecification","valueRequired":true,"valueName":"search_term_string"}}],"inLanguage":"it-IT"},{"@type":"Person","@id":"https:\/\/www.article-marketing.eu\/comunicati\/#\/schema\/person\/44372e4d4d0fa797b18e03ed1ace9017","name":"Redazione Comunicati Stampa","image":{"@type":"ImageObject","inLanguage":"it-IT","@id":"https:\/\/www.article-marketing.eu\/comunicati\/#\/schema\/person\/image\/","url":"https:\/\/secure.gravatar.com\/avatar\/50e5c6421d3072f42e7ace803501602c60d75233d34e29fd05feb91c8760b792?s=96&d=mm&r=g","contentUrl":"https:\/\/secure.gravatar.com\/avatar\/50e5c6421d3072f42e7ace803501602c60d75233d34e29fd05feb91c8760b792?s=96&d=mm&r=g","caption":"Redazione Comunicati Stampa"},"url":"https:\/\/www.article-marketing.eu\/comunicati\/author\/redazione-comunicati-stampa\/"}]}},"_links":{"self":[{"href":"https:\/\/www.article-marketing.eu\/comunicati\/wp-json\/wp\/v2\/posts\/939","targetHints":{"allow":["GET"]}}],"collection":[{"href":"https:\/\/www.article-marketing.eu\/comunicati\/wp-json\/wp\/v2\/posts"}],"about":[{"href":"https:\/\/www.article-marketing.eu\/comunicati\/wp-json\/wp\/v2\/types\/post"}],"author":[{"embeddable":true,"href":"https:\/\/www.article-marketing.eu\/comunicati\/wp-json\/wp\/v2\/users\/10"}],"replies":[{"embeddable":true,"href":"https:\/\/www.article-marketing.eu\/comunicati\/wp-json\/wp\/v2\/comments?post=939"}],"version-history":[{"count":1,"href":"https:\/\/www.article-marketing.eu\/comunicati\/wp-json\/wp\/v2\/posts\/939\/revisions"}],"predecessor-version":[{"id":55217,"href":"https:\/\/www.article-marketing.eu\/comunicati\/wp-json\/wp\/v2\/posts\/939\/revisions\/55217"}],"wp:attachment":[{"href":"https:\/\/www.article-marketing.eu\/comunicati\/wp-json\/wp\/v2\/media?parent=939"}],"wp:term":[{"taxonomy":"category","embeddable":true,"href":"https:\/\/www.article-marketing.eu\/comunicati\/wp-json\/wp\/v2\/categories?post=939"},{"taxonomy":"post_tag","embeddable":true,"href":"https:\/\/www.article-marketing.eu\/comunicati\/wp-json\/wp\/v2\/tags?post=939"}],"curies":[{"name":"wp","href":"https:\/\/api.w.org\/{rel}","templated":true}]}}