{"id":947,"date":"2008-11-25T21:54:08","date_gmt":"2008-11-25T20:54:08","guid":{"rendered":"http:\/\/www.article-marketing.eu\/comunicati\/senza-categoria\/taglio-del-nastro-del-capri-art-film-festival\/"},"modified":"2008-11-25T21:54:08","modified_gmt":"2008-11-25T20:54:08","slug":"taglio-del-nastro-del-capri-art-film-festival","status":"publish","type":"post","link":"https:\/\/www.article-marketing.eu\/comunicati\/arte-e-cultura\/cinema\/taglio-del-nastro-del-capri-art-film-festival\/","title":{"rendered":"TAGLIO DEL NASTRO DEL CAPRI ART FILM FESTIVAL"},"content":{"rendered":"<p>Scalda i motori il <a href=\"http:\/\/www.capriartfilmfestival.com\">Capri Art Film Festival<\/a>, la rassegna di cinema, teatro, musica e letteratura interamente incentrata sul tema della Diversit\u00e0, giunta alla sua terza edizione, che animer\u00e0 l\u2019isola di Capri dal 15 al 18 Aprile 2009.<\/p>\n<p>Dopo l\u2019incredibile successo di critica e pubblico delle due passate edizioni,&nbsp; l\u2019associazione <strong>Capri Film Festival<\/strong>, organizzatrice dell\u2019evento, ha pubblicato sul proprio sito ufficiale (http:\/\/www.capriartfilmfestival.com), il bando per le iscrizioni per \u201c<strong>CortoinCapri<\/strong>\u201d, il concorso di cortometraggi incentrato sul tema della <strong>Diversit\u00e0 <\/strong>che ogni anno vede la partecipazione di giovani registi, di massimo 30 anni,&nbsp; provenienti da tutta Italia.<\/p>\n<p>Il bando per l\u2019invio dei lavori scadr\u00e0 il <strong>1 Aprile 200<\/strong>9.&nbsp; Poi sar\u00e0 una giuria tecnica a scegliere i 10 finalisti che gareggeranno nella finale caprese per i premi di miglior cortometraggio, di miglior regia, di miglior sceneggiatura e per il premio <strong>Axel Munth<\/strong>e, assegnato dagli studenti delle scuole dell\u2019isola di Capri.<\/p>\n<p>Anche quest\u2019anno la giuria per la finale vedr\u00e0 la partecipazione di personaggi di primo piano del mondo del cinema, della cultura e dello spettacolo italiani&nbsp; accompagnati dal presidente onorario della kermesse&nbsp; <strong>Liliana Cavani<\/strong>.<\/p>\n<p>TEMA: La paura della diversit\u00e0 \u00e8 la difesa dei nostri limiti<br \/>\nNella societ\u00e0 odierna, mantenere alta la distanza da ogni forma di diversit\u00e0 \u00e8 l\u2019esercizio pi\u00f9 efficace a difesa di quella massificazione della quale, silenziosamente, ci compiacciamo.<br \/>\n        La diversit\u00e0, invero, fa paura, non perch\u00e9, semplicemente, non si conosce, ma perch\u00e9 pu\u00f2 destabilizzare: un rischio, evidentemente, che non vogliamo correre.<br \/>\n        Siamo sempre tutti in movimento, eppure siamo sempre fermi. Rendiamo la paura della diversit\u00e0 una patina che impermeabilizza il nostro livellamento culturale, arroccati come siamo nel proteggere le nostre insicurezze, le nostre fobie, i nostri affanni. E ci accontentiamo, quotidianamente, del nostro poco e del nostro niente, pur di saperci orgogliosamente tutti uguali, tutti magari prossimi ad affondare, ma, almeno, tutti nella stessa barca.<br \/>\n        Da Capri, dalla terza edizione del Capri Art Film Festival, riparte il piccolo viaggio controcorrente di chi crede, invece, che l\u2019omologazione (sociale, culturale) possa e debba essere combattuta, aprendosi a tutto ci\u00f2 che sia Diversit\u00e0, con le armi dell\u2019arte e del dialogo: gli unici strumenti idonei a scompensare le fondamenta dell\u2019uniformazione mentale che ci siamo imposti.<\/p>\n<p>CHI SIAMO: L\u2019Associazione Capri Film Festival, composta da giovani isolani e non, nasce allo scopo di promuovere sul territorio occasioni di confronto collettivo (in specie, giovanile), attraverso gli strumenti del cinema e dell\u2019arte in genere, capaci, pi\u00f9 di ogni altra materia nella societ\u00e0 contemporanea, di schivare ogni banalit\u00e0 e di riuscire a parlare al cuore ed alla pancia degli uomini.<\/p>\n<p><strong>Ufficio stampa:<\/strong><br \/>info@capriartfilmfestival.com<br \/>Teodorico Boniello: 3389253287<br \/>Antonino Esposito: 3491583890 <\/p>\n","protected":false},"excerpt":{"rendered":"<p>On line il bando per le iscrizioni al nuovo concorso 2009 &#8220;UniversiDiversi&#8221;. Il nuovo concorso letterario del Capri Art Film Festival in collaborazione con la scuola Omero. Per maggiori informazioni<\/p>\n","protected":false},"author":10,"featured_media":0,"comment_status":"open","ping_status":"open","sticky":false,"template":"","format":"standard","meta":{"cybocfi_hide_featured_image":"","footnotes":""},"categories":[202],"tags":[17,1379],"class_list":["post-947","post","type-post","status-publish","format-standard","hentry","category-cinema","tag-cinema","tag-festival"],"yoast_head":"<!-- This site is optimized with the Yoast SEO plugin v27.0 - https:\/\/yoast.com\/product\/yoast-seo-wordpress\/ -->\n<title>TAGLIO DEL NASTRO DEL CAPRI ART FILM FESTIVAL - Article Marketing<\/title>\n<meta name=\"robots\" content=\"index, follow, max-snippet:-1, max-image-preview:large, max-video-preview:-1\" \/>\n<link rel=\"canonical\" href=\"https:\/\/www.article-marketing.eu\/comunicati\/arte-e-cultura\/cinema\/taglio-del-nastro-del-capri-art-film-festival\/\" \/>\n<meta property=\"og:locale\" content=\"it_IT\" \/>\n<meta property=\"og:type\" content=\"article\" \/>\n<meta property=\"og:title\" content=\"TAGLIO DEL NASTRO DEL CAPRI ART FILM FESTIVAL - Article Marketing\" \/>\n<meta property=\"og:description\" content=\"On line il bando per le iscrizioni al nuovo concorso 2009 &quot;UniversiDiversi&quot;. Il nuovo concorso letterario del Capri Art Film Festival in collaborazione con la scuola Omero. Per maggiori informazioni\" \/>\n<meta property=\"og:url\" content=\"https:\/\/www.article-marketing.eu\/comunicati\/arte-e-cultura\/cinema\/taglio-del-nastro-del-capri-art-film-festival\/\" \/>\n<meta property=\"og:site_name\" content=\"Article Marketing\" \/>\n<meta property=\"article:published_time\" content=\"2008-11-25T20:54:08+00:00\" \/>\n<meta name=\"author\" content=\"Redazione Comunicati Stampa\" \/>\n<meta name=\"twitter:card\" content=\"summary_large_image\" \/>\n<meta name=\"twitter:label1\" content=\"Scritto da\" \/>\n\t<meta name=\"twitter:data1\" content=\"Redazione Comunicati Stampa\" \/>\n\t<meta name=\"twitter:label2\" content=\"Tempo di lettura stimato\" \/>\n\t<meta name=\"twitter:data2\" content=\"2 minuti\" \/>\n<script type=\"application\/ld+json\" class=\"yoast-schema-graph\">{\"@context\":\"https:\/\/schema.org\",\"@graph\":[{\"@type\":\"Article\",\"@id\":\"https:\/\/www.article-marketing.eu\/comunicati\/arte-e-cultura\/cinema\/taglio-del-nastro-del-capri-art-film-festival\/#article\",\"isPartOf\":{\"@id\":\"https:\/\/www.article-marketing.eu\/comunicati\/arte-e-cultura\/cinema\/taglio-del-nastro-del-capri-art-film-festival\/\"},\"author\":{\"name\":\"Redazione Comunicati Stampa\",\"@id\":\"https:\/\/www.article-marketing.eu\/comunicati\/#\/schema\/person\/44372e4d4d0fa797b18e03ed1ace9017\"},\"headline\":\"TAGLIO DEL NASTRO DEL CAPRI ART FILM FESTIVAL\",\"datePublished\":\"2008-11-25T20:54:08+00:00\",\"mainEntityOfPage\":{\"@id\":\"https:\/\/www.article-marketing.eu\/comunicati\/arte-e-cultura\/cinema\/taglio-del-nastro-del-capri-art-film-festival\/\"},\"wordCount\":447,\"commentCount\":0,\"keywords\":[\"cinema\",\"festival\"],\"articleSection\":[\"Cinema\"],\"inLanguage\":\"it-IT\",\"potentialAction\":[{\"@type\":\"CommentAction\",\"name\":\"Comment\",\"target\":[\"https:\/\/www.article-marketing.eu\/comunicati\/arte-e-cultura\/cinema\/taglio-del-nastro-del-capri-art-film-festival\/#respond\"]}]},{\"@type\":\"WebPage\",\"@id\":\"https:\/\/www.article-marketing.eu\/comunicati\/arte-e-cultura\/cinema\/taglio-del-nastro-del-capri-art-film-festival\/\",\"url\":\"https:\/\/www.article-marketing.eu\/comunicati\/arte-e-cultura\/cinema\/taglio-del-nastro-del-capri-art-film-festival\/\",\"name\":\"TAGLIO DEL NASTRO DEL CAPRI ART FILM FESTIVAL - Article Marketing\",\"isPartOf\":{\"@id\":\"https:\/\/www.article-marketing.eu\/comunicati\/#website\"},\"datePublished\":\"2008-11-25T20:54:08+00:00\",\"author\":{\"@id\":\"https:\/\/www.article-marketing.eu\/comunicati\/#\/schema\/person\/44372e4d4d0fa797b18e03ed1ace9017\"},\"breadcrumb\":{\"@id\":\"https:\/\/www.article-marketing.eu\/comunicati\/arte-e-cultura\/cinema\/taglio-del-nastro-del-capri-art-film-festival\/#breadcrumb\"},\"inLanguage\":\"it-IT\",\"potentialAction\":[{\"@type\":\"ReadAction\",\"target\":[\"https:\/\/www.article-marketing.eu\/comunicati\/arte-e-cultura\/cinema\/taglio-del-nastro-del-capri-art-film-festival\/\"]}]},{\"@type\":\"BreadcrumbList\",\"@id\":\"https:\/\/www.article-marketing.eu\/comunicati\/arte-e-cultura\/cinema\/taglio-del-nastro-del-capri-art-film-festival\/#breadcrumb\",\"itemListElement\":[{\"@type\":\"ListItem\",\"position\":1,\"name\":\"Home\",\"item\":\"https:\/\/www.article-marketing.eu\/comunicati\/\"},{\"@type\":\"ListItem\",\"position\":2,\"name\":\"TAGLIO DEL NASTRO DEL CAPRI ART FILM FESTIVAL\"}]},{\"@type\":\"WebSite\",\"@id\":\"https:\/\/www.article-marketing.eu\/comunicati\/#website\",\"url\":\"https:\/\/www.article-marketing.eu\/comunicati\/\",\"name\":\"Article Marketing\",\"description\":\"article marketing &amp; press release\",\"potentialAction\":[{\"@type\":\"SearchAction\",\"target\":{\"@type\":\"EntryPoint\",\"urlTemplate\":\"https:\/\/www.article-marketing.eu\/comunicati\/?s={search_term_string}\"},\"query-input\":{\"@type\":\"PropertyValueSpecification\",\"valueRequired\":true,\"valueName\":\"search_term_string\"}}],\"inLanguage\":\"it-IT\"},{\"@type\":\"Person\",\"@id\":\"https:\/\/www.article-marketing.eu\/comunicati\/#\/schema\/person\/44372e4d4d0fa797b18e03ed1ace9017\",\"name\":\"Redazione Comunicati Stampa\",\"image\":{\"@type\":\"ImageObject\",\"inLanguage\":\"it-IT\",\"@id\":\"https:\/\/www.article-marketing.eu\/comunicati\/#\/schema\/person\/image\/\",\"url\":\"https:\/\/secure.gravatar.com\/avatar\/50e5c6421d3072f42e7ace803501602c60d75233d34e29fd05feb91c8760b792?s=96&d=mm&r=g\",\"contentUrl\":\"https:\/\/secure.gravatar.com\/avatar\/50e5c6421d3072f42e7ace803501602c60d75233d34e29fd05feb91c8760b792?s=96&d=mm&r=g\",\"caption\":\"Redazione Comunicati Stampa\"},\"url\":\"https:\/\/www.article-marketing.eu\/comunicati\/author\/redazione-comunicati-stampa\/\"}]}<\/script>\n<!-- \/ Yoast SEO plugin. -->","yoast_head_json":{"title":"TAGLIO DEL NASTRO DEL CAPRI ART FILM FESTIVAL - Article Marketing","robots":{"index":"index","follow":"follow","max-snippet":"max-snippet:-1","max-image-preview":"max-image-preview:large","max-video-preview":"max-video-preview:-1"},"canonical":"https:\/\/www.article-marketing.eu\/comunicati\/arte-e-cultura\/cinema\/taglio-del-nastro-del-capri-art-film-festival\/","og_locale":"it_IT","og_type":"article","og_title":"TAGLIO DEL NASTRO DEL CAPRI ART FILM FESTIVAL - Article Marketing","og_description":"On line il bando per le iscrizioni al nuovo concorso 2009 \"UniversiDiversi\". Il nuovo concorso letterario del Capri Art Film Festival in collaborazione con la scuola Omero. Per maggiori informazioni","og_url":"https:\/\/www.article-marketing.eu\/comunicati\/arte-e-cultura\/cinema\/taglio-del-nastro-del-capri-art-film-festival\/","og_site_name":"Article Marketing","article_published_time":"2008-11-25T20:54:08+00:00","author":"Redazione Comunicati Stampa","twitter_card":"summary_large_image","twitter_misc":{"Scritto da":"Redazione Comunicati Stampa","Tempo di lettura stimato":"2 minuti"},"schema":{"@context":"https:\/\/schema.org","@graph":[{"@type":"Article","@id":"https:\/\/www.article-marketing.eu\/comunicati\/arte-e-cultura\/cinema\/taglio-del-nastro-del-capri-art-film-festival\/#article","isPartOf":{"@id":"https:\/\/www.article-marketing.eu\/comunicati\/arte-e-cultura\/cinema\/taglio-del-nastro-del-capri-art-film-festival\/"},"author":{"name":"Redazione Comunicati Stampa","@id":"https:\/\/www.article-marketing.eu\/comunicati\/#\/schema\/person\/44372e4d4d0fa797b18e03ed1ace9017"},"headline":"TAGLIO DEL NASTRO DEL CAPRI ART FILM FESTIVAL","datePublished":"2008-11-25T20:54:08+00:00","mainEntityOfPage":{"@id":"https:\/\/www.article-marketing.eu\/comunicati\/arte-e-cultura\/cinema\/taglio-del-nastro-del-capri-art-film-festival\/"},"wordCount":447,"commentCount":0,"keywords":["cinema","festival"],"articleSection":["Cinema"],"inLanguage":"it-IT","potentialAction":[{"@type":"CommentAction","name":"Comment","target":["https:\/\/www.article-marketing.eu\/comunicati\/arte-e-cultura\/cinema\/taglio-del-nastro-del-capri-art-film-festival\/#respond"]}]},{"@type":"WebPage","@id":"https:\/\/www.article-marketing.eu\/comunicati\/arte-e-cultura\/cinema\/taglio-del-nastro-del-capri-art-film-festival\/","url":"https:\/\/www.article-marketing.eu\/comunicati\/arte-e-cultura\/cinema\/taglio-del-nastro-del-capri-art-film-festival\/","name":"TAGLIO DEL NASTRO DEL CAPRI ART FILM FESTIVAL - Article Marketing","isPartOf":{"@id":"https:\/\/www.article-marketing.eu\/comunicati\/#website"},"datePublished":"2008-11-25T20:54:08+00:00","author":{"@id":"https:\/\/www.article-marketing.eu\/comunicati\/#\/schema\/person\/44372e4d4d0fa797b18e03ed1ace9017"},"breadcrumb":{"@id":"https:\/\/www.article-marketing.eu\/comunicati\/arte-e-cultura\/cinema\/taglio-del-nastro-del-capri-art-film-festival\/#breadcrumb"},"inLanguage":"it-IT","potentialAction":[{"@type":"ReadAction","target":["https:\/\/www.article-marketing.eu\/comunicati\/arte-e-cultura\/cinema\/taglio-del-nastro-del-capri-art-film-festival\/"]}]},{"@type":"BreadcrumbList","@id":"https:\/\/www.article-marketing.eu\/comunicati\/arte-e-cultura\/cinema\/taglio-del-nastro-del-capri-art-film-festival\/#breadcrumb","itemListElement":[{"@type":"ListItem","position":1,"name":"Home","item":"https:\/\/www.article-marketing.eu\/comunicati\/"},{"@type":"ListItem","position":2,"name":"TAGLIO DEL NASTRO DEL CAPRI ART FILM FESTIVAL"}]},{"@type":"WebSite","@id":"https:\/\/www.article-marketing.eu\/comunicati\/#website","url":"https:\/\/www.article-marketing.eu\/comunicati\/","name":"Article Marketing","description":"article marketing &amp; press release","potentialAction":[{"@type":"SearchAction","target":{"@type":"EntryPoint","urlTemplate":"https:\/\/www.article-marketing.eu\/comunicati\/?s={search_term_string}"},"query-input":{"@type":"PropertyValueSpecification","valueRequired":true,"valueName":"search_term_string"}}],"inLanguage":"it-IT"},{"@type":"Person","@id":"https:\/\/www.article-marketing.eu\/comunicati\/#\/schema\/person\/44372e4d4d0fa797b18e03ed1ace9017","name":"Redazione Comunicati Stampa","image":{"@type":"ImageObject","inLanguage":"it-IT","@id":"https:\/\/www.article-marketing.eu\/comunicati\/#\/schema\/person\/image\/","url":"https:\/\/secure.gravatar.com\/avatar\/50e5c6421d3072f42e7ace803501602c60d75233d34e29fd05feb91c8760b792?s=96&d=mm&r=g","contentUrl":"https:\/\/secure.gravatar.com\/avatar\/50e5c6421d3072f42e7ace803501602c60d75233d34e29fd05feb91c8760b792?s=96&d=mm&r=g","caption":"Redazione Comunicati Stampa"},"url":"https:\/\/www.article-marketing.eu\/comunicati\/author\/redazione-comunicati-stampa\/"}]}},"_links":{"self":[{"href":"https:\/\/www.article-marketing.eu\/comunicati\/wp-json\/wp\/v2\/posts\/947","targetHints":{"allow":["GET"]}}],"collection":[{"href":"https:\/\/www.article-marketing.eu\/comunicati\/wp-json\/wp\/v2\/posts"}],"about":[{"href":"https:\/\/www.article-marketing.eu\/comunicati\/wp-json\/wp\/v2\/types\/post"}],"author":[{"embeddable":true,"href":"https:\/\/www.article-marketing.eu\/comunicati\/wp-json\/wp\/v2\/users\/10"}],"replies":[{"embeddable":true,"href":"https:\/\/www.article-marketing.eu\/comunicati\/wp-json\/wp\/v2\/comments?post=947"}],"version-history":[{"count":0,"href":"https:\/\/www.article-marketing.eu\/comunicati\/wp-json\/wp\/v2\/posts\/947\/revisions"}],"wp:attachment":[{"href":"https:\/\/www.article-marketing.eu\/comunicati\/wp-json\/wp\/v2\/media?parent=947"}],"wp:term":[{"taxonomy":"category","embeddable":true,"href":"https:\/\/www.article-marketing.eu\/comunicati\/wp-json\/wp\/v2\/categories?post=947"},{"taxonomy":"post_tag","embeddable":true,"href":"https:\/\/www.article-marketing.eu\/comunicati\/wp-json\/wp\/v2\/tags?post=947"}],"curies":[{"name":"wp","href":"https:\/\/api.w.org\/{rel}","templated":true}]}}