{"id":949,"date":"2008-11-26T09:45:57","date_gmt":"2008-11-26T08:45:57","guid":{"rendered":"http:\/\/www.article-marketing.eu\/comunicati\/senza-categoria\/home-page-winter-festival-due-giorni-con-le-star-della-musica-elettronica-e-tanta-cultura\/"},"modified":"2020-08-10T01:16:25","modified_gmt":"2020-08-09T23:16:25","slug":"home-page-winter-festival-due-giorni-con-le-star-della-musica-elettronica-e-tanta-cultura","status":"publish","type":"post","link":"https:\/\/www.article-marketing.eu\/comunicati\/arte-e-cultura\/musica\/home-page-winter-festival-due-giorni-con-le-star-della-musica-elettronica-e-tanta-cultura\/","title":{"rendered":"HOME PAGE WINTER FESTIVAL, due giorni con le star della musica elettronica e tanta cultura"},"content":{"rendered":"<p style=\"TEXT-ALIGN: justify\">I grandi nomi della musica elettronica e di tendenza si incontrano a <strong>Cividale del Friuli<\/strong>, in provincia di Udine, per una \u201cdue giorni\u201d in cui musica fa rima con cultura, tra arte contemporanea e cinema, letteratura e artisti di strada. <strong>Il 6 e il 7 dicembre<\/strong> l\u2019Home Page Festival, reduce da un enorme successo estivo al parco del Corm\u00f4r di Udine, approda nella bella localit\u00e0 longobarda per animarla con una maratona di oltre trenta dj set nei bar e negozi della citt\u00e0; quest\u2019ultimi resteranno aperti fino alle 23 per frizzanti shopping nights. Tutto il centro, inoltre, sar\u00e0 popolato da diversi gruppi di artisti di strada: ballerini, giocolieri e cantanti. <\/p>\n<p style=\"TEXT-ALIGN: justify\">La musica elettronica, con incursioni nei generi pi\u00f9 innovativi, sar\u00e0 la vera protagonista dell\u2019<strong>Home Page Winter Festival<\/strong>, evento dal nome internettiano che evoca le community on line da cui scaturiscono nuovi stimoli e creativit\u00e0 per questo genere musicale tutto in evoluzione. Sul palco del palazzetto dello sport, main stage del festival, <strong>sabato 6 dicembre<\/strong> si esibiranno artisti come <strong>Ellen Allien <\/strong>(Berlino), <strong>Shark <\/strong>(Ljubljana), Max D. Blas, accompagnati da Stein &amp; Turnbull live ed Arbeiter Live (Udine), mentre <strong>domenica 7<\/strong> saranno di scena <strong>Shit Disco <\/strong>(Glasgow-UK)<strong>, Surkin<\/strong> e <strong>Victeam<\/strong>. <\/p>\n<p style=\"TEXT-ALIGN: justify\">La manifestazione, svolta con il patrocinio del <strong>Comune di Cividale<\/strong> e della <strong>Regione Friuli Venezia Giulia<\/strong>, proporr\u00e0 nel teatro Ristori una serie di appuntamenti didattico-culturali, come la proiezione giornaliera di \u201c<strong>Gomorra<\/strong>\u201d (in collaborazione con il Centro espressioni cinematografiche di Udine) e la presentazione multimediale, tra videoclip e booktrailer, del romanzo di Federico Romano &quot;Lettere da Antartica&quot;.<\/p>\n<p style=\"TEXT-ALIGN: justify\">L\u2019evento si concentra anche su tematiche <em>ethically correct<\/em>, con una campagna di sensibilizzazione alla <strong>guida sicura<\/strong> che propone un tris d\u2019assi: il treno <strong>gratuito<\/strong> da Udine a Cividale (e viceversa), il <strong>bus gratuito<\/strong> cittadino, le conferenze e le prove di guida sicura; in particolare, verr\u00e0 organizzata una serie di assemblee nei licei della provincia sul tema della sicurezza stradale, il tutto in collaborazione con la SAF e il consigliere regionale Roberto Novelli. Inoltre, per i ragazzi pi\u00f9 giovani saranno organizzati corsi di guida sicura su bici all\u2019interno del palazzetto dello sport, coordinati da Luca Tommasini, vincitore del Campionato Alpe Adria Classe 600.<\/p>\n<p style=\"TEXT-ALIGN: justify\">Biglietto per due giorni (disponibile fino al 1 dicembre): 30 Euro; ingresso singolo (senza prevendita): 18 Euro.<\/p>\n<p style=\"TEXT-ALIGN: justify\">L\u2019evento \u00e8 realizzato grazie alla Banca di Cividale, al Centro Commerciale Citt\u00e0 Fiera e agli sponsor tecnici: Heineken, Red Bull, Yoga, Goccia di Carnia, Saf e Ableton.<\/p>\n<p>Per info: +39 329 4965606 Manu Ceschia &#8211; stampa@homepagefestival.com<\/p>\n<p style=\"TEXT-ALIGN: justify\"><em>L\u2019evento \u00e8 realizzato grazie alla Banca di Cividale, al Centro Commerciale Citt\u00e0 Fiera e agli sponsor tecnici: Heineken, Red Bull, Yoga, Goccia di Carnia, Saf e Ableton. <\/em><\/p>\n<p>&nbsp;<\/p>\n<p><strong>Come arrivare?<\/strong><\/p>\n<p>&quot;Palazzetto polifunzionale e dello sport&quot; di Cividale del Friuli, raggiungibile:<\/p>\n<p style=\"TEXT-INDENT: -18pt\">\u00b7&nbsp;&nbsp;&nbsp; IN AUTOMOBILE dall&#8217;autostrada A4Venezia-Trieste (uscita udine Sud), di seguito la statale 54 (Udine-Cividale);<\/p>\n<p style=\"TEXT-INDENT: -18pt\">\u00b7&nbsp;&nbsp;&nbsp; IN TRENO attraverso la linea diretta&nbsp; Udine &#8211; Cividale;<\/p>\n<p style=\"TEXT-INDENT: -18pt\">\u00b7&nbsp;&nbsp;&nbsp; IN AEREO l&#8217;aereoporto pi\u00f9 vicino \u00e8 quello di Trieste &#8211; Ronchi dei Legionari<\/p>\n<p>&nbsp;<\/p>\n<p><strong>Programma:<\/strong><\/p>\n<p><em>sabato 6 dicembre<\/em><\/p>\n<p>19.00 apertura cancelli e inizio notte bianca in citt\u00e0<\/p>\n<p>20.00 mostra d&#8217;arte contemporanea di artisti locali accompagnata da musica d&#8217;atmosfera<\/p>\n<p>21.30 proiezione nel teatro di cividale del film &quot;<strong>GOMORRA<\/strong>&quot; in collaborazione con il &quot;<strong>C.E.C.<\/strong>&quot;&nbsp; organizzatori del &quot;FAR EAST FILM FESTIVAL&quot;nel teatro di cividale<\/p>\n<p>22.00 Federico Romano presenta il suo romanzo &quot;<strong>Lettere da Antartica<\/strong>&quot; attraverso un booktrailer e il videoclip &quot;Ti amer\u00f2 per sempre&quot;.<\/p>\n<p>22.30 <strong>STEIN &amp; TURNBULL LIVE<\/strong> performance from NATIBONGO FESTIVAL<\/p>\n<p>23.30 <strong>ARBEITER<\/strong> <strong>live<\/strong><\/p>\n<p>00.30 <strong>Djset di MAX D. BLAS<\/strong> (Altavoz) <\/p>\n<p>1.30 <strong>SHARK<\/strong> <\/p>\n<p>2.30 <strong>ELLEN ALLIEN<\/strong><\/p>\n<p>4.00 chiusura<\/p>\n<p>&nbsp;<\/p>\n<p><em>domenica 7 dicembre<\/em><\/p>\n<p>19.00 apertura cancelli e inizio notte bianca in citt\u00e0<\/p>\n<p>20.00&nbsp; mostra d&#8217;arte contemporanea di artisti locali accompagnata da musica d&#8217;atmosfera<\/p>\n<p>21.30 proiezione nel teatro di cividale del film&quot;<strong>GOMORRA<\/strong>&quot; in collaborazione con il &quot;<strong>C.E.C.<\/strong>&quot;&nbsp; organizzatori del &quot;FAR EAST FILM FESTIVAL&quot;<\/p>\n<p>22.00 Federico Romano presenta il suo romanzo &quot;Lettere da Antartica&quot; attraverso un booktrailer e il videoclip &quot;Ti amer\u00f2 per sempre&quot;.<\/p>\n<p>23.00 live da definire<\/p>\n<p>24.00 <strong>VICTEAM<\/strong> (bugget out resident dj)<\/p>\n<p>1.00 <strong>SHIT DISCO<\/strong><\/p>\n<p>2.30 <strong>SURKIN<\/strong><\/p>\n<p>04,00 chiusura<\/p>\n<p>&nbsp;<\/p>\n<p>MEDIA PARTNERS:<\/p>\n<p>MYSPACE<\/p>\n<p>FVGLANOTTE.IT<\/p>\n<p>MESSAGGERO VENETO<\/p>\n<p>PROVIDERmag<\/p>\n<p>PN+ WEB EVENTS<\/p>\n<p>WAAA.IT<\/p>\n<p>PARTY NIGHT<\/p>\n<p>&nbsp;<\/p>\n<p style=\"TEXT-ALIGN: justify\">Si esibiranno in oltre 30 locali del centro citt\u00e0: AGA &#8211; NOCE &#8211; ALEKSIJ &#8211; FEDERICO GRAZZINI&nbsp; &#8211; FARE SOLDI &#8211; RAILSTER &#8211; KAPPAH &#8211; IL SINDACO &#8211; SIMON ADAMS &#8211; LUCA EFFE &#8211; SMART MATES &#8211; FUNKABIT &#8211; PICS DJ &#8211; MC GIULIAN AND ALBERT DJ &#8211; B|HARD &#8211; HOLLYWOOD &#8211; MICHELE POLETTO &#8211; ELEKTRO ROBOTS &#8211; MICHELE PARISI &#8211; ANDREA PARIGI &#8211; JONATHAN FROM PARIS &amp; FRANKIE M &#8211; SIMONE ROSSO &#8211; PDX &#8211; BLANK BITE &#8211; ALVY MARQUEZ &#8211; CARNICATS DJSET &#8211; JULIO MONTANA &#8211; RIC DJ &#8211; FAKE &#8211; TOBIEPROJECT &#8211; STEFANO MANGO &#8211; COLOR DJ &#8211; ZANI &#8211; NACCARI &#8211; etc<\/p>\n<p>&nbsp;<\/p>\n<p><strong>Ellen Allien<\/strong><\/p>\n<p style=\"TEXT-ALIGN: justify\">Nome d&#8217;arte di Ellen Fraatz, di nazionalit\u00e0 <a title=\"Germania\" href=\"http:\/\/it.wikipedia.org\/wiki\/Germania\">tedesca<\/a>, \u00e8 una cantante, musicista, produttrice e fondatrice dell&#8217;etichetta discografica BPitch Control. \u00c8 residente a Berlino, Germania, ma \u00e8 spesso impegnata in viaggi all&#8217;estero. Compone brani sia in inglese che in tedesco. L&#8217;artista afferma che \u00e8 la stessa Berlino riunificata, a cui dedic\u00f2 il suo primo album <em>Stadtkind<\/em> (bambini della citt\u00e0), a darle l&#8217;ispirazione per la sua musica. \u00c8 difficile attribuire uno stile preciso alle sue canzoni, poich\u00e9 si rifanno a una miscela di musica Techno ed Elettronica, che si orienta verso la Disco Music, ma che addensa allo stesso tempo degli elementi sperimentali che la contraddistinguono.<\/p>\n<p style=\"TEXT-ALIGN: justify\">(www.ellenallien.de)<\/p>\n<p>&nbsp;<\/p>\n<p><strong>Victeam <\/strong><\/p>\n<p>un prodotto ad alto contenuto digitale<\/p>\n<p>(www.myspace.com\/weareallvicteam)<\/p>\n<p>&nbsp;<\/p>\n<p><strong>Shit Disco<\/strong> (DimMak Rec. London)<\/p>\n<p style=\"TEXT-ALIGN: justify\">Gli Shitdisco sono un gruppo New Rave di Glasgow. Nati nel 2003, sono considerati, insieme ai Klaxons, i pionieri del nuovo genere che unisce sonorit\u00e0 disco, punk-rock e musica elettronica. I primi due singoli, Disco Blood e I Know Kung-Fu sono stati rilasciati nel Dicembre 2005 e, dato il loro successo, hanno spinto la band a sottoscrivere un contratto con l\u2019etichetta indipendente Fierce Panda Records. Il 16 Aprile 2007 \u00e8 uscito l\u2019album del debutto sulla scena internazionale, Kingdom Of Fear che, nella prima settimana, ha raggiunto il quarto posto nella classifica inglese degli album indie pi\u00f9 venduti.<\/p>\n<p>Formazione <\/p>\n<p>Joel Stone \u2014 basso, chitarra, voce Joe Reeves \u2014 basso, chitarra, voce Jan Lee \u2014 basso, tastiera, seconda voce Darren Cullen \u2014 batteria <\/p>\n<p>&nbsp;<\/p>\n<p><strong>Surkin <\/strong><\/p>\n<p>E\u2019 la punta di diamante degli Institubes<\/p>\n<p>(www.myspace.com\/surkin) <\/p>\n<p>&nbsp;<\/p>\n<p><strong>Stein &amp; Turnbull<\/strong><\/p>\n<p>&nbsp;<\/p>\n<p><strong>Arbeiter<\/strong><\/p>\n<p>Nascono in provincia di Udine nel 2003 <\/p>\n<p>(www.myspace.com\/arbeitermusic)<\/p>\n<p>&nbsp;<\/p>\n<p><strong>Mad D.Blas<\/strong> <\/p>\n<p>Minimal \/ Techno<\/p>\n<p>Minimalist \/ Techno \/ Electronica<\/p>\n<p>(www.myspace.com\/maxdblas) <\/p>\n<p>&nbsp;<\/p>\n<p><strong>Shark <\/strong><\/p>\n<p>Ljubljana Minimal\/ Techno<\/p>\n","protected":false},"excerpt":{"rendered":"<p>Il 6 e 7 dicembre a Cividale del Friuli (Udine), l\u2019evento ethically correct promuove anche la guida sicura. Di scena l&#8217;artista berlinese Ellen Allien e oltre 30 dj set, artisti di strada e cinema, mostre d\u2019arte e letteratura. Shpping nights, bus e treno gratis.<\/p>\n","protected":false},"author":10,"featured_media":0,"comment_status":"open","ping_status":"open","sticky":false,"template":"","format":"standard","meta":{"cybocfi_hide_featured_image":"","footnotes":""},"categories":[42],"tags":[171,3269,17,2058,3273,3274,3268,45,3267,3271,3272,3270],"class_list":["post-949","post","type-post","status-publish","format-standard","hentry","category-musica","tag-arte","tag-artisti-di-strada","tag-cinema","tag-concerto","tag-corso-guida-sicura","tag-dj-set","tag-ellen-allien","tag-musica","tag-musica-elettronica","tag-shark","tag-shit-disco","tag-shopping-nights"],"yoast_head":"<!-- This site is optimized with the Yoast SEO plugin v27.0 - https:\/\/yoast.com\/product\/yoast-seo-wordpress\/ -->\n<title>HOME PAGE WINTER FESTIVAL, due giorni con le star della musica elettronica e tanta cultura - Article Marketing<\/title>\n<meta name=\"robots\" content=\"index, follow, max-snippet:-1, max-image-preview:large, max-video-preview:-1\" \/>\n<link rel=\"canonical\" href=\"https:\/\/www.article-marketing.eu\/comunicati\/arte-e-cultura\/musica\/home-page-winter-festival-due-giorni-con-le-star-della-musica-elettronica-e-tanta-cultura\/\" \/>\n<meta property=\"og:locale\" content=\"it_IT\" \/>\n<meta property=\"og:type\" content=\"article\" \/>\n<meta property=\"og:title\" content=\"HOME PAGE WINTER FESTIVAL, due giorni con le star della musica elettronica e tanta cultura - Article Marketing\" \/>\n<meta property=\"og:description\" content=\"Il 6 e 7 dicembre a Cividale del Friuli (Udine), l\u2019evento ethically correct promuove anche la guida sicura. Di scena l&#039;artista berlinese Ellen Allien e oltre 30 dj set, artisti di strada e cinema, mostre d\u2019arte e letteratura. Shpping nights, bus e treno gratis.\" \/>\n<meta property=\"og:url\" content=\"https:\/\/www.article-marketing.eu\/comunicati\/arte-e-cultura\/musica\/home-page-winter-festival-due-giorni-con-le-star-della-musica-elettronica-e-tanta-cultura\/\" \/>\n<meta property=\"og:site_name\" content=\"Article Marketing\" \/>\n<meta property=\"article:published_time\" content=\"2008-11-26T08:45:57+00:00\" \/>\n<meta property=\"article:modified_time\" content=\"2020-08-09T23:16:25+00:00\" \/>\n<meta name=\"author\" content=\"Redazione Comunicati Stampa\" \/>\n<meta name=\"twitter:card\" content=\"summary_large_image\" \/>\n<meta name=\"twitter:label1\" content=\"Scritto da\" \/>\n\t<meta name=\"twitter:data1\" content=\"Redazione Comunicati Stampa\" \/>\n\t<meta name=\"twitter:label2\" content=\"Tempo di lettura stimato\" \/>\n\t<meta name=\"twitter:data2\" content=\"5 minuti\" \/>\n<script type=\"application\/ld+json\" class=\"yoast-schema-graph\">{\"@context\":\"https:\/\/schema.org\",\"@graph\":[{\"@type\":\"Article\",\"@id\":\"https:\/\/www.article-marketing.eu\/comunicati\/arte-e-cultura\/musica\/home-page-winter-festival-due-giorni-con-le-star-della-musica-elettronica-e-tanta-cultura\/#article\",\"isPartOf\":{\"@id\":\"https:\/\/www.article-marketing.eu\/comunicati\/arte-e-cultura\/musica\/home-page-winter-festival-due-giorni-con-le-star-della-musica-elettronica-e-tanta-cultura\/\"},\"author\":{\"name\":\"Redazione Comunicati Stampa\",\"@id\":\"https:\/\/www.article-marketing.eu\/comunicati\/#\/schema\/person\/44372e4d4d0fa797b18e03ed1ace9017\"},\"headline\":\"HOME PAGE WINTER FESTIVAL, due giorni con le star della musica elettronica e tanta cultura\",\"datePublished\":\"2008-11-26T08:45:57+00:00\",\"dateModified\":\"2020-08-09T23:16:25+00:00\",\"mainEntityOfPage\":{\"@id\":\"https:\/\/www.article-marketing.eu\/comunicati\/arte-e-cultura\/musica\/home-page-winter-festival-due-giorni-con-le-star-della-musica-elettronica-e-tanta-cultura\/\"},\"wordCount\":1098,\"commentCount\":0,\"keywords\":[\"arte\",\"artisti di strada\",\"cinema\",\"concerto\",\"corso guida sicura\",\"dj set\",\"Ellen Allien\",\"musica\",\"musica elettronica\",\"shark\",\"shit disco\",\"shopping nights\"],\"articleSection\":[\"Musica\"],\"inLanguage\":\"it-IT\",\"potentialAction\":[{\"@type\":\"CommentAction\",\"name\":\"Comment\",\"target\":[\"https:\/\/www.article-marketing.eu\/comunicati\/arte-e-cultura\/musica\/home-page-winter-festival-due-giorni-con-le-star-della-musica-elettronica-e-tanta-cultura\/#respond\"]}]},{\"@type\":\"WebPage\",\"@id\":\"https:\/\/www.article-marketing.eu\/comunicati\/arte-e-cultura\/musica\/home-page-winter-festival-due-giorni-con-le-star-della-musica-elettronica-e-tanta-cultura\/\",\"url\":\"https:\/\/www.article-marketing.eu\/comunicati\/arte-e-cultura\/musica\/home-page-winter-festival-due-giorni-con-le-star-della-musica-elettronica-e-tanta-cultura\/\",\"name\":\"HOME PAGE WINTER FESTIVAL, due giorni con le star della musica elettronica e tanta cultura - Article Marketing\",\"isPartOf\":{\"@id\":\"https:\/\/www.article-marketing.eu\/comunicati\/#website\"},\"datePublished\":\"2008-11-26T08:45:57+00:00\",\"dateModified\":\"2020-08-09T23:16:25+00:00\",\"author\":{\"@id\":\"https:\/\/www.article-marketing.eu\/comunicati\/#\/schema\/person\/44372e4d4d0fa797b18e03ed1ace9017\"},\"breadcrumb\":{\"@id\":\"https:\/\/www.article-marketing.eu\/comunicati\/arte-e-cultura\/musica\/home-page-winter-festival-due-giorni-con-le-star-della-musica-elettronica-e-tanta-cultura\/#breadcrumb\"},\"inLanguage\":\"it-IT\",\"potentialAction\":[{\"@type\":\"ReadAction\",\"target\":[\"https:\/\/www.article-marketing.eu\/comunicati\/arte-e-cultura\/musica\/home-page-winter-festival-due-giorni-con-le-star-della-musica-elettronica-e-tanta-cultura\/\"]}]},{\"@type\":\"BreadcrumbList\",\"@id\":\"https:\/\/www.article-marketing.eu\/comunicati\/arte-e-cultura\/musica\/home-page-winter-festival-due-giorni-con-le-star-della-musica-elettronica-e-tanta-cultura\/#breadcrumb\",\"itemListElement\":[{\"@type\":\"ListItem\",\"position\":1,\"name\":\"Home\",\"item\":\"https:\/\/www.article-marketing.eu\/comunicati\/\"},{\"@type\":\"ListItem\",\"position\":2,\"name\":\"HOME PAGE WINTER FESTIVAL, due giorni con le star della musica elettronica e tanta cultura\"}]},{\"@type\":\"WebSite\",\"@id\":\"https:\/\/www.article-marketing.eu\/comunicati\/#website\",\"url\":\"https:\/\/www.article-marketing.eu\/comunicati\/\",\"name\":\"Article Marketing\",\"description\":\"article marketing &amp; press release\",\"potentialAction\":[{\"@type\":\"SearchAction\",\"target\":{\"@type\":\"EntryPoint\",\"urlTemplate\":\"https:\/\/www.article-marketing.eu\/comunicati\/?s={search_term_string}\"},\"query-input\":{\"@type\":\"PropertyValueSpecification\",\"valueRequired\":true,\"valueName\":\"search_term_string\"}}],\"inLanguage\":\"it-IT\"},{\"@type\":\"Person\",\"@id\":\"https:\/\/www.article-marketing.eu\/comunicati\/#\/schema\/person\/44372e4d4d0fa797b18e03ed1ace9017\",\"name\":\"Redazione Comunicati Stampa\",\"image\":{\"@type\":\"ImageObject\",\"inLanguage\":\"it-IT\",\"@id\":\"https:\/\/www.article-marketing.eu\/comunicati\/#\/schema\/person\/image\/\",\"url\":\"https:\/\/secure.gravatar.com\/avatar\/50e5c6421d3072f42e7ace803501602c60d75233d34e29fd05feb91c8760b792?s=96&d=mm&r=g\",\"contentUrl\":\"https:\/\/secure.gravatar.com\/avatar\/50e5c6421d3072f42e7ace803501602c60d75233d34e29fd05feb91c8760b792?s=96&d=mm&r=g\",\"caption\":\"Redazione Comunicati Stampa\"},\"url\":\"https:\/\/www.article-marketing.eu\/comunicati\/author\/redazione-comunicati-stampa\/\"}]}<\/script>\n<!-- \/ Yoast SEO plugin. -->","yoast_head_json":{"title":"HOME PAGE WINTER FESTIVAL, due giorni con le star della musica elettronica e tanta cultura - Article Marketing","robots":{"index":"index","follow":"follow","max-snippet":"max-snippet:-1","max-image-preview":"max-image-preview:large","max-video-preview":"max-video-preview:-1"},"canonical":"https:\/\/www.article-marketing.eu\/comunicati\/arte-e-cultura\/musica\/home-page-winter-festival-due-giorni-con-le-star-della-musica-elettronica-e-tanta-cultura\/","og_locale":"it_IT","og_type":"article","og_title":"HOME PAGE WINTER FESTIVAL, due giorni con le star della musica elettronica e tanta cultura - Article Marketing","og_description":"Il 6 e 7 dicembre a Cividale del Friuli (Udine), l\u2019evento ethically correct promuove anche la guida sicura. Di scena l'artista berlinese Ellen Allien e oltre 30 dj set, artisti di strada e cinema, mostre d\u2019arte e letteratura. Shpping nights, bus e treno gratis.","og_url":"https:\/\/www.article-marketing.eu\/comunicati\/arte-e-cultura\/musica\/home-page-winter-festival-due-giorni-con-le-star-della-musica-elettronica-e-tanta-cultura\/","og_site_name":"Article Marketing","article_published_time":"2008-11-26T08:45:57+00:00","article_modified_time":"2020-08-09T23:16:25+00:00","author":"Redazione Comunicati Stampa","twitter_card":"summary_large_image","twitter_misc":{"Scritto da":"Redazione Comunicati Stampa","Tempo di lettura stimato":"5 minuti"},"schema":{"@context":"https:\/\/schema.org","@graph":[{"@type":"Article","@id":"https:\/\/www.article-marketing.eu\/comunicati\/arte-e-cultura\/musica\/home-page-winter-festival-due-giorni-con-le-star-della-musica-elettronica-e-tanta-cultura\/#article","isPartOf":{"@id":"https:\/\/www.article-marketing.eu\/comunicati\/arte-e-cultura\/musica\/home-page-winter-festival-due-giorni-con-le-star-della-musica-elettronica-e-tanta-cultura\/"},"author":{"name":"Redazione Comunicati Stampa","@id":"https:\/\/www.article-marketing.eu\/comunicati\/#\/schema\/person\/44372e4d4d0fa797b18e03ed1ace9017"},"headline":"HOME PAGE WINTER FESTIVAL, due giorni con le star della musica elettronica e tanta cultura","datePublished":"2008-11-26T08:45:57+00:00","dateModified":"2020-08-09T23:16:25+00:00","mainEntityOfPage":{"@id":"https:\/\/www.article-marketing.eu\/comunicati\/arte-e-cultura\/musica\/home-page-winter-festival-due-giorni-con-le-star-della-musica-elettronica-e-tanta-cultura\/"},"wordCount":1098,"commentCount":0,"keywords":["arte","artisti di strada","cinema","concerto","corso guida sicura","dj set","Ellen Allien","musica","musica elettronica","shark","shit disco","shopping nights"],"articleSection":["Musica"],"inLanguage":"it-IT","potentialAction":[{"@type":"CommentAction","name":"Comment","target":["https:\/\/www.article-marketing.eu\/comunicati\/arte-e-cultura\/musica\/home-page-winter-festival-due-giorni-con-le-star-della-musica-elettronica-e-tanta-cultura\/#respond"]}]},{"@type":"WebPage","@id":"https:\/\/www.article-marketing.eu\/comunicati\/arte-e-cultura\/musica\/home-page-winter-festival-due-giorni-con-le-star-della-musica-elettronica-e-tanta-cultura\/","url":"https:\/\/www.article-marketing.eu\/comunicati\/arte-e-cultura\/musica\/home-page-winter-festival-due-giorni-con-le-star-della-musica-elettronica-e-tanta-cultura\/","name":"HOME PAGE WINTER FESTIVAL, due giorni con le star della musica elettronica e tanta cultura - Article Marketing","isPartOf":{"@id":"https:\/\/www.article-marketing.eu\/comunicati\/#website"},"datePublished":"2008-11-26T08:45:57+00:00","dateModified":"2020-08-09T23:16:25+00:00","author":{"@id":"https:\/\/www.article-marketing.eu\/comunicati\/#\/schema\/person\/44372e4d4d0fa797b18e03ed1ace9017"},"breadcrumb":{"@id":"https:\/\/www.article-marketing.eu\/comunicati\/arte-e-cultura\/musica\/home-page-winter-festival-due-giorni-con-le-star-della-musica-elettronica-e-tanta-cultura\/#breadcrumb"},"inLanguage":"it-IT","potentialAction":[{"@type":"ReadAction","target":["https:\/\/www.article-marketing.eu\/comunicati\/arte-e-cultura\/musica\/home-page-winter-festival-due-giorni-con-le-star-della-musica-elettronica-e-tanta-cultura\/"]}]},{"@type":"BreadcrumbList","@id":"https:\/\/www.article-marketing.eu\/comunicati\/arte-e-cultura\/musica\/home-page-winter-festival-due-giorni-con-le-star-della-musica-elettronica-e-tanta-cultura\/#breadcrumb","itemListElement":[{"@type":"ListItem","position":1,"name":"Home","item":"https:\/\/www.article-marketing.eu\/comunicati\/"},{"@type":"ListItem","position":2,"name":"HOME PAGE WINTER FESTIVAL, due giorni con le star della musica elettronica e tanta cultura"}]},{"@type":"WebSite","@id":"https:\/\/www.article-marketing.eu\/comunicati\/#website","url":"https:\/\/www.article-marketing.eu\/comunicati\/","name":"Article Marketing","description":"article marketing &amp; press release","potentialAction":[{"@type":"SearchAction","target":{"@type":"EntryPoint","urlTemplate":"https:\/\/www.article-marketing.eu\/comunicati\/?s={search_term_string}"},"query-input":{"@type":"PropertyValueSpecification","valueRequired":true,"valueName":"search_term_string"}}],"inLanguage":"it-IT"},{"@type":"Person","@id":"https:\/\/www.article-marketing.eu\/comunicati\/#\/schema\/person\/44372e4d4d0fa797b18e03ed1ace9017","name":"Redazione Comunicati Stampa","image":{"@type":"ImageObject","inLanguage":"it-IT","@id":"https:\/\/www.article-marketing.eu\/comunicati\/#\/schema\/person\/image\/","url":"https:\/\/secure.gravatar.com\/avatar\/50e5c6421d3072f42e7ace803501602c60d75233d34e29fd05feb91c8760b792?s=96&d=mm&r=g","contentUrl":"https:\/\/secure.gravatar.com\/avatar\/50e5c6421d3072f42e7ace803501602c60d75233d34e29fd05feb91c8760b792?s=96&d=mm&r=g","caption":"Redazione Comunicati Stampa"},"url":"https:\/\/www.article-marketing.eu\/comunicati\/author\/redazione-comunicati-stampa\/"}]}},"_links":{"self":[{"href":"https:\/\/www.article-marketing.eu\/comunicati\/wp-json\/wp\/v2\/posts\/949","targetHints":{"allow":["GET"]}}],"collection":[{"href":"https:\/\/www.article-marketing.eu\/comunicati\/wp-json\/wp\/v2\/posts"}],"about":[{"href":"https:\/\/www.article-marketing.eu\/comunicati\/wp-json\/wp\/v2\/types\/post"}],"author":[{"embeddable":true,"href":"https:\/\/www.article-marketing.eu\/comunicati\/wp-json\/wp\/v2\/users\/10"}],"replies":[{"embeddable":true,"href":"https:\/\/www.article-marketing.eu\/comunicati\/wp-json\/wp\/v2\/comments?post=949"}],"version-history":[{"count":1,"href":"https:\/\/www.article-marketing.eu\/comunicati\/wp-json\/wp\/v2\/posts\/949\/revisions"}],"predecessor-version":[{"id":67218,"href":"https:\/\/www.article-marketing.eu\/comunicati\/wp-json\/wp\/v2\/posts\/949\/revisions\/67218"}],"wp:attachment":[{"href":"https:\/\/www.article-marketing.eu\/comunicati\/wp-json\/wp\/v2\/media?parent=949"}],"wp:term":[{"taxonomy":"category","embeddable":true,"href":"https:\/\/www.article-marketing.eu\/comunicati\/wp-json\/wp\/v2\/categories?post=949"},{"taxonomy":"post_tag","embeddable":true,"href":"https:\/\/www.article-marketing.eu\/comunicati\/wp-json\/wp\/v2\/tags?post=949"}],"curies":[{"name":"wp","href":"https:\/\/api.w.org\/{rel}","templated":true}]}}