{"id":9499,"date":"2010-11-12T17:13:42","date_gmt":"2010-11-12T16:13:42","guid":{"rendered":"http:\/\/www.article-marketing.eu\/comunicati\/senza-categoria\/domotica-il-domani-dellabitare-%25c3%25a8-gi%25c3%25a0-oggi\/"},"modified":"2018-07-10T03:56:41","modified_gmt":"2018-07-10T01:56:41","slug":"domotica-il-domani-dellabitare-%25c3%25a8-gi%25c3%25a0-oggi","status":"publish","type":"post","link":"https:\/\/www.article-marketing.eu\/comunicati\/casa\/domotica-il-domani-dellabitare-%25c3%25a8-gi%25c3%25a0-oggi\/","title":{"rendered":"Domotica: il domani dell&#8217;abitare \u00e8 gi\u00e0 oggi"},"content":{"rendered":"<p>Domotica: il domani dell&#8217;abitare &egrave; gi&agrave; oggi <em>Domotica integrata: risparmio energetico, sicurezza e automazione.<\/em> <strong>Sabato 13 Novembre alle ore 9:00<\/strong> presso l&#8217;auditorium <em>Rino Ricci<\/em> della Camera di Commercio di Pisa &#8211; Piazza Vittorio Emanuele II, 5, si svolger&agrave; il seminario: <em><strong>&#8220;Domotica: il domani dell&#8217;abitare &egrave; gi&agrave; oggi&#8221;<\/strong><\/em> In un momento nel quale a fronte di una crescente offerta di immobili la domanda ristagna, <strong>i prezzi di mercato restano attestati sui minimi storici <\/strong>di questi ultimi anni.<\/p>\n<p> In questo contesto occorre <strong>aumentare la competitivit&agrave; <\/strong>della propria produzione immettendo sul mercato <strong>un&rsquo;offerta con alto valore aggiunto<\/strong> sia <strong>in termini di risparmio energetico<\/strong> per i clienti, con un&rsquo;ottima<strong>classificazione energetica<\/strong>, sia in termini di <strong>fruibilit&agrave; e comodit&agrave; <\/strong>per futuri proprietari, in particolare per quanto attiene il residenziale. <img decoding=\"async\" src=\"http:\/\/www.edilizia.com\/img\/1654\/0\/Domotica_seminario.jpg\" border=\"0\" \/> La <strong>domotica integrata<\/strong> &egrave; la soluzione ideale a queste necessit&agrave;: offre<strong> risparmio energetico<\/strong>, <strong>sicurezza,<\/strong> <strong>controllo globale<\/strong>, <strong>automazione<\/strong>, <strong>sistemi di comunicazione evoluta<\/strong>, senza trascurare, l&rsquo;i<strong>ntrattenimento<\/strong>, a fronte di investimenti positivi, sia in un&rsquo;ottica di costi e benefici, per gli imprenditori, sia per quanto riguarda la fruibilit&agrave; e la comodit&agrave; per potenziali acquirenti. <strong>La domotica &egrave; dunque la corretta risposta all&rsquo;evoluzione innovativa dell&#8217;abitare!<br \/> <\/strong> La partecipazione e&#8217; gratuita. E&#8217; richiesta la prenotazione presso la segreteria organizzativa: <strong>Pisa Ambiente Innovazione<\/strong> &#8211; <em>Azienda Speciale della Camera di Commercio di Pisa . E<\/em>-mail: ambiente.innovazione@pi.camcom.it<\/p>\n<p> Le prenotazioni saranno accolte in ordine d&#8217;arrivo fino ad un massimo di 100 partecipanti. <strong>Programma<br \/> <\/strong> 9.00 Saluto e introduzione a cura del Direttore della Azienda Speciale Pisa Ambiente Innovazione INIZIO LAVORI chairman <strong>Stefano Ridi<\/strong> 9.15 &#8211; <strong>Andrea Piazzini<\/strong><br \/> <em>La normativa regionale sul risparmio energetico e il contributo della domotica.<\/em> 9.45 &#8211; <strong>Srdjan Radivojevic <\/strong>(ABB)<br \/> <em>Building automation e risparmio energetico: dalla teoria alla pratica<\/em> 10.15 &#8211; <strong>Alessandro Martucci <\/strong>(Nextworks)<br \/> <em>Progettazione di un impianto domotico integrato: predisposizione, automazione domestica, ambient intelligence<\/em> 10.45 &#8211; <strong>Giuseppe Fusco <\/strong>(CNR)<br \/> <em>Il laboratorio domotico del CNR di Pisa<\/em> 11.00 Coffee break 11.15 Tavola rotonda con le Associazioni dei Costruttori e dei Consumatori.<\/p>\n","protected":false},"excerpt":{"rendered":"<p>Sabato 13 Novembre alle ore 9:00 presso l&#8217;auditorium Rino Ricci della Camera di Commercio di Pisa &#8211; Piazza Vittorio Emanuele II, 5, si svolger\u00e0 il seminario: &#8220;Domotica: il domani dell&#8217;abitare \u00e8 gi\u00e0 oggi&#8221;<\/p>\n","protected":false},"author":10,"featured_media":0,"comment_status":"open","ping_status":"open","sticky":false,"template":"","format":"standard","meta":{"cybocfi_hide_featured_image":"","footnotes":""},"categories":[390],"tags":[2540,2623],"class_list":["post-9499","post","type-post","status-publish","format-standard","hentry","category-casa","tag-applicazioni","tag-tecnologie"],"yoast_head":"<!-- This site is optimized with the Yoast SEO plugin v27.0 - https:\/\/yoast.com\/product\/yoast-seo-wordpress\/ -->\n<title>Domotica: il domani dell&#039;abitare \u00e8 gi\u00e0 oggi - Article Marketing<\/title>\n<meta name=\"robots\" content=\"index, follow, max-snippet:-1, max-image-preview:large, max-video-preview:-1\" \/>\n<link rel=\"canonical\" href=\"https:\/\/www.article-marketing.eu\/comunicati\/casa\/domotica-il-domani-dellabitare-%c3%a8-gi%c3%a0-oggi\/\" \/>\n<meta property=\"og:locale\" content=\"it_IT\" \/>\n<meta property=\"og:type\" content=\"article\" \/>\n<meta property=\"og:title\" content=\"Domotica: il domani dell&#039;abitare \u00e8 gi\u00e0 oggi - Article Marketing\" \/>\n<meta property=\"og:description\" content=\"Sabato 13 Novembre alle ore 9:00 presso l&#039;auditorium Rino Ricci della Camera di Commercio di Pisa - Piazza Vittorio Emanuele II, 5, si svolger\u00e0 il seminario: &quot;Domotica: il domani dell&#039;abitare \u00e8 gi\u00e0 oggi&quot;\" \/>\n<meta property=\"og:url\" content=\"https:\/\/www.article-marketing.eu\/comunicati\/casa\/domotica-il-domani-dellabitare-%c3%a8-gi%c3%a0-oggi\/\" \/>\n<meta property=\"og:site_name\" content=\"Article Marketing\" \/>\n<meta property=\"article:published_time\" content=\"2010-11-12T16:13:42+00:00\" \/>\n<meta property=\"article:modified_time\" content=\"2018-07-10T01:56:41+00:00\" \/>\n<meta property=\"og:image\" content=\"http:\/\/www.edilizia.com\/img\/1654\/0\/Domotica_seminario.jpg\" \/>\n<meta name=\"author\" content=\"Redazione Comunicati Stampa\" \/>\n<meta name=\"twitter:card\" content=\"summary_large_image\" \/>\n<meta name=\"twitter:label1\" content=\"Scritto da\" \/>\n\t<meta name=\"twitter:data1\" content=\"Redazione Comunicati Stampa\" \/>\n\t<meta name=\"twitter:label2\" content=\"Tempo di lettura stimato\" \/>\n\t<meta name=\"twitter:data2\" content=\"2 minuti\" \/>\n<script type=\"application\/ld+json\" class=\"yoast-schema-graph\">{\"@context\":\"https:\/\/schema.org\",\"@graph\":[{\"@type\":\"Article\",\"@id\":\"https:\/\/www.article-marketing.eu\/comunicati\/casa\/domotica-il-domani-dellabitare-%25c3%25a8-gi%25c3%25a0-oggi\/#article\",\"isPartOf\":{\"@id\":\"https:\/\/www.article-marketing.eu\/comunicati\/casa\/domotica-il-domani-dellabitare-%25c3%25a8-gi%25c3%25a0-oggi\/\"},\"author\":{\"name\":\"Redazione Comunicati Stampa\",\"@id\":\"https:\/\/www.article-marketing.eu\/comunicati\/#\/schema\/person\/44372e4d4d0fa797b18e03ed1ace9017\"},\"headline\":\"Domotica: il domani dell&#8217;abitare \u00e8 gi\u00e0 oggi\",\"datePublished\":\"2010-11-12T16:13:42+00:00\",\"dateModified\":\"2018-07-10T01:56:41+00:00\",\"mainEntityOfPage\":{\"@id\":\"https:\/\/www.article-marketing.eu\/comunicati\/casa\/domotica-il-domani-dellabitare-%25c3%25a8-gi%25c3%25a0-oggi\/\"},\"wordCount\":333,\"commentCount\":0,\"image\":{\"@id\":\"https:\/\/www.article-marketing.eu\/comunicati\/casa\/domotica-il-domani-dellabitare-%25c3%25a8-gi%25c3%25a0-oggi\/#primaryimage\"},\"thumbnailUrl\":\"http:\/\/www.edilizia.com\/img\/1654\/0\/Domotica_seminario.jpg\",\"keywords\":[\"applicazioni\",\"tecnologie\"],\"articleSection\":[\"Casa\"],\"inLanguage\":\"it-IT\",\"potentialAction\":[{\"@type\":\"CommentAction\",\"name\":\"Comment\",\"target\":[\"https:\/\/www.article-marketing.eu\/comunicati\/casa\/domotica-il-domani-dellabitare-%25c3%25a8-gi%25c3%25a0-oggi\/#respond\"]}]},{\"@type\":\"WebPage\",\"@id\":\"https:\/\/www.article-marketing.eu\/comunicati\/casa\/domotica-il-domani-dellabitare-%25c3%25a8-gi%25c3%25a0-oggi\/\",\"url\":\"https:\/\/www.article-marketing.eu\/comunicati\/casa\/domotica-il-domani-dellabitare-%25c3%25a8-gi%25c3%25a0-oggi\/\",\"name\":\"Domotica: il domani dell'abitare \u00e8 gi\u00e0 oggi - Article Marketing\",\"isPartOf\":{\"@id\":\"https:\/\/www.article-marketing.eu\/comunicati\/#website\"},\"primaryImageOfPage\":{\"@id\":\"https:\/\/www.article-marketing.eu\/comunicati\/casa\/domotica-il-domani-dellabitare-%25c3%25a8-gi%25c3%25a0-oggi\/#primaryimage\"},\"image\":{\"@id\":\"https:\/\/www.article-marketing.eu\/comunicati\/casa\/domotica-il-domani-dellabitare-%25c3%25a8-gi%25c3%25a0-oggi\/#primaryimage\"},\"thumbnailUrl\":\"http:\/\/www.edilizia.com\/img\/1654\/0\/Domotica_seminario.jpg\",\"datePublished\":\"2010-11-12T16:13:42+00:00\",\"dateModified\":\"2018-07-10T01:56:41+00:00\",\"author\":{\"@id\":\"https:\/\/www.article-marketing.eu\/comunicati\/#\/schema\/person\/44372e4d4d0fa797b18e03ed1ace9017\"},\"breadcrumb\":{\"@id\":\"https:\/\/www.article-marketing.eu\/comunicati\/casa\/domotica-il-domani-dellabitare-%25c3%25a8-gi%25c3%25a0-oggi\/#breadcrumb\"},\"inLanguage\":\"it-IT\",\"potentialAction\":[{\"@type\":\"ReadAction\",\"target\":[\"https:\/\/www.article-marketing.eu\/comunicati\/casa\/domotica-il-domani-dellabitare-%25c3%25a8-gi%25c3%25a0-oggi\/\"]}]},{\"@type\":\"ImageObject\",\"inLanguage\":\"it-IT\",\"@id\":\"https:\/\/www.article-marketing.eu\/comunicati\/casa\/domotica-il-domani-dellabitare-%25c3%25a8-gi%25c3%25a0-oggi\/#primaryimage\",\"url\":\"http:\/\/www.edilizia.com\/img\/1654\/0\/Domotica_seminario.jpg\",\"contentUrl\":\"http:\/\/www.edilizia.com\/img\/1654\/0\/Domotica_seminario.jpg\"},{\"@type\":\"BreadcrumbList\",\"@id\":\"https:\/\/www.article-marketing.eu\/comunicati\/casa\/domotica-il-domani-dellabitare-%25c3%25a8-gi%25c3%25a0-oggi\/#breadcrumb\",\"itemListElement\":[{\"@type\":\"ListItem\",\"position\":1,\"name\":\"Home\",\"item\":\"https:\/\/www.article-marketing.eu\/comunicati\/\"},{\"@type\":\"ListItem\",\"position\":2,\"name\":\"Domotica: il domani dell&#8217;abitare \u00e8 gi\u00e0 oggi\"}]},{\"@type\":\"WebSite\",\"@id\":\"https:\/\/www.article-marketing.eu\/comunicati\/#website\",\"url\":\"https:\/\/www.article-marketing.eu\/comunicati\/\",\"name\":\"Article Marketing\",\"description\":\"article marketing &amp; press release\",\"potentialAction\":[{\"@type\":\"SearchAction\",\"target\":{\"@type\":\"EntryPoint\",\"urlTemplate\":\"https:\/\/www.article-marketing.eu\/comunicati\/?s={search_term_string}\"},\"query-input\":{\"@type\":\"PropertyValueSpecification\",\"valueRequired\":true,\"valueName\":\"search_term_string\"}}],\"inLanguage\":\"it-IT\"},{\"@type\":\"Person\",\"@id\":\"https:\/\/www.article-marketing.eu\/comunicati\/#\/schema\/person\/44372e4d4d0fa797b18e03ed1ace9017\",\"name\":\"Redazione Comunicati Stampa\",\"image\":{\"@type\":\"ImageObject\",\"inLanguage\":\"it-IT\",\"@id\":\"https:\/\/www.article-marketing.eu\/comunicati\/#\/schema\/person\/image\/\",\"url\":\"https:\/\/secure.gravatar.com\/avatar\/50e5c6421d3072f42e7ace803501602c60d75233d34e29fd05feb91c8760b792?s=96&d=mm&r=g\",\"contentUrl\":\"https:\/\/secure.gravatar.com\/avatar\/50e5c6421d3072f42e7ace803501602c60d75233d34e29fd05feb91c8760b792?s=96&d=mm&r=g\",\"caption\":\"Redazione Comunicati Stampa\"},\"url\":\"https:\/\/www.article-marketing.eu\/comunicati\/author\/redazione-comunicati-stampa\/\"}]}<\/script>\n<!-- \/ Yoast SEO plugin. -->","yoast_head_json":{"title":"Domotica: il domani dell'abitare \u00e8 gi\u00e0 oggi - Article Marketing","robots":{"index":"index","follow":"follow","max-snippet":"max-snippet:-1","max-image-preview":"max-image-preview:large","max-video-preview":"max-video-preview:-1"},"canonical":"https:\/\/www.article-marketing.eu\/comunicati\/casa\/domotica-il-domani-dellabitare-%c3%a8-gi%c3%a0-oggi\/","og_locale":"it_IT","og_type":"article","og_title":"Domotica: il domani dell'abitare \u00e8 gi\u00e0 oggi - Article Marketing","og_description":"Sabato 13 Novembre alle ore 9:00 presso l'auditorium Rino Ricci della Camera di Commercio di Pisa - Piazza Vittorio Emanuele II, 5, si svolger\u00e0 il seminario: \"Domotica: il domani dell'abitare \u00e8 gi\u00e0 oggi\"","og_url":"https:\/\/www.article-marketing.eu\/comunicati\/casa\/domotica-il-domani-dellabitare-%c3%a8-gi%c3%a0-oggi\/","og_site_name":"Article Marketing","article_published_time":"2010-11-12T16:13:42+00:00","article_modified_time":"2018-07-10T01:56:41+00:00","og_image":[{"url":"http:\/\/www.edilizia.com\/img\/1654\/0\/Domotica_seminario.jpg","type":"","width":"","height":""}],"author":"Redazione Comunicati Stampa","twitter_card":"summary_large_image","twitter_misc":{"Scritto da":"Redazione Comunicati Stampa","Tempo di lettura stimato":"2 minuti"},"schema":{"@context":"https:\/\/schema.org","@graph":[{"@type":"Article","@id":"https:\/\/www.article-marketing.eu\/comunicati\/casa\/domotica-il-domani-dellabitare-%25c3%25a8-gi%25c3%25a0-oggi\/#article","isPartOf":{"@id":"https:\/\/www.article-marketing.eu\/comunicati\/casa\/domotica-il-domani-dellabitare-%25c3%25a8-gi%25c3%25a0-oggi\/"},"author":{"name":"Redazione Comunicati Stampa","@id":"https:\/\/www.article-marketing.eu\/comunicati\/#\/schema\/person\/44372e4d4d0fa797b18e03ed1ace9017"},"headline":"Domotica: il domani dell&#8217;abitare \u00e8 gi\u00e0 oggi","datePublished":"2010-11-12T16:13:42+00:00","dateModified":"2018-07-10T01:56:41+00:00","mainEntityOfPage":{"@id":"https:\/\/www.article-marketing.eu\/comunicati\/casa\/domotica-il-domani-dellabitare-%25c3%25a8-gi%25c3%25a0-oggi\/"},"wordCount":333,"commentCount":0,"image":{"@id":"https:\/\/www.article-marketing.eu\/comunicati\/casa\/domotica-il-domani-dellabitare-%25c3%25a8-gi%25c3%25a0-oggi\/#primaryimage"},"thumbnailUrl":"http:\/\/www.edilizia.com\/img\/1654\/0\/Domotica_seminario.jpg","keywords":["applicazioni","tecnologie"],"articleSection":["Casa"],"inLanguage":"it-IT","potentialAction":[{"@type":"CommentAction","name":"Comment","target":["https:\/\/www.article-marketing.eu\/comunicati\/casa\/domotica-il-domani-dellabitare-%25c3%25a8-gi%25c3%25a0-oggi\/#respond"]}]},{"@type":"WebPage","@id":"https:\/\/www.article-marketing.eu\/comunicati\/casa\/domotica-il-domani-dellabitare-%25c3%25a8-gi%25c3%25a0-oggi\/","url":"https:\/\/www.article-marketing.eu\/comunicati\/casa\/domotica-il-domani-dellabitare-%25c3%25a8-gi%25c3%25a0-oggi\/","name":"Domotica: il domani dell'abitare \u00e8 gi\u00e0 oggi - Article Marketing","isPartOf":{"@id":"https:\/\/www.article-marketing.eu\/comunicati\/#website"},"primaryImageOfPage":{"@id":"https:\/\/www.article-marketing.eu\/comunicati\/casa\/domotica-il-domani-dellabitare-%25c3%25a8-gi%25c3%25a0-oggi\/#primaryimage"},"image":{"@id":"https:\/\/www.article-marketing.eu\/comunicati\/casa\/domotica-il-domani-dellabitare-%25c3%25a8-gi%25c3%25a0-oggi\/#primaryimage"},"thumbnailUrl":"http:\/\/www.edilizia.com\/img\/1654\/0\/Domotica_seminario.jpg","datePublished":"2010-11-12T16:13:42+00:00","dateModified":"2018-07-10T01:56:41+00:00","author":{"@id":"https:\/\/www.article-marketing.eu\/comunicati\/#\/schema\/person\/44372e4d4d0fa797b18e03ed1ace9017"},"breadcrumb":{"@id":"https:\/\/www.article-marketing.eu\/comunicati\/casa\/domotica-il-domani-dellabitare-%25c3%25a8-gi%25c3%25a0-oggi\/#breadcrumb"},"inLanguage":"it-IT","potentialAction":[{"@type":"ReadAction","target":["https:\/\/www.article-marketing.eu\/comunicati\/casa\/domotica-il-domani-dellabitare-%25c3%25a8-gi%25c3%25a0-oggi\/"]}]},{"@type":"ImageObject","inLanguage":"it-IT","@id":"https:\/\/www.article-marketing.eu\/comunicati\/casa\/domotica-il-domani-dellabitare-%25c3%25a8-gi%25c3%25a0-oggi\/#primaryimage","url":"http:\/\/www.edilizia.com\/img\/1654\/0\/Domotica_seminario.jpg","contentUrl":"http:\/\/www.edilizia.com\/img\/1654\/0\/Domotica_seminario.jpg"},{"@type":"BreadcrumbList","@id":"https:\/\/www.article-marketing.eu\/comunicati\/casa\/domotica-il-domani-dellabitare-%25c3%25a8-gi%25c3%25a0-oggi\/#breadcrumb","itemListElement":[{"@type":"ListItem","position":1,"name":"Home","item":"https:\/\/www.article-marketing.eu\/comunicati\/"},{"@type":"ListItem","position":2,"name":"Domotica: il domani dell&#8217;abitare \u00e8 gi\u00e0 oggi"}]},{"@type":"WebSite","@id":"https:\/\/www.article-marketing.eu\/comunicati\/#website","url":"https:\/\/www.article-marketing.eu\/comunicati\/","name":"Article Marketing","description":"article marketing &amp; press release","potentialAction":[{"@type":"SearchAction","target":{"@type":"EntryPoint","urlTemplate":"https:\/\/www.article-marketing.eu\/comunicati\/?s={search_term_string}"},"query-input":{"@type":"PropertyValueSpecification","valueRequired":true,"valueName":"search_term_string"}}],"inLanguage":"it-IT"},{"@type":"Person","@id":"https:\/\/www.article-marketing.eu\/comunicati\/#\/schema\/person\/44372e4d4d0fa797b18e03ed1ace9017","name":"Redazione Comunicati Stampa","image":{"@type":"ImageObject","inLanguage":"it-IT","@id":"https:\/\/www.article-marketing.eu\/comunicati\/#\/schema\/person\/image\/","url":"https:\/\/secure.gravatar.com\/avatar\/50e5c6421d3072f42e7ace803501602c60d75233d34e29fd05feb91c8760b792?s=96&d=mm&r=g","contentUrl":"https:\/\/secure.gravatar.com\/avatar\/50e5c6421d3072f42e7ace803501602c60d75233d34e29fd05feb91c8760b792?s=96&d=mm&r=g","caption":"Redazione Comunicati Stampa"},"url":"https:\/\/www.article-marketing.eu\/comunicati\/author\/redazione-comunicati-stampa\/"}]}},"_links":{"self":[{"href":"https:\/\/www.article-marketing.eu\/comunicati\/wp-json\/wp\/v2\/posts\/9499","targetHints":{"allow":["GET"]}}],"collection":[{"href":"https:\/\/www.article-marketing.eu\/comunicati\/wp-json\/wp\/v2\/posts"}],"about":[{"href":"https:\/\/www.article-marketing.eu\/comunicati\/wp-json\/wp\/v2\/types\/post"}],"author":[{"embeddable":true,"href":"https:\/\/www.article-marketing.eu\/comunicati\/wp-json\/wp\/v2\/users\/10"}],"replies":[{"embeddable":true,"href":"https:\/\/www.article-marketing.eu\/comunicati\/wp-json\/wp\/v2\/comments?post=9499"}],"version-history":[{"count":1,"href":"https:\/\/www.article-marketing.eu\/comunicati\/wp-json\/wp\/v2\/posts\/9499\/revisions"}],"predecessor-version":[{"id":57630,"href":"https:\/\/www.article-marketing.eu\/comunicati\/wp-json\/wp\/v2\/posts\/9499\/revisions\/57630"}],"wp:attachment":[{"href":"https:\/\/www.article-marketing.eu\/comunicati\/wp-json\/wp\/v2\/media?parent=9499"}],"wp:term":[{"taxonomy":"category","embeddable":true,"href":"https:\/\/www.article-marketing.eu\/comunicati\/wp-json\/wp\/v2\/categories?post=9499"},{"taxonomy":"post_tag","embeddable":true,"href":"https:\/\/www.article-marketing.eu\/comunicati\/wp-json\/wp\/v2\/tags?post=9499"}],"curies":[{"name":"wp","href":"https:\/\/api.w.org\/{rel}","templated":true}]}}