{"id":950,"date":"2008-11-26T11:52:49","date_gmt":"2008-11-26T10:52:49","guid":{"rendered":"http:\/\/www.article-marketing.eu\/comunicati\/senza-categoria\/parata-di-capodanno-a-londra-gennaio-2008\/"},"modified":"2008-11-26T11:52:49","modified_gmt":"2008-11-26T10:52:49","slug":"parata-di-capodanno-a-londra-gennaio-2008","status":"publish","type":"post","link":"https:\/\/www.article-marketing.eu\/comunicati\/comunicati-stampa\/eventi\/parata-di-capodanno-a-londra-gennaio-2008\/","title":{"rendered":"Parata di capodanno a Londra gennaio 2008"},"content":{"rendered":"<p>A Londra il primo giorno dell\u2019anno \u00e8 sinonimo di festa, musica e allegria, almeno fin dal 1987, da quando cio\u00e8 le strade della capitale inglese hanno cominciato ad essere invase dalla folla festosa della Parata di Capodanno in cerca delle migliori <a href=\"http:\/\/it.flashbooking.com\/navigation\/europe_inghilterra_londra_all_all.html\">offerte per Londra<\/a>, animata da bande e musicisti provenienti da tutto il mondo.<\/p>\n<p>La Parata (in inglese \u201cNew Year\u2019s Day London Street Parade\u201d) \u00e8 una delle feste pi\u00f9 importanti del mondo nel suo genere, ed attira quasi mezzo milione di spettatori ogni anno. Per vedere il passaggio della sfilata da vicino \u00e8 quindi consigliabile recarsi lungo il percorso un po\u2019 prima dell\u2019inizio (la partenza della parata \u00e8 tradizionalmente sancita dal gong del Big Ben a mezzogiorno), magari accomodandosi sulle gradinate appositamente sistemate in alcuni punti del percorso, che sviluppandosi lungo quasi tre chilometri tocca alcuni dei luoghi e monumenti pi\u00f9 celebri di Londra. Si parte infatti da Parliament Square (non prima che venga letto un messaggio della Regina) per poi costeggiare Westminster Abbey, Downing Street (la residenza del Primo Ministro), Trafalgar Square, Lower Regent Street, Piccadilly Circus, la Royal Academy of Arts, l\u2019Hotel Ritz. La parata si conclude poi all\u2019incrocio tra Piccadilly e Berkeley Street.<\/p>\n<p>Da qualunque punto del percorso decidiate di assistere all\u2019evento, di sicuro la sfilata vi stupir\u00e0 e vi divertir\u00e0. Si tratta infatti di uno degli eventi per tutta la famiglia pi\u00f9 apprezzati dai londinesi, ma anche dai tanti turisti, che il primo gennaio invadono le strade della capitale per godersi le esibizioni musicali di bande e musicisti, ma non solo: a sfilare ci saranno anche clown, cheerleader, auto d\u2019epoca, persone mascherate, palloni giganti con le fattezze dei personaggi dei cartoni animati, per la gioia di grandi e piccini.<\/p>\n<p>La musica non sar\u00e0 per\u00f2 protagonista solo sulle strade e nei vari bandb Londra: parallelamente alla parata, infatti, si svolgeranno anche dei concerti di musica jazz, di cori e orchestre, che si svolgeranno nelle piazze (in particolare a St John\u2019s Smith Square e a Trafalgar Square), in alcune chiese e cattedrali (St Augustine\u2019s Church, St Mary\u2019s Church, Southwark Cathedral), a Whitehall Place e a Westminster Central Hall, e il cui ricavato verr\u00e0 devoluto in beneficenza.<\/p>\n<p>La parata di Londra \u00e8 anche conosciuta proprio per l\u2019importante contributo che riesce ad apportare ogni anno a molte associazioni che si occupano di beneficenza. In particolare, la sfilata ospita la \u201cLet\u2019s Help London Challenge\u201d, una sorta di sfida tra i diversi quartieri di Londra, che sono chiamati a presentarsi al resto della citt\u00e0 con delle proprie creazioni, siano queste carri, esibizioni musicali, presentazioni. Questa iniziativa riveste un duplice valore in una citt\u00e0 come Londra: da un lato permette di far conoscere le diversit\u00e0 che caratterizzano la citt\u00e0 e che fanno di Londra una delle metropoli pi\u00f9 variegate e multiculturali del mondo, dall\u2019altra permette di raccogliere fondi: i quartieri pi\u00f9 meritevoli vengono infatti premiati con dei premi in denaro che vanno poi distribuiti tra le associazioni di quartiere che si occupano di beneficenza. La parata di Londra diventa insomma l\u2019occasione perfetta per unire l\u2019utile al dilettevole.<\/p>\n<p>Londra \u00e8 una delle citt\u00e0 pi\u00f9 visitate del mondo, soprattutto durante le feste natalizie. Per essere sicuri di godervi un perfetto e gioioso capodanno partecipando ad un evento unico, e cogliere anche l\u2019occasione per ammirare i punti topici della citt\u00e0, vi conviene prenotare sin da ora un hotel a Londra.<\/p>\n<p>Biglietti: evento gratuito<br \/>\nData: 1 Gennaio 2009<br \/>\nDove: Londra, UK<\/p>\n","protected":false},"excerpt":{"rendered":"<p>Se pensate che il primo gennaio sia il giorno pi\u00f9 sonnacchioso dell\u2019anno, il giorno in cui ci si alza tardi dal letto e ci si riposa dopo i bagordi della notte precedente, vi sbagliate!<\/p>\n","protected":false},"author":10,"featured_media":0,"comment_status":"open","ping_status":"open","sticky":false,"template":"","format":"standard","meta":{"cybocfi_hide_featured_image":"","footnotes":""},"categories":[388],"tags":[2058,926,2461,2757,45],"class_list":["post-950","post","type-post","status-publish","format-standard","hentry","category-eventi","tag-concerto","tag-evento","tag-londra","tag-manifestazione","tag-musica"],"yoast_head":"<!-- This site is optimized with the Yoast SEO plugin v27.0 - https:\/\/yoast.com\/product\/yoast-seo-wordpress\/ -->\n<title>Parata di capodanno a Londra gennaio 2008 - Article Marketing<\/title>\n<meta name=\"robots\" content=\"index, follow, max-snippet:-1, max-image-preview:large, max-video-preview:-1\" \/>\n<link rel=\"canonical\" href=\"https:\/\/www.article-marketing.eu\/comunicati\/comunicati-stampa\/eventi\/parata-di-capodanno-a-londra-gennaio-2008\/\" \/>\n<meta property=\"og:locale\" content=\"it_IT\" \/>\n<meta property=\"og:type\" content=\"article\" \/>\n<meta property=\"og:title\" content=\"Parata di capodanno a Londra gennaio 2008 - Article Marketing\" \/>\n<meta property=\"og:description\" content=\"Se pensate che il primo gennaio sia il giorno pi\u00f9 sonnacchioso dell\u2019anno, il giorno in cui ci si alza tardi dal letto e ci si riposa dopo i bagordi della notte precedente, vi sbagliate!\" \/>\n<meta property=\"og:url\" content=\"https:\/\/www.article-marketing.eu\/comunicati\/comunicati-stampa\/eventi\/parata-di-capodanno-a-londra-gennaio-2008\/\" \/>\n<meta property=\"og:site_name\" content=\"Article Marketing\" \/>\n<meta property=\"article:published_time\" content=\"2008-11-26T10:52:49+00:00\" \/>\n<meta name=\"author\" content=\"Redazione Comunicati Stampa\" \/>\n<meta name=\"twitter:card\" content=\"summary_large_image\" \/>\n<meta name=\"twitter:label1\" content=\"Scritto da\" \/>\n\t<meta name=\"twitter:data1\" content=\"Redazione Comunicati Stampa\" \/>\n\t<meta name=\"twitter:label2\" content=\"Tempo di lettura stimato\" \/>\n\t<meta name=\"twitter:data2\" content=\"3 minuti\" \/>\n<script type=\"application\/ld+json\" class=\"yoast-schema-graph\">{\"@context\":\"https:\/\/schema.org\",\"@graph\":[{\"@type\":\"Article\",\"@id\":\"https:\/\/www.article-marketing.eu\/comunicati\/comunicati-stampa\/eventi\/parata-di-capodanno-a-londra-gennaio-2008\/#article\",\"isPartOf\":{\"@id\":\"https:\/\/www.article-marketing.eu\/comunicati\/comunicati-stampa\/eventi\/parata-di-capodanno-a-londra-gennaio-2008\/\"},\"author\":{\"name\":\"Redazione Comunicati Stampa\",\"@id\":\"https:\/\/www.article-marketing.eu\/comunicati\/#\/schema\/person\/44372e4d4d0fa797b18e03ed1ace9017\"},\"headline\":\"Parata di capodanno a Londra gennaio 2008\",\"datePublished\":\"2008-11-26T10:52:49+00:00\",\"mainEntityOfPage\":{\"@id\":\"https:\/\/www.article-marketing.eu\/comunicati\/comunicati-stampa\/eventi\/parata-di-capodanno-a-londra-gennaio-2008\/\"},\"wordCount\":577,\"commentCount\":0,\"keywords\":[\"concerto\",\"evento\",\"londra\",\"manifestazione\",\"musica\"],\"articleSection\":[\"Eventi\"],\"inLanguage\":\"it-IT\",\"potentialAction\":[{\"@type\":\"CommentAction\",\"name\":\"Comment\",\"target\":[\"https:\/\/www.article-marketing.eu\/comunicati\/comunicati-stampa\/eventi\/parata-di-capodanno-a-londra-gennaio-2008\/#respond\"]}]},{\"@type\":\"WebPage\",\"@id\":\"https:\/\/www.article-marketing.eu\/comunicati\/comunicati-stampa\/eventi\/parata-di-capodanno-a-londra-gennaio-2008\/\",\"url\":\"https:\/\/www.article-marketing.eu\/comunicati\/comunicati-stampa\/eventi\/parata-di-capodanno-a-londra-gennaio-2008\/\",\"name\":\"Parata di capodanno a Londra gennaio 2008 - Article Marketing\",\"isPartOf\":{\"@id\":\"https:\/\/www.article-marketing.eu\/comunicati\/#website\"},\"datePublished\":\"2008-11-26T10:52:49+00:00\",\"author\":{\"@id\":\"https:\/\/www.article-marketing.eu\/comunicati\/#\/schema\/person\/44372e4d4d0fa797b18e03ed1ace9017\"},\"breadcrumb\":{\"@id\":\"https:\/\/www.article-marketing.eu\/comunicati\/comunicati-stampa\/eventi\/parata-di-capodanno-a-londra-gennaio-2008\/#breadcrumb\"},\"inLanguage\":\"it-IT\",\"potentialAction\":[{\"@type\":\"ReadAction\",\"target\":[\"https:\/\/www.article-marketing.eu\/comunicati\/comunicati-stampa\/eventi\/parata-di-capodanno-a-londra-gennaio-2008\/\"]}]},{\"@type\":\"BreadcrumbList\",\"@id\":\"https:\/\/www.article-marketing.eu\/comunicati\/comunicati-stampa\/eventi\/parata-di-capodanno-a-londra-gennaio-2008\/#breadcrumb\",\"itemListElement\":[{\"@type\":\"ListItem\",\"position\":1,\"name\":\"Home\",\"item\":\"https:\/\/www.article-marketing.eu\/comunicati\/\"},{\"@type\":\"ListItem\",\"position\":2,\"name\":\"Parata di capodanno a Londra gennaio 2008\"}]},{\"@type\":\"WebSite\",\"@id\":\"https:\/\/www.article-marketing.eu\/comunicati\/#website\",\"url\":\"https:\/\/www.article-marketing.eu\/comunicati\/\",\"name\":\"Article Marketing\",\"description\":\"article marketing &amp; press release\",\"potentialAction\":[{\"@type\":\"SearchAction\",\"target\":{\"@type\":\"EntryPoint\",\"urlTemplate\":\"https:\/\/www.article-marketing.eu\/comunicati\/?s={search_term_string}\"},\"query-input\":{\"@type\":\"PropertyValueSpecification\",\"valueRequired\":true,\"valueName\":\"search_term_string\"}}],\"inLanguage\":\"it-IT\"},{\"@type\":\"Person\",\"@id\":\"https:\/\/www.article-marketing.eu\/comunicati\/#\/schema\/person\/44372e4d4d0fa797b18e03ed1ace9017\",\"name\":\"Redazione Comunicati Stampa\",\"image\":{\"@type\":\"ImageObject\",\"inLanguage\":\"it-IT\",\"@id\":\"https:\/\/www.article-marketing.eu\/comunicati\/#\/schema\/person\/image\/\",\"url\":\"https:\/\/secure.gravatar.com\/avatar\/50e5c6421d3072f42e7ace803501602c60d75233d34e29fd05feb91c8760b792?s=96&d=mm&r=g\",\"contentUrl\":\"https:\/\/secure.gravatar.com\/avatar\/50e5c6421d3072f42e7ace803501602c60d75233d34e29fd05feb91c8760b792?s=96&d=mm&r=g\",\"caption\":\"Redazione Comunicati Stampa\"},\"url\":\"https:\/\/www.article-marketing.eu\/comunicati\/author\/redazione-comunicati-stampa\/\"}]}<\/script>\n<!-- \/ Yoast SEO plugin. -->","yoast_head_json":{"title":"Parata di capodanno a Londra gennaio 2008 - Article Marketing","robots":{"index":"index","follow":"follow","max-snippet":"max-snippet:-1","max-image-preview":"max-image-preview:large","max-video-preview":"max-video-preview:-1"},"canonical":"https:\/\/www.article-marketing.eu\/comunicati\/comunicati-stampa\/eventi\/parata-di-capodanno-a-londra-gennaio-2008\/","og_locale":"it_IT","og_type":"article","og_title":"Parata di capodanno a Londra gennaio 2008 - Article Marketing","og_description":"Se pensate che il primo gennaio sia il giorno pi\u00f9 sonnacchioso dell\u2019anno, il giorno in cui ci si alza tardi dal letto e ci si riposa dopo i bagordi della notte precedente, vi sbagliate!","og_url":"https:\/\/www.article-marketing.eu\/comunicati\/comunicati-stampa\/eventi\/parata-di-capodanno-a-londra-gennaio-2008\/","og_site_name":"Article Marketing","article_published_time":"2008-11-26T10:52:49+00:00","author":"Redazione Comunicati Stampa","twitter_card":"summary_large_image","twitter_misc":{"Scritto da":"Redazione Comunicati Stampa","Tempo di lettura stimato":"3 minuti"},"schema":{"@context":"https:\/\/schema.org","@graph":[{"@type":"Article","@id":"https:\/\/www.article-marketing.eu\/comunicati\/comunicati-stampa\/eventi\/parata-di-capodanno-a-londra-gennaio-2008\/#article","isPartOf":{"@id":"https:\/\/www.article-marketing.eu\/comunicati\/comunicati-stampa\/eventi\/parata-di-capodanno-a-londra-gennaio-2008\/"},"author":{"name":"Redazione Comunicati Stampa","@id":"https:\/\/www.article-marketing.eu\/comunicati\/#\/schema\/person\/44372e4d4d0fa797b18e03ed1ace9017"},"headline":"Parata di capodanno a Londra gennaio 2008","datePublished":"2008-11-26T10:52:49+00:00","mainEntityOfPage":{"@id":"https:\/\/www.article-marketing.eu\/comunicati\/comunicati-stampa\/eventi\/parata-di-capodanno-a-londra-gennaio-2008\/"},"wordCount":577,"commentCount":0,"keywords":["concerto","evento","londra","manifestazione","musica"],"articleSection":["Eventi"],"inLanguage":"it-IT","potentialAction":[{"@type":"CommentAction","name":"Comment","target":["https:\/\/www.article-marketing.eu\/comunicati\/comunicati-stampa\/eventi\/parata-di-capodanno-a-londra-gennaio-2008\/#respond"]}]},{"@type":"WebPage","@id":"https:\/\/www.article-marketing.eu\/comunicati\/comunicati-stampa\/eventi\/parata-di-capodanno-a-londra-gennaio-2008\/","url":"https:\/\/www.article-marketing.eu\/comunicati\/comunicati-stampa\/eventi\/parata-di-capodanno-a-londra-gennaio-2008\/","name":"Parata di capodanno a Londra gennaio 2008 - Article Marketing","isPartOf":{"@id":"https:\/\/www.article-marketing.eu\/comunicati\/#website"},"datePublished":"2008-11-26T10:52:49+00:00","author":{"@id":"https:\/\/www.article-marketing.eu\/comunicati\/#\/schema\/person\/44372e4d4d0fa797b18e03ed1ace9017"},"breadcrumb":{"@id":"https:\/\/www.article-marketing.eu\/comunicati\/comunicati-stampa\/eventi\/parata-di-capodanno-a-londra-gennaio-2008\/#breadcrumb"},"inLanguage":"it-IT","potentialAction":[{"@type":"ReadAction","target":["https:\/\/www.article-marketing.eu\/comunicati\/comunicati-stampa\/eventi\/parata-di-capodanno-a-londra-gennaio-2008\/"]}]},{"@type":"BreadcrumbList","@id":"https:\/\/www.article-marketing.eu\/comunicati\/comunicati-stampa\/eventi\/parata-di-capodanno-a-londra-gennaio-2008\/#breadcrumb","itemListElement":[{"@type":"ListItem","position":1,"name":"Home","item":"https:\/\/www.article-marketing.eu\/comunicati\/"},{"@type":"ListItem","position":2,"name":"Parata di capodanno a Londra gennaio 2008"}]},{"@type":"WebSite","@id":"https:\/\/www.article-marketing.eu\/comunicati\/#website","url":"https:\/\/www.article-marketing.eu\/comunicati\/","name":"Article Marketing","description":"article marketing &amp; press release","potentialAction":[{"@type":"SearchAction","target":{"@type":"EntryPoint","urlTemplate":"https:\/\/www.article-marketing.eu\/comunicati\/?s={search_term_string}"},"query-input":{"@type":"PropertyValueSpecification","valueRequired":true,"valueName":"search_term_string"}}],"inLanguage":"it-IT"},{"@type":"Person","@id":"https:\/\/www.article-marketing.eu\/comunicati\/#\/schema\/person\/44372e4d4d0fa797b18e03ed1ace9017","name":"Redazione Comunicati Stampa","image":{"@type":"ImageObject","inLanguage":"it-IT","@id":"https:\/\/www.article-marketing.eu\/comunicati\/#\/schema\/person\/image\/","url":"https:\/\/secure.gravatar.com\/avatar\/50e5c6421d3072f42e7ace803501602c60d75233d34e29fd05feb91c8760b792?s=96&d=mm&r=g","contentUrl":"https:\/\/secure.gravatar.com\/avatar\/50e5c6421d3072f42e7ace803501602c60d75233d34e29fd05feb91c8760b792?s=96&d=mm&r=g","caption":"Redazione Comunicati Stampa"},"url":"https:\/\/www.article-marketing.eu\/comunicati\/author\/redazione-comunicati-stampa\/"}]}},"_links":{"self":[{"href":"https:\/\/www.article-marketing.eu\/comunicati\/wp-json\/wp\/v2\/posts\/950","targetHints":{"allow":["GET"]}}],"collection":[{"href":"https:\/\/www.article-marketing.eu\/comunicati\/wp-json\/wp\/v2\/posts"}],"about":[{"href":"https:\/\/www.article-marketing.eu\/comunicati\/wp-json\/wp\/v2\/types\/post"}],"author":[{"embeddable":true,"href":"https:\/\/www.article-marketing.eu\/comunicati\/wp-json\/wp\/v2\/users\/10"}],"replies":[{"embeddable":true,"href":"https:\/\/www.article-marketing.eu\/comunicati\/wp-json\/wp\/v2\/comments?post=950"}],"version-history":[{"count":0,"href":"https:\/\/www.article-marketing.eu\/comunicati\/wp-json\/wp\/v2\/posts\/950\/revisions"}],"wp:attachment":[{"href":"https:\/\/www.article-marketing.eu\/comunicati\/wp-json\/wp\/v2\/media?parent=950"}],"wp:term":[{"taxonomy":"category","embeddable":true,"href":"https:\/\/www.article-marketing.eu\/comunicati\/wp-json\/wp\/v2\/categories?post=950"},{"taxonomy":"post_tag","embeddable":true,"href":"https:\/\/www.article-marketing.eu\/comunicati\/wp-json\/wp\/v2\/tags?post=950"}],"curies":[{"name":"wp","href":"https:\/\/api.w.org\/{rel}","templated":true}]}}