{"id":9529,"date":"2010-11-15T11:36:40","date_gmt":"2010-11-15T10:36:40","guid":{"rendered":"http:\/\/www.article-marketing.eu\/comunicati\/senza-categoria\/depressione-la-condizione-umana\/"},"modified":"2010-11-15T11:36:40","modified_gmt":"2010-11-15T10:36:40","slug":"depressione-la-condizione-umana","status":"publish","type":"post","link":"https:\/\/www.article-marketing.eu\/comunicati\/salute-e-benessere\/depressione-la-condizione-umana\/","title":{"rendered":"Depressione: La Condizione umana"},"content":{"rendered":"<p>La maggior parte delle persone, ad un certo punto della propria vita, si sentir&agrave; depressa. Questo non sar&agrave; necessariamente un vero episodio di depressione clinica, ma pu&ograve; essere una depressione da lieve a moderata che sfocia in una sensazione di bassa autostima, sensazioni di letargia, disinteresse, un sentimento di disperazione per il futuro e cos&igrave; via.<\/p>\n<p>Bench&eacute; si dica spesso che nella vita esistano solo due certezze, cio&egrave; le tasse e la morte, &egrave; probabile che si debba affermare che ci sono tre certezze nella vita: le tasse, la morte e la depressione!<\/p>\n<p><strong>Celebrit&agrave; e Depressione<\/strong><\/p>\n<p>Prendete il sempre brillante ed effervescente Jim Carrey, o quel genio della recitazione che &egrave; Harrison Ford, o addirittura Britney Spears: cosa hanno in comune queste 3 celebrit&agrave;? S&igrave;, hanno tutte combattuto con la depressione. Non si tratta di qualcosa che colpisce &ldquo;gli altri&rdquo; pu&ograve; colpire chiunque e in ogni momento della vita.<\/p>\n<p>Alcune persone scoprono di essere pi&ugrave; predisposte di altre alla depressione. Se avete avuto un&rsquo;infanzia difficile, se il vostro lavoro &egrave; in pericolo e siete preoccupati perch&eacute; non sapete come pagare i conti, allora &egrave; probabile che diventerete ansiosi e a volte l&rsquo;ansia pu&ograve; nascondere la depressione: vi pu&ograve; impedire di riconoscere che di fatto non siete non solo ansiosi, siete anche depressi.<br \/><strong><br \/>Depressione e Medicinali<\/strong><\/p>\n<p>Storicamente, i medicinali anti-depressivi non erano ben visti. Venivano considerati come qualcosa che poteva potenzialmente indurre assuefazione e molte persone erano preoccupate del fatto che avrebbero finito per dipendere dagli anti-depressivi che utilizzavano. Tuttavia, da allora sono stati fatti molti progressi e i medicinali come il <a href=\"http:\/\/www.italianfarmacia.com\/fluoxetina-prozac.html\">Prozac<\/a> o lo Zoloft possono essere utilizzati tranquillamente e con un rischio minimo di dipendenza. <\/p>\n<p><strong>Come Agisce il Medicinale<\/strong><\/p>\n<p>I medicinali come il Prozac sono un&rsquo;arma potente nella lotta contro la depressione, perch&eacute; agiscono provocando un cambiamento chimico nel cervello. Quindi, una volta che il cervello ritorna allo stato in cui dovrebbe trovarsi naturalmente, scoprirete che il vostro umore si risolleva e che non si avvertono pi&ugrave; i sentimenti di disperazione, pessimismo e cos&igrave; via, che si sentivano prima.<\/p>\n<p>Il Prozac &egrave; stato descritto come un medicinale che rid&agrave; la speranza alle persone e questo &egrave; vero, poich&eacute; pu&ograve; aiutare le persone ad essere pi&ugrave; forti a livello emotivo, ripristinando efficacemente l&rsquo;equilibrio.<br \/><strong><br \/>Ascoltate gli Altri<\/strong><\/p>\n<p>A volte quando si &egrave; depressi, &egrave; difficile accorgersi che si &egrave; gi&ugrave;, quindi se qualcuno vicino a voi vi dice che sembrate depressi, ascoltatelo e cercate un aiuto appropriato nella medicina, perch&eacute; le persone vicine a voi vi diranno spesso che si tratta di qualcosa di pi&ugrave; del sentirsi un p&ograve; stufi, si ha invece bisogno di aiuto per riequilibrare il cervello e ridarvi quella cosa preziosa: la speranza!<\/p>\n","protected":false},"excerpt":{"rendered":"<p>Bench\u00e9 si dica spesso che nella vita esistano solo due certezze, cio\u00e8 le tasse e la morte, \u00e8 probabile che si debba affermare che ci sono tre certezze nella vita: le tasse, la morte e la depressione!<\/p>\n","protected":false},"author":10,"featured_media":0,"comment_status":"open","ping_status":"open","sticky":false,"template":"","format":"standard","meta":{"cybocfi_hide_featured_image":"","footnotes":""},"categories":[265],"tags":[11432,5631],"class_list":["post-9529","post","type-post","status-publish","format-standard","hentry","category-salute-e-benessere","tag-antidepressivi","tag-depressione"],"yoast_head":"<!-- This site is optimized with the Yoast SEO plugin v27.0 - https:\/\/yoast.com\/product\/yoast-seo-wordpress\/ -->\n<title>Depressione: La Condizione umana - Article Marketing<\/title>\n<meta name=\"robots\" content=\"index, follow, max-snippet:-1, max-image-preview:large, max-video-preview:-1\" \/>\n<link rel=\"canonical\" href=\"https:\/\/www.article-marketing.eu\/comunicati\/salute-e-benessere\/depressione-la-condizione-umana\/\" \/>\n<meta property=\"og:locale\" content=\"it_IT\" \/>\n<meta property=\"og:type\" content=\"article\" \/>\n<meta property=\"og:title\" content=\"Depressione: La Condizione umana - Article Marketing\" \/>\n<meta property=\"og:description\" content=\"Bench\u00e9 si dica spesso che nella vita esistano solo due certezze, cio\u00e8 le tasse e la morte, \u00e8 probabile che si debba affermare che ci sono tre certezze nella vita: le tasse, la morte e la depressione!\" \/>\n<meta property=\"og:url\" content=\"https:\/\/www.article-marketing.eu\/comunicati\/salute-e-benessere\/depressione-la-condizione-umana\/\" \/>\n<meta property=\"og:site_name\" content=\"Article Marketing\" \/>\n<meta property=\"article:published_time\" content=\"2010-11-15T10:36:40+00:00\" \/>\n<meta name=\"author\" content=\"Redazione Comunicati Stampa\" \/>\n<meta name=\"twitter:card\" content=\"summary_large_image\" \/>\n<meta name=\"twitter:label1\" content=\"Scritto da\" \/>\n\t<meta name=\"twitter:data1\" content=\"Redazione Comunicati Stampa\" \/>\n\t<meta name=\"twitter:label2\" content=\"Tempo di lettura stimato\" \/>\n\t<meta name=\"twitter:data2\" content=\"2 minuti\" \/>\n<script type=\"application\/ld+json\" class=\"yoast-schema-graph\">{\"@context\":\"https:\/\/schema.org\",\"@graph\":[{\"@type\":\"Article\",\"@id\":\"https:\/\/www.article-marketing.eu\/comunicati\/salute-e-benessere\/depressione-la-condizione-umana\/#article\",\"isPartOf\":{\"@id\":\"https:\/\/www.article-marketing.eu\/comunicati\/salute-e-benessere\/depressione-la-condizione-umana\/\"},\"author\":{\"name\":\"Redazione Comunicati Stampa\",\"@id\":\"https:\/\/www.article-marketing.eu\/comunicati\/#\/schema\/person\/44372e4d4d0fa797b18e03ed1ace9017\"},\"headline\":\"Depressione: La Condizione umana\",\"datePublished\":\"2010-11-15T10:36:40+00:00\",\"mainEntityOfPage\":{\"@id\":\"https:\/\/www.article-marketing.eu\/comunicati\/salute-e-benessere\/depressione-la-condizione-umana\/\"},\"wordCount\":484,\"commentCount\":0,\"keywords\":[\"antidepressivi\",\"depressione\"],\"articleSection\":[\"Salute e benessere\"],\"inLanguage\":\"it-IT\",\"potentialAction\":[{\"@type\":\"CommentAction\",\"name\":\"Comment\",\"target\":[\"https:\/\/www.article-marketing.eu\/comunicati\/salute-e-benessere\/depressione-la-condizione-umana\/#respond\"]}]},{\"@type\":\"WebPage\",\"@id\":\"https:\/\/www.article-marketing.eu\/comunicati\/salute-e-benessere\/depressione-la-condizione-umana\/\",\"url\":\"https:\/\/www.article-marketing.eu\/comunicati\/salute-e-benessere\/depressione-la-condizione-umana\/\",\"name\":\"Depressione: La Condizione umana - Article Marketing\",\"isPartOf\":{\"@id\":\"https:\/\/www.article-marketing.eu\/comunicati\/#website\"},\"datePublished\":\"2010-11-15T10:36:40+00:00\",\"author\":{\"@id\":\"https:\/\/www.article-marketing.eu\/comunicati\/#\/schema\/person\/44372e4d4d0fa797b18e03ed1ace9017\"},\"breadcrumb\":{\"@id\":\"https:\/\/www.article-marketing.eu\/comunicati\/salute-e-benessere\/depressione-la-condizione-umana\/#breadcrumb\"},\"inLanguage\":\"it-IT\",\"potentialAction\":[{\"@type\":\"ReadAction\",\"target\":[\"https:\/\/www.article-marketing.eu\/comunicati\/salute-e-benessere\/depressione-la-condizione-umana\/\"]}]},{\"@type\":\"BreadcrumbList\",\"@id\":\"https:\/\/www.article-marketing.eu\/comunicati\/salute-e-benessere\/depressione-la-condizione-umana\/#breadcrumb\",\"itemListElement\":[{\"@type\":\"ListItem\",\"position\":1,\"name\":\"Home\",\"item\":\"https:\/\/www.article-marketing.eu\/comunicati\/\"},{\"@type\":\"ListItem\",\"position\":2,\"name\":\"Depressione: La Condizione umana\"}]},{\"@type\":\"WebSite\",\"@id\":\"https:\/\/www.article-marketing.eu\/comunicati\/#website\",\"url\":\"https:\/\/www.article-marketing.eu\/comunicati\/\",\"name\":\"Article Marketing\",\"description\":\"article marketing &amp; press release\",\"potentialAction\":[{\"@type\":\"SearchAction\",\"target\":{\"@type\":\"EntryPoint\",\"urlTemplate\":\"https:\/\/www.article-marketing.eu\/comunicati\/?s={search_term_string}\"},\"query-input\":{\"@type\":\"PropertyValueSpecification\",\"valueRequired\":true,\"valueName\":\"search_term_string\"}}],\"inLanguage\":\"it-IT\"},{\"@type\":\"Person\",\"@id\":\"https:\/\/www.article-marketing.eu\/comunicati\/#\/schema\/person\/44372e4d4d0fa797b18e03ed1ace9017\",\"name\":\"Redazione Comunicati Stampa\",\"image\":{\"@type\":\"ImageObject\",\"inLanguage\":\"it-IT\",\"@id\":\"https:\/\/www.article-marketing.eu\/comunicati\/#\/schema\/person\/image\/\",\"url\":\"https:\/\/secure.gravatar.com\/avatar\/50e5c6421d3072f42e7ace803501602c60d75233d34e29fd05feb91c8760b792?s=96&d=mm&r=g\",\"contentUrl\":\"https:\/\/secure.gravatar.com\/avatar\/50e5c6421d3072f42e7ace803501602c60d75233d34e29fd05feb91c8760b792?s=96&d=mm&r=g\",\"caption\":\"Redazione Comunicati Stampa\"},\"url\":\"https:\/\/www.article-marketing.eu\/comunicati\/author\/redazione-comunicati-stampa\/\"}]}<\/script>\n<!-- \/ Yoast SEO plugin. -->","yoast_head_json":{"title":"Depressione: La Condizione umana - Article Marketing","robots":{"index":"index","follow":"follow","max-snippet":"max-snippet:-1","max-image-preview":"max-image-preview:large","max-video-preview":"max-video-preview:-1"},"canonical":"https:\/\/www.article-marketing.eu\/comunicati\/salute-e-benessere\/depressione-la-condizione-umana\/","og_locale":"it_IT","og_type":"article","og_title":"Depressione: La Condizione umana - Article Marketing","og_description":"Bench\u00e9 si dica spesso che nella vita esistano solo due certezze, cio\u00e8 le tasse e la morte, \u00e8 probabile che si debba affermare che ci sono tre certezze nella vita: le tasse, la morte e la depressione!","og_url":"https:\/\/www.article-marketing.eu\/comunicati\/salute-e-benessere\/depressione-la-condizione-umana\/","og_site_name":"Article Marketing","article_published_time":"2010-11-15T10:36:40+00:00","author":"Redazione Comunicati Stampa","twitter_card":"summary_large_image","twitter_misc":{"Scritto da":"Redazione Comunicati Stampa","Tempo di lettura stimato":"2 minuti"},"schema":{"@context":"https:\/\/schema.org","@graph":[{"@type":"Article","@id":"https:\/\/www.article-marketing.eu\/comunicati\/salute-e-benessere\/depressione-la-condizione-umana\/#article","isPartOf":{"@id":"https:\/\/www.article-marketing.eu\/comunicati\/salute-e-benessere\/depressione-la-condizione-umana\/"},"author":{"name":"Redazione Comunicati Stampa","@id":"https:\/\/www.article-marketing.eu\/comunicati\/#\/schema\/person\/44372e4d4d0fa797b18e03ed1ace9017"},"headline":"Depressione: La Condizione umana","datePublished":"2010-11-15T10:36:40+00:00","mainEntityOfPage":{"@id":"https:\/\/www.article-marketing.eu\/comunicati\/salute-e-benessere\/depressione-la-condizione-umana\/"},"wordCount":484,"commentCount":0,"keywords":["antidepressivi","depressione"],"articleSection":["Salute e benessere"],"inLanguage":"it-IT","potentialAction":[{"@type":"CommentAction","name":"Comment","target":["https:\/\/www.article-marketing.eu\/comunicati\/salute-e-benessere\/depressione-la-condizione-umana\/#respond"]}]},{"@type":"WebPage","@id":"https:\/\/www.article-marketing.eu\/comunicati\/salute-e-benessere\/depressione-la-condizione-umana\/","url":"https:\/\/www.article-marketing.eu\/comunicati\/salute-e-benessere\/depressione-la-condizione-umana\/","name":"Depressione: La Condizione umana - Article Marketing","isPartOf":{"@id":"https:\/\/www.article-marketing.eu\/comunicati\/#website"},"datePublished":"2010-11-15T10:36:40+00:00","author":{"@id":"https:\/\/www.article-marketing.eu\/comunicati\/#\/schema\/person\/44372e4d4d0fa797b18e03ed1ace9017"},"breadcrumb":{"@id":"https:\/\/www.article-marketing.eu\/comunicati\/salute-e-benessere\/depressione-la-condizione-umana\/#breadcrumb"},"inLanguage":"it-IT","potentialAction":[{"@type":"ReadAction","target":["https:\/\/www.article-marketing.eu\/comunicati\/salute-e-benessere\/depressione-la-condizione-umana\/"]}]},{"@type":"BreadcrumbList","@id":"https:\/\/www.article-marketing.eu\/comunicati\/salute-e-benessere\/depressione-la-condizione-umana\/#breadcrumb","itemListElement":[{"@type":"ListItem","position":1,"name":"Home","item":"https:\/\/www.article-marketing.eu\/comunicati\/"},{"@type":"ListItem","position":2,"name":"Depressione: La Condizione umana"}]},{"@type":"WebSite","@id":"https:\/\/www.article-marketing.eu\/comunicati\/#website","url":"https:\/\/www.article-marketing.eu\/comunicati\/","name":"Article Marketing","description":"article marketing &amp; press release","potentialAction":[{"@type":"SearchAction","target":{"@type":"EntryPoint","urlTemplate":"https:\/\/www.article-marketing.eu\/comunicati\/?s={search_term_string}"},"query-input":{"@type":"PropertyValueSpecification","valueRequired":true,"valueName":"search_term_string"}}],"inLanguage":"it-IT"},{"@type":"Person","@id":"https:\/\/www.article-marketing.eu\/comunicati\/#\/schema\/person\/44372e4d4d0fa797b18e03ed1ace9017","name":"Redazione Comunicati Stampa","image":{"@type":"ImageObject","inLanguage":"it-IT","@id":"https:\/\/www.article-marketing.eu\/comunicati\/#\/schema\/person\/image\/","url":"https:\/\/secure.gravatar.com\/avatar\/50e5c6421d3072f42e7ace803501602c60d75233d34e29fd05feb91c8760b792?s=96&d=mm&r=g","contentUrl":"https:\/\/secure.gravatar.com\/avatar\/50e5c6421d3072f42e7ace803501602c60d75233d34e29fd05feb91c8760b792?s=96&d=mm&r=g","caption":"Redazione Comunicati Stampa"},"url":"https:\/\/www.article-marketing.eu\/comunicati\/author\/redazione-comunicati-stampa\/"}]}},"_links":{"self":[{"href":"https:\/\/www.article-marketing.eu\/comunicati\/wp-json\/wp\/v2\/posts\/9529","targetHints":{"allow":["GET"]}}],"collection":[{"href":"https:\/\/www.article-marketing.eu\/comunicati\/wp-json\/wp\/v2\/posts"}],"about":[{"href":"https:\/\/www.article-marketing.eu\/comunicati\/wp-json\/wp\/v2\/types\/post"}],"author":[{"embeddable":true,"href":"https:\/\/www.article-marketing.eu\/comunicati\/wp-json\/wp\/v2\/users\/10"}],"replies":[{"embeddable":true,"href":"https:\/\/www.article-marketing.eu\/comunicati\/wp-json\/wp\/v2\/comments?post=9529"}],"version-history":[{"count":0,"href":"https:\/\/www.article-marketing.eu\/comunicati\/wp-json\/wp\/v2\/posts\/9529\/revisions"}],"wp:attachment":[{"href":"https:\/\/www.article-marketing.eu\/comunicati\/wp-json\/wp\/v2\/media?parent=9529"}],"wp:term":[{"taxonomy":"category","embeddable":true,"href":"https:\/\/www.article-marketing.eu\/comunicati\/wp-json\/wp\/v2\/categories?post=9529"},{"taxonomy":"post_tag","embeddable":true,"href":"https:\/\/www.article-marketing.eu\/comunicati\/wp-json\/wp\/v2\/tags?post=9529"}],"curies":[{"name":"wp","href":"https:\/\/api.w.org\/{rel}","templated":true}]}}