{"id":9539,"date":"2010-11-15T12:44:24","date_gmt":"2010-11-15T11:44:24","guid":{"rendered":"http:\/\/www.article-marketing.eu\/comunicati\/senza-categoria\/il-lago-di-bracciano-e-linsediamento-neolitoco-a-la-marmotta\/"},"modified":"2010-11-15T12:44:24","modified_gmt":"2010-11-15T11:44:24","slug":"il-lago-di-bracciano-e-linsediamento-neolitoco-a-la-marmotta","status":"publish","type":"post","link":"https:\/\/www.article-marketing.eu\/comunicati\/viaggi-e-vacanze\/destinazioni\/il-lago-di-bracciano-e-linsediamento-neolitoco-a-la-marmotta\/","title":{"rendered":"Il Lago di Bracciano e l&#8217;insediamento neolitoco a La Marmotta"},"content":{"rendered":"<p>L&rsquo;ottavo lago pi&ugrave; grande d&rsquo;Italia con una superficie di 22 chilometri quadrati &egrave; il secondo lago per estensione della Regione Lazio (seconda solo al lago di Bolsena) e uno dei laghi pi&ugrave; importanti d&#8217;Italia. Il lago di Bracciano &egrave; un lago di origine vulcanica che ha un perimetro circolare di circa 30 chilometri &#8211; in sostanza potrai nuotare, andare in barca a vela, e fare canottaggio in un vulcano. La sua superficie &egrave; a circa 541 metri sopra il livello del mare. <br \/> A meno di un&#8217;ora da Roma in auto, autobus o in treno, potrete fare le migliori nuotate nelle limpide acque. L&#8217;assenza di navigazione a motore (a parte le barche della polizia) favorisce la vela, canoa e il windsurf; ed &egrave; anche un bene per il nuoto.<\/p>\n<p> In quanto, il lago, costituisce un serbatoio di acqua potabile per la citt&agrave; di Roma &egrave; sotto controllo dal 1986, al fine di evitare l&#8217;inquinamento delle sue acque. L&#8217;uso di imbarcazioni a motore &egrave; vietato (eccezioni fatta per pochi pescatori professionisti e per le autorit&agrave;), e un sistema fognario centralizzato &egrave; stato costruito per tutti i comuni limitrofi al fine di evitare qualsiasi rovinare la qualit&agrave; dell&#8217;acqua. Questo rende Bracciano uno dei laghi pi&ugrave; puliti d&#8217;Italia.<\/p>\n<p> Tre citt&agrave; sorgono intorno al lago &#8211; Bracciano, Anguillara Sabazia e Trevignano Romano &#8211; Bracciano &egrave; il pi&ugrave; familiari ai turisti. A &ldquo;La Marmotta&rdquo;, a poche centinaia di metri fuori dal paese di Anguillara Sabazia, sono stati trovati resti di un villaggio neolitico Early lago, databili al 5.700 a.C. In un vecchio articolo di M.A. Fugazzola Delpino lei parla de La Marmotta e la fa risalire a circa il 5.690 aC, nonostante pensi che i lavori in corso potrebbero rivelare che il villaggio sia nato oltre un secolo prima. &Egrave;, comunque, pi&ugrave; certa di quando &egrave; stato abbandonato: circa nel 5.230 aC. &#8220;Dal sesto millennio a.C. , il livello dell&#8217;acqua nel lago di Bracciano &egrave; salito notevolmente, e cos&igrave; le rovine del villaggio neolitico sono state sepolte nel fango.&#8221; (Delpino 2002 ).<\/p>\n<p> La prova pi&ugrave; evidente che gli abitanti del villaggio venissero da lontano &egrave; semplicemente il fatto che la loro cultura era molto avanzata. Nella regione intorno al lago di Bracciano, secondo Fugazzola Delpino, non vi &egrave; alcun segno di cacciatori-raccoglitori prima che venisse costruito l&#8217;insediamento a La Marmotta. I costruttori del villaggio avevano a loro disposizione, da subito, l&#8217;intero &#8220;pacchetto neolitico&#8221;: animali domestici e piante, vasi di ceramica, strumenti in pietra levigata, proprio come se si fossero portate tutte quelle cose con le loro barche.<\/p>\n<p> Allevavano ovini e caprini; e hanno portato i maiali e le mucche con loro, con due razze di cane. Hanno piantato una grande variet&agrave; di coltivazioni di grano e orzo. &ldquo;Avevano tutto&rdquo;, dice Fugazzola, &ldquo;Hanno mangiato cereali, verdure, e anche un sacco di frutta &#8211; mele, prugne, lamponi, fragole. Soprattutto in inverno, hanno integrato la loro dieta con le ghiande, che hanno conservato in grandi vasi di ceramica. Hanno coltivato il lino per fare vestiti e hanno piantato i papaveri da oppio&rdquo;. Sono state ritrovate alcune delle imbarcazioni da loro utilizzate.<\/p>\n","protected":false},"excerpt":{"rendered":"<p>Il lago di Bracciano \u00e8 uno dei pi\u00f9 belli di Italia e ogni turista dovrebbe trovare il tempo di vedere le sue meraviglie. Inoltre nelle sue acque \u00e8 stato ritrovato un insediamento neolitico di grande rilevanza storica.<\/p>\n","protected":false},"author":10,"featured_media":0,"comment_status":"open","ping_status":"open","sticky":false,"template":"","format":"standard","meta":{"cybocfi_hide_featured_image":"","footnotes":""},"categories":[143],"tags":[19418,58,170,253],"class_list":["post-9539","post","type-post","status-publish","format-standard","hentry","category-destinazioni","tag-bracciano","tag-natura","tag-storia","tag-turismo"],"yoast_head":"<!-- This site is optimized with the Yoast SEO plugin v27.0 - https:\/\/yoast.com\/product\/yoast-seo-wordpress\/ -->\n<title>Il Lago di Bracciano e l&#039;insediamento neolitoco a La Marmotta - Article Marketing<\/title>\n<meta name=\"robots\" content=\"index, follow, max-snippet:-1, max-image-preview:large, max-video-preview:-1\" \/>\n<link rel=\"canonical\" href=\"https:\/\/www.article-marketing.eu\/comunicati\/viaggi-e-vacanze\/destinazioni\/il-lago-di-bracciano-e-linsediamento-neolitoco-a-la-marmotta\/\" \/>\n<meta property=\"og:locale\" content=\"it_IT\" \/>\n<meta property=\"og:type\" content=\"article\" \/>\n<meta property=\"og:title\" content=\"Il Lago di Bracciano e l&#039;insediamento neolitoco a La Marmotta - Article Marketing\" \/>\n<meta property=\"og:description\" content=\"Il lago di Bracciano \u00e8 uno dei pi\u00f9 belli di Italia e ogni turista dovrebbe trovare il tempo di vedere le sue meraviglie. Inoltre nelle sue acque \u00e8 stato ritrovato un insediamento neolitico di grande rilevanza storica.\" \/>\n<meta property=\"og:url\" content=\"https:\/\/www.article-marketing.eu\/comunicati\/viaggi-e-vacanze\/destinazioni\/il-lago-di-bracciano-e-linsediamento-neolitoco-a-la-marmotta\/\" \/>\n<meta property=\"og:site_name\" content=\"Article Marketing\" \/>\n<meta property=\"article:published_time\" content=\"2010-11-15T11:44:24+00:00\" \/>\n<meta name=\"author\" content=\"Redazione Comunicati Stampa\" \/>\n<meta name=\"twitter:card\" content=\"summary_large_image\" \/>\n<meta name=\"twitter:label1\" content=\"Scritto da\" \/>\n\t<meta name=\"twitter:data1\" content=\"Redazione Comunicati Stampa\" \/>\n\t<meta name=\"twitter:label2\" content=\"Tempo di lettura stimato\" \/>\n\t<meta name=\"twitter:data2\" content=\"3 minuti\" \/>\n<script type=\"application\/ld+json\" class=\"yoast-schema-graph\">{\"@context\":\"https:\/\/schema.org\",\"@graph\":[{\"@type\":\"Article\",\"@id\":\"https:\/\/www.article-marketing.eu\/comunicati\/viaggi-e-vacanze\/destinazioni\/il-lago-di-bracciano-e-linsediamento-neolitoco-a-la-marmotta\/#article\",\"isPartOf\":{\"@id\":\"https:\/\/www.article-marketing.eu\/comunicati\/viaggi-e-vacanze\/destinazioni\/il-lago-di-bracciano-e-linsediamento-neolitoco-a-la-marmotta\/\"},\"author\":{\"name\":\"Redazione Comunicati Stampa\",\"@id\":\"https:\/\/www.article-marketing.eu\/comunicati\/#\/schema\/person\/44372e4d4d0fa797b18e03ed1ace9017\"},\"headline\":\"Il Lago di Bracciano e l&#8217;insediamento neolitoco a La Marmotta\",\"datePublished\":\"2010-11-15T11:44:24+00:00\",\"mainEntityOfPage\":{\"@id\":\"https:\/\/www.article-marketing.eu\/comunicati\/viaggi-e-vacanze\/destinazioni\/il-lago-di-bracciano-e-linsediamento-neolitoco-a-la-marmotta\/\"},\"wordCount\":537,\"commentCount\":0,\"keywords\":[\"Bracciano\",\"natura\",\"storia\",\"turismo\"],\"articleSection\":[\"Destinazioni\"],\"inLanguage\":\"it-IT\",\"potentialAction\":[{\"@type\":\"CommentAction\",\"name\":\"Comment\",\"target\":[\"https:\/\/www.article-marketing.eu\/comunicati\/viaggi-e-vacanze\/destinazioni\/il-lago-di-bracciano-e-linsediamento-neolitoco-a-la-marmotta\/#respond\"]}]},{\"@type\":\"WebPage\",\"@id\":\"https:\/\/www.article-marketing.eu\/comunicati\/viaggi-e-vacanze\/destinazioni\/il-lago-di-bracciano-e-linsediamento-neolitoco-a-la-marmotta\/\",\"url\":\"https:\/\/www.article-marketing.eu\/comunicati\/viaggi-e-vacanze\/destinazioni\/il-lago-di-bracciano-e-linsediamento-neolitoco-a-la-marmotta\/\",\"name\":\"Il Lago di Bracciano e l'insediamento neolitoco a La Marmotta - Article Marketing\",\"isPartOf\":{\"@id\":\"https:\/\/www.article-marketing.eu\/comunicati\/#website\"},\"datePublished\":\"2010-11-15T11:44:24+00:00\",\"author\":{\"@id\":\"https:\/\/www.article-marketing.eu\/comunicati\/#\/schema\/person\/44372e4d4d0fa797b18e03ed1ace9017\"},\"breadcrumb\":{\"@id\":\"https:\/\/www.article-marketing.eu\/comunicati\/viaggi-e-vacanze\/destinazioni\/il-lago-di-bracciano-e-linsediamento-neolitoco-a-la-marmotta\/#breadcrumb\"},\"inLanguage\":\"it-IT\",\"potentialAction\":[{\"@type\":\"ReadAction\",\"target\":[\"https:\/\/www.article-marketing.eu\/comunicati\/viaggi-e-vacanze\/destinazioni\/il-lago-di-bracciano-e-linsediamento-neolitoco-a-la-marmotta\/\"]}]},{\"@type\":\"BreadcrumbList\",\"@id\":\"https:\/\/www.article-marketing.eu\/comunicati\/viaggi-e-vacanze\/destinazioni\/il-lago-di-bracciano-e-linsediamento-neolitoco-a-la-marmotta\/#breadcrumb\",\"itemListElement\":[{\"@type\":\"ListItem\",\"position\":1,\"name\":\"Home\",\"item\":\"https:\/\/www.article-marketing.eu\/comunicati\/\"},{\"@type\":\"ListItem\",\"position\":2,\"name\":\"Il Lago di Bracciano e l&#8217;insediamento neolitoco a La Marmotta\"}]},{\"@type\":\"WebSite\",\"@id\":\"https:\/\/www.article-marketing.eu\/comunicati\/#website\",\"url\":\"https:\/\/www.article-marketing.eu\/comunicati\/\",\"name\":\"Article Marketing\",\"description\":\"article marketing &amp; press release\",\"potentialAction\":[{\"@type\":\"SearchAction\",\"target\":{\"@type\":\"EntryPoint\",\"urlTemplate\":\"https:\/\/www.article-marketing.eu\/comunicati\/?s={search_term_string}\"},\"query-input\":{\"@type\":\"PropertyValueSpecification\",\"valueRequired\":true,\"valueName\":\"search_term_string\"}}],\"inLanguage\":\"it-IT\"},{\"@type\":\"Person\",\"@id\":\"https:\/\/www.article-marketing.eu\/comunicati\/#\/schema\/person\/44372e4d4d0fa797b18e03ed1ace9017\",\"name\":\"Redazione Comunicati Stampa\",\"image\":{\"@type\":\"ImageObject\",\"inLanguage\":\"it-IT\",\"@id\":\"https:\/\/www.article-marketing.eu\/comunicati\/#\/schema\/person\/image\/\",\"url\":\"https:\/\/secure.gravatar.com\/avatar\/50e5c6421d3072f42e7ace803501602c60d75233d34e29fd05feb91c8760b792?s=96&d=mm&r=g\",\"contentUrl\":\"https:\/\/secure.gravatar.com\/avatar\/50e5c6421d3072f42e7ace803501602c60d75233d34e29fd05feb91c8760b792?s=96&d=mm&r=g\",\"caption\":\"Redazione Comunicati Stampa\"},\"url\":\"https:\/\/www.article-marketing.eu\/comunicati\/author\/redazione-comunicati-stampa\/\"}]}<\/script>\n<!-- \/ Yoast SEO plugin. -->","yoast_head_json":{"title":"Il Lago di Bracciano e l'insediamento neolitoco a La Marmotta - Article Marketing","robots":{"index":"index","follow":"follow","max-snippet":"max-snippet:-1","max-image-preview":"max-image-preview:large","max-video-preview":"max-video-preview:-1"},"canonical":"https:\/\/www.article-marketing.eu\/comunicati\/viaggi-e-vacanze\/destinazioni\/il-lago-di-bracciano-e-linsediamento-neolitoco-a-la-marmotta\/","og_locale":"it_IT","og_type":"article","og_title":"Il Lago di Bracciano e l'insediamento neolitoco a La Marmotta - Article Marketing","og_description":"Il lago di Bracciano \u00e8 uno dei pi\u00f9 belli di Italia e ogni turista dovrebbe trovare il tempo di vedere le sue meraviglie. Inoltre nelle sue acque \u00e8 stato ritrovato un insediamento neolitico di grande rilevanza storica.","og_url":"https:\/\/www.article-marketing.eu\/comunicati\/viaggi-e-vacanze\/destinazioni\/il-lago-di-bracciano-e-linsediamento-neolitoco-a-la-marmotta\/","og_site_name":"Article Marketing","article_published_time":"2010-11-15T11:44:24+00:00","author":"Redazione Comunicati Stampa","twitter_card":"summary_large_image","twitter_misc":{"Scritto da":"Redazione Comunicati Stampa","Tempo di lettura stimato":"3 minuti"},"schema":{"@context":"https:\/\/schema.org","@graph":[{"@type":"Article","@id":"https:\/\/www.article-marketing.eu\/comunicati\/viaggi-e-vacanze\/destinazioni\/il-lago-di-bracciano-e-linsediamento-neolitoco-a-la-marmotta\/#article","isPartOf":{"@id":"https:\/\/www.article-marketing.eu\/comunicati\/viaggi-e-vacanze\/destinazioni\/il-lago-di-bracciano-e-linsediamento-neolitoco-a-la-marmotta\/"},"author":{"name":"Redazione Comunicati Stampa","@id":"https:\/\/www.article-marketing.eu\/comunicati\/#\/schema\/person\/44372e4d4d0fa797b18e03ed1ace9017"},"headline":"Il Lago di Bracciano e l&#8217;insediamento neolitoco a La Marmotta","datePublished":"2010-11-15T11:44:24+00:00","mainEntityOfPage":{"@id":"https:\/\/www.article-marketing.eu\/comunicati\/viaggi-e-vacanze\/destinazioni\/il-lago-di-bracciano-e-linsediamento-neolitoco-a-la-marmotta\/"},"wordCount":537,"commentCount":0,"keywords":["Bracciano","natura","storia","turismo"],"articleSection":["Destinazioni"],"inLanguage":"it-IT","potentialAction":[{"@type":"CommentAction","name":"Comment","target":["https:\/\/www.article-marketing.eu\/comunicati\/viaggi-e-vacanze\/destinazioni\/il-lago-di-bracciano-e-linsediamento-neolitoco-a-la-marmotta\/#respond"]}]},{"@type":"WebPage","@id":"https:\/\/www.article-marketing.eu\/comunicati\/viaggi-e-vacanze\/destinazioni\/il-lago-di-bracciano-e-linsediamento-neolitoco-a-la-marmotta\/","url":"https:\/\/www.article-marketing.eu\/comunicati\/viaggi-e-vacanze\/destinazioni\/il-lago-di-bracciano-e-linsediamento-neolitoco-a-la-marmotta\/","name":"Il Lago di Bracciano e l'insediamento neolitoco a La Marmotta - Article Marketing","isPartOf":{"@id":"https:\/\/www.article-marketing.eu\/comunicati\/#website"},"datePublished":"2010-11-15T11:44:24+00:00","author":{"@id":"https:\/\/www.article-marketing.eu\/comunicati\/#\/schema\/person\/44372e4d4d0fa797b18e03ed1ace9017"},"breadcrumb":{"@id":"https:\/\/www.article-marketing.eu\/comunicati\/viaggi-e-vacanze\/destinazioni\/il-lago-di-bracciano-e-linsediamento-neolitoco-a-la-marmotta\/#breadcrumb"},"inLanguage":"it-IT","potentialAction":[{"@type":"ReadAction","target":["https:\/\/www.article-marketing.eu\/comunicati\/viaggi-e-vacanze\/destinazioni\/il-lago-di-bracciano-e-linsediamento-neolitoco-a-la-marmotta\/"]}]},{"@type":"BreadcrumbList","@id":"https:\/\/www.article-marketing.eu\/comunicati\/viaggi-e-vacanze\/destinazioni\/il-lago-di-bracciano-e-linsediamento-neolitoco-a-la-marmotta\/#breadcrumb","itemListElement":[{"@type":"ListItem","position":1,"name":"Home","item":"https:\/\/www.article-marketing.eu\/comunicati\/"},{"@type":"ListItem","position":2,"name":"Il Lago di Bracciano e l&#8217;insediamento neolitoco a La Marmotta"}]},{"@type":"WebSite","@id":"https:\/\/www.article-marketing.eu\/comunicati\/#website","url":"https:\/\/www.article-marketing.eu\/comunicati\/","name":"Article Marketing","description":"article marketing &amp; press release","potentialAction":[{"@type":"SearchAction","target":{"@type":"EntryPoint","urlTemplate":"https:\/\/www.article-marketing.eu\/comunicati\/?s={search_term_string}"},"query-input":{"@type":"PropertyValueSpecification","valueRequired":true,"valueName":"search_term_string"}}],"inLanguage":"it-IT"},{"@type":"Person","@id":"https:\/\/www.article-marketing.eu\/comunicati\/#\/schema\/person\/44372e4d4d0fa797b18e03ed1ace9017","name":"Redazione Comunicati Stampa","image":{"@type":"ImageObject","inLanguage":"it-IT","@id":"https:\/\/www.article-marketing.eu\/comunicati\/#\/schema\/person\/image\/","url":"https:\/\/secure.gravatar.com\/avatar\/50e5c6421d3072f42e7ace803501602c60d75233d34e29fd05feb91c8760b792?s=96&d=mm&r=g","contentUrl":"https:\/\/secure.gravatar.com\/avatar\/50e5c6421d3072f42e7ace803501602c60d75233d34e29fd05feb91c8760b792?s=96&d=mm&r=g","caption":"Redazione Comunicati Stampa"},"url":"https:\/\/www.article-marketing.eu\/comunicati\/author\/redazione-comunicati-stampa\/"}]}},"_links":{"self":[{"href":"https:\/\/www.article-marketing.eu\/comunicati\/wp-json\/wp\/v2\/posts\/9539","targetHints":{"allow":["GET"]}}],"collection":[{"href":"https:\/\/www.article-marketing.eu\/comunicati\/wp-json\/wp\/v2\/posts"}],"about":[{"href":"https:\/\/www.article-marketing.eu\/comunicati\/wp-json\/wp\/v2\/types\/post"}],"author":[{"embeddable":true,"href":"https:\/\/www.article-marketing.eu\/comunicati\/wp-json\/wp\/v2\/users\/10"}],"replies":[{"embeddable":true,"href":"https:\/\/www.article-marketing.eu\/comunicati\/wp-json\/wp\/v2\/comments?post=9539"}],"version-history":[{"count":0,"href":"https:\/\/www.article-marketing.eu\/comunicati\/wp-json\/wp\/v2\/posts\/9539\/revisions"}],"wp:attachment":[{"href":"https:\/\/www.article-marketing.eu\/comunicati\/wp-json\/wp\/v2\/media?parent=9539"}],"wp:term":[{"taxonomy":"category","embeddable":true,"href":"https:\/\/www.article-marketing.eu\/comunicati\/wp-json\/wp\/v2\/categories?post=9539"},{"taxonomy":"post_tag","embeddable":true,"href":"https:\/\/www.article-marketing.eu\/comunicati\/wp-json\/wp\/v2\/tags?post=9539"}],"curies":[{"name":"wp","href":"https:\/\/api.w.org\/{rel}","templated":true}]}}