{"id":960,"date":"2008-11-28T10:18:07","date_gmt":"2008-11-28T09:18:07","guid":{"rendered":"http:\/\/www.article-marketing.eu\/comunicati\/senza-categoria\/una-casa-vacanza-per-natale-e-capodanno\/"},"modified":"2008-11-28T10:18:07","modified_gmt":"2008-11-28T09:18:07","slug":"una-casa-vacanza-per-natale-e-capodanno","status":"publish","type":"post","link":"https:\/\/www.article-marketing.eu\/comunicati\/viaggi-e-vacanze\/una-casa-vacanza-per-natale-e-capodanno\/","title":{"rendered":"Una casa vacanza per natale e Capodanno"},"content":{"rendered":"<p>E\u2019 in arrivo il natale e quindi anche le ferie. Quest\u2019anno ci possiamo reputare fortunati perch\u00e9 il natale e capodanno sono inseriti all\u2019interno di lunghi ponti quindi \u00e8 possibile organizzare una bella vacanza lunga.<br \/>\nNon ci avevate ancora pensato? Calcoliamo i ponti a disposizione in questo periodo di feste: La vigilia di Natale cade di Mercoled\u00ec. Natale \u00e8 Gioved\u00ec, Santo Stefano \u00e8 Venerd\u00ec. Quindi abbiamo il 27 che \u00e8 Sabato e il 28 che \u00e8 Domenica. Non male come ponte no?<\/p>\n<p>Il 30 \u00e8 luned\u00ec, quindi chi ha la possibilit\u00e0 pu\u00f2 attaccarci un altro ponte e arrivare filato fino al 2 di Gennaio che \u00e8 un Venerd\u00ec. Il 3 \u00e8 appunto un Sabato e quindi si pu\u00f2 fare vacanza fino al 5. Ma il 6 \u00e8 di nuovo festa! Quindi volendo\u2026 esatto avete capito. Si pu\u00f2 fare una tirata unica di ferie dal 23 al 7 di Gennaio! Non male no? Potete pensare ad un paio di settimane bianche, oppure una settimana bianca e una in famiglia\u2026 c\u2019\u00e8 l\u2019imbarazzo della scelta. Quest\u2019anno siamo proprio fortunati con i ponti natalizi. Un bel regalo di Natale. Non so quanto saranno contenti imprenditori e professionisti, ma alla fine bisogner\u00e0 pur riposare ogni tanto.<\/p>\n<p>Solitamente le mete preferite per le vacanze di natale sono quelle di montagna, per fare le classiche settimane bianche. Ma dove pernottare? Albergo? Agriturismo? Ostello? Casa Vacanza?<br \/>\nUna statistica dimostra che gli Italiani stanno scegliendo sempre pi\u00f9 spesso l\u2019affitto di case vacanze al posto degli alberghi. Spesso il costo \u00e8 minore e le comodit\u00e0 sono superiori. Sentirsi a casa anche in vacanza \u00e8 un fattore importante per fare delle vacanze di livello.<\/p>\n<p>Se volete risparmiare e siete in gruppo la <a href=\"http:\/\/www.cofman.it\">casa vacanze<\/a> \u00e8 sempre la scelta migliore. L\u2019affitto \u00e8 quasi sempre giornaliero o al massimo settimanale, quindi si pu\u00f2 gestire il tutto benissimo proprio come si fa con un albergo.<\/p>\n<p>Le case predisposte per le vacanze sono sempre di pi\u00f9, e quasi tutte sono dotate dei comfort pi\u00f9 comuni. I prezzi di partenza sono bassi, ma si possono trovare anche case arredate a lusso con confort superiori. Tutto dipende dal vostro budget e dal tipo di vacanza che volete fare.<br \/>\nInoltre, sotto questo periodo un po\u2019 difficile a livello economico, il risparmio \u00e8 sempre gradito, e con una casa vacanza si pu\u00f2 risparmiare molto rispetto ad un albergo, se si \u00e8 in pi\u00f9 persone. Basta organizzarsi.<\/p>\n<p>Se state progettando ora le vostre vacanze di natale e capodanno vi consiglio di andare a visitare cofman.it. Troverete le case vacanze in affitto giuste per le vostre esigenze. Potete valutare subito il prezzo e scegliere tra centinaia di proposte. Nelle localit\u00e0 di Montagna ci sono moltissime proposte.<br \/>\nIl sito \u00e8 semplicissimo da utilizzare e le proposte sono suddivise per paesi, regioni e quindi citt\u00e0. In poche parole potete cercare la casa per le vostre vacanze in tutta Europa da un unico sito. Il motore di ricerca interno del sito \u00e8 molto funzionale ed \u00e8 possibile fare la ricerca a secondo delle proprie esigenze. Per esempio: \u00e8 possibile cercare una casa a secondo del prezzo, degli elettrodomestici presenti nella locazione, posti letto, permesso di portare animali domestici e molto altro.<\/p>\n<p>E\u2019 probabilmente uno dei siti pi\u00f9 completi nel settore per le case vacanze, per questo Cofman \u00e8 diventato un leader europeo.<br \/>\nIl sito \u00e8 ovviamente in italiano, anche se \u00e8 disponibile in tutte le lingue europee per gli amici stranieri che vogliono magari visitare l\u2019Italia.<\/p>\n<p>Il natale si avvicina ed \u00e8 ora di prenotare! Prenotando con anticipo di evita di rimanere senza molta scelta e sicuramente si risparmia. Siamo gi\u00e0 a fine novembre, che aspettate? Buone Vacanze di Natale e di Anno Nuovo a tutti.<\/p>\n","protected":false},"excerpt":{"rendered":"<p>Le vacanze di natale e capodanno si avvicinano. Avete gia pensato a dove andare? Ma sopratutto avete gia pensato dove pernottare? Perch\u00e8 non pensare ad una bella casa vacanze?<\/p>\n","protected":false},"author":10,"featured_media":0,"comment_status":"open","ping_status":"open","sticky":false,"template":"","format":"standard","meta":{"cybocfi_hide_featured_image":"","footnotes":""},"categories":[280],"tags":[1179,3312,3313,253,3,3314],"class_list":["post-960","post","type-post","status-publish","format-standard","hentry","category-viaggi-e-vacanze","tag-casa-vacanze","tag-case-vacanze","tag-cofman","tag-turismo","tag-vacanze","tag-vacanze-di-natale"],"yoast_head":"<!-- This site is optimized with the Yoast SEO plugin v27.0 - https:\/\/yoast.com\/product\/yoast-seo-wordpress\/ -->\n<title>Una casa vacanza per natale e Capodanno - Article Marketing<\/title>\n<meta name=\"robots\" content=\"index, follow, max-snippet:-1, max-image-preview:large, max-video-preview:-1\" \/>\n<link rel=\"canonical\" href=\"https:\/\/www.article-marketing.eu\/comunicati\/viaggi-e-vacanze\/una-casa-vacanza-per-natale-e-capodanno\/\" \/>\n<meta property=\"og:locale\" content=\"it_IT\" \/>\n<meta property=\"og:type\" content=\"article\" \/>\n<meta property=\"og:title\" content=\"Una casa vacanza per natale e Capodanno - Article Marketing\" \/>\n<meta property=\"og:description\" content=\"Le vacanze di natale e capodanno si avvicinano. Avete gia pensato a dove andare? Ma sopratutto avete gia pensato dove pernottare? Perch\u00e8 non pensare ad una bella casa vacanze?\" \/>\n<meta property=\"og:url\" content=\"https:\/\/www.article-marketing.eu\/comunicati\/viaggi-e-vacanze\/una-casa-vacanza-per-natale-e-capodanno\/\" \/>\n<meta property=\"og:site_name\" content=\"Article Marketing\" \/>\n<meta property=\"article:published_time\" content=\"2008-11-28T09:18:07+00:00\" \/>\n<meta name=\"author\" content=\"Redazione Comunicati Stampa\" \/>\n<meta name=\"twitter:card\" content=\"summary_large_image\" \/>\n<meta name=\"twitter:label1\" content=\"Scritto da\" \/>\n\t<meta name=\"twitter:data1\" content=\"Redazione Comunicati Stampa\" \/>\n\t<meta name=\"twitter:label2\" content=\"Tempo di lettura stimato\" \/>\n\t<meta name=\"twitter:data2\" content=\"3 minuti\" \/>\n<script type=\"application\/ld+json\" class=\"yoast-schema-graph\">{\"@context\":\"https:\/\/schema.org\",\"@graph\":[{\"@type\":\"Article\",\"@id\":\"https:\/\/www.article-marketing.eu\/comunicati\/viaggi-e-vacanze\/una-casa-vacanza-per-natale-e-capodanno\/#article\",\"isPartOf\":{\"@id\":\"https:\/\/www.article-marketing.eu\/comunicati\/viaggi-e-vacanze\/una-casa-vacanza-per-natale-e-capodanno\/\"},\"author\":{\"name\":\"Redazione Comunicati Stampa\",\"@id\":\"https:\/\/www.article-marketing.eu\/comunicati\/#\/schema\/person\/44372e4d4d0fa797b18e03ed1ace9017\"},\"headline\":\"Una casa vacanza per natale e Capodanno\",\"datePublished\":\"2008-11-28T09:18:07+00:00\",\"mainEntityOfPage\":{\"@id\":\"https:\/\/www.article-marketing.eu\/comunicati\/viaggi-e-vacanze\/una-casa-vacanza-per-natale-e-capodanno\/\"},\"wordCount\":594,\"commentCount\":0,\"keywords\":[\"Casa vacanze\",\"case vacanze\",\"cofman\",\"turismo\",\"vacanze\",\"vacanze di natale\"],\"articleSection\":[\"Viaggi e vacanze\"],\"inLanguage\":\"it-IT\",\"potentialAction\":[{\"@type\":\"CommentAction\",\"name\":\"Comment\",\"target\":[\"https:\/\/www.article-marketing.eu\/comunicati\/viaggi-e-vacanze\/una-casa-vacanza-per-natale-e-capodanno\/#respond\"]}]},{\"@type\":\"WebPage\",\"@id\":\"https:\/\/www.article-marketing.eu\/comunicati\/viaggi-e-vacanze\/una-casa-vacanza-per-natale-e-capodanno\/\",\"url\":\"https:\/\/www.article-marketing.eu\/comunicati\/viaggi-e-vacanze\/una-casa-vacanza-per-natale-e-capodanno\/\",\"name\":\"Una casa vacanza per natale e Capodanno - Article Marketing\",\"isPartOf\":{\"@id\":\"https:\/\/www.article-marketing.eu\/comunicati\/#website\"},\"datePublished\":\"2008-11-28T09:18:07+00:00\",\"author\":{\"@id\":\"https:\/\/www.article-marketing.eu\/comunicati\/#\/schema\/person\/44372e4d4d0fa797b18e03ed1ace9017\"},\"breadcrumb\":{\"@id\":\"https:\/\/www.article-marketing.eu\/comunicati\/viaggi-e-vacanze\/una-casa-vacanza-per-natale-e-capodanno\/#breadcrumb\"},\"inLanguage\":\"it-IT\",\"potentialAction\":[{\"@type\":\"ReadAction\",\"target\":[\"https:\/\/www.article-marketing.eu\/comunicati\/viaggi-e-vacanze\/una-casa-vacanza-per-natale-e-capodanno\/\"]}]},{\"@type\":\"BreadcrumbList\",\"@id\":\"https:\/\/www.article-marketing.eu\/comunicati\/viaggi-e-vacanze\/una-casa-vacanza-per-natale-e-capodanno\/#breadcrumb\",\"itemListElement\":[{\"@type\":\"ListItem\",\"position\":1,\"name\":\"Home\",\"item\":\"https:\/\/www.article-marketing.eu\/comunicati\/\"},{\"@type\":\"ListItem\",\"position\":2,\"name\":\"Una casa vacanza per natale e Capodanno\"}]},{\"@type\":\"WebSite\",\"@id\":\"https:\/\/www.article-marketing.eu\/comunicati\/#website\",\"url\":\"https:\/\/www.article-marketing.eu\/comunicati\/\",\"name\":\"Article Marketing\",\"description\":\"article marketing &amp; press release\",\"potentialAction\":[{\"@type\":\"SearchAction\",\"target\":{\"@type\":\"EntryPoint\",\"urlTemplate\":\"https:\/\/www.article-marketing.eu\/comunicati\/?s={search_term_string}\"},\"query-input\":{\"@type\":\"PropertyValueSpecification\",\"valueRequired\":true,\"valueName\":\"search_term_string\"}}],\"inLanguage\":\"it-IT\"},{\"@type\":\"Person\",\"@id\":\"https:\/\/www.article-marketing.eu\/comunicati\/#\/schema\/person\/44372e4d4d0fa797b18e03ed1ace9017\",\"name\":\"Redazione Comunicati Stampa\",\"image\":{\"@type\":\"ImageObject\",\"inLanguage\":\"it-IT\",\"@id\":\"https:\/\/www.article-marketing.eu\/comunicati\/#\/schema\/person\/image\/\",\"url\":\"https:\/\/secure.gravatar.com\/avatar\/50e5c6421d3072f42e7ace803501602c60d75233d34e29fd05feb91c8760b792?s=96&d=mm&r=g\",\"contentUrl\":\"https:\/\/secure.gravatar.com\/avatar\/50e5c6421d3072f42e7ace803501602c60d75233d34e29fd05feb91c8760b792?s=96&d=mm&r=g\",\"caption\":\"Redazione Comunicati Stampa\"},\"url\":\"https:\/\/www.article-marketing.eu\/comunicati\/author\/redazione-comunicati-stampa\/\"}]}<\/script>\n<!-- \/ Yoast SEO plugin. -->","yoast_head_json":{"title":"Una casa vacanza per natale e Capodanno - Article Marketing","robots":{"index":"index","follow":"follow","max-snippet":"max-snippet:-1","max-image-preview":"max-image-preview:large","max-video-preview":"max-video-preview:-1"},"canonical":"https:\/\/www.article-marketing.eu\/comunicati\/viaggi-e-vacanze\/una-casa-vacanza-per-natale-e-capodanno\/","og_locale":"it_IT","og_type":"article","og_title":"Una casa vacanza per natale e Capodanno - Article Marketing","og_description":"Le vacanze di natale e capodanno si avvicinano. Avete gia pensato a dove andare? Ma sopratutto avete gia pensato dove pernottare? Perch\u00e8 non pensare ad una bella casa vacanze?","og_url":"https:\/\/www.article-marketing.eu\/comunicati\/viaggi-e-vacanze\/una-casa-vacanza-per-natale-e-capodanno\/","og_site_name":"Article Marketing","article_published_time":"2008-11-28T09:18:07+00:00","author":"Redazione Comunicati Stampa","twitter_card":"summary_large_image","twitter_misc":{"Scritto da":"Redazione Comunicati Stampa","Tempo di lettura stimato":"3 minuti"},"schema":{"@context":"https:\/\/schema.org","@graph":[{"@type":"Article","@id":"https:\/\/www.article-marketing.eu\/comunicati\/viaggi-e-vacanze\/una-casa-vacanza-per-natale-e-capodanno\/#article","isPartOf":{"@id":"https:\/\/www.article-marketing.eu\/comunicati\/viaggi-e-vacanze\/una-casa-vacanza-per-natale-e-capodanno\/"},"author":{"name":"Redazione Comunicati Stampa","@id":"https:\/\/www.article-marketing.eu\/comunicati\/#\/schema\/person\/44372e4d4d0fa797b18e03ed1ace9017"},"headline":"Una casa vacanza per natale e Capodanno","datePublished":"2008-11-28T09:18:07+00:00","mainEntityOfPage":{"@id":"https:\/\/www.article-marketing.eu\/comunicati\/viaggi-e-vacanze\/una-casa-vacanza-per-natale-e-capodanno\/"},"wordCount":594,"commentCount":0,"keywords":["Casa vacanze","case vacanze","cofman","turismo","vacanze","vacanze di natale"],"articleSection":["Viaggi e vacanze"],"inLanguage":"it-IT","potentialAction":[{"@type":"CommentAction","name":"Comment","target":["https:\/\/www.article-marketing.eu\/comunicati\/viaggi-e-vacanze\/una-casa-vacanza-per-natale-e-capodanno\/#respond"]}]},{"@type":"WebPage","@id":"https:\/\/www.article-marketing.eu\/comunicati\/viaggi-e-vacanze\/una-casa-vacanza-per-natale-e-capodanno\/","url":"https:\/\/www.article-marketing.eu\/comunicati\/viaggi-e-vacanze\/una-casa-vacanza-per-natale-e-capodanno\/","name":"Una casa vacanza per natale e Capodanno - Article Marketing","isPartOf":{"@id":"https:\/\/www.article-marketing.eu\/comunicati\/#website"},"datePublished":"2008-11-28T09:18:07+00:00","author":{"@id":"https:\/\/www.article-marketing.eu\/comunicati\/#\/schema\/person\/44372e4d4d0fa797b18e03ed1ace9017"},"breadcrumb":{"@id":"https:\/\/www.article-marketing.eu\/comunicati\/viaggi-e-vacanze\/una-casa-vacanza-per-natale-e-capodanno\/#breadcrumb"},"inLanguage":"it-IT","potentialAction":[{"@type":"ReadAction","target":["https:\/\/www.article-marketing.eu\/comunicati\/viaggi-e-vacanze\/una-casa-vacanza-per-natale-e-capodanno\/"]}]},{"@type":"BreadcrumbList","@id":"https:\/\/www.article-marketing.eu\/comunicati\/viaggi-e-vacanze\/una-casa-vacanza-per-natale-e-capodanno\/#breadcrumb","itemListElement":[{"@type":"ListItem","position":1,"name":"Home","item":"https:\/\/www.article-marketing.eu\/comunicati\/"},{"@type":"ListItem","position":2,"name":"Una casa vacanza per natale e Capodanno"}]},{"@type":"WebSite","@id":"https:\/\/www.article-marketing.eu\/comunicati\/#website","url":"https:\/\/www.article-marketing.eu\/comunicati\/","name":"Article Marketing","description":"article marketing &amp; press release","potentialAction":[{"@type":"SearchAction","target":{"@type":"EntryPoint","urlTemplate":"https:\/\/www.article-marketing.eu\/comunicati\/?s={search_term_string}"},"query-input":{"@type":"PropertyValueSpecification","valueRequired":true,"valueName":"search_term_string"}}],"inLanguage":"it-IT"},{"@type":"Person","@id":"https:\/\/www.article-marketing.eu\/comunicati\/#\/schema\/person\/44372e4d4d0fa797b18e03ed1ace9017","name":"Redazione Comunicati Stampa","image":{"@type":"ImageObject","inLanguage":"it-IT","@id":"https:\/\/www.article-marketing.eu\/comunicati\/#\/schema\/person\/image\/","url":"https:\/\/secure.gravatar.com\/avatar\/50e5c6421d3072f42e7ace803501602c60d75233d34e29fd05feb91c8760b792?s=96&d=mm&r=g","contentUrl":"https:\/\/secure.gravatar.com\/avatar\/50e5c6421d3072f42e7ace803501602c60d75233d34e29fd05feb91c8760b792?s=96&d=mm&r=g","caption":"Redazione Comunicati Stampa"},"url":"https:\/\/www.article-marketing.eu\/comunicati\/author\/redazione-comunicati-stampa\/"}]}},"_links":{"self":[{"href":"https:\/\/www.article-marketing.eu\/comunicati\/wp-json\/wp\/v2\/posts\/960","targetHints":{"allow":["GET"]}}],"collection":[{"href":"https:\/\/www.article-marketing.eu\/comunicati\/wp-json\/wp\/v2\/posts"}],"about":[{"href":"https:\/\/www.article-marketing.eu\/comunicati\/wp-json\/wp\/v2\/types\/post"}],"author":[{"embeddable":true,"href":"https:\/\/www.article-marketing.eu\/comunicati\/wp-json\/wp\/v2\/users\/10"}],"replies":[{"embeddable":true,"href":"https:\/\/www.article-marketing.eu\/comunicati\/wp-json\/wp\/v2\/comments?post=960"}],"version-history":[{"count":0,"href":"https:\/\/www.article-marketing.eu\/comunicati\/wp-json\/wp\/v2\/posts\/960\/revisions"}],"wp:attachment":[{"href":"https:\/\/www.article-marketing.eu\/comunicati\/wp-json\/wp\/v2\/media?parent=960"}],"wp:term":[{"taxonomy":"category","embeddable":true,"href":"https:\/\/www.article-marketing.eu\/comunicati\/wp-json\/wp\/v2\/categories?post=960"},{"taxonomy":"post_tag","embeddable":true,"href":"https:\/\/www.article-marketing.eu\/comunicati\/wp-json\/wp\/v2\/tags?post=960"}],"curies":[{"name":"wp","href":"https:\/\/api.w.org\/{rel}","templated":true}]}}