{"id":9671,"date":"2010-11-18T14:34:15","date_gmt":"2010-11-18T13:34:15","guid":{"rendered":"http:\/\/www.article-marketing.eu\/comunicati\/senza-categoria\/in-partenza-greenergy-expo-2010\/"},"modified":"2018-07-10T03:57:21","modified_gmt":"2018-07-10T01:57:21","slug":"in-partenza-greenergy-expo-2010","status":"publish","type":"post","link":"https:\/\/www.article-marketing.eu\/comunicati\/comunicati-stampa\/eventi\/in-partenza-greenergy-expo-2010\/","title":{"rendered":"In partenza Greenergy Expo 2010"},"content":{"rendered":"<p> <em>La manifestazione di riferimento per gli operatori del mercato delle energie rinnovabili<\/em> Da oggi, Mercoled&igrave; 17 novembre, Milano diventer&agrave; la citt&agrave; italiana di riferimento per tutti gli operatori del mercato nazionale e internazionale delle energie rinnovabili. Con oltre<strong> 400 espositori<\/strong>, pi&ugrave; di <strong>30.000 metri quadrati<\/strong> di superficie espositiva, <strong>60 sessioni di convegni <\/strong>e <strong>407 relatori<\/strong>,<strong> <em>Greenergy Expo<\/em><\/strong>,<em> <strong>EnerSolar+<\/strong><\/em>, <strong>PV Tech<\/strong> e <strong>Invex<\/strong>, che si rivolgono sia al B2B, sia al consumer, richiameranno migliaia di visitatori. <img decoding=\"async\" src=\"http:\/\/www.edilizia.com\/img\/1742\/0\/green_expo_logo.jpg\" border=\"0\" \/> <br \/> Il successo delle manifestazioni rappresenta l&rsquo;ulteriore conferma che la <em>green economy<\/em>, nonostante la congiuntura economica in atto, possiede grandi potenzialit&agrave; per le aziende e, quindi, per il rilancio del Sistema Paese. Spesso identificata solo con i parchi eolici e fotovoltaici, la <em><strong>green economy<\/strong><\/em> &egrave; una realt&agrave; molto pi&ugrave; complessa e variegata che comprende settori e mercati tra loro differenti ma accumunati da prospettive di crescita molto elevate. Geotermia, biomasse, biogas, cogenerazione, mini idroelettrico, energia verde, biocarburanti e mobilit&agrave; sostenibile: ad oggi il mondo delle rinnovabili esprime anche una ampia gamma di <strong>soluzioni sia per la produzione di energia rinnovabile<\/strong>, sia per il <strong>risparmio energetico<\/strong> e la <strong>mobilit&agrave; sostenibile<\/strong>, per citarne solo alcune. Nelle stime di <strong>Ises Italia<\/strong>, a fronte di un investimento di circa 80 miliardi di euro nei prossimi dieci anni, il settore della produzione di energia da fonti rinnovabili potrebbe esprimere circa<strong> 200 mila posti di lavoro<\/strong> e, nella stima pi&ugrave; ottimistica, arrivare fino a 250 mila. A questo bisognerebbe poi aggiungere anche la grande quota costituita dall&rsquo;indotto che, secondo i dati di <strong>Aper <\/strong>(<em>Associazione Produttori Energia da fonti Rinnovabili<\/em>), attualmente si attesta attorno ai 55mila adetti.<br \/> Si parla di un mercato che, facendo riferimento al Rapporto Italia redatto da Eurispes, ha un &#8220;peso&#8221; di circa <strong>10 miliardi di euro<\/strong>.<\/p>\n<p> Dati di crescita che trovano riscontro anche nel rapporto commissionato dalle Nazioni Unite Green Jobs: Toward Decent Work in a Sustainable, Low-Carbon World, a detta del quale, <strong>le persone impiegate nel settore delle energie rinnovabili in tutto il mondo sono 2,3 milioni,<\/strong> e potrebbero arrivare, nel 2030, con adeguate politiche di sostegno al settore, a ben 20 milioni.<br \/> Buone anche le stime di un recente studio di <em>Pricewaterhouse Coopers<\/em>:<strong> al 2050, l&rsquo;Europa potrebbe essere in grado di soddisfare il 100% del proprio fabbisogno energetico con le energie rinnovabili. <\/strong> E che la <em>green economy <\/em>sia il grande motore in grado di traghettare l&rsquo;economia mondiale fuori dalla crisi, lo dimostrano i grandi investimenti che i Paesi di tutto il mondo stanno convogliando in questo comparto: dall&rsquo;Europa, agli Stati Uniti, fino ai mercati emergenti (che ormai &#8220;emersi&#8221; lo sono gi&agrave;) dell&rsquo;Asia. &Egrave; dunque la fotografia di un mercato vivace quella che, dal 17 al 19 novembre a fieramilano, vedr&agrave; rinnovarsi l&rsquo;appuntamento con <strong>Greenergy Expo, EnerSolar+, PV Tech <\/strong>e <strong>Invex. <\/strong><br \/> All&rsquo;insegna dello slogan<em><strong> &#8220;Produrre energia risparmiando il Pianeta&#8221;<\/strong><\/em>, <strong>Greenergy Expo 2010 <\/strong>metter&agrave; a disposizione del pubblico e degli operatori specializzati aree tematiche dedicate alle differenti declinazioni della produzione di energia pulita e rinnovabile: geotermia, biomasse, industria del pellet, biogas, cogenerazione, mini idroelettrico, energia verde, biocarburanti e mobilit&agrave; sostenibile. Un&rsquo;offera espositiva in cui sar&agrave; possibile &#8220;toccare con mano&#8221; tecnologie gi&agrave; pienamente disponibili e prodotti competitivi. <img decoding=\"async\" src=\"http:\/\/www.edilizia.com\/img\/1758\/0\/ener_solar.jpg\" border=\"0\" \/> <img decoding=\"async\" src=\"http:\/\/www.edilizia.com\/img\/1759\/0\/pv_tech_2010.jpg\" border=\"0\" \/> <img decoding=\"async\" src=\"http:\/\/www.edilizia.com\/img\/1760\/0\/invex2010.jpg\" border=\"0\" \/> Energia e calore dal sole saranno invece in mostra a <strong>EnerSolar+<\/strong>, l&rsquo;evento dedicato al solare fotovoltaico e termico che consentir&agrave; di entrare in contatto con le pi&ugrave; autorevoli realt&agrave; a livello internazionale per quanto concerne tecnologie, soluzioni e servizi per applicazioni in ambito civile e industriale. Sempre dal 17 al 19 novembre si terr&agrave; la settima edizione di <strong>Pv Tech 2010<\/strong>, il Salone internazionale dedicato alle aziende del settore dei macchinari e delle tecnologie produttive per l&#8217;industria fotovoltaica (produzione e lavorazione di polysilicon, lingotti, wafer, celle e moduli). Da non perdere anche<strong> <em>Invex 2010 &#8211; Inverter day<\/em><\/strong>, la mostra-convegno italiana dedicata all&rsquo;industria degli inverter, che rinnova il successo della passata edizione con un focus sulle ultime tecnologie e gli sviluppi normativi e di mercato. La novit&agrave; di quest&rsquo;anno &egrave; l&rsquo;area espositiva che accoglier&agrave; i pi&ugrave; importanti player del mercato nazionale e internazionale degli inverter: Bonfiglioli, Conergy, Danfoss, Elettronica Santerno, Fimer, Fronius, Gefran, Gptech, Ingeteam, Jema, Kako, Mastervolt, Power One, Satcon, Siel, Sma (platinum sponsor), Solar Max. &#8220;<em>Questi quattro eventi &#8211; <\/em>spiega <strong>Marco Pinetti<\/strong>, presidente di Artenergy Publishing e direttore delle manifestazioni <em>&#8211; rappresentano per il mercato delle rinnovabili un&rsquo;occasione unica per mantenere alta la competitivit&agrave; internazionale del nostro Paese. Il fatto che i pi&ugrave; importanti operatori del mercato siano presenti anche quest&rsquo;anno, conferma la rilevanza di questo appuntamento milanese. Del resto, Milano &egrave; la capitale economica italiana e allora quale location migliore per proiettarsi sui mercati esteri? Il nostro Paese ha tutte le potenzialit&agrave; per essere uno dei maggiori competitor sul mercato mondiale e, solo nel periodo 2008-2009 secondo il rapporto Irex, l&rsquo;industria italiana ha investito in energie rinnovabili circa 6,5 miliardi di euro, pur in un momento di crisi globale<\/em>&#8220;. <img decoding=\"async\" src=\"http:\/\/www.edilizia.com\/img\/1631\/0\/fattoria_solare_home_medio.jpg\" border=\"0\" \/>Molte saranno anche le<em> &#8220;curiosit&agrave;&#8221;<\/em> presenti nelle aree epositive tra le quali la<strong> Fattoria Solare<\/strong> grazie alla quale non sar&agrave; pi&ugrave; necessario scegliere tra la produzione agricola e quella energetica in modo da superare il problema dell&rsquo;integrazione del fotovoltaico sui terreni agricoli. In questa originale applicazione, infatti, i moduli fotovoltaici a inseguimento solare sono posti a 5 metri d&rsquo;altezza dal suolo.<\/p>\n<p> La <strong>Fattoria Solare<\/strong> &egrave;, in pratica, un impianto aereo costituito da moduli indipendenti ed autonomi, montati su strutture mobili che inseguono il sole, dotati di tecnologie, sistemi di controllo e comunicazione wireless collegati ad una centrale operativa.<\/p>\n<p> La prima <strong>Fattoria Solare <\/strong>&egrave; gi&agrave; in fase di realizzazione in provincia di Mantova. Su un&rsquo;estensione di 15 ettari, l&rsquo;impianto, della capacit&agrave; di 2,3 MW, produrr&agrave; una quantit&agrave; di energia sufficiente a coprire il fabbisogno energetico dell&rsquo;azienda agricola e di altre 600 famiglie. (Padiglione 6, stand M4-L3). Ma ci saranno anche le ultime realizzazioni in fatto di pensiline fotovoltaiche, vale a dire i sistemi che integrano la classica pensilina da parcheggio con la produzione di energia elettrica. L&rsquo;energia cos&igrave; prodotta pu&ograve; essere utilizzata sia per l&rsquo;alimentazione della rete elettrica locale sia per la ricarica di veicoli elettrici. Un grande passo avanti verso una mobilit&agrave; sostenibile a zero emissioni. (padiglione 10, stand M6) Come da tradizione, la kermesse milanese, grazie al suo autorevole programma di convegni sar&agrave; anche un&rsquo;irripetibile occasione aggiornamento, confronto ed elaborazione professionale e culturale.<\/p>\n","protected":false},"excerpt":{"rendered":"<p>Da oggi, Mercoled\u00ec 17 novembre, Milano diventer\u00e0 la citt\u00e0 italiana di riferimento per tutti gli operatori del mercato nazionale e internazionale delle energie rinnovabili. <\/p>\n<p>Con oltre 400 espositori, pi\u00f9 di 30.000 metri quadrati di superficie espositiva, 60 sessioni di convegni e 407 relatori, Greenergy Expo, EnerSolar+, PV Tech e Invex, che si rivolgono sia al B2B, sia al consumer, richiameranno migliaia di visitatori.<\/p>\n","protected":false},"author":10,"featured_media":0,"comment_status":"open","ping_status":"open","sticky":false,"template":"","format":"standard","meta":{"cybocfi_hide_featured_image":"","footnotes":""},"categories":[388],"tags":[18878,18870,17684,19493,18871,13517,18869,18876,18873,18875,18868,18874,18872,8018],"class_list":["post-9671","post","type-post","status-publish","format-standard","hentry","category-eventi","tag-approfondimenti-regionali","tag-attrezzature-edili","tag-costruttori","tag-edilizia-regionale","tag-imprese-edili","tag-macchine-edili","tag-materiali-edili","tag-noleggio-macchine-edili","tag-norme-tecniche","tag-notizie-edilizia","tag-portale-edilizia","tag-prezzari-edili","tag-prodotti-per-ledilizia","tag-progettisti"],"yoast_head":"<!-- This site is optimized with the Yoast SEO plugin v27.0 - https:\/\/yoast.com\/product\/yoast-seo-wordpress\/ -->\n<title>In partenza Greenergy Expo 2010 - Article Marketing<\/title>\n<meta name=\"robots\" content=\"index, follow, max-snippet:-1, max-image-preview:large, max-video-preview:-1\" \/>\n<link rel=\"canonical\" href=\"https:\/\/www.article-marketing.eu\/comunicati\/comunicati-stampa\/eventi\/in-partenza-greenergy-expo-2010\/\" \/>\n<meta property=\"og:locale\" content=\"it_IT\" \/>\n<meta property=\"og:type\" content=\"article\" \/>\n<meta property=\"og:title\" content=\"In partenza Greenergy Expo 2010 - Article Marketing\" \/>\n<meta property=\"og:description\" content=\"Da oggi, Mercoled\u00ec 17 novembre, Milano diventer\u00e0 la citt\u00e0 italiana di riferimento per tutti gli operatori del mercato nazionale e internazionale delle energie rinnovabili. Con oltre 400 espositori, pi\u00f9 di 30.000 metri quadrati di superficie espositiva, 60 sessioni di convegni e 407 relatori, Greenergy Expo, EnerSolar+, PV Tech e Invex, che si rivolgono sia al B2B, sia al consumer, richiameranno migliaia di visitatori.\" \/>\n<meta property=\"og:url\" content=\"https:\/\/www.article-marketing.eu\/comunicati\/comunicati-stampa\/eventi\/in-partenza-greenergy-expo-2010\/\" \/>\n<meta property=\"og:site_name\" content=\"Article Marketing\" \/>\n<meta property=\"article:published_time\" content=\"2010-11-18T13:34:15+00:00\" \/>\n<meta property=\"article:modified_time\" content=\"2018-07-10T01:57:21+00:00\" \/>\n<meta property=\"og:image\" content=\"http:\/\/www.edilizia.com\/img\/1742\/0\/green_expo_logo.jpg\" \/>\n<meta name=\"author\" content=\"Redazione Comunicati Stampa\" \/>\n<meta name=\"twitter:card\" content=\"summary_large_image\" \/>\n<meta name=\"twitter:label1\" content=\"Scritto da\" \/>\n\t<meta name=\"twitter:data1\" content=\"Redazione Comunicati Stampa\" \/>\n\t<meta name=\"twitter:label2\" content=\"Tempo di lettura stimato\" \/>\n\t<meta name=\"twitter:data2\" content=\"5 minuti\" \/>\n<script type=\"application\/ld+json\" class=\"yoast-schema-graph\">{\"@context\":\"https:\/\/schema.org\",\"@graph\":[{\"@type\":\"Article\",\"@id\":\"https:\/\/www.article-marketing.eu\/comunicati\/comunicati-stampa\/eventi\/in-partenza-greenergy-expo-2010\/#article\",\"isPartOf\":{\"@id\":\"https:\/\/www.article-marketing.eu\/comunicati\/comunicati-stampa\/eventi\/in-partenza-greenergy-expo-2010\/\"},\"author\":{\"name\":\"Redazione Comunicati Stampa\",\"@id\":\"https:\/\/www.article-marketing.eu\/comunicati\/#\/schema\/person\/44372e4d4d0fa797b18e03ed1ace9017\"},\"headline\":\"In partenza Greenergy Expo 2010\",\"datePublished\":\"2010-11-18T13:34:15+00:00\",\"dateModified\":\"2018-07-10T01:57:21+00:00\",\"mainEntityOfPage\":{\"@id\":\"https:\/\/www.article-marketing.eu\/comunicati\/comunicati-stampa\/eventi\/in-partenza-greenergy-expo-2010\/\"},\"wordCount\":1095,\"commentCount\":0,\"image\":{\"@id\":\"https:\/\/www.article-marketing.eu\/comunicati\/comunicati-stampa\/eventi\/in-partenza-greenergy-expo-2010\/#primaryimage\"},\"thumbnailUrl\":\"http:\/\/www.edilizia.com\/img\/1742\/0\/green_expo_logo.jpg\",\"keywords\":[\"approfondimenti regionali.\",\"attrezzature edili\",\"costruttori\",\"edilizia regionale\",\"imprese edili\",\"Macchine Edili\",\"materiali edili\",\"noleggio macchine edili\",\"norme tecniche\",\"notizie edilizia\",\"Portale edilizia\",\"prezzari edili\",\"prodotti per l'edilizia\",\"Progettisti\"],\"articleSection\":[\"Eventi\"],\"inLanguage\":\"it-IT\",\"potentialAction\":[{\"@type\":\"CommentAction\",\"name\":\"Comment\",\"target\":[\"https:\/\/www.article-marketing.eu\/comunicati\/comunicati-stampa\/eventi\/in-partenza-greenergy-expo-2010\/#respond\"]}]},{\"@type\":\"WebPage\",\"@id\":\"https:\/\/www.article-marketing.eu\/comunicati\/comunicati-stampa\/eventi\/in-partenza-greenergy-expo-2010\/\",\"url\":\"https:\/\/www.article-marketing.eu\/comunicati\/comunicati-stampa\/eventi\/in-partenza-greenergy-expo-2010\/\",\"name\":\"In partenza Greenergy Expo 2010 - Article Marketing\",\"isPartOf\":{\"@id\":\"https:\/\/www.article-marketing.eu\/comunicati\/#website\"},\"primaryImageOfPage\":{\"@id\":\"https:\/\/www.article-marketing.eu\/comunicati\/comunicati-stampa\/eventi\/in-partenza-greenergy-expo-2010\/#primaryimage\"},\"image\":{\"@id\":\"https:\/\/www.article-marketing.eu\/comunicati\/comunicati-stampa\/eventi\/in-partenza-greenergy-expo-2010\/#primaryimage\"},\"thumbnailUrl\":\"http:\/\/www.edilizia.com\/img\/1742\/0\/green_expo_logo.jpg\",\"datePublished\":\"2010-11-18T13:34:15+00:00\",\"dateModified\":\"2018-07-10T01:57:21+00:00\",\"author\":{\"@id\":\"https:\/\/www.article-marketing.eu\/comunicati\/#\/schema\/person\/44372e4d4d0fa797b18e03ed1ace9017\"},\"breadcrumb\":{\"@id\":\"https:\/\/www.article-marketing.eu\/comunicati\/comunicati-stampa\/eventi\/in-partenza-greenergy-expo-2010\/#breadcrumb\"},\"inLanguage\":\"it-IT\",\"potentialAction\":[{\"@type\":\"ReadAction\",\"target\":[\"https:\/\/www.article-marketing.eu\/comunicati\/comunicati-stampa\/eventi\/in-partenza-greenergy-expo-2010\/\"]}]},{\"@type\":\"ImageObject\",\"inLanguage\":\"it-IT\",\"@id\":\"https:\/\/www.article-marketing.eu\/comunicati\/comunicati-stampa\/eventi\/in-partenza-greenergy-expo-2010\/#primaryimage\",\"url\":\"http:\/\/www.edilizia.com\/img\/1742\/0\/green_expo_logo.jpg\",\"contentUrl\":\"http:\/\/www.edilizia.com\/img\/1742\/0\/green_expo_logo.jpg\"},{\"@type\":\"BreadcrumbList\",\"@id\":\"https:\/\/www.article-marketing.eu\/comunicati\/comunicati-stampa\/eventi\/in-partenza-greenergy-expo-2010\/#breadcrumb\",\"itemListElement\":[{\"@type\":\"ListItem\",\"position\":1,\"name\":\"Home\",\"item\":\"https:\/\/www.article-marketing.eu\/comunicati\/\"},{\"@type\":\"ListItem\",\"position\":2,\"name\":\"In partenza Greenergy Expo 2010\"}]},{\"@type\":\"WebSite\",\"@id\":\"https:\/\/www.article-marketing.eu\/comunicati\/#website\",\"url\":\"https:\/\/www.article-marketing.eu\/comunicati\/\",\"name\":\"Article Marketing\",\"description\":\"article marketing &amp; press release\",\"potentialAction\":[{\"@type\":\"SearchAction\",\"target\":{\"@type\":\"EntryPoint\",\"urlTemplate\":\"https:\/\/www.article-marketing.eu\/comunicati\/?s={search_term_string}\"},\"query-input\":{\"@type\":\"PropertyValueSpecification\",\"valueRequired\":true,\"valueName\":\"search_term_string\"}}],\"inLanguage\":\"it-IT\"},{\"@type\":\"Person\",\"@id\":\"https:\/\/www.article-marketing.eu\/comunicati\/#\/schema\/person\/44372e4d4d0fa797b18e03ed1ace9017\",\"name\":\"Redazione Comunicati Stampa\",\"image\":{\"@type\":\"ImageObject\",\"inLanguage\":\"it-IT\",\"@id\":\"https:\/\/www.article-marketing.eu\/comunicati\/#\/schema\/person\/image\/\",\"url\":\"https:\/\/secure.gravatar.com\/avatar\/50e5c6421d3072f42e7ace803501602c60d75233d34e29fd05feb91c8760b792?s=96&d=mm&r=g\",\"contentUrl\":\"https:\/\/secure.gravatar.com\/avatar\/50e5c6421d3072f42e7ace803501602c60d75233d34e29fd05feb91c8760b792?s=96&d=mm&r=g\",\"caption\":\"Redazione Comunicati Stampa\"},\"url\":\"https:\/\/www.article-marketing.eu\/comunicati\/author\/redazione-comunicati-stampa\/\"}]}<\/script>\n<!-- \/ Yoast SEO plugin. -->","yoast_head_json":{"title":"In partenza Greenergy Expo 2010 - Article Marketing","robots":{"index":"index","follow":"follow","max-snippet":"max-snippet:-1","max-image-preview":"max-image-preview:large","max-video-preview":"max-video-preview:-1"},"canonical":"https:\/\/www.article-marketing.eu\/comunicati\/comunicati-stampa\/eventi\/in-partenza-greenergy-expo-2010\/","og_locale":"it_IT","og_type":"article","og_title":"In partenza Greenergy Expo 2010 - Article Marketing","og_description":"Da oggi, Mercoled\u00ec 17 novembre, Milano diventer\u00e0 la citt\u00e0 italiana di riferimento per tutti gli operatori del mercato nazionale e internazionale delle energie rinnovabili. Con oltre 400 espositori, pi\u00f9 di 30.000 metri quadrati di superficie espositiva, 60 sessioni di convegni e 407 relatori, Greenergy Expo, EnerSolar+, PV Tech e Invex, che si rivolgono sia al B2B, sia al consumer, richiameranno migliaia di visitatori.","og_url":"https:\/\/www.article-marketing.eu\/comunicati\/comunicati-stampa\/eventi\/in-partenza-greenergy-expo-2010\/","og_site_name":"Article Marketing","article_published_time":"2010-11-18T13:34:15+00:00","article_modified_time":"2018-07-10T01:57:21+00:00","og_image":[{"url":"http:\/\/www.edilizia.com\/img\/1742\/0\/green_expo_logo.jpg","type":"","width":"","height":""}],"author":"Redazione Comunicati Stampa","twitter_card":"summary_large_image","twitter_misc":{"Scritto da":"Redazione Comunicati Stampa","Tempo di lettura stimato":"5 minuti"},"schema":{"@context":"https:\/\/schema.org","@graph":[{"@type":"Article","@id":"https:\/\/www.article-marketing.eu\/comunicati\/comunicati-stampa\/eventi\/in-partenza-greenergy-expo-2010\/#article","isPartOf":{"@id":"https:\/\/www.article-marketing.eu\/comunicati\/comunicati-stampa\/eventi\/in-partenza-greenergy-expo-2010\/"},"author":{"name":"Redazione Comunicati Stampa","@id":"https:\/\/www.article-marketing.eu\/comunicati\/#\/schema\/person\/44372e4d4d0fa797b18e03ed1ace9017"},"headline":"In partenza Greenergy Expo 2010","datePublished":"2010-11-18T13:34:15+00:00","dateModified":"2018-07-10T01:57:21+00:00","mainEntityOfPage":{"@id":"https:\/\/www.article-marketing.eu\/comunicati\/comunicati-stampa\/eventi\/in-partenza-greenergy-expo-2010\/"},"wordCount":1095,"commentCount":0,"image":{"@id":"https:\/\/www.article-marketing.eu\/comunicati\/comunicati-stampa\/eventi\/in-partenza-greenergy-expo-2010\/#primaryimage"},"thumbnailUrl":"http:\/\/www.edilizia.com\/img\/1742\/0\/green_expo_logo.jpg","keywords":["approfondimenti regionali.","attrezzature edili","costruttori","edilizia regionale","imprese edili","Macchine Edili","materiali edili","noleggio macchine edili","norme tecniche","notizie edilizia","Portale edilizia","prezzari edili","prodotti per l'edilizia","Progettisti"],"articleSection":["Eventi"],"inLanguage":"it-IT","potentialAction":[{"@type":"CommentAction","name":"Comment","target":["https:\/\/www.article-marketing.eu\/comunicati\/comunicati-stampa\/eventi\/in-partenza-greenergy-expo-2010\/#respond"]}]},{"@type":"WebPage","@id":"https:\/\/www.article-marketing.eu\/comunicati\/comunicati-stampa\/eventi\/in-partenza-greenergy-expo-2010\/","url":"https:\/\/www.article-marketing.eu\/comunicati\/comunicati-stampa\/eventi\/in-partenza-greenergy-expo-2010\/","name":"In partenza Greenergy Expo 2010 - Article Marketing","isPartOf":{"@id":"https:\/\/www.article-marketing.eu\/comunicati\/#website"},"primaryImageOfPage":{"@id":"https:\/\/www.article-marketing.eu\/comunicati\/comunicati-stampa\/eventi\/in-partenza-greenergy-expo-2010\/#primaryimage"},"image":{"@id":"https:\/\/www.article-marketing.eu\/comunicati\/comunicati-stampa\/eventi\/in-partenza-greenergy-expo-2010\/#primaryimage"},"thumbnailUrl":"http:\/\/www.edilizia.com\/img\/1742\/0\/green_expo_logo.jpg","datePublished":"2010-11-18T13:34:15+00:00","dateModified":"2018-07-10T01:57:21+00:00","author":{"@id":"https:\/\/www.article-marketing.eu\/comunicati\/#\/schema\/person\/44372e4d4d0fa797b18e03ed1ace9017"},"breadcrumb":{"@id":"https:\/\/www.article-marketing.eu\/comunicati\/comunicati-stampa\/eventi\/in-partenza-greenergy-expo-2010\/#breadcrumb"},"inLanguage":"it-IT","potentialAction":[{"@type":"ReadAction","target":["https:\/\/www.article-marketing.eu\/comunicati\/comunicati-stampa\/eventi\/in-partenza-greenergy-expo-2010\/"]}]},{"@type":"ImageObject","inLanguage":"it-IT","@id":"https:\/\/www.article-marketing.eu\/comunicati\/comunicati-stampa\/eventi\/in-partenza-greenergy-expo-2010\/#primaryimage","url":"http:\/\/www.edilizia.com\/img\/1742\/0\/green_expo_logo.jpg","contentUrl":"http:\/\/www.edilizia.com\/img\/1742\/0\/green_expo_logo.jpg"},{"@type":"BreadcrumbList","@id":"https:\/\/www.article-marketing.eu\/comunicati\/comunicati-stampa\/eventi\/in-partenza-greenergy-expo-2010\/#breadcrumb","itemListElement":[{"@type":"ListItem","position":1,"name":"Home","item":"https:\/\/www.article-marketing.eu\/comunicati\/"},{"@type":"ListItem","position":2,"name":"In partenza Greenergy Expo 2010"}]},{"@type":"WebSite","@id":"https:\/\/www.article-marketing.eu\/comunicati\/#website","url":"https:\/\/www.article-marketing.eu\/comunicati\/","name":"Article Marketing","description":"article marketing &amp; press release","potentialAction":[{"@type":"SearchAction","target":{"@type":"EntryPoint","urlTemplate":"https:\/\/www.article-marketing.eu\/comunicati\/?s={search_term_string}"},"query-input":{"@type":"PropertyValueSpecification","valueRequired":true,"valueName":"search_term_string"}}],"inLanguage":"it-IT"},{"@type":"Person","@id":"https:\/\/www.article-marketing.eu\/comunicati\/#\/schema\/person\/44372e4d4d0fa797b18e03ed1ace9017","name":"Redazione Comunicati Stampa","image":{"@type":"ImageObject","inLanguage":"it-IT","@id":"https:\/\/www.article-marketing.eu\/comunicati\/#\/schema\/person\/image\/","url":"https:\/\/secure.gravatar.com\/avatar\/50e5c6421d3072f42e7ace803501602c60d75233d34e29fd05feb91c8760b792?s=96&d=mm&r=g","contentUrl":"https:\/\/secure.gravatar.com\/avatar\/50e5c6421d3072f42e7ace803501602c60d75233d34e29fd05feb91c8760b792?s=96&d=mm&r=g","caption":"Redazione Comunicati Stampa"},"url":"https:\/\/www.article-marketing.eu\/comunicati\/author\/redazione-comunicati-stampa\/"}]}},"_links":{"self":[{"href":"https:\/\/www.article-marketing.eu\/comunicati\/wp-json\/wp\/v2\/posts\/9671","targetHints":{"allow":["GET"]}}],"collection":[{"href":"https:\/\/www.article-marketing.eu\/comunicati\/wp-json\/wp\/v2\/posts"}],"about":[{"href":"https:\/\/www.article-marketing.eu\/comunicati\/wp-json\/wp\/v2\/types\/post"}],"author":[{"embeddable":true,"href":"https:\/\/www.article-marketing.eu\/comunicati\/wp-json\/wp\/v2\/users\/10"}],"replies":[{"embeddable":true,"href":"https:\/\/www.article-marketing.eu\/comunicati\/wp-json\/wp\/v2\/comments?post=9671"}],"version-history":[{"count":1,"href":"https:\/\/www.article-marketing.eu\/comunicati\/wp-json\/wp\/v2\/posts\/9671\/revisions"}],"predecessor-version":[{"id":57664,"href":"https:\/\/www.article-marketing.eu\/comunicati\/wp-json\/wp\/v2\/posts\/9671\/revisions\/57664"}],"wp:attachment":[{"href":"https:\/\/www.article-marketing.eu\/comunicati\/wp-json\/wp\/v2\/media?parent=9671"}],"wp:term":[{"taxonomy":"category","embeddable":true,"href":"https:\/\/www.article-marketing.eu\/comunicati\/wp-json\/wp\/v2\/categories?post=9671"},{"taxonomy":"post_tag","embeddable":true,"href":"https:\/\/www.article-marketing.eu\/comunicati\/wp-json\/wp\/v2\/tags?post=9671"}],"curies":[{"name":"wp","href":"https:\/\/api.w.org\/{rel}","templated":true}]}}