{"id":968,"date":"2008-11-30T09:55:02","date_gmt":"2008-11-30T08:55:02","guid":{"rendered":"http:\/\/www.article-marketing.eu\/comunicati\/senza-categoria\/origine-e-storia-del-lago-di-bolsena\/"},"modified":"2008-11-30T09:55:02","modified_gmt":"2008-11-30T08:55:02","slug":"origine-e-storia-del-lago-di-bolsena","status":"publish","type":"post","link":"https:\/\/www.article-marketing.eu\/comunicati\/viaggi-e-vacanze\/viaggi-e-turismo\/origine-e-storia-del-lago-di-bolsena\/","title":{"rendered":"Origine e storia del lago di Bolsena"},"content":{"rendered":"<p>Il <a href=\"http:\/\/www.lago-di-bolsena.biz\/\">Lago di Bolsena<\/a> \u00e8 nato in seguito ad un esplosione vulcanica. In origine l&#8217;apparato vulcanico del Vulsinio era costituito da sette crateri. Dopo l&#8217;esplosione lavica, uno di essi croll\u00f2 su se stesso formando una caldera di proporzioni enormi che successivamente fu ricoperta dalle acque. Le stesse acque che oggi formano quello che da tutti \u00e8 conosciuto come il lago di Bolsena. Sono tutt&#8217;oggi ancora evidenti tracce degli antichi crateri lungo il fianco dell&#8217;isola Bisentina e nella conca di Latera. Le zone circostanti il bacino d&#8217;acqua iniziarono ad essere popolato soltanto verso la fine dell&#8217;era <strong>neolitica<\/strong>, quando cio\u00e8, sorsero insediamenti con piccoli villaggi di palafitte. In seguito, fu durante <strong>l&#8217;et\u00e0 del ferro<\/strong> e successivamente in quella del <strong>bronzo<\/strong> che i nuovi insediamenti furono condizionati dalla variazione del livello dell&#8217;acqua e dalla posizione della riva. <\/p>\n<p>La storia del lago di bolsena, almeno quella riconosciuta ufficilamente inizia con l&#8217;insediamento dei Villanoviani, che diedero vita ai primi centri di Bisenzio e Bolsena. Nel corso del tempo i due borghi raggiunsero benessere e ricchezza. Ci\u00f2 \u00e8 ampiamente dimostrato dai diversi reperti rinvenuti. Con l&#8217;avvento degli <strong>Etruschi<\/strong>, invece, il lago visse un periodo di grande splendore con l&#8217;edificazione del <em>Fanum Voltumnae<\/em>, un santuario che ospitava ogni anno i rappresentanti delle dodici citt\u00e0 della Confederazione Etrusca. Proprio durante questi anni si consumava lo scontro tra le due citt\u00e0, guerra che sar\u00e0 poi vinta dai Volsini. Nel 664 a.C i <strong>Romani<\/strong> occuparono Volsini e rasero al suolo Visentum. Dopo l&#8217;assedio, le due citt\u00e0 furono completamente ricostruite per assurgere a <em>municipia<\/em>. Plinio cita il lago nell&#8217;opera &quot;<em>Naturalis Historia<\/em>&quot; mentre nel III secolo Santa Cristina ne verr\u00e0 proclamata patrona. <\/p>\n<p>Nel <strong>Medioevo<\/strong> fecero la loro comparsa i <strong>Longobardi<\/strong> e i <strong>Saraceni <\/strong>che, in diverse occasioni, saccheggiarono con le loro armi i centri urbani pi\u00f9 importanti. In seguito al saccheggio di Bolse, i suoi abitanti decisero di salvare le spoglie di Santa Cristina portandole sull&#8217;isola Martana. La distruzione di Bisanzio port\u00f2 allo spostamento della sede vescovile a Castro. Nel frattempo sull&#8217;isola Martana, Teodato, il re goto, imprigion\u00f2 e uccise Amalasunta, figlia di Teodorico. Dal XII secolo il lago venne conteso dai comuni di Viterbo, Orvieto e dalla <strong>Chiesa<\/strong>. Fu Clemente VI a portare il lago sotto il controllo diretto del Papato. Tale situazione spinse, per\u00f2, gli abitanti sul piede di guerra, scatenando ribellioni. Quando il Papa fece ritorno a Roma, dopo la cattivit\u00e0 avignonese, riusc\u00ec a consolidare i propri domini nella zona del lago. Nel frattempo la citt\u00e0 di Montefiascone divenne rifugio di numerosi pontefici. Nel 1537 Papa Paolo III affid\u00f2 il ducato di Castro a Pier Luigi Farnese, suo figlio. Qui sorsero residenze delle maggiori famiglie nobili romane. Con la caduta di Castro, il lago torn\u00f2 ad essere di propriet\u00e0 della Chiesa.<\/p>\n","protected":false},"excerpt":{"rendered":"<p>Il Lago di Bolsena \u00e8 nato in seguito ad un esplosione vulcanica. In origine l&#8217;apparato vulcanico del Vulsinio era costituito da sette crateri. Dopo l&#8217;esplosione lavica, uno di essi croll\u00f2 su se stesso formando una caldera di proporzioni enormi che successivamente fu ricoperta dalle acque. Le stesse acque che oggi formano quello che da tutti \u00e8 conosciuto come il lago di Bolsena. Sono tutt&#8217;oggi ancora evidenti tracce degli antichi crateri lungo il fianco dell&#8217;isola Bisentina e nella conca di Latera. Le zone circostanti il bacino d&#8217;acqua iniziarono ad essere popolato soltanto verso la fine dell&#8217;era neolitica, quando cio\u00e8, sorsero insediamenti con piccoli villaggi di palafitte. In seguito, fu durante l&#8217;et\u00e0 del ferro e successivamente in quella del bronzo che i nuovi insediamenti furono condizionati dalla variazione del livello dell&#8217;acqua e dalla posizione della riva.<\/p>\n","protected":false},"author":10,"featured_media":0,"comment_status":"open","ping_status":"open","sticky":false,"template":"","format":"standard","meta":{"cybocfi_hide_featured_image":"","footnotes":""},"categories":[2],"tags":[3215,3209,3211,3208,3210,3212,3214,3213,170,253],"class_list":["post-968","post","type-post","status-publish","format-standard","hentry","category-viaggi-e-turismo","tag-bisentina","tag-bolsena","tag-craterico","tag-lago","tag-lago-di-bolsena","tag-marta","tag-martana","tag-sesse","tag-storia","tag-turismo"],"yoast_head":"<!-- This site is optimized with the Yoast SEO plugin v27.0 - https:\/\/yoast.com\/product\/yoast-seo-wordpress\/ -->\n<title>Origine e storia del lago di Bolsena - Article Marketing<\/title>\n<meta name=\"robots\" content=\"index, follow, max-snippet:-1, max-image-preview:large, max-video-preview:-1\" \/>\n<link rel=\"canonical\" href=\"https:\/\/www.article-marketing.eu\/comunicati\/viaggi-e-vacanze\/viaggi-e-turismo\/origine-e-storia-del-lago-di-bolsena\/\" \/>\n<meta property=\"og:locale\" content=\"it_IT\" \/>\n<meta property=\"og:type\" content=\"article\" \/>\n<meta property=\"og:title\" content=\"Origine e storia del lago di Bolsena - Article Marketing\" \/>\n<meta property=\"og:description\" content=\"Il Lago di Bolsena \u00e8 nato in seguito ad un esplosione vulcanica. In origine l&#039;apparato vulcanico del Vulsinio era costituito da sette crateri. Dopo l&#039;esplosione lavica, uno di essi croll\u00f2 su se stesso formando una caldera di proporzioni enormi che successivamente fu ricoperta dalle acque. Le stesse acque che oggi formano quello che da tutti \u00e8 conosciuto come il lago di Bolsena. Sono tutt&#039;oggi ancora evidenti tracce degli antichi crateri lungo il fianco dell&#039;isola Bisentina e nella conca di Latera. Le zone circostanti il bacino d&#039;acqua iniziarono ad essere popolato soltanto verso la fine dell&#039;era neolitica, quando cio\u00e8, sorsero insediamenti con piccoli villaggi di palafitte. In seguito, fu durante l&#039;et\u00e0 del ferro e successivamente in quella del bronzo che i nuovi insediamenti furono condizionati dalla variazione del livello dell&#039;acqua e dalla posizione della riva.\" \/>\n<meta property=\"og:url\" content=\"https:\/\/www.article-marketing.eu\/comunicati\/viaggi-e-vacanze\/viaggi-e-turismo\/origine-e-storia-del-lago-di-bolsena\/\" \/>\n<meta property=\"og:site_name\" content=\"Article Marketing\" \/>\n<meta property=\"article:published_time\" content=\"2008-11-30T08:55:02+00:00\" \/>\n<meta name=\"author\" content=\"Redazione Comunicati Stampa\" \/>\n<meta name=\"twitter:card\" content=\"summary_large_image\" \/>\n<meta name=\"twitter:label1\" content=\"Scritto da\" \/>\n\t<meta name=\"twitter:data1\" content=\"Redazione Comunicati Stampa\" \/>\n\t<meta name=\"twitter:label2\" content=\"Tempo di lettura stimato\" \/>\n\t<meta name=\"twitter:data2\" content=\"2 minuti\" \/>\n<script type=\"application\/ld+json\" class=\"yoast-schema-graph\">{\"@context\":\"https:\/\/schema.org\",\"@graph\":[{\"@type\":\"Article\",\"@id\":\"https:\/\/www.article-marketing.eu\/comunicati\/viaggi-e-vacanze\/viaggi-e-turismo\/origine-e-storia-del-lago-di-bolsena\/#article\",\"isPartOf\":{\"@id\":\"https:\/\/www.article-marketing.eu\/comunicati\/viaggi-e-vacanze\/viaggi-e-turismo\/origine-e-storia-del-lago-di-bolsena\/\"},\"author\":{\"name\":\"Redazione Comunicati Stampa\",\"@id\":\"https:\/\/www.article-marketing.eu\/comunicati\/#\/schema\/person\/44372e4d4d0fa797b18e03ed1ace9017\"},\"headline\":\"Origine e storia del lago di Bolsena\",\"datePublished\":\"2008-11-30T08:55:02+00:00\",\"mainEntityOfPage\":{\"@id\":\"https:\/\/www.article-marketing.eu\/comunicati\/viaggi-e-vacanze\/viaggi-e-turismo\/origine-e-storia-del-lago-di-bolsena\/\"},\"wordCount\":457,\"commentCount\":0,\"keywords\":[\"bisentina\",\"bolsena\",\"craterico\",\"lago\",\"lago di bolsena\",\"marta\",\"martana\",\"sesse\",\"storia\",\"turismo\"],\"articleSection\":[\"Viaggi e Turismo\"],\"inLanguage\":\"it-IT\",\"potentialAction\":[{\"@type\":\"CommentAction\",\"name\":\"Comment\",\"target\":[\"https:\/\/www.article-marketing.eu\/comunicati\/viaggi-e-vacanze\/viaggi-e-turismo\/origine-e-storia-del-lago-di-bolsena\/#respond\"]}]},{\"@type\":\"WebPage\",\"@id\":\"https:\/\/www.article-marketing.eu\/comunicati\/viaggi-e-vacanze\/viaggi-e-turismo\/origine-e-storia-del-lago-di-bolsena\/\",\"url\":\"https:\/\/www.article-marketing.eu\/comunicati\/viaggi-e-vacanze\/viaggi-e-turismo\/origine-e-storia-del-lago-di-bolsena\/\",\"name\":\"Origine e storia del lago di Bolsena - Article Marketing\",\"isPartOf\":{\"@id\":\"https:\/\/www.article-marketing.eu\/comunicati\/#website\"},\"datePublished\":\"2008-11-30T08:55:02+00:00\",\"author\":{\"@id\":\"https:\/\/www.article-marketing.eu\/comunicati\/#\/schema\/person\/44372e4d4d0fa797b18e03ed1ace9017\"},\"breadcrumb\":{\"@id\":\"https:\/\/www.article-marketing.eu\/comunicati\/viaggi-e-vacanze\/viaggi-e-turismo\/origine-e-storia-del-lago-di-bolsena\/#breadcrumb\"},\"inLanguage\":\"it-IT\",\"potentialAction\":[{\"@type\":\"ReadAction\",\"target\":[\"https:\/\/www.article-marketing.eu\/comunicati\/viaggi-e-vacanze\/viaggi-e-turismo\/origine-e-storia-del-lago-di-bolsena\/\"]}]},{\"@type\":\"BreadcrumbList\",\"@id\":\"https:\/\/www.article-marketing.eu\/comunicati\/viaggi-e-vacanze\/viaggi-e-turismo\/origine-e-storia-del-lago-di-bolsena\/#breadcrumb\",\"itemListElement\":[{\"@type\":\"ListItem\",\"position\":1,\"name\":\"Home\",\"item\":\"https:\/\/www.article-marketing.eu\/comunicati\/\"},{\"@type\":\"ListItem\",\"position\":2,\"name\":\"Origine e storia del lago di Bolsena\"}]},{\"@type\":\"WebSite\",\"@id\":\"https:\/\/www.article-marketing.eu\/comunicati\/#website\",\"url\":\"https:\/\/www.article-marketing.eu\/comunicati\/\",\"name\":\"Article Marketing\",\"description\":\"article marketing &amp; press release\",\"potentialAction\":[{\"@type\":\"SearchAction\",\"target\":{\"@type\":\"EntryPoint\",\"urlTemplate\":\"https:\/\/www.article-marketing.eu\/comunicati\/?s={search_term_string}\"},\"query-input\":{\"@type\":\"PropertyValueSpecification\",\"valueRequired\":true,\"valueName\":\"search_term_string\"}}],\"inLanguage\":\"it-IT\"},{\"@type\":\"Person\",\"@id\":\"https:\/\/www.article-marketing.eu\/comunicati\/#\/schema\/person\/44372e4d4d0fa797b18e03ed1ace9017\",\"name\":\"Redazione Comunicati Stampa\",\"image\":{\"@type\":\"ImageObject\",\"inLanguage\":\"it-IT\",\"@id\":\"https:\/\/www.article-marketing.eu\/comunicati\/#\/schema\/person\/image\/\",\"url\":\"https:\/\/secure.gravatar.com\/avatar\/50e5c6421d3072f42e7ace803501602c60d75233d34e29fd05feb91c8760b792?s=96&d=mm&r=g\",\"contentUrl\":\"https:\/\/secure.gravatar.com\/avatar\/50e5c6421d3072f42e7ace803501602c60d75233d34e29fd05feb91c8760b792?s=96&d=mm&r=g\",\"caption\":\"Redazione Comunicati Stampa\"},\"url\":\"https:\/\/www.article-marketing.eu\/comunicati\/author\/redazione-comunicati-stampa\/\"}]}<\/script>\n<!-- \/ Yoast SEO plugin. -->","yoast_head_json":{"title":"Origine e storia del lago di Bolsena - Article Marketing","robots":{"index":"index","follow":"follow","max-snippet":"max-snippet:-1","max-image-preview":"max-image-preview:large","max-video-preview":"max-video-preview:-1"},"canonical":"https:\/\/www.article-marketing.eu\/comunicati\/viaggi-e-vacanze\/viaggi-e-turismo\/origine-e-storia-del-lago-di-bolsena\/","og_locale":"it_IT","og_type":"article","og_title":"Origine e storia del lago di Bolsena - Article Marketing","og_description":"Il Lago di Bolsena \u00e8 nato in seguito ad un esplosione vulcanica. In origine l'apparato vulcanico del Vulsinio era costituito da sette crateri. Dopo l'esplosione lavica, uno di essi croll\u00f2 su se stesso formando una caldera di proporzioni enormi che successivamente fu ricoperta dalle acque. Le stesse acque che oggi formano quello che da tutti \u00e8 conosciuto come il lago di Bolsena. Sono tutt'oggi ancora evidenti tracce degli antichi crateri lungo il fianco dell'isola Bisentina e nella conca di Latera. Le zone circostanti il bacino d'acqua iniziarono ad essere popolato soltanto verso la fine dell'era neolitica, quando cio\u00e8, sorsero insediamenti con piccoli villaggi di palafitte. In seguito, fu durante l'et\u00e0 del ferro e successivamente in quella del bronzo che i nuovi insediamenti furono condizionati dalla variazione del livello dell'acqua e dalla posizione della riva.","og_url":"https:\/\/www.article-marketing.eu\/comunicati\/viaggi-e-vacanze\/viaggi-e-turismo\/origine-e-storia-del-lago-di-bolsena\/","og_site_name":"Article Marketing","article_published_time":"2008-11-30T08:55:02+00:00","author":"Redazione Comunicati Stampa","twitter_card":"summary_large_image","twitter_misc":{"Scritto da":"Redazione Comunicati Stampa","Tempo di lettura stimato":"2 minuti"},"schema":{"@context":"https:\/\/schema.org","@graph":[{"@type":"Article","@id":"https:\/\/www.article-marketing.eu\/comunicati\/viaggi-e-vacanze\/viaggi-e-turismo\/origine-e-storia-del-lago-di-bolsena\/#article","isPartOf":{"@id":"https:\/\/www.article-marketing.eu\/comunicati\/viaggi-e-vacanze\/viaggi-e-turismo\/origine-e-storia-del-lago-di-bolsena\/"},"author":{"name":"Redazione Comunicati Stampa","@id":"https:\/\/www.article-marketing.eu\/comunicati\/#\/schema\/person\/44372e4d4d0fa797b18e03ed1ace9017"},"headline":"Origine e storia del lago di Bolsena","datePublished":"2008-11-30T08:55:02+00:00","mainEntityOfPage":{"@id":"https:\/\/www.article-marketing.eu\/comunicati\/viaggi-e-vacanze\/viaggi-e-turismo\/origine-e-storia-del-lago-di-bolsena\/"},"wordCount":457,"commentCount":0,"keywords":["bisentina","bolsena","craterico","lago","lago di bolsena","marta","martana","sesse","storia","turismo"],"articleSection":["Viaggi e Turismo"],"inLanguage":"it-IT","potentialAction":[{"@type":"CommentAction","name":"Comment","target":["https:\/\/www.article-marketing.eu\/comunicati\/viaggi-e-vacanze\/viaggi-e-turismo\/origine-e-storia-del-lago-di-bolsena\/#respond"]}]},{"@type":"WebPage","@id":"https:\/\/www.article-marketing.eu\/comunicati\/viaggi-e-vacanze\/viaggi-e-turismo\/origine-e-storia-del-lago-di-bolsena\/","url":"https:\/\/www.article-marketing.eu\/comunicati\/viaggi-e-vacanze\/viaggi-e-turismo\/origine-e-storia-del-lago-di-bolsena\/","name":"Origine e storia del lago di Bolsena - Article Marketing","isPartOf":{"@id":"https:\/\/www.article-marketing.eu\/comunicati\/#website"},"datePublished":"2008-11-30T08:55:02+00:00","author":{"@id":"https:\/\/www.article-marketing.eu\/comunicati\/#\/schema\/person\/44372e4d4d0fa797b18e03ed1ace9017"},"breadcrumb":{"@id":"https:\/\/www.article-marketing.eu\/comunicati\/viaggi-e-vacanze\/viaggi-e-turismo\/origine-e-storia-del-lago-di-bolsena\/#breadcrumb"},"inLanguage":"it-IT","potentialAction":[{"@type":"ReadAction","target":["https:\/\/www.article-marketing.eu\/comunicati\/viaggi-e-vacanze\/viaggi-e-turismo\/origine-e-storia-del-lago-di-bolsena\/"]}]},{"@type":"BreadcrumbList","@id":"https:\/\/www.article-marketing.eu\/comunicati\/viaggi-e-vacanze\/viaggi-e-turismo\/origine-e-storia-del-lago-di-bolsena\/#breadcrumb","itemListElement":[{"@type":"ListItem","position":1,"name":"Home","item":"https:\/\/www.article-marketing.eu\/comunicati\/"},{"@type":"ListItem","position":2,"name":"Origine e storia del lago di Bolsena"}]},{"@type":"WebSite","@id":"https:\/\/www.article-marketing.eu\/comunicati\/#website","url":"https:\/\/www.article-marketing.eu\/comunicati\/","name":"Article Marketing","description":"article marketing &amp; press release","potentialAction":[{"@type":"SearchAction","target":{"@type":"EntryPoint","urlTemplate":"https:\/\/www.article-marketing.eu\/comunicati\/?s={search_term_string}"},"query-input":{"@type":"PropertyValueSpecification","valueRequired":true,"valueName":"search_term_string"}}],"inLanguage":"it-IT"},{"@type":"Person","@id":"https:\/\/www.article-marketing.eu\/comunicati\/#\/schema\/person\/44372e4d4d0fa797b18e03ed1ace9017","name":"Redazione Comunicati Stampa","image":{"@type":"ImageObject","inLanguage":"it-IT","@id":"https:\/\/www.article-marketing.eu\/comunicati\/#\/schema\/person\/image\/","url":"https:\/\/secure.gravatar.com\/avatar\/50e5c6421d3072f42e7ace803501602c60d75233d34e29fd05feb91c8760b792?s=96&d=mm&r=g","contentUrl":"https:\/\/secure.gravatar.com\/avatar\/50e5c6421d3072f42e7ace803501602c60d75233d34e29fd05feb91c8760b792?s=96&d=mm&r=g","caption":"Redazione Comunicati Stampa"},"url":"https:\/\/www.article-marketing.eu\/comunicati\/author\/redazione-comunicati-stampa\/"}]}},"_links":{"self":[{"href":"https:\/\/www.article-marketing.eu\/comunicati\/wp-json\/wp\/v2\/posts\/968","targetHints":{"allow":["GET"]}}],"collection":[{"href":"https:\/\/www.article-marketing.eu\/comunicati\/wp-json\/wp\/v2\/posts"}],"about":[{"href":"https:\/\/www.article-marketing.eu\/comunicati\/wp-json\/wp\/v2\/types\/post"}],"author":[{"embeddable":true,"href":"https:\/\/www.article-marketing.eu\/comunicati\/wp-json\/wp\/v2\/users\/10"}],"replies":[{"embeddable":true,"href":"https:\/\/www.article-marketing.eu\/comunicati\/wp-json\/wp\/v2\/comments?post=968"}],"version-history":[{"count":0,"href":"https:\/\/www.article-marketing.eu\/comunicati\/wp-json\/wp\/v2\/posts\/968\/revisions"}],"wp:attachment":[{"href":"https:\/\/www.article-marketing.eu\/comunicati\/wp-json\/wp\/v2\/media?parent=968"}],"wp:term":[{"taxonomy":"category","embeddable":true,"href":"https:\/\/www.article-marketing.eu\/comunicati\/wp-json\/wp\/v2\/categories?post=968"},{"taxonomy":"post_tag","embeddable":true,"href":"https:\/\/www.article-marketing.eu\/comunicati\/wp-json\/wp\/v2\/tags?post=968"}],"curies":[{"name":"wp","href":"https:\/\/api.w.org\/{rel}","templated":true}]}}