{"id":969,"date":"2008-11-30T11:49:25","date_gmt":"2008-11-30T10:49:25","guid":{"rendered":"http:\/\/www.article-marketing.eu\/comunicati\/senza-categoria\/la-storia-dellumbria-radice-antichissime\/"},"modified":"2008-11-30T11:49:25","modified_gmt":"2008-11-30T10:49:25","slug":"la-storia-dellumbria-radice-antichissime","status":"publish","type":"post","link":"https:\/\/www.article-marketing.eu\/comunicati\/viaggi-e-vacanze\/viaggi-e-turismo\/la-storia-dellumbria-radice-antichissime\/","title":{"rendered":"La storia dell&#8217;Umbria&#8230; radice antichissime!"},"content":{"rendered":"<p>Anticamente ricca di corsi d&#8217;acqua e di amena vegetazione, l&#8217;<a href=\"http:\/\/www.expoumbria.it\">Umbria<\/a> \u00e8 stata meta di numerose migrazioni che hanno origine fin dal Paleolitico. Popolazioni provenienti dal nord o stanziali, hanno abitato questa regione posta al centro dell&#8217;Italia, in posizione favorevole per scambi commerciali e traffici di diverso genere.<\/p>\n<p>In et\u00e0 del ferro gli <strong>Umbri<\/strong>, popolo di origine indoeuropea, occupavano la sponda orientale mentre gli <strong>Etruschi<\/strong>, popolo probabilmente pi\u00f9 &#8220;giovane&#8221; rispetto agli Umbri, occupavano la parte occidentale. L&#8217;antica divisione, che sfoci\u00f2 spesso in aperto antagonismo, fra i due popoli \u00e8 ancora testimoniata dalle tracce storiche, culturali, etniche e urbanistiche delle due zone. Nelle importantissime <em>Tavole Eugubine<\/em>, risalenti al II sec. a.C. e redatte in Latino ed Etrusco, \u00e8 contenuta una fondamentale testimonianza della superiorit\u00e0 politica e religiosa di cui godevano nel VII sec. a.C. le citt\u00e0 etrusco-tiberine (Orvieto e Perugia).<\/p>\n<p>La storia dell&#8217;Umbria prosegue poi con i <strong>Romani<\/strong> che furno i primi ad imporsi contemporaneamente sulle due popolazioni, conquistando l&#8217;intera regione e soffocando un vano tentativo di difesa armata attuato da Umbri e Etruschi con i loro alleati Galli e Sanniti. Nel 299 a.C. i Romani fondarono la colonia di <strong>Narni<\/strong>, mentre nel 241 a.C. fu la volta di <strong>Spoleto<\/strong>. Grazie alla tolleranza con cui trattarono le popolazioni locali, i Romani si assicurarono la lealt\u00e0 di queste quando si rese necessario fermare l&#8217;avanzata di Annibale nel 217 a.C.<\/p>\n<p>Grande fattore di sviluppo per la regione fu la costruzione, sempre ad opera dei Romani, della <strong>via Flaminia<\/strong>, che collegava Roma all&#8217;alto Adriatico, risalendo la valle tiberina. Un nuovo focolaio di rivolta per\u00f2 divampo a seguito di malcontenti legati alla distribuzione agraria delle terre destinate ai veterani di Cesare e Ottaviano. Nel 40 a.C. <strong>Ottaviano<\/strong> fu costretto ad assediare e distruggere Perugina, per poi curarne la ricostruzione.<\/p>\n<p>Sotto <strong>Augusto<\/strong> l&#8217;Umbria visse un periodo di grande prosperit\u00e0 culturale e economica. Alcune zone furono bonificate, altre furono elette a residenza di ricchi patrizi, che vi insediarono grandi latifondi. Attorno alle centuriazioni, sorsero borghi e le citt\u00e0 si arricchirono di grandi opere pubbliche.<\/p>\n<p>In epoca tardoantica, sotto <strong>Diocleziano<\/strong>, una riforma voluta dall&#8217;imperatore dissolse il confine naturale del Tevere tra Etruria e Umbria, costituendo un&#8217;unica regione chiamata <em>Tuscania<\/em>.<\/p>\n<p>A partire dal <strong>XIV sec<\/strong>. per\u00f2, la difficolt\u00e0 a reggere la concorrenza commerciale delle citt\u00e0 toscane e marchigiane affacciate sul mare e diverse tensioni sociali fecero s\u00ec che in molte citt\u00e0 presero piede le <strong>Signorie<\/strong>. In questo periodo non furono poche le ribellioni contro il potere dei Papi e nella prima met\u00e0 del XV il <strong>Signore di Perugia Braccio da Montone<\/strong> sottomise le citt\u00e0 di Foligno, Todi, Assisi e giunse fino a Roma. Morto Braccio nel 1424, la Chiesa inizi\u00f2 la riconquista dell&#8217;Umbria, restaurando il suo potere su Perugina nel 1540. Solo Gubbio rimase nelle mani del Duca di Urbino.<\/p>\n<p>L&#8217;Umbria fu cos\u00ec ridotta ad una semplice provincia dei territori della Chiesa fino al <strong>1860<\/strong>, quando fu incorporata dalle <strong>truppe piemontesi<\/strong> nel neonato stato italiano, facendola ritornare alla sua originaria identificazione storico-territoriale romana come <strong>regione Umbria<\/strong>.<\/p>\n","protected":false},"excerpt":{"rendered":"<p>Anticamente ricca di corsi d&#8217;acqua e di amena vegetazione, l&#8217;Umbria \u00e8 stata meta di numerose migrazioni che hanno origine fin dal Paleolitico. Popolazioni provenienti dal nord o stanziali, hanno abitato questa regione posta al centro dell&#8217;Italia, in posizione favorevole per scambi commerciali e traffici di diverso genere.<\/p>\n","protected":false},"author":10,"featured_media":0,"comment_status":"open","ping_status":"open","sticky":false,"template":"","format":"standard","meta":{"cybocfi_hide_featured_image":"","footnotes":""},"categories":[2],"tags":[3118,1178,3121,3117,3122,3123,3124,3125,916,170,3336,889],"class_list":["post-969","post","type-post","status-publish","format-standard","hentry","category-viaggi-e-turismo","tag-anfiteatro","tag-assisi","tag-folgino","tag-perugia","tag-porta-arce","tag-porte-consolari","tag-posterula","tag-romani","tag-spello","tag-storia","tag-todi","tag-umbria"],"yoast_head":"<!-- This site is optimized with the Yoast SEO plugin v27.0 - https:\/\/yoast.com\/product\/yoast-seo-wordpress\/ -->\n<title>La storia dell&#039;Umbria... radice antichissime! - Article Marketing<\/title>\n<meta name=\"robots\" content=\"index, follow, max-snippet:-1, max-image-preview:large, max-video-preview:-1\" \/>\n<link rel=\"canonical\" href=\"https:\/\/www.article-marketing.eu\/comunicati\/viaggi-e-vacanze\/viaggi-e-turismo\/la-storia-dellumbria-radice-antichissime\/\" \/>\n<meta property=\"og:locale\" content=\"it_IT\" \/>\n<meta property=\"og:type\" content=\"article\" \/>\n<meta property=\"og:title\" content=\"La storia dell&#039;Umbria... radice antichissime! - Article Marketing\" \/>\n<meta property=\"og:description\" content=\"Anticamente ricca di corsi d&#039;acqua e di amena vegetazione, l&#039;Umbria \u00e8 stata meta di numerose migrazioni che hanno origine fin dal Paleolitico. Popolazioni provenienti dal nord o stanziali, hanno abitato questa regione posta al centro dell&#039;Italia, in posizione favorevole per scambi commerciali e traffici di diverso genere.\" \/>\n<meta property=\"og:url\" content=\"https:\/\/www.article-marketing.eu\/comunicati\/viaggi-e-vacanze\/viaggi-e-turismo\/la-storia-dellumbria-radice-antichissime\/\" \/>\n<meta property=\"og:site_name\" content=\"Article Marketing\" \/>\n<meta property=\"article:published_time\" content=\"2008-11-30T10:49:25+00:00\" \/>\n<meta name=\"author\" content=\"Redazione Comunicati Stampa\" \/>\n<meta name=\"twitter:card\" content=\"summary_large_image\" \/>\n<meta name=\"twitter:label1\" content=\"Scritto da\" \/>\n\t<meta name=\"twitter:data1\" content=\"Redazione Comunicati Stampa\" \/>\n\t<meta name=\"twitter:label2\" content=\"Tempo di lettura stimato\" \/>\n\t<meta name=\"twitter:data2\" content=\"2 minuti\" \/>\n<script type=\"application\/ld+json\" class=\"yoast-schema-graph\">{\"@context\":\"https:\/\/schema.org\",\"@graph\":[{\"@type\":\"Article\",\"@id\":\"https:\/\/www.article-marketing.eu\/comunicati\/viaggi-e-vacanze\/viaggi-e-turismo\/la-storia-dellumbria-radice-antichissime\/#article\",\"isPartOf\":{\"@id\":\"https:\/\/www.article-marketing.eu\/comunicati\/viaggi-e-vacanze\/viaggi-e-turismo\/la-storia-dellumbria-radice-antichissime\/\"},\"author\":{\"name\":\"Redazione Comunicati Stampa\",\"@id\":\"https:\/\/www.article-marketing.eu\/comunicati\/#\/schema\/person\/44372e4d4d0fa797b18e03ed1ace9017\"},\"headline\":\"La storia dell&#8217;Umbria&#8230; radice antichissime!\",\"datePublished\":\"2008-11-30T10:49:25+00:00\",\"mainEntityOfPage\":{\"@id\":\"https:\/\/www.article-marketing.eu\/comunicati\/viaggi-e-vacanze\/viaggi-e-turismo\/la-storia-dellumbria-radice-antichissime\/\"},\"wordCount\":497,\"commentCount\":0,\"keywords\":[\"anfiteatro\",\"Assisi\",\"folgino\",\"perugia\",\"porta arce\",\"porte consolari\",\"posterula\",\"romani\",\"spello\",\"storia\",\"todi\",\"Umbria\"],\"articleSection\":[\"Viaggi e Turismo\"],\"inLanguage\":\"it-IT\",\"potentialAction\":[{\"@type\":\"CommentAction\",\"name\":\"Comment\",\"target\":[\"https:\/\/www.article-marketing.eu\/comunicati\/viaggi-e-vacanze\/viaggi-e-turismo\/la-storia-dellumbria-radice-antichissime\/#respond\"]}]},{\"@type\":\"WebPage\",\"@id\":\"https:\/\/www.article-marketing.eu\/comunicati\/viaggi-e-vacanze\/viaggi-e-turismo\/la-storia-dellumbria-radice-antichissime\/\",\"url\":\"https:\/\/www.article-marketing.eu\/comunicati\/viaggi-e-vacanze\/viaggi-e-turismo\/la-storia-dellumbria-radice-antichissime\/\",\"name\":\"La storia dell'Umbria... radice antichissime! - Article Marketing\",\"isPartOf\":{\"@id\":\"https:\/\/www.article-marketing.eu\/comunicati\/#website\"},\"datePublished\":\"2008-11-30T10:49:25+00:00\",\"author\":{\"@id\":\"https:\/\/www.article-marketing.eu\/comunicati\/#\/schema\/person\/44372e4d4d0fa797b18e03ed1ace9017\"},\"breadcrumb\":{\"@id\":\"https:\/\/www.article-marketing.eu\/comunicati\/viaggi-e-vacanze\/viaggi-e-turismo\/la-storia-dellumbria-radice-antichissime\/#breadcrumb\"},\"inLanguage\":\"it-IT\",\"potentialAction\":[{\"@type\":\"ReadAction\",\"target\":[\"https:\/\/www.article-marketing.eu\/comunicati\/viaggi-e-vacanze\/viaggi-e-turismo\/la-storia-dellumbria-radice-antichissime\/\"]}]},{\"@type\":\"BreadcrumbList\",\"@id\":\"https:\/\/www.article-marketing.eu\/comunicati\/viaggi-e-vacanze\/viaggi-e-turismo\/la-storia-dellumbria-radice-antichissime\/#breadcrumb\",\"itemListElement\":[{\"@type\":\"ListItem\",\"position\":1,\"name\":\"Home\",\"item\":\"https:\/\/www.article-marketing.eu\/comunicati\/\"},{\"@type\":\"ListItem\",\"position\":2,\"name\":\"La storia dell&#8217;Umbria&#8230; radice antichissime!\"}]},{\"@type\":\"WebSite\",\"@id\":\"https:\/\/www.article-marketing.eu\/comunicati\/#website\",\"url\":\"https:\/\/www.article-marketing.eu\/comunicati\/\",\"name\":\"Article Marketing\",\"description\":\"article marketing &amp; press release\",\"potentialAction\":[{\"@type\":\"SearchAction\",\"target\":{\"@type\":\"EntryPoint\",\"urlTemplate\":\"https:\/\/www.article-marketing.eu\/comunicati\/?s={search_term_string}\"},\"query-input\":{\"@type\":\"PropertyValueSpecification\",\"valueRequired\":true,\"valueName\":\"search_term_string\"}}],\"inLanguage\":\"it-IT\"},{\"@type\":\"Person\",\"@id\":\"https:\/\/www.article-marketing.eu\/comunicati\/#\/schema\/person\/44372e4d4d0fa797b18e03ed1ace9017\",\"name\":\"Redazione Comunicati Stampa\",\"image\":{\"@type\":\"ImageObject\",\"inLanguage\":\"it-IT\",\"@id\":\"https:\/\/www.article-marketing.eu\/comunicati\/#\/schema\/person\/image\/\",\"url\":\"https:\/\/secure.gravatar.com\/avatar\/50e5c6421d3072f42e7ace803501602c60d75233d34e29fd05feb91c8760b792?s=96&d=mm&r=g\",\"contentUrl\":\"https:\/\/secure.gravatar.com\/avatar\/50e5c6421d3072f42e7ace803501602c60d75233d34e29fd05feb91c8760b792?s=96&d=mm&r=g\",\"caption\":\"Redazione Comunicati Stampa\"},\"url\":\"https:\/\/www.article-marketing.eu\/comunicati\/author\/redazione-comunicati-stampa\/\"}]}<\/script>\n<!-- \/ Yoast SEO plugin. -->","yoast_head_json":{"title":"La storia dell'Umbria... radice antichissime! - Article Marketing","robots":{"index":"index","follow":"follow","max-snippet":"max-snippet:-1","max-image-preview":"max-image-preview:large","max-video-preview":"max-video-preview:-1"},"canonical":"https:\/\/www.article-marketing.eu\/comunicati\/viaggi-e-vacanze\/viaggi-e-turismo\/la-storia-dellumbria-radice-antichissime\/","og_locale":"it_IT","og_type":"article","og_title":"La storia dell'Umbria... radice antichissime! - Article Marketing","og_description":"Anticamente ricca di corsi d'acqua e di amena vegetazione, l'Umbria \u00e8 stata meta di numerose migrazioni che hanno origine fin dal Paleolitico. Popolazioni provenienti dal nord o stanziali, hanno abitato questa regione posta al centro dell'Italia, in posizione favorevole per scambi commerciali e traffici di diverso genere.","og_url":"https:\/\/www.article-marketing.eu\/comunicati\/viaggi-e-vacanze\/viaggi-e-turismo\/la-storia-dellumbria-radice-antichissime\/","og_site_name":"Article Marketing","article_published_time":"2008-11-30T10:49:25+00:00","author":"Redazione Comunicati Stampa","twitter_card":"summary_large_image","twitter_misc":{"Scritto da":"Redazione Comunicati Stampa","Tempo di lettura stimato":"2 minuti"},"schema":{"@context":"https:\/\/schema.org","@graph":[{"@type":"Article","@id":"https:\/\/www.article-marketing.eu\/comunicati\/viaggi-e-vacanze\/viaggi-e-turismo\/la-storia-dellumbria-radice-antichissime\/#article","isPartOf":{"@id":"https:\/\/www.article-marketing.eu\/comunicati\/viaggi-e-vacanze\/viaggi-e-turismo\/la-storia-dellumbria-radice-antichissime\/"},"author":{"name":"Redazione Comunicati Stampa","@id":"https:\/\/www.article-marketing.eu\/comunicati\/#\/schema\/person\/44372e4d4d0fa797b18e03ed1ace9017"},"headline":"La storia dell&#8217;Umbria&#8230; radice antichissime!","datePublished":"2008-11-30T10:49:25+00:00","mainEntityOfPage":{"@id":"https:\/\/www.article-marketing.eu\/comunicati\/viaggi-e-vacanze\/viaggi-e-turismo\/la-storia-dellumbria-radice-antichissime\/"},"wordCount":497,"commentCount":0,"keywords":["anfiteatro","Assisi","folgino","perugia","porta arce","porte consolari","posterula","romani","spello","storia","todi","Umbria"],"articleSection":["Viaggi e Turismo"],"inLanguage":"it-IT","potentialAction":[{"@type":"CommentAction","name":"Comment","target":["https:\/\/www.article-marketing.eu\/comunicati\/viaggi-e-vacanze\/viaggi-e-turismo\/la-storia-dellumbria-radice-antichissime\/#respond"]}]},{"@type":"WebPage","@id":"https:\/\/www.article-marketing.eu\/comunicati\/viaggi-e-vacanze\/viaggi-e-turismo\/la-storia-dellumbria-radice-antichissime\/","url":"https:\/\/www.article-marketing.eu\/comunicati\/viaggi-e-vacanze\/viaggi-e-turismo\/la-storia-dellumbria-radice-antichissime\/","name":"La storia dell'Umbria... radice antichissime! - Article Marketing","isPartOf":{"@id":"https:\/\/www.article-marketing.eu\/comunicati\/#website"},"datePublished":"2008-11-30T10:49:25+00:00","author":{"@id":"https:\/\/www.article-marketing.eu\/comunicati\/#\/schema\/person\/44372e4d4d0fa797b18e03ed1ace9017"},"breadcrumb":{"@id":"https:\/\/www.article-marketing.eu\/comunicati\/viaggi-e-vacanze\/viaggi-e-turismo\/la-storia-dellumbria-radice-antichissime\/#breadcrumb"},"inLanguage":"it-IT","potentialAction":[{"@type":"ReadAction","target":["https:\/\/www.article-marketing.eu\/comunicati\/viaggi-e-vacanze\/viaggi-e-turismo\/la-storia-dellumbria-radice-antichissime\/"]}]},{"@type":"BreadcrumbList","@id":"https:\/\/www.article-marketing.eu\/comunicati\/viaggi-e-vacanze\/viaggi-e-turismo\/la-storia-dellumbria-radice-antichissime\/#breadcrumb","itemListElement":[{"@type":"ListItem","position":1,"name":"Home","item":"https:\/\/www.article-marketing.eu\/comunicati\/"},{"@type":"ListItem","position":2,"name":"La storia dell&#8217;Umbria&#8230; radice antichissime!"}]},{"@type":"WebSite","@id":"https:\/\/www.article-marketing.eu\/comunicati\/#website","url":"https:\/\/www.article-marketing.eu\/comunicati\/","name":"Article Marketing","description":"article marketing &amp; press release","potentialAction":[{"@type":"SearchAction","target":{"@type":"EntryPoint","urlTemplate":"https:\/\/www.article-marketing.eu\/comunicati\/?s={search_term_string}"},"query-input":{"@type":"PropertyValueSpecification","valueRequired":true,"valueName":"search_term_string"}}],"inLanguage":"it-IT"},{"@type":"Person","@id":"https:\/\/www.article-marketing.eu\/comunicati\/#\/schema\/person\/44372e4d4d0fa797b18e03ed1ace9017","name":"Redazione Comunicati Stampa","image":{"@type":"ImageObject","inLanguage":"it-IT","@id":"https:\/\/www.article-marketing.eu\/comunicati\/#\/schema\/person\/image\/","url":"https:\/\/secure.gravatar.com\/avatar\/50e5c6421d3072f42e7ace803501602c60d75233d34e29fd05feb91c8760b792?s=96&d=mm&r=g","contentUrl":"https:\/\/secure.gravatar.com\/avatar\/50e5c6421d3072f42e7ace803501602c60d75233d34e29fd05feb91c8760b792?s=96&d=mm&r=g","caption":"Redazione Comunicati Stampa"},"url":"https:\/\/www.article-marketing.eu\/comunicati\/author\/redazione-comunicati-stampa\/"}]}},"_links":{"self":[{"href":"https:\/\/www.article-marketing.eu\/comunicati\/wp-json\/wp\/v2\/posts\/969","targetHints":{"allow":["GET"]}}],"collection":[{"href":"https:\/\/www.article-marketing.eu\/comunicati\/wp-json\/wp\/v2\/posts"}],"about":[{"href":"https:\/\/www.article-marketing.eu\/comunicati\/wp-json\/wp\/v2\/types\/post"}],"author":[{"embeddable":true,"href":"https:\/\/www.article-marketing.eu\/comunicati\/wp-json\/wp\/v2\/users\/10"}],"replies":[{"embeddable":true,"href":"https:\/\/www.article-marketing.eu\/comunicati\/wp-json\/wp\/v2\/comments?post=969"}],"version-history":[{"count":0,"href":"https:\/\/www.article-marketing.eu\/comunicati\/wp-json\/wp\/v2\/posts\/969\/revisions"}],"wp:attachment":[{"href":"https:\/\/www.article-marketing.eu\/comunicati\/wp-json\/wp\/v2\/media?parent=969"}],"wp:term":[{"taxonomy":"category","embeddable":true,"href":"https:\/\/www.article-marketing.eu\/comunicati\/wp-json\/wp\/v2\/categories?post=969"},{"taxonomy":"post_tag","embeddable":true,"href":"https:\/\/www.article-marketing.eu\/comunicati\/wp-json\/wp\/v2\/tags?post=969"}],"curies":[{"name":"wp","href":"https:\/\/api.w.org\/{rel}","templated":true}]}}