{"id":972,"date":"2008-11-30T12:08:49","date_gmt":"2008-11-30T11:08:49","guid":{"rendered":"http:\/\/www.article-marketing.eu\/comunicati\/senza-categoria\/napoli-storia-di-secondigliano\/"},"modified":"2018-06-04T20:10:21","modified_gmt":"2018-06-04T18:10:21","slug":"napoli-storia-di-secondigliano","status":"publish","type":"post","link":"https:\/\/www.article-marketing.eu\/comunicati\/viaggi-e-vacanze\/viaggi-e-turismo\/napoli-storia-di-secondigliano\/","title":{"rendered":"Napoli: Storia di Secondigliano"},"content":{"rendered":"<p>Pochi sanno che anche la degradata periferia a nord di Napoli pu\u00f2 vantare una storia ricca e gloriosa, testimoniata anche dalla presenza di monumenti e opere architettoniche di grande pregio. I quartieri a nord di Napoli riempiono troppo spesso le pagine di cronaca nera dei giornali locali e nazionali ma ci\u00f2 non ha impedito a numerosi studiosi, napoletani e non, di interessarsi alla storia di quartieri come Secondigliano, Miano, San Pietro a Paterno, etc, portando alla luce interessantissimi spunti d&#8217;indagini sulla storia dei casali napoletani. I casali rurali sono stati infatti il nucleo originario di interi quartieri dell&#8217;aerea napoletana, oggi erroneamente considerati &#8220;periferia&#8221;, quasi come se questi non avessero altra storia se non quella delle violenze che quotidianamente vi si consumano. Secondigliano \u00e8 un esempio di questa &#8220;trasformazione&#8221;. L&#8217;origine del nome &#8220;<strong><em>Secondigliano<\/em><\/strong>&#8221; \u00e8 tuttora incerta. Secondo alcuni deriverebbe dalla famiglia dei <strong>Secondilli<\/strong>, che qui stabil\u00ec la propria dimora, secondo altri dai colli Secondilli che circondano la citt\u00e0 da nord-est a nord-ovest. Altri ancora ritengono che il nome derivi dalla collocazione del quartiere all&#8217;altezza del secondo miglio della via Atellana (<em>secundum milla<\/em>).<\/p>\n<p>La prima citazione documentale ufficiale risale al 10 Ottobre 1113. Il documento cita un contratto d&#8217;affitto di un fondo posto in &#8220;<em>Villa Secundillani<\/em>&#8220;. Altri documenti, riportanti il nome &#8220;<em>Secondilianum<\/em>&#8221; e &#8220;<em>Secundillanum<\/em>&#8220;, risalgono invece al regno di <strong>Carlo D&#8217;Angi\u00f2<\/strong> e di <strong>Carlo II<\/strong> ma di essi non si trova alcuna notizia fra i casali di Napoli sotto l&#8217;imperatore Federico II. Nella santa visita dell&#8217;arcivescovo del 1542 viene citato il &#8220;<strong><em>casale Secondigliani<\/em><\/strong>&#8220;.<\/p>\n<p>Nei periodi della <strong>dominazione normanna, sveva, angioina ed aragonese<\/strong>, Secondigliano, pur essendo Casale, non aveva n\u00e9 le caratteristiche architettoniche n\u00e9 urbanistiche di un vero e proprio Casale regio, caratteristiche che assumer\u00e0 solo in et\u00e0 vicereale, verso la fine del 1500 e l&#8217;inizio del 1600 dopo l&#8217;apertura della strada di Capodichino, che render\u00e0 Secondigliano accessibile anche dalla pianura. L&#8217;economia dell&#8217;antico casale si basava soprattutto sull&#8217;agricoltura e la vita quotidiana era regolata da rapporti di tipo feudale.  <\/p>\n<p>Nel corso del <strong>1600<\/strong> anche Secondigliano, come gli altri Casali di Napoli, si trasform\u00f2 in <strong><em>Universitas<\/em><\/strong>, unit\u00e0 amministrativa indipendente governata da assemblee popolari. Il casale riforniva gran parte della citt\u00e0 di frutta, vino, grano, ortaggi, cereali grazie alle sue fertilissime campagne a 150 mt. di altitudine. Particolarmente fiorente era la coltivazione del gelso da cui si ricavava seta di eccelsa qualit\u00e0. Dall&#8217;allevamento dei maiali e dalla macellazione delle carni si ricavava il rinomato &#8220;salame di Secondigliano&#8221;, la cui ricetta \u00e8 andata perduta nel corso dei secoli.<\/p>\n<p>Agli inizi del <strong>1800<\/strong> le Universitas, istituzioni ormai obsolete, furono abolite e convertite in comuni autonomi. <\/p>\n<p>Nel <strong>1925<\/strong> Secondigliano fu annesso al  Comune di Napoli, acquistando sempre di pi\u00f9 i caratteri della &#8220;periferia&#8221;. Fino agli anni &#8217;50 per\u00f2 il quartiere conserv\u00f2 le sue caratteristiche di borgo rurale, divenendo meta di scampagnate, preferita dalle famiglie napoletane per l&#8217;aria salubre e la presenza di numerose trattorie. Causa del degrado che ancora oggi affligge il quartiere \u00e8 stata l&#8217;edilizia selvaggia degli anni &#8217;60,  che ha reso Secondigliano zona di <strong>edilizia popolare<\/strong> ove confinare i ceti pi\u00f9 bassi, distruggendone le rimanenti aree verdi.<\/p>\n","protected":false},"excerpt":{"rendered":"<p>Pochi sanno che anche la degradata periferia a nord di Napoli pu\u00f2 vantare una storia ricca e gloriosa, testimoniata anche dalla presenza di monumenti e opere architettoniche di grande pregio. I quartieri a nord di Napoli riempiono troppo spesso le pagine di cronaca nera dei giornali locali e nazionali ma ci\u00f2 non ha impedito a numerosi studiosi, napoletani e non, di interessarsi alla storia di quartieri come Secondigliano, Miano, San Pietro a Paterno, etc, portando alla luce interessantissimi spunti d&#8217;indagini sulla storia dei casali napoletani.<\/p>\n","protected":false},"author":10,"featured_media":0,"comment_status":"open","ping_status":"open","sticky":false,"template":"","format":"standard","meta":{"cybocfi_hide_featured_image":"","footnotes":""},"categories":[2],"tags":[3343,3344,3345,597,58,3346,3131,3342,3341,170,3347,3348,3349],"class_list":["post-972","post","type-post","status-publish","format-standard","hentry","category-viaggi-e-turismo","tag-carlo","tag-case-popolari","tag-frutta","tag-napoli","tag-natura","tag-normanni","tag-periferia","tag-scampi","tag-secondigliano","tag-storia","tag-svevi","tag-universitas","tag-vescovo"],"yoast_head":"<!-- This site is optimized with the Yoast SEO plugin v27.0 - https:\/\/yoast.com\/product\/yoast-seo-wordpress\/ -->\n<title>Napoli: Storia di Secondigliano - Article Marketing<\/title>\n<meta name=\"robots\" content=\"index, follow, max-snippet:-1, max-image-preview:large, max-video-preview:-1\" \/>\n<link rel=\"canonical\" href=\"https:\/\/www.article-marketing.eu\/comunicati\/viaggi-e-vacanze\/viaggi-e-turismo\/napoli-storia-di-secondigliano\/\" \/>\n<meta property=\"og:locale\" content=\"it_IT\" \/>\n<meta property=\"og:type\" content=\"article\" \/>\n<meta property=\"og:title\" content=\"Napoli: Storia di Secondigliano - Article Marketing\" \/>\n<meta property=\"og:description\" content=\"Pochi sanno che anche la degradata periferia a nord di Napoli pu\u00f2 vantare una storia ricca e gloriosa, testimoniata anche dalla presenza di monumenti e opere architettoniche di grande pregio. I quartieri a nord di Napoli riempiono troppo spesso le pagine di cronaca nera dei giornali locali e nazionali ma ci\u00f2 non ha impedito a numerosi studiosi, napoletani e non, di interessarsi alla storia di quartieri come Secondigliano, Miano, San Pietro a Paterno, etc, portando alla luce interessantissimi spunti d&#039;indagini sulla storia dei casali napoletani.\" \/>\n<meta property=\"og:url\" content=\"https:\/\/www.article-marketing.eu\/comunicati\/viaggi-e-vacanze\/viaggi-e-turismo\/napoli-storia-di-secondigliano\/\" \/>\n<meta property=\"og:site_name\" content=\"Article Marketing\" \/>\n<meta property=\"article:published_time\" content=\"2008-11-30T11:08:49+00:00\" \/>\n<meta property=\"article:modified_time\" content=\"2018-06-04T18:10:21+00:00\" \/>\n<meta name=\"author\" content=\"Redazione Comunicati Stampa\" \/>\n<meta name=\"twitter:card\" content=\"summary_large_image\" \/>\n<meta name=\"twitter:label1\" content=\"Scritto da\" \/>\n\t<meta name=\"twitter:data1\" content=\"Redazione Comunicati Stampa\" \/>\n\t<meta name=\"twitter:label2\" content=\"Tempo di lettura stimato\" \/>\n\t<meta name=\"twitter:data2\" content=\"2 minuti\" \/>\n<script type=\"application\/ld+json\" class=\"yoast-schema-graph\">{\"@context\":\"https:\/\/schema.org\",\"@graph\":[{\"@type\":\"Article\",\"@id\":\"https:\/\/www.article-marketing.eu\/comunicati\/viaggi-e-vacanze\/viaggi-e-turismo\/napoli-storia-di-secondigliano\/#article\",\"isPartOf\":{\"@id\":\"https:\/\/www.article-marketing.eu\/comunicati\/viaggi-e-vacanze\/viaggi-e-turismo\/napoli-storia-di-secondigliano\/\"},\"author\":{\"name\":\"Redazione Comunicati Stampa\",\"@id\":\"https:\/\/www.article-marketing.eu\/comunicati\/#\/schema\/person\/44372e4d4d0fa797b18e03ed1ace9017\"},\"headline\":\"Napoli: Storia di Secondigliano\",\"datePublished\":\"2008-11-30T11:08:49+00:00\",\"dateModified\":\"2018-06-04T18:10:21+00:00\",\"mainEntityOfPage\":{\"@id\":\"https:\/\/www.article-marketing.eu\/comunicati\/viaggi-e-vacanze\/viaggi-e-turismo\/napoli-storia-di-secondigliano\/\"},\"wordCount\":502,\"commentCount\":0,\"keywords\":[\"carlo\",\"case popolari\",\"frutta\",\"napoli\",\"natura\",\"normanni\",\"periferia\",\"scampi\",\"secondigliano\",\"storia\",\"svevi\",\"universitas\",\"vescovo\"],\"articleSection\":[\"Viaggi e Turismo\"],\"inLanguage\":\"it-IT\",\"potentialAction\":[{\"@type\":\"CommentAction\",\"name\":\"Comment\",\"target\":[\"https:\/\/www.article-marketing.eu\/comunicati\/viaggi-e-vacanze\/viaggi-e-turismo\/napoli-storia-di-secondigliano\/#respond\"]}]},{\"@type\":\"WebPage\",\"@id\":\"https:\/\/www.article-marketing.eu\/comunicati\/viaggi-e-vacanze\/viaggi-e-turismo\/napoli-storia-di-secondigliano\/\",\"url\":\"https:\/\/www.article-marketing.eu\/comunicati\/viaggi-e-vacanze\/viaggi-e-turismo\/napoli-storia-di-secondigliano\/\",\"name\":\"Napoli: Storia di Secondigliano - Article Marketing\",\"isPartOf\":{\"@id\":\"https:\/\/www.article-marketing.eu\/comunicati\/#website\"},\"datePublished\":\"2008-11-30T11:08:49+00:00\",\"dateModified\":\"2018-06-04T18:10:21+00:00\",\"author\":{\"@id\":\"https:\/\/www.article-marketing.eu\/comunicati\/#\/schema\/person\/44372e4d4d0fa797b18e03ed1ace9017\"},\"breadcrumb\":{\"@id\":\"https:\/\/www.article-marketing.eu\/comunicati\/viaggi-e-vacanze\/viaggi-e-turismo\/napoli-storia-di-secondigliano\/#breadcrumb\"},\"inLanguage\":\"it-IT\",\"potentialAction\":[{\"@type\":\"ReadAction\",\"target\":[\"https:\/\/www.article-marketing.eu\/comunicati\/viaggi-e-vacanze\/viaggi-e-turismo\/napoli-storia-di-secondigliano\/\"]}]},{\"@type\":\"BreadcrumbList\",\"@id\":\"https:\/\/www.article-marketing.eu\/comunicati\/viaggi-e-vacanze\/viaggi-e-turismo\/napoli-storia-di-secondigliano\/#breadcrumb\",\"itemListElement\":[{\"@type\":\"ListItem\",\"position\":1,\"name\":\"Home\",\"item\":\"https:\/\/www.article-marketing.eu\/comunicati\/\"},{\"@type\":\"ListItem\",\"position\":2,\"name\":\"Napoli: Storia di Secondigliano\"}]},{\"@type\":\"WebSite\",\"@id\":\"https:\/\/www.article-marketing.eu\/comunicati\/#website\",\"url\":\"https:\/\/www.article-marketing.eu\/comunicati\/\",\"name\":\"Article Marketing\",\"description\":\"article marketing &amp; press release\",\"potentialAction\":[{\"@type\":\"SearchAction\",\"target\":{\"@type\":\"EntryPoint\",\"urlTemplate\":\"https:\/\/www.article-marketing.eu\/comunicati\/?s={search_term_string}\"},\"query-input\":{\"@type\":\"PropertyValueSpecification\",\"valueRequired\":true,\"valueName\":\"search_term_string\"}}],\"inLanguage\":\"it-IT\"},{\"@type\":\"Person\",\"@id\":\"https:\/\/www.article-marketing.eu\/comunicati\/#\/schema\/person\/44372e4d4d0fa797b18e03ed1ace9017\",\"name\":\"Redazione Comunicati Stampa\",\"image\":{\"@type\":\"ImageObject\",\"inLanguage\":\"it-IT\",\"@id\":\"https:\/\/www.article-marketing.eu\/comunicati\/#\/schema\/person\/image\/\",\"url\":\"https:\/\/secure.gravatar.com\/avatar\/50e5c6421d3072f42e7ace803501602c60d75233d34e29fd05feb91c8760b792?s=96&d=mm&r=g\",\"contentUrl\":\"https:\/\/secure.gravatar.com\/avatar\/50e5c6421d3072f42e7ace803501602c60d75233d34e29fd05feb91c8760b792?s=96&d=mm&r=g\",\"caption\":\"Redazione Comunicati Stampa\"},\"url\":\"https:\/\/www.article-marketing.eu\/comunicati\/author\/redazione-comunicati-stampa\/\"}]}<\/script>\n<!-- \/ Yoast SEO plugin. -->","yoast_head_json":{"title":"Napoli: Storia di Secondigliano - Article Marketing","robots":{"index":"index","follow":"follow","max-snippet":"max-snippet:-1","max-image-preview":"max-image-preview:large","max-video-preview":"max-video-preview:-1"},"canonical":"https:\/\/www.article-marketing.eu\/comunicati\/viaggi-e-vacanze\/viaggi-e-turismo\/napoli-storia-di-secondigliano\/","og_locale":"it_IT","og_type":"article","og_title":"Napoli: Storia di Secondigliano - Article Marketing","og_description":"Pochi sanno che anche la degradata periferia a nord di Napoli pu\u00f2 vantare una storia ricca e gloriosa, testimoniata anche dalla presenza di monumenti e opere architettoniche di grande pregio. I quartieri a nord di Napoli riempiono troppo spesso le pagine di cronaca nera dei giornali locali e nazionali ma ci\u00f2 non ha impedito a numerosi studiosi, napoletani e non, di interessarsi alla storia di quartieri come Secondigliano, Miano, San Pietro a Paterno, etc, portando alla luce interessantissimi spunti d'indagini sulla storia dei casali napoletani.","og_url":"https:\/\/www.article-marketing.eu\/comunicati\/viaggi-e-vacanze\/viaggi-e-turismo\/napoli-storia-di-secondigliano\/","og_site_name":"Article Marketing","article_published_time":"2008-11-30T11:08:49+00:00","article_modified_time":"2018-06-04T18:10:21+00:00","author":"Redazione Comunicati Stampa","twitter_card":"summary_large_image","twitter_misc":{"Scritto da":"Redazione Comunicati Stampa","Tempo di lettura stimato":"2 minuti"},"schema":{"@context":"https:\/\/schema.org","@graph":[{"@type":"Article","@id":"https:\/\/www.article-marketing.eu\/comunicati\/viaggi-e-vacanze\/viaggi-e-turismo\/napoli-storia-di-secondigliano\/#article","isPartOf":{"@id":"https:\/\/www.article-marketing.eu\/comunicati\/viaggi-e-vacanze\/viaggi-e-turismo\/napoli-storia-di-secondigliano\/"},"author":{"name":"Redazione Comunicati Stampa","@id":"https:\/\/www.article-marketing.eu\/comunicati\/#\/schema\/person\/44372e4d4d0fa797b18e03ed1ace9017"},"headline":"Napoli: Storia di Secondigliano","datePublished":"2008-11-30T11:08:49+00:00","dateModified":"2018-06-04T18:10:21+00:00","mainEntityOfPage":{"@id":"https:\/\/www.article-marketing.eu\/comunicati\/viaggi-e-vacanze\/viaggi-e-turismo\/napoli-storia-di-secondigliano\/"},"wordCount":502,"commentCount":0,"keywords":["carlo","case popolari","frutta","napoli","natura","normanni","periferia","scampi","secondigliano","storia","svevi","universitas","vescovo"],"articleSection":["Viaggi e Turismo"],"inLanguage":"it-IT","potentialAction":[{"@type":"CommentAction","name":"Comment","target":["https:\/\/www.article-marketing.eu\/comunicati\/viaggi-e-vacanze\/viaggi-e-turismo\/napoli-storia-di-secondigliano\/#respond"]}]},{"@type":"WebPage","@id":"https:\/\/www.article-marketing.eu\/comunicati\/viaggi-e-vacanze\/viaggi-e-turismo\/napoli-storia-di-secondigliano\/","url":"https:\/\/www.article-marketing.eu\/comunicati\/viaggi-e-vacanze\/viaggi-e-turismo\/napoli-storia-di-secondigliano\/","name":"Napoli: Storia di Secondigliano - Article Marketing","isPartOf":{"@id":"https:\/\/www.article-marketing.eu\/comunicati\/#website"},"datePublished":"2008-11-30T11:08:49+00:00","dateModified":"2018-06-04T18:10:21+00:00","author":{"@id":"https:\/\/www.article-marketing.eu\/comunicati\/#\/schema\/person\/44372e4d4d0fa797b18e03ed1ace9017"},"breadcrumb":{"@id":"https:\/\/www.article-marketing.eu\/comunicati\/viaggi-e-vacanze\/viaggi-e-turismo\/napoli-storia-di-secondigliano\/#breadcrumb"},"inLanguage":"it-IT","potentialAction":[{"@type":"ReadAction","target":["https:\/\/www.article-marketing.eu\/comunicati\/viaggi-e-vacanze\/viaggi-e-turismo\/napoli-storia-di-secondigliano\/"]}]},{"@type":"BreadcrumbList","@id":"https:\/\/www.article-marketing.eu\/comunicati\/viaggi-e-vacanze\/viaggi-e-turismo\/napoli-storia-di-secondigliano\/#breadcrumb","itemListElement":[{"@type":"ListItem","position":1,"name":"Home","item":"https:\/\/www.article-marketing.eu\/comunicati\/"},{"@type":"ListItem","position":2,"name":"Napoli: Storia di Secondigliano"}]},{"@type":"WebSite","@id":"https:\/\/www.article-marketing.eu\/comunicati\/#website","url":"https:\/\/www.article-marketing.eu\/comunicati\/","name":"Article Marketing","description":"article marketing &amp; press release","potentialAction":[{"@type":"SearchAction","target":{"@type":"EntryPoint","urlTemplate":"https:\/\/www.article-marketing.eu\/comunicati\/?s={search_term_string}"},"query-input":{"@type":"PropertyValueSpecification","valueRequired":true,"valueName":"search_term_string"}}],"inLanguage":"it-IT"},{"@type":"Person","@id":"https:\/\/www.article-marketing.eu\/comunicati\/#\/schema\/person\/44372e4d4d0fa797b18e03ed1ace9017","name":"Redazione Comunicati Stampa","image":{"@type":"ImageObject","inLanguage":"it-IT","@id":"https:\/\/www.article-marketing.eu\/comunicati\/#\/schema\/person\/image\/","url":"https:\/\/secure.gravatar.com\/avatar\/50e5c6421d3072f42e7ace803501602c60d75233d34e29fd05feb91c8760b792?s=96&d=mm&r=g","contentUrl":"https:\/\/secure.gravatar.com\/avatar\/50e5c6421d3072f42e7ace803501602c60d75233d34e29fd05feb91c8760b792?s=96&d=mm&r=g","caption":"Redazione Comunicati Stampa"},"url":"https:\/\/www.article-marketing.eu\/comunicati\/author\/redazione-comunicati-stampa\/"}]}},"_links":{"self":[{"href":"https:\/\/www.article-marketing.eu\/comunicati\/wp-json\/wp\/v2\/posts\/972","targetHints":{"allow":["GET"]}}],"collection":[{"href":"https:\/\/www.article-marketing.eu\/comunicati\/wp-json\/wp\/v2\/posts"}],"about":[{"href":"https:\/\/www.article-marketing.eu\/comunicati\/wp-json\/wp\/v2\/types\/post"}],"author":[{"embeddable":true,"href":"https:\/\/www.article-marketing.eu\/comunicati\/wp-json\/wp\/v2\/users\/10"}],"replies":[{"embeddable":true,"href":"https:\/\/www.article-marketing.eu\/comunicati\/wp-json\/wp\/v2\/comments?post=972"}],"version-history":[{"count":1,"href":"https:\/\/www.article-marketing.eu\/comunicati\/wp-json\/wp\/v2\/posts\/972\/revisions"}],"predecessor-version":[{"id":55224,"href":"https:\/\/www.article-marketing.eu\/comunicati\/wp-json\/wp\/v2\/posts\/972\/revisions\/55224"}],"wp:attachment":[{"href":"https:\/\/www.article-marketing.eu\/comunicati\/wp-json\/wp\/v2\/media?parent=972"}],"wp:term":[{"taxonomy":"category","embeddable":true,"href":"https:\/\/www.article-marketing.eu\/comunicati\/wp-json\/wp\/v2\/categories?post=972"},{"taxonomy":"post_tag","embeddable":true,"href":"https:\/\/www.article-marketing.eu\/comunicati\/wp-json\/wp\/v2\/tags?post=972"}],"curies":[{"name":"wp","href":"https:\/\/api.w.org\/{rel}","templated":true}]}}