{"id":973,"date":"2008-12-01T00:15:19","date_gmt":"2008-11-30T23:15:19","guid":{"rendered":"http:\/\/www.article-marketing.eu\/comunicati\/senza-categoria\/la-recessione-e-il-settore-immobiliare\/"},"modified":"2008-12-01T00:15:19","modified_gmt":"2008-11-30T23:15:19","slug":"la-recessione-e-il-settore-immobiliare","status":"publish","type":"post","link":"https:\/\/www.article-marketing.eu\/comunicati\/economia-e-lavoro\/la-recessione-e-il-settore-immobiliare\/","title":{"rendered":"La recessione e il settore immobiliare"},"content":{"rendered":"<p>Stallo economico, l\u2019adeguarsi alla alle norme per l\u2019energia  ,il ramo delle compravendite    \u00e8 all\u2019angolo molti sono ottimisti. In un periodo molto pesante  per il settore delle costruzioni si fanno sempre pi\u00f9 pressanti le richieste i corretti parametri per elevati standard enrgetici per le nuove costruzioni. Le associazioni di categoria vedono con alcuni dubbi gli obblighi imposti dalla normativa. La mancaza di applicazione della norma creer\u00e0 immobili senza certificazione, procurando a un abbassamento al metro quadro anche nello stesso quartiere. Il tutto significa spese per edificare  a discapito del cliente finale.<br \/>\nLe norme energetiche non separano il settore delle costruzioni  a livelli della UE. E al termine della contrazione economica  un\u2019aspettativa positiva da parte dei cittadini arricchir\u00e0 il lo sviluppo urbano un forte rilancio.<br \/>\nDifficolt\u00e0 finanziarie, l\u2019adottare la normativa energetica  ,il settore immobiliare    \u00e8 all\u2019angolo molti sono ottimisti. In un periodo molto pesante  per il settore immobiliare si richiedono gli aggiornamenti per elevati standard enrgetici per la costruzione della casa. I costruttori non ritengono opportuno l\u2019obbligo al rispetto di queste normative. La non osservanza procurer\u00e0 immobili senza certificazione, procurando a un abbassamento al metro quadro a parit\u00e0 di zona. E questo comporta pi\u00f9 oneri per la realizzazione  a pregiudizio del acquirente.<br \/>\nLe norme energetiche non separano il settore delle costruzioni  a livelli della UE. E al termine della flessione del mercato  un certo grado di certezze da parte dei cittadini arrecher\u00e0 al settore immobiliare un buon incremento.<br \/>\nDifficolt\u00e0 finanziarie, l\u2019adottare la alle norme per l\u2019energia  ,il mercato immobiliare    \u00e8 messo alle strette non tutti sono pessimisti. In una situazione di grave crisi  per la vendita di case la legge impone gli aggiornamenti per una buona qualit\u00e0 energetica per i nuovi immobili. Le associazioni di categoria non ritengono opportuno gli adempimenti da seguire. Chi non le rispetta si trover\u00e0 case non adeguate alle norme, causando a un abbassamento al metro quadro a parit\u00e0 di zona. E questo implica pi\u00f9 oneri per la realizzazione  a discapito del acquirente.<br \/>\nLe norme energetiche avvicinano il settore delle costruzioni  agli standard della UE. E alla fine della contrazione economica  non un pessimismo da parte dei cittadini arricchir\u00e0 il mercato immobiliare un forte rilancio.<br \/>\nDifficolt\u00e0 finanziarie, l\u2019adottare la alle norme per l\u2019energia  ,il mercato immobiliare    pare in difficolt\u00e0 \u00e8 difficile fare corrette previsioni. In uno dei periodi pi\u00f9 duri  per le compravendite si fanno sempre pi\u00f9 pressanti le richieste gli aggiornamenti per elevati standard enrgetici per i nuovi progetti immobiliari. I costruttori non si trovano d\u2019accordo gli obblighi imposti dalla normativa. Chi non le rispetta si trover\u00e0 appartamenti che rispettino le normative, portando a a una diminuzione del valore al metro quadro anche nello stesso quartiere. Il tutto significa maggiori costi per costruire  a pregiudizio del compratore.<br \/>\nLe norme energetiche avvicinano il settore immobiliare  agli standard dettati dalla Comunit\u00e0 Europea. E al termine del peggioramento dei mercati  un\u2019aspettativa positiva da parte dei cittadini porter\u00e0 al divisione edilizia un forte rilancio.<\/p>\n","protected":false},"excerpt":{"rendered":"<p>Stallo economico, l\u2019adeguarsi alla alle norme per l\u2019energia  ,il ramo delle compravendite    \u00e8 all\u2019angolo molti sono ottimisti. In un periodo molto pesante  per il settore delle costruzioni si fanno sempre pi\u00f9 pressanti le richieste i corretti parametri per elevati standard enrgetici per le nuove costruzioni.<\/p>\n","protected":false},"author":10,"featured_media":0,"comment_status":"open","ping_status":"open","sticky":false,"template":"","format":"standard","meta":{"cybocfi_hide_featured_image":"","footnotes":""},"categories":[59],"tags":[1992,3351,1734,2067,3352,3360,3353,3357,1162,1360,3361,3356,1157,3359,3350,3312,3358,748,3018,3354,266,3302,3355,1997],"class_list":["post-973","post","type-post","status-publish","format-standard","hentry","category-economia-e-lavoro","tag-acquisto","tag-affitti","tag-affitto","tag-affitto-case","tag-agenzia-immobiliare","tag-agenzie","tag-agenzie-immobiliari","tag-annunci-gratis","tag-annunci-immobiliari","tag-appartamenti","tag-appartamenti-affitto","tag-appartamento","tag-casa","tag-casa-in","tag-case","tag-case-vacanze","tag-forum-immobiliare","tag-immobili","tag-immobiliare","tag-uffici","tag-vendita","tag-vendita-case","tag-viacasa-it","tag-villa"],"yoast_head":"<!-- This site is optimized with the Yoast SEO plugin v27.0 - https:\/\/yoast.com\/product\/yoast-seo-wordpress\/ -->\n<title>La recessione e il settore immobiliare - Article Marketing<\/title>\n<meta name=\"robots\" content=\"index, follow, max-snippet:-1, max-image-preview:large, max-video-preview:-1\" \/>\n<link rel=\"canonical\" href=\"https:\/\/www.article-marketing.eu\/comunicati\/economia-e-lavoro\/la-recessione-e-il-settore-immobiliare\/\" \/>\n<meta property=\"og:locale\" content=\"it_IT\" \/>\n<meta property=\"og:type\" content=\"article\" \/>\n<meta property=\"og:title\" content=\"La recessione e il settore immobiliare - Article Marketing\" \/>\n<meta property=\"og:description\" content=\"Stallo economico, l\u2019adeguarsi alla alle norme per l\u2019energia ,il ramo delle compravendite  \u00e8 all\u2019angolo molti sono ottimisti. In un periodo molto pesante per il settore delle costruzioni si fanno sempre pi\u00f9 pressanti le richieste i corretti parametri per elevati standard enrgetici per le nuove costruzioni.\" \/>\n<meta property=\"og:url\" content=\"https:\/\/www.article-marketing.eu\/comunicati\/economia-e-lavoro\/la-recessione-e-il-settore-immobiliare\/\" \/>\n<meta property=\"og:site_name\" content=\"Article Marketing\" \/>\n<meta property=\"article:published_time\" content=\"2008-11-30T23:15:19+00:00\" \/>\n<meta name=\"author\" content=\"Redazione Comunicati Stampa\" \/>\n<meta name=\"twitter:card\" content=\"summary_large_image\" \/>\n<meta name=\"twitter:label1\" content=\"Scritto da\" \/>\n\t<meta name=\"twitter:data1\" content=\"Redazione Comunicati Stampa\" \/>\n\t<meta name=\"twitter:label2\" content=\"Tempo di lettura stimato\" \/>\n\t<meta name=\"twitter:data2\" content=\"2 minuti\" \/>\n<script type=\"application\/ld+json\" class=\"yoast-schema-graph\">{\"@context\":\"https:\/\/schema.org\",\"@graph\":[{\"@type\":\"Article\",\"@id\":\"https:\/\/www.article-marketing.eu\/comunicati\/economia-e-lavoro\/la-recessione-e-il-settore-immobiliare\/#article\",\"isPartOf\":{\"@id\":\"https:\/\/www.article-marketing.eu\/comunicati\/economia-e-lavoro\/la-recessione-e-il-settore-immobiliare\/\"},\"author\":{\"name\":\"Redazione Comunicati Stampa\",\"@id\":\"https:\/\/www.article-marketing.eu\/comunicati\/#\/schema\/person\/44372e4d4d0fa797b18e03ed1ace9017\"},\"headline\":\"La recessione e il settore immobiliare\",\"datePublished\":\"2008-11-30T23:15:19+00:00\",\"mainEntityOfPage\":{\"@id\":\"https:\/\/www.article-marketing.eu\/comunicati\/economia-e-lavoro\/la-recessione-e-il-settore-immobiliare\/\"},\"wordCount\":498,\"commentCount\":0,\"keywords\":[\"acquisto\",\"affitti\",\"affitto\",\"affitto case\",\"agenzia immobiliare\",\"agenzie\",\"agenzie immobiliari\",\"annunci gratis\",\"annunci immobiliari\",\"appartamenti\",\"appartamenti affitto\",\"appartamento\",\"casa\",\"casa in\",\"case\",\"case vacanze\",\"forum immobiliare\",\"immobili\",\"immobiliare\",\"uffici\",\"vendita\",\"vendita case\",\"viacasa.it\",\"villa\"],\"articleSection\":[\"Economia e lavoro\"],\"inLanguage\":\"it-IT\",\"potentialAction\":[{\"@type\":\"CommentAction\",\"name\":\"Comment\",\"target\":[\"https:\/\/www.article-marketing.eu\/comunicati\/economia-e-lavoro\/la-recessione-e-il-settore-immobiliare\/#respond\"]}]},{\"@type\":\"WebPage\",\"@id\":\"https:\/\/www.article-marketing.eu\/comunicati\/economia-e-lavoro\/la-recessione-e-il-settore-immobiliare\/\",\"url\":\"https:\/\/www.article-marketing.eu\/comunicati\/economia-e-lavoro\/la-recessione-e-il-settore-immobiliare\/\",\"name\":\"La recessione e il settore immobiliare - Article Marketing\",\"isPartOf\":{\"@id\":\"https:\/\/www.article-marketing.eu\/comunicati\/#website\"},\"datePublished\":\"2008-11-30T23:15:19+00:00\",\"author\":{\"@id\":\"https:\/\/www.article-marketing.eu\/comunicati\/#\/schema\/person\/44372e4d4d0fa797b18e03ed1ace9017\"},\"breadcrumb\":{\"@id\":\"https:\/\/www.article-marketing.eu\/comunicati\/economia-e-lavoro\/la-recessione-e-il-settore-immobiliare\/#breadcrumb\"},\"inLanguage\":\"it-IT\",\"potentialAction\":[{\"@type\":\"ReadAction\",\"target\":[\"https:\/\/www.article-marketing.eu\/comunicati\/economia-e-lavoro\/la-recessione-e-il-settore-immobiliare\/\"]}]},{\"@type\":\"BreadcrumbList\",\"@id\":\"https:\/\/www.article-marketing.eu\/comunicati\/economia-e-lavoro\/la-recessione-e-il-settore-immobiliare\/#breadcrumb\",\"itemListElement\":[{\"@type\":\"ListItem\",\"position\":1,\"name\":\"Home\",\"item\":\"https:\/\/www.article-marketing.eu\/comunicati\/\"},{\"@type\":\"ListItem\",\"position\":2,\"name\":\"La recessione e il settore immobiliare\"}]},{\"@type\":\"WebSite\",\"@id\":\"https:\/\/www.article-marketing.eu\/comunicati\/#website\",\"url\":\"https:\/\/www.article-marketing.eu\/comunicati\/\",\"name\":\"Article Marketing\",\"description\":\"article marketing &amp; press release\",\"potentialAction\":[{\"@type\":\"SearchAction\",\"target\":{\"@type\":\"EntryPoint\",\"urlTemplate\":\"https:\/\/www.article-marketing.eu\/comunicati\/?s={search_term_string}\"},\"query-input\":{\"@type\":\"PropertyValueSpecification\",\"valueRequired\":true,\"valueName\":\"search_term_string\"}}],\"inLanguage\":\"it-IT\"},{\"@type\":\"Person\",\"@id\":\"https:\/\/www.article-marketing.eu\/comunicati\/#\/schema\/person\/44372e4d4d0fa797b18e03ed1ace9017\",\"name\":\"Redazione Comunicati Stampa\",\"image\":{\"@type\":\"ImageObject\",\"inLanguage\":\"it-IT\",\"@id\":\"https:\/\/www.article-marketing.eu\/comunicati\/#\/schema\/person\/image\/\",\"url\":\"https:\/\/secure.gravatar.com\/avatar\/50e5c6421d3072f42e7ace803501602c60d75233d34e29fd05feb91c8760b792?s=96&d=mm&r=g\",\"contentUrl\":\"https:\/\/secure.gravatar.com\/avatar\/50e5c6421d3072f42e7ace803501602c60d75233d34e29fd05feb91c8760b792?s=96&d=mm&r=g\",\"caption\":\"Redazione Comunicati Stampa\"},\"url\":\"https:\/\/www.article-marketing.eu\/comunicati\/author\/redazione-comunicati-stampa\/\"}]}<\/script>\n<!-- \/ Yoast SEO plugin. -->","yoast_head_json":{"title":"La recessione e il settore immobiliare - Article Marketing","robots":{"index":"index","follow":"follow","max-snippet":"max-snippet:-1","max-image-preview":"max-image-preview:large","max-video-preview":"max-video-preview:-1"},"canonical":"https:\/\/www.article-marketing.eu\/comunicati\/economia-e-lavoro\/la-recessione-e-il-settore-immobiliare\/","og_locale":"it_IT","og_type":"article","og_title":"La recessione e il settore immobiliare - Article Marketing","og_description":"Stallo economico, l\u2019adeguarsi alla alle norme per l\u2019energia ,il ramo delle compravendite  \u00e8 all\u2019angolo molti sono ottimisti. In un periodo molto pesante per il settore delle costruzioni si fanno sempre pi\u00f9 pressanti le richieste i corretti parametri per elevati standard enrgetici per le nuove costruzioni.","og_url":"https:\/\/www.article-marketing.eu\/comunicati\/economia-e-lavoro\/la-recessione-e-il-settore-immobiliare\/","og_site_name":"Article Marketing","article_published_time":"2008-11-30T23:15:19+00:00","author":"Redazione Comunicati Stampa","twitter_card":"summary_large_image","twitter_misc":{"Scritto da":"Redazione Comunicati Stampa","Tempo di lettura stimato":"2 minuti"},"schema":{"@context":"https:\/\/schema.org","@graph":[{"@type":"Article","@id":"https:\/\/www.article-marketing.eu\/comunicati\/economia-e-lavoro\/la-recessione-e-il-settore-immobiliare\/#article","isPartOf":{"@id":"https:\/\/www.article-marketing.eu\/comunicati\/economia-e-lavoro\/la-recessione-e-il-settore-immobiliare\/"},"author":{"name":"Redazione Comunicati Stampa","@id":"https:\/\/www.article-marketing.eu\/comunicati\/#\/schema\/person\/44372e4d4d0fa797b18e03ed1ace9017"},"headline":"La recessione e il settore immobiliare","datePublished":"2008-11-30T23:15:19+00:00","mainEntityOfPage":{"@id":"https:\/\/www.article-marketing.eu\/comunicati\/economia-e-lavoro\/la-recessione-e-il-settore-immobiliare\/"},"wordCount":498,"commentCount":0,"keywords":["acquisto","affitti","affitto","affitto case","agenzia immobiliare","agenzie","agenzie immobiliari","annunci gratis","annunci immobiliari","appartamenti","appartamenti affitto","appartamento","casa","casa in","case","case vacanze","forum immobiliare","immobili","immobiliare","uffici","vendita","vendita case","viacasa.it","villa"],"articleSection":["Economia e lavoro"],"inLanguage":"it-IT","potentialAction":[{"@type":"CommentAction","name":"Comment","target":["https:\/\/www.article-marketing.eu\/comunicati\/economia-e-lavoro\/la-recessione-e-il-settore-immobiliare\/#respond"]}]},{"@type":"WebPage","@id":"https:\/\/www.article-marketing.eu\/comunicati\/economia-e-lavoro\/la-recessione-e-il-settore-immobiliare\/","url":"https:\/\/www.article-marketing.eu\/comunicati\/economia-e-lavoro\/la-recessione-e-il-settore-immobiliare\/","name":"La recessione e il settore immobiliare - Article Marketing","isPartOf":{"@id":"https:\/\/www.article-marketing.eu\/comunicati\/#website"},"datePublished":"2008-11-30T23:15:19+00:00","author":{"@id":"https:\/\/www.article-marketing.eu\/comunicati\/#\/schema\/person\/44372e4d4d0fa797b18e03ed1ace9017"},"breadcrumb":{"@id":"https:\/\/www.article-marketing.eu\/comunicati\/economia-e-lavoro\/la-recessione-e-il-settore-immobiliare\/#breadcrumb"},"inLanguage":"it-IT","potentialAction":[{"@type":"ReadAction","target":["https:\/\/www.article-marketing.eu\/comunicati\/economia-e-lavoro\/la-recessione-e-il-settore-immobiliare\/"]}]},{"@type":"BreadcrumbList","@id":"https:\/\/www.article-marketing.eu\/comunicati\/economia-e-lavoro\/la-recessione-e-il-settore-immobiliare\/#breadcrumb","itemListElement":[{"@type":"ListItem","position":1,"name":"Home","item":"https:\/\/www.article-marketing.eu\/comunicati\/"},{"@type":"ListItem","position":2,"name":"La recessione e il settore immobiliare"}]},{"@type":"WebSite","@id":"https:\/\/www.article-marketing.eu\/comunicati\/#website","url":"https:\/\/www.article-marketing.eu\/comunicati\/","name":"Article Marketing","description":"article marketing &amp; press release","potentialAction":[{"@type":"SearchAction","target":{"@type":"EntryPoint","urlTemplate":"https:\/\/www.article-marketing.eu\/comunicati\/?s={search_term_string}"},"query-input":{"@type":"PropertyValueSpecification","valueRequired":true,"valueName":"search_term_string"}}],"inLanguage":"it-IT"},{"@type":"Person","@id":"https:\/\/www.article-marketing.eu\/comunicati\/#\/schema\/person\/44372e4d4d0fa797b18e03ed1ace9017","name":"Redazione Comunicati Stampa","image":{"@type":"ImageObject","inLanguage":"it-IT","@id":"https:\/\/www.article-marketing.eu\/comunicati\/#\/schema\/person\/image\/","url":"https:\/\/secure.gravatar.com\/avatar\/50e5c6421d3072f42e7ace803501602c60d75233d34e29fd05feb91c8760b792?s=96&d=mm&r=g","contentUrl":"https:\/\/secure.gravatar.com\/avatar\/50e5c6421d3072f42e7ace803501602c60d75233d34e29fd05feb91c8760b792?s=96&d=mm&r=g","caption":"Redazione Comunicati Stampa"},"url":"https:\/\/www.article-marketing.eu\/comunicati\/author\/redazione-comunicati-stampa\/"}]}},"_links":{"self":[{"href":"https:\/\/www.article-marketing.eu\/comunicati\/wp-json\/wp\/v2\/posts\/973","targetHints":{"allow":["GET"]}}],"collection":[{"href":"https:\/\/www.article-marketing.eu\/comunicati\/wp-json\/wp\/v2\/posts"}],"about":[{"href":"https:\/\/www.article-marketing.eu\/comunicati\/wp-json\/wp\/v2\/types\/post"}],"author":[{"embeddable":true,"href":"https:\/\/www.article-marketing.eu\/comunicati\/wp-json\/wp\/v2\/users\/10"}],"replies":[{"embeddable":true,"href":"https:\/\/www.article-marketing.eu\/comunicati\/wp-json\/wp\/v2\/comments?post=973"}],"version-history":[{"count":0,"href":"https:\/\/www.article-marketing.eu\/comunicati\/wp-json\/wp\/v2\/posts\/973\/revisions"}],"wp:attachment":[{"href":"https:\/\/www.article-marketing.eu\/comunicati\/wp-json\/wp\/v2\/media?parent=973"}],"wp:term":[{"taxonomy":"category","embeddable":true,"href":"https:\/\/www.article-marketing.eu\/comunicati\/wp-json\/wp\/v2\/categories?post=973"},{"taxonomy":"post_tag","embeddable":true,"href":"https:\/\/www.article-marketing.eu\/comunicati\/wp-json\/wp\/v2\/tags?post=973"}],"curies":[{"name":"wp","href":"https:\/\/api.w.org\/{rel}","templated":true}]}}