{"id":976,"date":"2008-12-01T17:27:25","date_gmt":"2008-12-01T16:27:25","guid":{"rendered":"http:\/\/www.article-marketing.eu\/comunicati\/senza-categoria\/sanremo-rilancia-il-mercato-dei-fiori-e-scommette-sulla-qualit%e0\/"},"modified":"2008-12-01T17:27:25","modified_gmt":"2008-12-01T16:27:25","slug":"sanremo-rilancia-il-mercato-dei-fiori-e-scommette-sulla-qualit%e0","status":"publish","type":"post","link":"https:\/\/www.article-marketing.eu\/comunicati\/economia-e-lavoro\/attivita-commerciali\/sanremo-rilancia-il-mercato-dei-fiori-e-scommette-sulla-qualit%e0\/","title":{"rendered":"Sanremo rilancia il mercato dei fiori e scommette sulla qualit\u00e0"},"content":{"rendered":"<p>Non \u00e8 un mistero, <b>il settore floricolo sanremese<\/b> da diversi anni ha il fiato corto e soffre la concorrenza internazionale sempre pi\u00f9 agguerrita. Sebbene i dati economici relativi al 2008 diffusi dalla Camera di Commercio di Imperia mostrino una sostanziale tenuta da parte delle aziende produttrici, che hanno diversificato la produzione e investito nell\u2019innovazione a tutto beneficio dell\u2019export, la concorrenza da parte dei centri di smistamento internazionali (l\u2019Olanda in particolare) rischia di trasformare il distretto floricolo sanremese da piazza commerciale di fama internazionale a centro di produzione di secondo piano. Cos\u00ec, dopo aver introdotto il \u201cservizio deposito\u201d che consente ai produttori di lasciare in conto vendita la propria merce sulla piazza sanremese, il mercato ha realizzato numerose altre iniziative, come ad esempio la \u201ccassa\u201d che consente ai produttori di avere la certezza delle date dei pagamenti. A ci\u00f2 si unisce la novit\u00e0 degli ultimi giorni. <b>Il Mercato dei Fiori di Sanremo ha deciso quindi di rinnovarsi<\/b>, insistendo sull\u2019<b>innovazione<\/b> e adattando le procedure di vendita e contrattazione a criteri di <b>efficienza e rapidit\u00e0<\/b>. Da oggi, infatti, nasce un nuovo strumento a disposizione di tutti gli operatori del settore. Dal sistema di contrattazione \u201calla araba\u201d si passa alla \u201casta al contrario\u201d: viene stabilito un prezzo di partenza dal quale si scende fino a che non venga proposta la prima offerta o non sia raggiunto il prezzo minimo. Trasparenza, rapidit\u00e0 e concorrenzialit\u00e0, dunque, per snellire le procedure di compra-vendita. Ma non solo. L\u2019Ucflor (Unione Cooperative Floricoltori) di Sanremo punta anche a promuovere il marchio \u201c<b>Sanremo Fiori<\/b>\u201d, che da anni \u00e8 sinonimo di qualit\u00e0 e di bellezza. Si moltiplicano quindi le iniziative per sostenere e rilanciare il prodotto simbolo della citt\u00e0: gi\u00e0 da tre anni, in contemporanea con il popolare \u201cCorso Fiorito\u201d si svolge il \u201c<b>Festival dei Fiori di Sanremo<\/b>\u201d, rassegna che rappresenta di fatto <b>la pi\u00f9 importante vetrina italiana della composizione floreale<\/b>. Gli spettacoli di show floreale e le esposizioni della rassegna sono eseguiti esclusivamente con i fiori di Sanremo, strumento ideale per dare spazio alla creativit\u00e0 dei pi\u00f9 grandi maestri internazionali del floral design. Il programma dell\u2019evento, che quest\u2019anno avr\u00e0 come tema \u201cMiti e favole medioevali\u201d, avr\u00e0 il suo momento di punta nell\u2019attesissimo \u201c<b>Show di Composizione Floreale<\/b>\u201d del team creativo <b>Life3<\/b> composto dai fuoriclasse del floral design: lo svedese Per Benjamin, l&#8217;olandese Max van de Sluis, il belga Tomas De Bruyne (rispettivamente primo, terzo e quinto al Campionato Mondiale Fioristi). Ci saranno inoltre tanti altri eventi ad arricchire il programma di quest\u2019anno, come i concorsi \u201cBouquet Sanremo\u201d, \u201cBouquet Sanremo Young\u201d, \u201cSanremo Italian Style\u201d e le esibizioni delle diverse scuole europee di composizione floreale che parteciperanno all\u2019evento di quest\u2019anno. L\u2019appuntamento col \u201cFestival dei Fiori\u201d \u00e8 <b>venerdi 23 gennaio 2009<\/b> a partire dalle ore 15.00 fino a <b>luned\u00ec 26 gennaio<\/b>. Maggiori informazioni su questo evento al sito <a href=\"http:\/\/www.festivaldeifiori.it\">www.festivaldeifiori.it<\/a> www.festivaldeifiori.it.<\/p>\n","protected":false},"excerpt":{"rendered":"<p>A gennaio appuntamento con i pi\u00f9 grandi maestri del floral design internazionale<\/p>\n","protected":false},"author":10,"featured_media":0,"comment_status":"open","ping_status":"open","sticky":false,"template":"","format":"standard","meta":{"cybocfi_hide_featured_image":"","footnotes":""},"categories":[413],"tags":[3375,3376,3379,3373,3374,3378,3377,3372],"class_list":["post-976","post","type-post","status-publish","format-standard","hentry","category-attivita-commerciali","tag-bouquet-sanremo","tag-concorsi-di-composizione-floreale","tag-corso-fiorito","tag-eventi-gennaio-sanremo","tag-festival-dei-fiori","tag-fiorista","tag-floricoltura","tag-sanremo"],"yoast_head":"<!-- This site is optimized with the Yoast SEO plugin v27.0 - https:\/\/yoast.com\/product\/yoast-seo-wordpress\/ -->\n<title>Sanremo rilancia il mercato dei fiori e scommette sulla qualit\u00e0 - Article Marketing<\/title>\n<meta name=\"robots\" content=\"index, follow, max-snippet:-1, max-image-preview:large, max-video-preview:-1\" \/>\n<link rel=\"canonical\" href=\"https:\/\/www.article-marketing.eu\/comunicati\/economia-e-lavoro\/attivita-commerciali\/sanremo-rilancia-il-mercato-dei-fiori-e-scommette-sulla-qualit?\/\" \/>\n<meta property=\"og:locale\" content=\"it_IT\" \/>\n<meta property=\"og:type\" content=\"article\" \/>\n<meta property=\"og:title\" content=\"Sanremo rilancia il mercato dei fiori e scommette sulla qualit\u00e0 - Article Marketing\" \/>\n<meta property=\"og:description\" content=\"A gennaio appuntamento con i pi\u00f9 grandi maestri del floral design internazionale\" \/>\n<meta property=\"og:url\" content=\"\" \/>\n<meta property=\"og:site_name\" content=\"Article Marketing\" \/>\n<meta property=\"article:published_time\" content=\"2008-12-01T16:27:25+00:00\" \/>\n<meta name=\"author\" content=\"Redazione Comunicati Stampa\" \/>\n<meta name=\"twitter:card\" content=\"summary_large_image\" \/>\n<meta name=\"twitter:label1\" content=\"Scritto da\" \/>\n\t<meta name=\"twitter:data1\" content=\"Redazione Comunicati Stampa\" \/>\n\t<meta name=\"twitter:label2\" content=\"Tempo di lettura stimato\" \/>\n\t<meta name=\"twitter:data2\" content=\"2 minuti\" \/>\n<script type=\"application\/ld+json\" class=\"yoast-schema-graph\">{\"@context\":\"https:\/\/schema.org\",\"@graph\":[{\"@type\":\"Article\",\"@id\":\"https:\/\/www.article-marketing.eu\/comunicati\/economia-e-lavoro\/attivita-commerciali\/sanremo-rilancia-il-mercato-dei-fiori-e-scommette-sulla-qualit%e0\/#article\",\"isPartOf\":{\"@id\":\"https:\/\/www.article-marketing.eu\/comunicati\/economia-e-lavoro\/attivita-commerciali\/sanremo-rilancia-il-mercato-dei-fiori-e-scommette-sulla-qualit%e0\/\"},\"author\":{\"name\":\"Redazione Comunicati Stampa\",\"@id\":\"https:\/\/www.article-marketing.eu\/comunicati\/#\/schema\/person\/44372e4d4d0fa797b18e03ed1ace9017\"},\"headline\":\"Sanremo rilancia il mercato dei fiori e scommette sulla qualit\u00e0\",\"datePublished\":\"2008-12-01T16:27:25+00:00\",\"mainEntityOfPage\":{\"@id\":\"https:\/\/www.article-marketing.eu\/comunicati\/economia-e-lavoro\/attivita-commerciali\/sanremo-rilancia-il-mercato-dei-fiori-e-scommette-sulla-qualit%e0\/\"},\"wordCount\":483,\"commentCount\":0,\"keywords\":[\"bouquet sanremo\",\"concorsi di composizione floreale\",\"corso fiorito\",\"eventi gennaio sanremo\",\"festival dei fiori\",\"fiorista\",\"floricoltura\",\"sanremo\"],\"articleSection\":[\"Attivit\u00e0 Commerciali\"],\"inLanguage\":\"it-IT\",\"potentialAction\":[{\"@type\":\"CommentAction\",\"name\":\"Comment\",\"target\":[\"https:\/\/www.article-marketing.eu\/comunicati\/economia-e-lavoro\/attivita-commerciali\/sanremo-rilancia-il-mercato-dei-fiori-e-scommette-sulla-qualit%e0\/#respond\"]}]},{\"@type\":\"WebPage\",\"@id\":\"https:\/\/www.article-marketing.eu\/comunicati\/economia-e-lavoro\/attivita-commerciali\/sanremo-rilancia-il-mercato-dei-fiori-e-scommette-sulla-qualit%e0\/\",\"url\":\"https:\/\/www.article-marketing.eu\/comunicati\/economia-e-lavoro\/attivita-commerciali\/sanremo-rilancia-il-mercato-dei-fiori-e-scommette-sulla-qualit%e0\/\",\"name\":\"Sanremo rilancia il mercato dei fiori e scommette sulla qualit\u00e0 - Article Marketing\",\"isPartOf\":{\"@id\":\"https:\/\/www.article-marketing.eu\/comunicati\/#website\"},\"datePublished\":\"2008-12-01T16:27:25+00:00\",\"author\":{\"@id\":\"https:\/\/www.article-marketing.eu\/comunicati\/#\/schema\/person\/44372e4d4d0fa797b18e03ed1ace9017\"},\"breadcrumb\":{\"@id\":\"https:\/\/www.article-marketing.eu\/comunicati\/economia-e-lavoro\/attivita-commerciali\/sanremo-rilancia-il-mercato-dei-fiori-e-scommette-sulla-qualit%e0\/#breadcrumb\"},\"inLanguage\":\"it-IT\",\"potentialAction\":[{\"@type\":\"ReadAction\",\"target\":[\"https:\/\/www.article-marketing.eu\/comunicati\/economia-e-lavoro\/attivita-commerciali\/sanremo-rilancia-il-mercato-dei-fiori-e-scommette-sulla-qualit%e0\/\"]}]},{\"@type\":\"BreadcrumbList\",\"@id\":\"https:\/\/www.article-marketing.eu\/comunicati\/economia-e-lavoro\/attivita-commerciali\/sanremo-rilancia-il-mercato-dei-fiori-e-scommette-sulla-qualit%e0\/#breadcrumb\",\"itemListElement\":[{\"@type\":\"ListItem\",\"position\":1,\"name\":\"Home\",\"item\":\"https:\/\/www.article-marketing.eu\/comunicati\/\"},{\"@type\":\"ListItem\",\"position\":2,\"name\":\"Sanremo rilancia il mercato dei fiori e scommette sulla qualit\u00e0\"}]},{\"@type\":\"WebSite\",\"@id\":\"https:\/\/www.article-marketing.eu\/comunicati\/#website\",\"url\":\"https:\/\/www.article-marketing.eu\/comunicati\/\",\"name\":\"Article Marketing\",\"description\":\"article marketing &amp; press release\",\"potentialAction\":[{\"@type\":\"SearchAction\",\"target\":{\"@type\":\"EntryPoint\",\"urlTemplate\":\"https:\/\/www.article-marketing.eu\/comunicati\/?s={search_term_string}\"},\"query-input\":{\"@type\":\"PropertyValueSpecification\",\"valueRequired\":true,\"valueName\":\"search_term_string\"}}],\"inLanguage\":\"it-IT\"},{\"@type\":\"Person\",\"@id\":\"https:\/\/www.article-marketing.eu\/comunicati\/#\/schema\/person\/44372e4d4d0fa797b18e03ed1ace9017\",\"name\":\"Redazione Comunicati Stampa\",\"image\":{\"@type\":\"ImageObject\",\"inLanguage\":\"it-IT\",\"@id\":\"https:\/\/www.article-marketing.eu\/comunicati\/#\/schema\/person\/image\/\",\"url\":\"https:\/\/secure.gravatar.com\/avatar\/50e5c6421d3072f42e7ace803501602c60d75233d34e29fd05feb91c8760b792?s=96&d=mm&r=g\",\"contentUrl\":\"https:\/\/secure.gravatar.com\/avatar\/50e5c6421d3072f42e7ace803501602c60d75233d34e29fd05feb91c8760b792?s=96&d=mm&r=g\",\"caption\":\"Redazione Comunicati Stampa\"},\"url\":\"https:\/\/www.article-marketing.eu\/comunicati\/author\/redazione-comunicati-stampa\/\"}]}<\/script>\n<!-- \/ Yoast SEO plugin. -->","yoast_head_json":{"title":"Sanremo rilancia il mercato dei fiori e scommette sulla qualit\u00e0 - Article Marketing","robots":{"index":"index","follow":"follow","max-snippet":"max-snippet:-1","max-image-preview":"max-image-preview:large","max-video-preview":"max-video-preview:-1"},"canonical":"https:\/\/www.article-marketing.eu\/comunicati\/economia-e-lavoro\/attivita-commerciali\/sanremo-rilancia-il-mercato-dei-fiori-e-scommette-sulla-qualit?\/","og_locale":"it_IT","og_type":"article","og_title":"Sanremo rilancia il mercato dei fiori e scommette sulla qualit\u00e0 - Article Marketing","og_description":"A gennaio appuntamento con i pi\u00f9 grandi maestri del floral design internazionale","og_url":"https:\/\/www.article-marketing.eu\/comunicati\/economia-e-lavoro\/attivita-commerciali\/sanremo-rilancia-il-mercato-dei-fiori-e-scommette-sulla-qualit?\/","og_site_name":"Article Marketing","article_published_time":"2008-12-01T16:27:25+00:00","author":"Redazione Comunicati Stampa","twitter_card":"summary_large_image","twitter_misc":{"Scritto da":"Redazione Comunicati Stampa","Tempo di lettura stimato":"2 minuti"},"schema":{"@context":"https:\/\/schema.org","@graph":[{"@type":"Article","@id":"https:\/\/www.article-marketing.eu\/comunicati\/economia-e-lavoro\/attivita-commerciali\/sanremo-rilancia-il-mercato-dei-fiori-e-scommette-sulla-qualit%e0\/#article","isPartOf":{"@id":"https:\/\/www.article-marketing.eu\/comunicati\/economia-e-lavoro\/attivita-commerciali\/sanremo-rilancia-il-mercato-dei-fiori-e-scommette-sulla-qualit%e0\/"},"author":{"name":"Redazione Comunicati Stampa","@id":"https:\/\/www.article-marketing.eu\/comunicati\/#\/schema\/person\/44372e4d4d0fa797b18e03ed1ace9017"},"headline":"Sanremo rilancia il mercato dei fiori e scommette sulla qualit\u00e0","datePublished":"2008-12-01T16:27:25+00:00","mainEntityOfPage":{"@id":"https:\/\/www.article-marketing.eu\/comunicati\/economia-e-lavoro\/attivita-commerciali\/sanremo-rilancia-il-mercato-dei-fiori-e-scommette-sulla-qualit%e0\/"},"wordCount":483,"commentCount":0,"keywords":["bouquet sanremo","concorsi di composizione floreale","corso fiorito","eventi gennaio sanremo","festival dei fiori","fiorista","floricoltura","sanremo"],"articleSection":["Attivit\u00e0 Commerciali"],"inLanguage":"it-IT","potentialAction":[{"@type":"CommentAction","name":"Comment","target":["https:\/\/www.article-marketing.eu\/comunicati\/economia-e-lavoro\/attivita-commerciali\/sanremo-rilancia-il-mercato-dei-fiori-e-scommette-sulla-qualit%e0\/#respond"]}]},{"@type":"WebPage","@id":"https:\/\/www.article-marketing.eu\/comunicati\/economia-e-lavoro\/attivita-commerciali\/sanremo-rilancia-il-mercato-dei-fiori-e-scommette-sulla-qualit%e0\/","url":"https:\/\/www.article-marketing.eu\/comunicati\/economia-e-lavoro\/attivita-commerciali\/sanremo-rilancia-il-mercato-dei-fiori-e-scommette-sulla-qualit%e0\/","name":"Sanremo rilancia il mercato dei fiori e scommette sulla qualit\u00e0 - Article Marketing","isPartOf":{"@id":"https:\/\/www.article-marketing.eu\/comunicati\/#website"},"datePublished":"2008-12-01T16:27:25+00:00","author":{"@id":"https:\/\/www.article-marketing.eu\/comunicati\/#\/schema\/person\/44372e4d4d0fa797b18e03ed1ace9017"},"breadcrumb":{"@id":"https:\/\/www.article-marketing.eu\/comunicati\/economia-e-lavoro\/attivita-commerciali\/sanremo-rilancia-il-mercato-dei-fiori-e-scommette-sulla-qualit%e0\/#breadcrumb"},"inLanguage":"it-IT","potentialAction":[{"@type":"ReadAction","target":["https:\/\/www.article-marketing.eu\/comunicati\/economia-e-lavoro\/attivita-commerciali\/sanremo-rilancia-il-mercato-dei-fiori-e-scommette-sulla-qualit%e0\/"]}]},{"@type":"BreadcrumbList","@id":"https:\/\/www.article-marketing.eu\/comunicati\/economia-e-lavoro\/attivita-commerciali\/sanremo-rilancia-il-mercato-dei-fiori-e-scommette-sulla-qualit%e0\/#breadcrumb","itemListElement":[{"@type":"ListItem","position":1,"name":"Home","item":"https:\/\/www.article-marketing.eu\/comunicati\/"},{"@type":"ListItem","position":2,"name":"Sanremo rilancia il mercato dei fiori e scommette sulla qualit\u00e0"}]},{"@type":"WebSite","@id":"https:\/\/www.article-marketing.eu\/comunicati\/#website","url":"https:\/\/www.article-marketing.eu\/comunicati\/","name":"Article Marketing","description":"article marketing &amp; press release","potentialAction":[{"@type":"SearchAction","target":{"@type":"EntryPoint","urlTemplate":"https:\/\/www.article-marketing.eu\/comunicati\/?s={search_term_string}"},"query-input":{"@type":"PropertyValueSpecification","valueRequired":true,"valueName":"search_term_string"}}],"inLanguage":"it-IT"},{"@type":"Person","@id":"https:\/\/www.article-marketing.eu\/comunicati\/#\/schema\/person\/44372e4d4d0fa797b18e03ed1ace9017","name":"Redazione Comunicati Stampa","image":{"@type":"ImageObject","inLanguage":"it-IT","@id":"https:\/\/www.article-marketing.eu\/comunicati\/#\/schema\/person\/image\/","url":"https:\/\/secure.gravatar.com\/avatar\/50e5c6421d3072f42e7ace803501602c60d75233d34e29fd05feb91c8760b792?s=96&d=mm&r=g","contentUrl":"https:\/\/secure.gravatar.com\/avatar\/50e5c6421d3072f42e7ace803501602c60d75233d34e29fd05feb91c8760b792?s=96&d=mm&r=g","caption":"Redazione Comunicati Stampa"},"url":"https:\/\/www.article-marketing.eu\/comunicati\/author\/redazione-comunicati-stampa\/"}]}},"_links":{"self":[{"href":"https:\/\/www.article-marketing.eu\/comunicati\/wp-json\/wp\/v2\/posts\/976","targetHints":{"allow":["GET"]}}],"collection":[{"href":"https:\/\/www.article-marketing.eu\/comunicati\/wp-json\/wp\/v2\/posts"}],"about":[{"href":"https:\/\/www.article-marketing.eu\/comunicati\/wp-json\/wp\/v2\/types\/post"}],"author":[{"embeddable":true,"href":"https:\/\/www.article-marketing.eu\/comunicati\/wp-json\/wp\/v2\/users\/10"}],"replies":[{"embeddable":true,"href":"https:\/\/www.article-marketing.eu\/comunicati\/wp-json\/wp\/v2\/comments?post=976"}],"version-history":[{"count":0,"href":"https:\/\/www.article-marketing.eu\/comunicati\/wp-json\/wp\/v2\/posts\/976\/revisions"}],"wp:attachment":[{"href":"https:\/\/www.article-marketing.eu\/comunicati\/wp-json\/wp\/v2\/media?parent=976"}],"wp:term":[{"taxonomy":"category","embeddable":true,"href":"https:\/\/www.article-marketing.eu\/comunicati\/wp-json\/wp\/v2\/categories?post=976"},{"taxonomy":"post_tag","embeddable":true,"href":"https:\/\/www.article-marketing.eu\/comunicati\/wp-json\/wp\/v2\/tags?post=976"}],"curies":[{"name":"wp","href":"https:\/\/api.w.org\/{rel}","templated":true}]}}